{"id":36661,"date":"2025-03-31T12:07:45","date_gmt":"2025-03-31T16:07:45","guid":{"rendered":"https:\/\/blogdalucianaoliveira.com.br\/blog\/?p=36661"},"modified":"2025-03-31T12:07:45","modified_gmt":"2025-03-31T16:07:45","slug":"subida-do-rio-madeira-preocupa-pesquisadores-e-comunidades-em-porto-velho","status":"publish","type":"post","link":"http:\/\/blogdalucianaoliveira.com.br\/blog\/2025\/03\/31\/subida-do-rio-madeira-preocupa-pesquisadores-e-comunidades-em-porto-velho\/","title":{"rendered":"Subida do Rio Madeira preocupa pesquisadores e comunidades em Porto Velho"},"content":{"rendered":"<p><img data-recalc-dims=\"1\" loading=\"lazy\" decoding=\"async\" data-attachment-id=\"36664\" data-permalink=\"http:\/\/blogdalucianaoliveira.com.br\/blog\/2025\/03\/31\/subida-do-rio-madeira-preocupa-pesquisadores-e-comunidades-em-porto-velho\/alagada-nazare-frente\/\" data-orig-file=\"https:\/\/i0.wp.com\/blogdalucianaoliveira.com.br\/blog\/wp-content\/uploads\/2025\/03\/alagada-nazare-frente-scaled.jpeg?fit=2560%2C1440\" data-orig-size=\"2560,1440\" data-comments-opened=\"0\" data-image-meta=\"{&quot;aperture&quot;:&quot;2.8&quot;,&quot;credit&quot;:&quot;&quot;,&quot;camera&quot;:&quot;FC7303&quot;,&quot;caption&quot;:&quot;&quot;,&quot;created_timestamp&quot;:&quot;1742911002&quot;,&quot;copyright&quot;:&quot;&quot;,&quot;focal_length&quot;:&quot;4.4899997703736&quot;,&quot;iso&quot;:&quot;100&quot;,&quot;shutter_speed&quot;:&quot;0.00079999997978905&quot;,&quot;title&quot;:&quot;&quot;,&quot;orientation&quot;:&quot;1&quot;}\" data-image-title=\"alagada nazare frente\" data-image-description=\"\" data-image-caption=\"\" data-medium-file=\"https:\/\/i0.wp.com\/blogdalucianaoliveira.com.br\/blog\/wp-content\/uploads\/2025\/03\/alagada-nazare-frente-scaled.jpeg?fit=300%2C169\" data-large-file=\"https:\/\/i0.wp.com\/blogdalucianaoliveira.com.br\/blog\/wp-content\/uploads\/2025\/03\/alagada-nazare-frente-scaled.jpeg?fit=600%2C338\" class=\"alignnone size-medium wp-image-36664\" src=\"https:\/\/i0.wp.com\/blogdalucianaoliveira.com.br\/blog\/wp-content\/uploads\/2025\/03\/alagada-nazare-frente.jpeg?resize=300%2C169\" alt=\"\" width=\"300\" height=\"169\" srcset=\"https:\/\/i0.wp.com\/blogdalucianaoliveira.com.br\/blog\/wp-content\/uploads\/2025\/03\/alagada-nazare-frente-scaled.jpeg?resize=300%2C169 300w, https:\/\/i0.wp.com\/blogdalucianaoliveira.com.br\/blog\/wp-content\/uploads\/2025\/03\/alagada-nazare-frente-scaled.jpeg?resize=1024%2C576 1024w, https:\/\/i0.wp.com\/blogdalucianaoliveira.com.br\/blog\/wp-content\/uploads\/2025\/03\/alagada-nazare-frente-scaled.jpeg?resize=768%2C432 768w, https:\/\/i0.wp.com\/blogdalucianaoliveira.com.br\/blog\/wp-content\/uploads\/2025\/03\/alagada-nazare-frente-scaled.jpeg?resize=1536%2C864 1536w, https:\/\/i0.wp.com\/blogdalucianaoliveira.com.br\/blog\/wp-content\/uploads\/2025\/03\/alagada-nazare-frente-scaled.jpeg?resize=2048%2C1152 2048w, https:\/\/i0.wp.com\/blogdalucianaoliveira.com.br\/blog\/wp-content\/uploads\/2025\/03\/alagada-nazare-frente-scaled.jpeg?resize=533%2C300 533w, https:\/\/i0.wp.com\/blogdalucianaoliveira.com.br\/blog\/wp-content\/uploads\/2025\/03\/alagada-nazare-frente-scaled.jpeg?w=1200 1200w, https:\/\/i0.wp.com\/blogdalucianaoliveira.com.br\/blog\/wp-content\/uploads\/2025\/03\/alagada-nazare-frente-scaled.jpeg?w=1800 1800w\" sizes=\"auto, (max-width: 300px) 100vw, 300px\" \/><\/p>\n<p>O n\u00edvel do Rio Madeira atingiu marcas elevadas neste m\u00eas de mar\u00e7o e tem gerado preocupa\u00e7\u00e3o entre autoridades, lideran\u00e7as comunit\u00e1rias e moradores das \u00e1reas ribeirinhas de Porto Velho.<!--more--><\/p>\n<p>Dados oficiais da esta\u00e7\u00e3o fluviom\u00e9trica Prosperidade (antiga Foz do Jamari), divulgados neste domingo (30), mostram que o rio se mant\u00e9m acima da m\u00e9dia hist\u00f3rica para o per\u00edodo e apresenta tend\u00eancia cont\u00ednua de eleva\u00e7\u00e3o.<\/p>\n<p>Al\u00e9m do aumento do n\u00edvel da \u00e1gua, a vaz\u00e3o \u2013 que indica o volume de \u00e1gua que passa por segundo \u2013 subiu significativamente ao longo do m\u00eas.<\/p>\n<p>No in\u00edcio de mar\u00e7o, o Rio Madeira apresentava uma vaz\u00e3o pr\u00f3xima de 37 mil metros c\u00fabicos por segundo. J\u00e1 nos \u00faltimos dias, esse n\u00famero ultrapassou os 43 mil m\u00b3\/s, refor\u00e7ando o alerta hidrol\u00f3gico.<\/p>\n<p>De acordo com os percentuais hist\u00f3ricos, o comportamento atual do rio se encontra entre os 10% mais elevados j\u00e1 registrados para o m\u00eas de mar\u00e7o.<\/p>\n<p><img data-recalc-dims=\"1\" loading=\"lazy\" decoding=\"async\" data-attachment-id=\"36665\" data-permalink=\"http:\/\/blogdalucianaoliveira.com.br\/blog\/2025\/03\/31\/subida-do-rio-madeira-preocupa-pesquisadores-e-comunidades-em-porto-velho\/bb0b5a84-2d04-407c-9882-a1761b7a41e9\/\" data-orig-file=\"https:\/\/i0.wp.com\/blogdalucianaoliveira.com.br\/blog\/wp-content\/uploads\/2025\/03\/bb0b5a84-2d04-407c-9882-a1761b7a41e9.jpeg?fit=960%2C1280\" data-orig-size=\"960,1280\" data-comments-opened=\"0\" data-image-meta=\"{&quot;aperture&quot;:&quot;0&quot;,&quot;credit&quot;:&quot;&quot;,&quot;camera&quot;:&quot;&quot;,&quot;caption&quot;:&quot;&quot;,&quot;created_timestamp&quot;:&quot;1743436468&quot;,&quot;copyright&quot;:&quot;&quot;,&quot;focal_length&quot;:&quot;0&quot;,&quot;iso&quot;:&quot;0&quot;,&quot;shutter_speed&quot;:&quot;0&quot;,&quot;title&quot;:&quot;&quot;,&quot;orientation&quot;:&quot;0&quot;}\" data-image-title=\"bb0b5a84-2d04-407c-9882-a1761b7a41e9\" data-image-description=\"\" data-image-caption=\"\" data-medium-file=\"https:\/\/i0.wp.com\/blogdalucianaoliveira.com.br\/blog\/wp-content\/uploads\/2025\/03\/bb0b5a84-2d04-407c-9882-a1761b7a41e9.jpeg?fit=225%2C300\" data-large-file=\"https:\/\/i0.wp.com\/blogdalucianaoliveira.com.br\/blog\/wp-content\/uploads\/2025\/03\/bb0b5a84-2d04-407c-9882-a1761b7a41e9.jpeg?fit=600%2C800\" class=\"size-medium wp-image-36665 alignright\" src=\"https:\/\/i0.wp.com\/blogdalucianaoliveira.com.br\/blog\/wp-content\/uploads\/2025\/03\/bb0b5a84-2d04-407c-9882-a1761b7a41e9.jpeg?resize=225%2C300\" alt=\"\" width=\"225\" height=\"300\" srcset=\"https:\/\/i0.wp.com\/blogdalucianaoliveira.com.br\/blog\/wp-content\/uploads\/2025\/03\/bb0b5a84-2d04-407c-9882-a1761b7a41e9.jpeg?resize=225%2C300 225w, https:\/\/i0.wp.com\/blogdalucianaoliveira.com.br\/blog\/wp-content\/uploads\/2025\/03\/bb0b5a84-2d04-407c-9882-a1761b7a41e9.jpeg?resize=768%2C1024 768w, https:\/\/i0.wp.com\/blogdalucianaoliveira.com.br\/blog\/wp-content\/uploads\/2025\/03\/bb0b5a84-2d04-407c-9882-a1761b7a41e9.jpeg?w=960 960w\" sizes=\"auto, (max-width: 225px) 100vw, 225px\" \/><br \/>\n&#8220;A eleva\u00e7\u00e3o constante do n\u00edvel coloca em risco comunidades ribeirinhas e distritos do Baixo Madeira, como Terra Ca\u00edda, S\u00e3o Carlos, Baixa da Uni\u00e3o, Tri\u00e2ngulo, Nacional, Areal, Nova Calif\u00f3rnia e Jaci-Paran\u00e1, que tradicionalmente enfrentam alagamentos em per\u00edodos de cheia&#8221;, informou Tatiane Checchia, engenheira civil e professora da Universidade Federal de Rond\u00f4nia.<\/p>\n<p>&nbsp;<\/p>\n<p>A Defesa Civil municipal monitora a situa\u00e7\u00e3o e orienta que moradores fiquem atentos \u00e0s atualiza\u00e7\u00f5es e busquem rotas de seguran\u00e7a.<\/p>\n<p>A Prefeitura de Porto Velho informou que equipes j\u00e1 foram mobilizadas para vistoria em \u00e1reas cr\u00edticas e alerta que, caso as chuvas continuem nos pr\u00f3ximos dias, poder\u00e1 haver necessidade de remo\u00e7\u00e3o preventiva de fam\u00edlias.<\/p>\n<p><img data-recalc-dims=\"1\" loading=\"lazy\" decoding=\"async\" data-attachment-id=\"36662\" data-permalink=\"http:\/\/blogdalucianaoliveira.com.br\/blog\/2025\/03\/31\/subida-do-rio-madeira-preocupa-pesquisadores-e-comunidades-em-porto-velho\/2c928947-6264-4975-b3ad-33b8ed98513b\/\" data-orig-file=\"https:\/\/i0.wp.com\/blogdalucianaoliveira.com.br\/blog\/wp-content\/uploads\/2025\/03\/2c928947-6264-4975-b3ad-33b8ed98513b-scaled.jpeg?fit=1440%2C2560\" data-orig-size=\"1440,2560\" data-comments-opened=\"0\" data-image-meta=\"{&quot;aperture&quot;:&quot;0&quot;,&quot;credit&quot;:&quot;&quot;,&quot;camera&quot;:&quot;&quot;,&quot;caption&quot;:&quot;&quot;,&quot;created_timestamp&quot;:&quot;0&quot;,&quot;copyright&quot;:&quot;&quot;,&quot;focal_length&quot;:&quot;0&quot;,&quot;iso&quot;:&quot;0&quot;,&quot;shutter_speed&quot;:&quot;0&quot;,&quot;title&quot;:&quot;&quot;,&quot;orientation&quot;:&quot;0&quot;}\" data-image-title=\"2c928947-6264-4975-b3ad-33b8ed98513b\" data-image-description=\"\" data-image-caption=\"\" data-medium-file=\"https:\/\/i0.wp.com\/blogdalucianaoliveira.com.br\/blog\/wp-content\/uploads\/2025\/03\/2c928947-6264-4975-b3ad-33b8ed98513b-scaled.jpeg?fit=169%2C300\" data-large-file=\"https:\/\/i0.wp.com\/blogdalucianaoliveira.com.br\/blog\/wp-content\/uploads\/2025\/03\/2c928947-6264-4975-b3ad-33b8ed98513b-scaled.jpeg?fit=576%2C1024\" class=\"size-medium wp-image-36662 alignright\" src=\"https:\/\/i0.wp.com\/blogdalucianaoliveira.com.br\/blog\/wp-content\/uploads\/2025\/03\/2c928947-6264-4975-b3ad-33b8ed98513b.jpeg?resize=169%2C300\" alt=\"\" width=\"169\" height=\"300\" srcset=\"https:\/\/i0.wp.com\/blogdalucianaoliveira.com.br\/blog\/wp-content\/uploads\/2025\/03\/2c928947-6264-4975-b3ad-33b8ed98513b-scaled.jpeg?resize=169%2C300 169w, https:\/\/i0.wp.com\/blogdalucianaoliveira.com.br\/blog\/wp-content\/uploads\/2025\/03\/2c928947-6264-4975-b3ad-33b8ed98513b-scaled.jpeg?resize=576%2C1024 576w, https:\/\/i0.wp.com\/blogdalucianaoliveira.com.br\/blog\/wp-content\/uploads\/2025\/03\/2c928947-6264-4975-b3ad-33b8ed98513b-scaled.jpeg?resize=768%2C1365 768w, https:\/\/i0.wp.com\/blogdalucianaoliveira.com.br\/blog\/wp-content\/uploads\/2025\/03\/2c928947-6264-4975-b3ad-33b8ed98513b-scaled.jpeg?resize=864%2C1536 864w, https:\/\/i0.wp.com\/blogdalucianaoliveira.com.br\/blog\/wp-content\/uploads\/2025\/03\/2c928947-6264-4975-b3ad-33b8ed98513b-scaled.jpeg?resize=1152%2C2048 1152w, https:\/\/i0.wp.com\/blogdalucianaoliveira.com.br\/blog\/wp-content\/uploads\/2025\/03\/2c928947-6264-4975-b3ad-33b8ed98513b-scaled.jpeg?w=1440 1440w\" sizes=\"auto, (max-width: 169px) 100vw, 169px\" \/><\/p>\n<p>\u201cEstamos diante de um cen\u00e1rio que exige aten\u00e7\u00e3o. O comportamento do rio, tanto em n\u00edvel quanto em vaz\u00e3o, se encontra um pouco acima da m\u00e9dia hist\u00f3rica, e com os novos eventos pluviom\u00e9tricos na Bol\u00edvia, tende a permanecer subindo. A situa\u00e7\u00e3o \u00e9 s\u00e9ria e exige prepara\u00e7\u00e3o das autoridades e das pr\u00f3prias comunidades\u201d, afirmou o Secret\u00e1rio Municipal de Meio Ambiente e Desenvolvimento Sustent\u00e1vel, Vinicius Valentin Raduan Miguel, cuja equipe tem apoiado a sociedade civil no atendimento emergencial aos pequenos animais no local.<\/p>\n<p>Moradores est\u00e3o sendo orientados a proteger documentos, alimentos e bens em locais elevados, organizar abrigos comunit\u00e1rios e manter contato constante com as equipes da Defesa Civil.<\/p>\n<p><img data-recalc-dims=\"1\" loading=\"lazy\" decoding=\"async\" data-attachment-id=\"36666\" data-permalink=\"http:\/\/blogdalucianaoliveira.com.br\/blog\/2025\/03\/31\/subida-do-rio-madeira-preocupa-pesquisadores-e-comunidades-em-porto-velho\/62dec8d8-1acb-4f87-9259-2072262d54ae\/\" data-orig-file=\"https:\/\/i0.wp.com\/blogdalucianaoliveira.com.br\/blog\/wp-content\/uploads\/2025\/03\/62dec8d8-1acb-4f87-9259-2072262d54ae.jpeg?fit=1600%2C1200\" data-orig-size=\"1600,1200\" data-comments-opened=\"0\" data-image-meta=\"{&quot;aperture&quot;:&quot;0&quot;,&quot;credit&quot;:&quot;&quot;,&quot;camera&quot;:&quot;&quot;,&quot;caption&quot;:&quot;&quot;,&quot;created_timestamp&quot;:&quot;1743041619&quot;,&quot;copyright&quot;:&quot;&quot;,&quot;focal_length&quot;:&quot;0&quot;,&quot;iso&quot;:&quot;0&quot;,&quot;shutter_speed&quot;:&quot;0&quot;,&quot;title&quot;:&quot;&quot;,&quot;orientation&quot;:&quot;0&quot;}\" data-image-title=\"62dec8d8-1acb-4f87-9259-2072262d54ae\" data-image-description=\"\" data-image-caption=\"\" data-medium-file=\"https:\/\/i0.wp.com\/blogdalucianaoliveira.com.br\/blog\/wp-content\/uploads\/2025\/03\/62dec8d8-1acb-4f87-9259-2072262d54ae.jpeg?fit=300%2C225\" data-large-file=\"https:\/\/i0.wp.com\/blogdalucianaoliveira.com.br\/blog\/wp-content\/uploads\/2025\/03\/62dec8d8-1acb-4f87-9259-2072262d54ae.jpeg?fit=600%2C450\" class=\"alignnone size-medium wp-image-36666\" src=\"https:\/\/i0.wp.com\/blogdalucianaoliveira.com.br\/blog\/wp-content\/uploads\/2025\/03\/62dec8d8-1acb-4f87-9259-2072262d54ae.jpeg?resize=300%2C225\" alt=\"\" width=\"300\" height=\"225\" srcset=\"https:\/\/i0.wp.com\/blogdalucianaoliveira.com.br\/blog\/wp-content\/uploads\/2025\/03\/62dec8d8-1acb-4f87-9259-2072262d54ae.jpeg?resize=300%2C225 300w, https:\/\/i0.wp.com\/blogdalucianaoliveira.com.br\/blog\/wp-content\/uploads\/2025\/03\/62dec8d8-1acb-4f87-9259-2072262d54ae.jpeg?resize=1024%2C768 1024w, https:\/\/i0.wp.com\/blogdalucianaoliveira.com.br\/blog\/wp-content\/uploads\/2025\/03\/62dec8d8-1acb-4f87-9259-2072262d54ae.jpeg?resize=768%2C576 768w, https:\/\/i0.wp.com\/blogdalucianaoliveira.com.br\/blog\/wp-content\/uploads\/2025\/03\/62dec8d8-1acb-4f87-9259-2072262d54ae.jpeg?resize=1536%2C1152 1536w, https:\/\/i0.wp.com\/blogdalucianaoliveira.com.br\/blog\/wp-content\/uploads\/2025\/03\/62dec8d8-1acb-4f87-9259-2072262d54ae.jpeg?resize=400%2C300 400w, https:\/\/i0.wp.com\/blogdalucianaoliveira.com.br\/blog\/wp-content\/uploads\/2025\/03\/62dec8d8-1acb-4f87-9259-2072262d54ae.jpeg?w=1600 1600w, https:\/\/i0.wp.com\/blogdalucianaoliveira.com.br\/blog\/wp-content\/uploads\/2025\/03\/62dec8d8-1acb-4f87-9259-2072262d54ae.jpeg?w=1200 1200w\" sizes=\"auto, (max-width: 300px) 100vw, 300px\" \/><\/p>\n<p>A Prefeitura refor\u00e7a que boletins informativos est\u00e3o sendo publicados diariamente e que o Gabinete de Crise est\u00e1 mobilizado.<\/p>\n<p>Mais informa\u00e7\u00f5es podem ser obtidas pelo telefone 199 ou pelos canais oficiais da Defesa Civil Municipal.<\/p>\n","protected":false},"excerpt":{"rendered":"<p>O n\u00edvel do Rio Madeira atingiu marcas elevadas neste m\u00eas de mar\u00e7o e tem gerado preocupa\u00e7\u00e3o entre autoridades, lideran\u00e7as comunit\u00e1rias e moradores das \u00e1reas ribeirinhas de Porto Velho.<\/p>\n","protected":false},"author":1,"featured_media":0,"comment_status":"closed","ping_status":"open","sticky":false,"template":"","format":"standard","meta":{"_exactmetrics_skip_tracking":false,"_exactmetrics_sitenote_active":false,"_exactmetrics_sitenote_note":"","_exactmetrics_sitenote_category":0,"jetpack_post_was_ever_published":false,"_jetpack_newsletter_access":"","_jetpack_dont_email_post_to_subs":false,"_jetpack_newsletter_tier_id":0,"_jetpack_memberships_contains_paywalled_content":false,"_jetpack_memberships_contains_paid_content":false,"footnotes":"","jetpack_publicize_message":"","jetpack_publicize_feature_enabled":true,"jetpack_social_post_already_shared":true,"jetpack_social_options":{"image_generator_settings":{"template":"highway","enabled":false},"version":2}},"categories":[1],"tags":[1292,1293,818],"class_list":["post-36661","post","type-post","status-publish","format-standard","hentry","category-notas","tag-cheia","tag-inundacao","tag-rio-madeira"],"jetpack_publicize_connections":[],"jetpack_sharing_enabled":true,"jetpack_featured_media_url":"","jetpack_shortlink":"https:\/\/wp.me\/p7wKYW-9xj","jetpack-related-posts":[],"_links":{"self":[{"href":"http:\/\/blogdalucianaoliveira.com.br\/blog\/wp-json\/wp\/v2\/posts\/36661","targetHints":{"allow":["GET"]}}],"collection":[{"href":"http:\/\/blogdalucianaoliveira.com.br\/blog\/wp-json\/wp\/v2\/posts"}],"about":[{"href":"http:\/\/blogdalucianaoliveira.com.br\/blog\/wp-json\/wp\/v2\/types\/post"}],"author":[{"embeddable":true,"href":"http:\/\/blogdalucianaoliveira.com.br\/blog\/wp-json\/wp\/v2\/users\/1"}],"replies":[{"embeddable":true,"href":"http:\/\/blogdalucianaoliveira.com.br\/blog\/wp-json\/wp\/v2\/comments?post=36661"}],"version-history":[{"count":1,"href":"http:\/\/blogdalucianaoliveira.com.br\/blog\/wp-json\/wp\/v2\/posts\/36661\/revisions"}],"predecessor-version":[{"id":36667,"href":"http:\/\/blogdalucianaoliveira.com.br\/blog\/wp-json\/wp\/v2\/posts\/36661\/revisions\/36667"}],"wp:attachment":[{"href":"http:\/\/blogdalucianaoliveira.com.br\/blog\/wp-json\/wp\/v2\/media?parent=36661"}],"wp:term":[{"taxonomy":"category","embeddable":true,"href":"http:\/\/blogdalucianaoliveira.com.br\/blog\/wp-json\/wp\/v2\/categories?post=36661"},{"taxonomy":"post_tag","embeddable":true,"href":"http:\/\/blogdalucianaoliveira.com.br\/blog\/wp-json\/wp\/v2\/tags?post=36661"}],"curies":[{"name":"wp","href":"https:\/\/api.w.org\/{rel}","templated":true}]}}