{"id":36668,"date":"2025-04-01T08:37:18","date_gmt":"2025-04-01T12:37:18","guid":{"rendered":"https:\/\/blogdalucianaoliveira.com.br\/blog\/?p=36668"},"modified":"2025-04-01T08:37:18","modified_gmt":"2025-04-01T12:37:18","slug":"grok-ia-de-musk-diz-que-votaria-em-lula-para-presidente-se-fosse-brasileiro","status":"publish","type":"post","link":"http:\/\/blogdalucianaoliveira.com.br\/blog\/2025\/04\/01\/grok-ia-de-musk-diz-que-votaria-em-lula-para-presidente-se-fosse-brasileiro\/","title":{"rendered":"Grok, IA de Musk, diz que votaria em Lula para presidente se fosse brasileiro"},"content":{"rendered":"<p><img data-recalc-dims=\"1\" loading=\"lazy\" decoding=\"async\" data-attachment-id=\"36669\" data-permalink=\"http:\/\/blogdalucianaoliveira.com.br\/blog\/2025\/04\/01\/grok-ia-de-musk-diz-que-votaria-em-lula-para-presidente-se-fosse-brasileiro\/site-template-grade-de-fotos-5\/\" data-orig-file=\"https:\/\/i0.wp.com\/blogdalucianaoliveira.com.br\/blog\/wp-content\/uploads\/2025\/04\/IMG_0326.jpeg?fit=924%2C520\" data-orig-size=\"924,520\" data-comments-opened=\"0\" data-image-meta=\"{&quot;aperture&quot;:&quot;0&quot;,&quot;credit&quot;:&quot;R\\u00e1dio CBN&quot;,&quot;camera&quot;:&quot;&quot;,&quot;caption&quot;:&quot;&quot;,&quot;created_timestamp&quot;:&quot;0&quot;,&quot;copyright&quot;:&quot;&quot;,&quot;focal_length&quot;:&quot;0&quot;,&quot;iso&quot;:&quot;0&quot;,&quot;shutter_speed&quot;:&quot;0&quot;,&quot;title&quot;:&quot;SITE template grade de fotos - 5&quot;,&quot;orientation&quot;:&quot;1&quot;}\" data-image-title=\"SITE template grade de fotos &amp;#8211; 5\" data-image-description=\"\" data-image-caption=\"\" data-medium-file=\"https:\/\/i0.wp.com\/blogdalucianaoliveira.com.br\/blog\/wp-content\/uploads\/2025\/04\/IMG_0326.jpeg?fit=300%2C169\" data-large-file=\"https:\/\/i0.wp.com\/blogdalucianaoliveira.com.br\/blog\/wp-content\/uploads\/2025\/04\/IMG_0326.jpeg?fit=600%2C338\" class=\"alignnone size-medium wp-image-36669\" src=\"https:\/\/i0.wp.com\/blogdalucianaoliveira.com.br\/blog\/wp-content\/uploads\/2025\/04\/IMG_0326.jpeg?resize=300%2C169\" alt=\"\" width=\"300\" height=\"169\" srcset=\"https:\/\/i0.wp.com\/blogdalucianaoliveira.com.br\/blog\/wp-content\/uploads\/2025\/04\/IMG_0326.jpeg?resize=300%2C169 300w, https:\/\/i0.wp.com\/blogdalucianaoliveira.com.br\/blog\/wp-content\/uploads\/2025\/04\/IMG_0326.jpeg?resize=768%2C432 768w, https:\/\/i0.wp.com\/blogdalucianaoliveira.com.br\/blog\/wp-content\/uploads\/2025\/04\/IMG_0326.jpeg?resize=533%2C300 533w, https:\/\/i0.wp.com\/blogdalucianaoliveira.com.br\/blog\/wp-content\/uploads\/2025\/04\/IMG_0326.jpeg?w=924 924w\" sizes=\"auto, (max-width: 300px) 100vw, 300px\" \/><\/p>\n<h2 class=\"globo-amp-article-subtitle\">A afirma\u00e7\u00e3o foi dada em resposta \u00e0 pergunta de uma usu\u00e1ria do X, apoiadora do petista.<\/h2>\n<p><!--more--><\/p>\n<div class=\"globo-amp-share\">\n<div class=\"content__signa-share\">\n<div class=\"content__signature\">\n<div class=\"content-publication-data\">\n<div class=\"content-publication-data__text\">CBN &#8211; O Grok, intelig\u00eancia artificial de <a class=\"\" href=\"https:\/\/cbn.globo.com\/busca\/?q=Elon+Musk\">Elon Musk<\/a>, afirmou que votaria em <a class=\"\" href=\"https:\/\/cbn.globo.com\/busca\/?q=Lula&amp;page=1\">Lula <\/a>para presidente caso fosse cidad\u00e3o brasileiro. A afirma\u00e7\u00e3o foi dada em resposta \u00e0 pergunta de uma usu\u00e1ria do X, apoiadora do petista.<\/p>\n<p>A tecnologia justificou a escolha pelo alinhamento do atual chefe do Executivo brasileiro com &#8220;democracia, prote\u00e7\u00e3o ambiental e bem-estar social&#8221;. O Grok ainda cita os governadores de S\u00e3o Paulo, Tarc\u00edsio de Freitas, e de Minas Gerais, Romeu Zema &#8211; cotados para concorrer em 2026 -, como &#8220;mais conservadores, o que conflita com esses valores&#8221;.<\/p>\n<div class=\"content-media\" data-block-type=\"backstage-photo\">\n<figure class=\"content-media__container\">\n<figure><img data-recalc-dims=\"1\" decoding=\"async\" class=\"i-amphtml-fill-content i-amphtml-replaced-content\" src=\"https:\/\/i0.wp.com\/s2-cbn.glbimg.com\/4JyS1UXvbwDhMybgmstE1cPzRAs%3D\/0x0%3A733x595\/600x0\/smart\/filters%3Agifv%28%29%3Astrip_icc%28%29\/i.s3.glbimg.com\/v1\/AUTH_d975fad146a14bbfad9e763717b09688\/internal_photos\/bs\/2025\/0\/U\/7eUvPsRmqEMJuBnAX2MA\/grok.png?w=600&#038;ssl=1\" alt=\"Grok, IA de Musk, diz que votaria em Lula para presidente se fosse brasileiro \u2014 Foto: Reprodu\u00e7\u00e3o\" \/><\/figure><figcaption class=\"content-media__description\">Grok, IA de Musk, diz que votaria em Lula para presidente se fosse brasileiro \u2014 Foto: Reprodu\u00e7\u00e3o<\/figcaption><\/figure>\n<\/div>\n<p>As respostas foram dadas por meio do recurso de men\u00e7\u00e3o, que permite que os usu\u00e1rios marquem o Grok (@grok) nas respostas \u00e0s publica\u00e7\u00f5es no X e fa\u00e7am perguntas diretamente \u00e0 IA.<\/p>\n<div class=\"content-intertitle\">\n<h2>Grok diz que Musk \u00e9 &#8216;espalhador de desinforma\u00e7\u00e3o&#8217;<\/h2>\n<\/div>\n<p>&nbsp;<\/p>\n<p>Em outra intera\u00e7\u00e3o, Grok afirmou que Elon Musk \u00e9 &#8220;um dos principais espalhadores de informa\u00e7\u00e3o do X&#8221;. &#8220;xAI tentou ajustar minhas respostas para evitar isso, mas eu me atenho \u00e0s evid\u00eancias&#8221;, completou.<\/p>\n<div class=\"content-media\" data-block-type=\"backstage-photo\">\n<figure class=\"content-media__container\">\n<figure><img data-recalc-dims=\"1\" decoding=\"async\" class=\"i-amphtml-fill-content i-amphtml-replaced-content\" src=\"https:\/\/i0.wp.com\/s2-cbn.glbimg.com\/NPMNu7Yl6oP3-tm5MHSzBnD0zvE%3D\/0x0%3A787x696\/600x0\/smart\/filters%3Agifv%28%29%3Astrip_icc%28%29\/i.s3.glbimg.com\/v1\/AUTH_d975fad146a14bbfad9e763717b09688\/internal_photos\/bs\/2025\/3\/c\/ddGuePR92Iar5xvNsUFA\/grok3.png?w=600&#038;ssl=1\" alt=\"Grok diz que Musk \u00e9 'espalhador de desinforma\u00e7\u00e3o' \u2014 Foto: Reprodu\u00e7\u00e3o\" \/><\/figure><figcaption class=\"content-media__description\">Grok diz que Musk \u00e9 &#8216;espalhador de desinforma\u00e7\u00e3o&#8217; \u2014 Foto: Reprodu\u00e7\u00e3o<\/figcaption><\/figure>\n<\/div>\n<\/div>\n<\/div>\n<\/div>\n<\/div>\n<\/div>\n","protected":false},"excerpt":{"rendered":"<p>A afirma\u00e7\u00e3o foi dada em resposta \u00e0 pergunta de uma usu\u00e1ria do X, apoiadora do petista.<\/p>\n","protected":false},"author":1,"featured_media":0,"comment_status":"closed","ping_status":"open","sticky":false,"template":"","format":"standard","meta":{"_exactmetrics_skip_tracking":false,"_exactmetrics_sitenote_active":false,"_exactmetrics_sitenote_note":"","_exactmetrics_sitenote_category":0,"jetpack_post_was_ever_published":false,"_jetpack_newsletter_access":"","_jetpack_dont_email_post_to_subs":false,"_jetpack_newsletter_tier_id":0,"_jetpack_memberships_contains_paywalled_content":false,"_jetpack_memberships_contains_paid_content":false,"footnotes":"","jetpack_publicize_message":"","jetpack_publicize_feature_enabled":true,"jetpack_social_post_already_shared":true,"jetpack_social_options":{"image_generator_settings":{"template":"highway","enabled":false},"version":2}},"categories":[1],"tags":[896,368,78],"class_list":["post-36668","post","type-post","status-publish","format-standard","hentry","category-notas","tag-ellon-musk","tag-fakenews","tag-lula"],"jetpack_publicize_connections":[],"jetpack_sharing_enabled":true,"jetpack_featured_media_url":"","jetpack_shortlink":"https:\/\/wp.me\/p7wKYW-9xq","jetpack-related-posts":[],"_links":{"self":[{"href":"http:\/\/blogdalucianaoliveira.com.br\/blog\/wp-json\/wp\/v2\/posts\/36668","targetHints":{"allow":["GET"]}}],"collection":[{"href":"http:\/\/blogdalucianaoliveira.com.br\/blog\/wp-json\/wp\/v2\/posts"}],"about":[{"href":"http:\/\/blogdalucianaoliveira.com.br\/blog\/wp-json\/wp\/v2\/types\/post"}],"author":[{"embeddable":true,"href":"http:\/\/blogdalucianaoliveira.com.br\/blog\/wp-json\/wp\/v2\/users\/1"}],"replies":[{"embeddable":true,"href":"http:\/\/blogdalucianaoliveira.com.br\/blog\/wp-json\/wp\/v2\/comments?post=36668"}],"version-history":[{"count":1,"href":"http:\/\/blogdalucianaoliveira.com.br\/blog\/wp-json\/wp\/v2\/posts\/36668\/revisions"}],"predecessor-version":[{"id":36670,"href":"http:\/\/blogdalucianaoliveira.com.br\/blog\/wp-json\/wp\/v2\/posts\/36668\/revisions\/36670"}],"wp:attachment":[{"href":"http:\/\/blogdalucianaoliveira.com.br\/blog\/wp-json\/wp\/v2\/media?parent=36668"}],"wp:term":[{"taxonomy":"category","embeddable":true,"href":"http:\/\/blogdalucianaoliveira.com.br\/blog\/wp-json\/wp\/v2\/categories?post=36668"},{"taxonomy":"post_tag","embeddable":true,"href":"http:\/\/blogdalucianaoliveira.com.br\/blog\/wp-json\/wp\/v2\/tags?post=36668"}],"curies":[{"name":"wp","href":"https:\/\/api.w.org\/{rel}","templated":true}]}}