{"id":3667,"date":"2016-09-03T09:58:43","date_gmt":"2016-09-03T13:58:43","guid":{"rendered":"http:\/\/blogdalucianaoliveira.com.br\/blog\/?p=3667"},"modified":"2016-09-03T13:13:37","modified_gmt":"2016-09-03T17:13:37","slug":"reconheca-que-foi-golpe-porque-esta-ficando-feio-pra-sua-cara","status":"publish","type":"post","link":"http:\/\/blogdalucianaoliveira.com.br\/blog\/2016\/09\/03\/reconheca-que-foi-golpe-porque-esta-ficando-feio-pra-sua-cara\/","title":{"rendered":"Reconhe\u00e7a que foi golpe, porque est\u00e1 ficando feio pra sua cara"},"content":{"rendered":"<p><img data-recalc-dims=\"1\" loading=\"lazy\" decoding=\"async\" data-attachment-id=\"3668\" data-permalink=\"http:\/\/blogdalucianaoliveira.com.br\/blog\/2016\/09\/03\/reconheca-que-foi-golpe-porque-esta-ficando-feio-pra-sua-cara\/pala\/\" data-orig-file=\"https:\/\/i0.wp.com\/blogdalucianaoliveira.com.br\/blog\/wp-content\/uploads\/2016\/09\/pala.jpg?fit=554%2C318\" data-orig-size=\"554,318\" data-comments-opened=\"0\" data-image-meta=\"{&quot;aperture&quot;:&quot;0&quot;,&quot;credit&quot;:&quot;&quot;,&quot;camera&quot;:&quot;&quot;,&quot;caption&quot;:&quot;&quot;,&quot;created_timestamp&quot;:&quot;0&quot;,&quot;copyright&quot;:&quot;&quot;,&quot;focal_length&quot;:&quot;0&quot;,&quot;iso&quot;:&quot;0&quot;,&quot;shutter_speed&quot;:&quot;0&quot;,&quot;title&quot;:&quot;&quot;,&quot;orientation&quot;:&quot;0&quot;}\" data-image-title=\"pala\" data-image-description=\"\" data-image-caption=\"\" data-medium-file=\"https:\/\/i0.wp.com\/blogdalucianaoliveira.com.br\/blog\/wp-content\/uploads\/2016\/09\/pala.jpg?fit=300%2C172\" data-large-file=\"https:\/\/i0.wp.com\/blogdalucianaoliveira.com.br\/blog\/wp-content\/uploads\/2016\/09\/pala.jpg?fit=554%2C318\" src=\"https:\/\/i0.wp.com\/blogdalucianaoliveira.com.br\/blog\/wp-content\/uploads\/2016\/09\/pala.jpg?resize=554%2C318\" alt=\"pala\" width=\"554\" height=\"318\" class=\"alignnone size-full wp-image-3668\" srcset=\"https:\/\/i0.wp.com\/blogdalucianaoliveira.com.br\/blog\/wp-content\/uploads\/2016\/09\/pala.jpg?w=554 554w, https:\/\/i0.wp.com\/blogdalucianaoliveira.com.br\/blog\/wp-content\/uploads\/2016\/09\/pala.jpg?resize=300%2C172 300w, https:\/\/i0.wp.com\/blogdalucianaoliveira.com.br\/blog\/wp-content\/uploads\/2016\/09\/pala.jpg?resize=523%2C300 523w\" sizes=\"auto, (max-width: 554px) 100vw, 554px\" \/><\/p>\n<p>N\u00e3o foi preciso mais que dois dias para comprovar que o presidente empossado far\u00e1 o que outros fizeram e pelo que, s\u00f3 Dilma Rousseff foi condenada \u00e0 perda de mandato. Foi sancionada a Lei 13.332\/2016, que torna menos duras as regras para abertura de cr\u00e9ditos suplementares sem a necessidade de autoriza\u00e7\u00e3o do Congresso.<!--more--><\/p>\n<p>Isso mesmo, as chamadas pedaladas fiscais, manobras praticadas em v\u00e1rios governos que foram utilizadas como pretexto para o afastamento da presidente eleita, foram flexibilizadas. <\/p>\n<p>Agora a permiss\u00e3o para o remanejamento de uma despesa que era de 10% subiu pra 20%, gra\u00e7as ao Projeto do Congresso Nacional (PLN) 3\/16 aprovado no dia 23 de agosto. <\/p>\n<p>&#8220;Fica autorizada a abertura de cr\u00e9ditos suplementares, restritos aos valores constantes desta Lei, exclu\u00eddas as altera\u00e7\u00f5es decorrentes de cr\u00e9ditos adicionais abertos ou reabertos, deste que as altera\u00e7\u00f5es promovidas na programa\u00e7\u00e3o or\u00e7ament\u00e1ria sejam compat\u00edveis com a obten\u00e7\u00e3o da meta de super\u00e1vit prim\u00e1rio estabelecida para o exerc\u00edcio de 2016&#8221;, destaca o artigo 4\u00ba da Lei.<\/p>\n<p>A mudan\u00e7a permite ainda que o governo cancele recursos inclu\u00eddos por emendas coletivas do Congresso Nacional e destine como bem entender, excluindo apenas as emendas de execu\u00e7\u00e3o obrigat\u00f3ria previstas na Lei de Diretrizes Or\u00e7amentarias (LDO).<\/p>\n<p>Se quiserem, podem inclusive, remanejar despesas do Programa de Acelera\u00e7\u00e3o do Crescimento (PAC).<\/p>\n<p>Michel Temer colocou Rodrigo Maia, o presidente em exerc\u00edcio, para sancionar a Lei que pra bom entendedor refor\u00e7a a tese de que Dilma Rousseff foi condenada sem crime.<\/p>\n<p>Com a mudan\u00e7a na lei or\u00e7ament\u00e1ria, o governo amplia a ciclovia para que pedalem com mais \u2018seguran\u00e7a\u2019.<\/p>\n<p>Quem tamb\u00e9m contrariou seu discurso foi a advogada, autora do impeachment, Jana\u00edna Paschoal, que at\u00e9 o julgamento andou com a Constitui\u00e7\u00e3o Federal debaixo do bra\u00e7o como se fosse a B\u00edblia.<\/p>\n<p>Ao saber que seu cliente, o PSDB, iria ajuizar mandado de seguran\u00e7a para pedir que a segunda vota\u00e7\u00e3o que manteve a habilita\u00e7\u00e3o de Dilma fosse anulada, implorou nas redes sociais para que ignorassem o que prev\u00ea a Constitui\u00e7\u00e3o como san\u00e7\u00e3o ao impeachment.<\/p>\n<p>A orienta\u00e7\u00e3o da advogada \u00e9 coerente, para o cliente. <\/p>\n<p>Para quem derramou l\u00e1grimas sobre o livro que chamou sagrado, n\u00e3o. <\/p>\n<p>\u201cNa condi\u00e7\u00e3o de amante, apaixonada pela Constitui\u00e7\u00e3o Federal, n\u00e3o tinha alternativa\u201d, disse ao justificar o pedido de impeachment. <\/p>\n<div class=\"jetpack-video-wrapper\"><span class=\"embed-youtube\" style=\"text-align:center; display: block;\"><iframe loading=\"lazy\" class=\"youtube-player\" width=\"600\" height=\"338\" src=\"https:\/\/www.youtube.com\/embed\/o3c1thEnzrY?version=3&#038;rel=1&#038;showsearch=0&#038;showinfo=1&#038;iv_load_policy=1&#038;fs=1&#038;hl=pt-BR&#038;autohide=2&#038;wmode=transparent\" allowfullscreen=\"true\" style=\"border:0;\" sandbox=\"allow-scripts allow-same-origin allow-popups allow-presentation allow-popups-to-escape-sandbox\"><\/iframe><\/span><\/div>\n<p>O PSDB e aliados contra a manuten\u00e7\u00e3o dos direitos pol\u00edticos de Dilma, foram ainda mais descarados no desprezo \u00e0 Constitui\u00e7\u00e3o Federal. Mudaram de ideia sobre recorrer do segundo julgamento, s\u00f3 porque a defesa de Dilma pediu a anula\u00e7\u00e3o do julgamento. <\/p>\n<p>\u201cAp\u00f3s fazer uma avalia\u00e7\u00e3o dos efeitos do fatiamento da vota\u00e7\u00e3o do impeachment e de tomar conhecimento da iniciativa da defesa da ex-presidente Dilma Rousseff, que solicita a anula\u00e7\u00e3o da sess\u00e3o de ontem do Senado, o PSDB, DEM e PPS decidiram protocolar nesta sexta-feira (02) um mandado de seguran\u00e7a coletivo junto ao Supremo Tribunal Federal (STF). O objetivo da a\u00e7\u00e3o \u00e9 ver reconhecida a inefic\u00e1cia do segundo julgamento, em raz\u00e3o da evidente inconstitucionalidade da decis\u00e3o, corroborada por em\u00e9ritos juristas.\u201d<\/p>\n<p>Assinaram a nota a Executiva Nacional do PSDB, Executiva Nacional do DEM e Executiva Nacional do PPS.<\/p>\n<p>A orienta\u00e7\u00e3o da advogada chegou tarde e todos que diziam agir na defesa intransigente da lei maior foram desmascarados.<\/p>\n<p>S\u00f3 falta \u2018cair a ficha\u2019 de quem acreditou na boa f\u00e9 dos autores e dos articuladores do impeachment.<\/p>\n<p>A parcela da sociedade que torceu para que pol\u00edticos investigados por corrup\u00e7\u00e3o tomassem o poder precisa admitir que foi ludibriada.<\/p>\n<p>Pra que carregar o fardo da hipocrisia, pris\u00e3o perp\u00e9tua a quem gosta de ser enganado? <\/p>\n","protected":false},"excerpt":{"rendered":"<p>N\u00e3o foi preciso mais que dois dias para comprovar que o presidente empossado far\u00e1 o que outros fizeram e pelo que, s\u00f3 Dilma Rousseff foi condenada \u00e0 perda de mandato. Foi sancionada a Lei 13.332\/2016, que torna menos duras as regras para abertura de cr\u00e9ditos suplementares sem a necessidade de autoriza\u00e7\u00e3o do Congresso.<\/p>\n","protected":false},"author":1,"featured_media":0,"comment_status":"closed","ping_status":"open","sticky":false,"template":"","format":"standard","meta":{"_exactmetrics_skip_tracking":false,"_exactmetrics_sitenote_active":false,"_exactmetrics_sitenote_note":"","_exactmetrics_sitenote_category":0,"jetpack_post_was_ever_published":false,"_jetpack_newsletter_access":"","_jetpack_dont_email_post_to_subs":false,"_jetpack_newsletter_tier_id":0,"_jetpack_memberships_contains_paywalled_content":false,"_jetpack_memberships_contains_paid_content":false,"footnotes":"","jetpack_publicize_message":"","jetpack_publicize_feature_enabled":true,"jetpack_social_post_already_shared":true,"jetpack_social_options":{"image_generator_settings":{"template":"highway","enabled":false},"version":2}},"categories":[1],"tags":[61,39,166,45],"class_list":["post-3667","post","type-post","status-publish","format-standard","hentry","category-notas","tag-dilma","tag-golpe","tag-pedaladas","tag-temer"],"jetpack_publicize_connections":[],"jetpack_sharing_enabled":true,"jetpack_featured_media_url":"","jetpack_shortlink":"https:\/\/wp.me\/p7wKYW-X9","jetpack-related-posts":[],"_links":{"self":[{"href":"http:\/\/blogdalucianaoliveira.com.br\/blog\/wp-json\/wp\/v2\/posts\/3667","targetHints":{"allow":["GET"]}}],"collection":[{"href":"http:\/\/blogdalucianaoliveira.com.br\/blog\/wp-json\/wp\/v2\/posts"}],"about":[{"href":"http:\/\/blogdalucianaoliveira.com.br\/blog\/wp-json\/wp\/v2\/types\/post"}],"author":[{"embeddable":true,"href":"http:\/\/blogdalucianaoliveira.com.br\/blog\/wp-json\/wp\/v2\/users\/1"}],"replies":[{"embeddable":true,"href":"http:\/\/blogdalucianaoliveira.com.br\/blog\/wp-json\/wp\/v2\/comments?post=3667"}],"version-history":[{"count":5,"href":"http:\/\/blogdalucianaoliveira.com.br\/blog\/wp-json\/wp\/v2\/posts\/3667\/revisions"}],"predecessor-version":[{"id":3674,"href":"http:\/\/blogdalucianaoliveira.com.br\/blog\/wp-json\/wp\/v2\/posts\/3667\/revisions\/3674"}],"wp:attachment":[{"href":"http:\/\/blogdalucianaoliveira.com.br\/blog\/wp-json\/wp\/v2\/media?parent=3667"}],"wp:term":[{"taxonomy":"category","embeddable":true,"href":"http:\/\/blogdalucianaoliveira.com.br\/blog\/wp-json\/wp\/v2\/categories?post=3667"},{"taxonomy":"post_tag","embeddable":true,"href":"http:\/\/blogdalucianaoliveira.com.br\/blog\/wp-json\/wp\/v2\/tags?post=3667"}],"curies":[{"name":"wp","href":"https:\/\/api.w.org\/{rel}","templated":true}]}}