{"id":36671,"date":"2025-04-01T08:48:49","date_gmt":"2025-04-01T12:48:49","guid":{"rendered":"https:\/\/blogdalucianaoliveira.com.br\/blog\/?p=36671"},"modified":"2025-04-01T08:48:49","modified_gmt":"2025-04-01T12:48:49","slug":"golpe-de-1964-manutencao-de-tutela-militar-permitiu-golpismo-do-8-1","status":"publish","type":"post","link":"http:\/\/blogdalucianaoliveira.com.br\/blog\/2025\/04\/01\/golpe-de-1964-manutencao-de-tutela-militar-permitiu-golpismo-do-8-1\/","title":{"rendered":"Golpe de 1964: manuten\u00e7\u00e3o de tutela militar permitiu golpismo do 8\/1"},"content":{"rendered":"<p><img data-recalc-dims=\"1\" loading=\"lazy\" decoding=\"async\" data-attachment-id=\"36672\" data-permalink=\"http:\/\/blogdalucianaoliveira.com.br\/blog\/2025\/04\/01\/golpe-de-1964-manutencao-de-tutela-militar-permitiu-golpismo-do-8-1\/img_0330\/\" data-orig-file=\"https:\/\/i0.wp.com\/blogdalucianaoliveira.com.br\/blog\/wp-content\/uploads\/2025\/04\/IMG_0330.webp?fit=1170%2C700\" data-orig-size=\"1170,700\" data-comments-opened=\"0\" data-image-meta=\"{&quot;aperture&quot;:&quot;0&quot;,&quot;credit&quot;:&quot;&quot;,&quot;camera&quot;:&quot;&quot;,&quot;caption&quot;:&quot;&quot;,&quot;created_timestamp&quot;:&quot;0&quot;,&quot;copyright&quot;:&quot;&quot;,&quot;focal_length&quot;:&quot;0&quot;,&quot;iso&quot;:&quot;0&quot;,&quot;shutter_speed&quot;:&quot;0&quot;,&quot;title&quot;:&quot;&quot;,&quot;orientation&quot;:&quot;0&quot;}\" data-image-title=\"IMG_0330\" data-image-description=\"\" data-image-caption=\"\" data-medium-file=\"https:\/\/i0.wp.com\/blogdalucianaoliveira.com.br\/blog\/wp-content\/uploads\/2025\/04\/IMG_0330.webp?fit=300%2C179\" data-large-file=\"https:\/\/i0.wp.com\/blogdalucianaoliveira.com.br\/blog\/wp-content\/uploads\/2025\/04\/IMG_0330.webp?fit=600%2C359\" class=\"alignnone size-medium wp-image-36672\" src=\"https:\/\/i0.wp.com\/blogdalucianaoliveira.com.br\/blog\/wp-content\/uploads\/2025\/04\/IMG_0330.webp?resize=300%2C179\" alt=\"\" width=\"300\" height=\"179\" srcset=\"https:\/\/i0.wp.com\/blogdalucianaoliveira.com.br\/blog\/wp-content\/uploads\/2025\/04\/IMG_0330.webp?resize=300%2C179 300w, https:\/\/i0.wp.com\/blogdalucianaoliveira.com.br\/blog\/wp-content\/uploads\/2025\/04\/IMG_0330.webp?resize=1024%2C613 1024w, https:\/\/i0.wp.com\/blogdalucianaoliveira.com.br\/blog\/wp-content\/uploads\/2025\/04\/IMG_0330.webp?resize=768%2C459 768w, https:\/\/i0.wp.com\/blogdalucianaoliveira.com.br\/blog\/wp-content\/uploads\/2025\/04\/IMG_0330.webp?resize=501%2C300 501w, https:\/\/i0.wp.com\/blogdalucianaoliveira.com.br\/blog\/wp-content\/uploads\/2025\/04\/IMG_0330.webp?w=1170 1170w\" sizes=\"auto, (max-width: 300px) 100vw, 300px\" \/><\/p>\n<p>Avalia\u00e7\u00e3o \u00e9 de especialistas entrevistados pela Ag\u00eancia Brasil<!--more--><\/p>\n<p>EBC &#8211; Tanto em 1964 quanto ap\u00f3s a elei\u00e7\u00e3o de 2022, oficiais militares do Ex\u00e9rcito se insurgiram contra a soberania popular vinda do voto. Em ambos os casos, revelou-se o entendimento comum de militares de que eles devem definir o destino do pa\u00eds \u00e0 revelia das escolhas populares e tutelando a sociedade civil.<img data-recalc-dims=\"1\" decoding=\"async\" src=\"https:\/\/i0.wp.com\/agenciabrasil.ebc.com.br\/ebc.png?w=600&#038;ssl=1\" \/><img data-recalc-dims=\"1\" decoding=\"async\" src=\"https:\/\/i0.wp.com\/agenciabrasil.ebc.com.br\/ebc.gif?w=600&#038;ssl=1\" \/><\/p>\n<p>Essa seria uma das principais semelhan\u00e7as entre os dois epis\u00f3dios, segundo cientistas sociais consultados pela <strong>Ag\u00eancia Brasil<\/strong>. <strong>Para os especialistas, os dois casos refor\u00e7am a <a href=\"https:\/\/agenciabrasil.ebc.com.br\/politica\/noticia\/2025-03\/golpismo-do-81-pede-reforma-nas-forcas-armadas-dizem-especialistas\" target=\"_blank\" rel=\"noopener\">necessidade de reformas nas For\u00e7as Armadas<\/a>.<\/strong><\/p>\n<p>Entre as principais diferen\u00e7as entre os epis\u00f3dios hist\u00f3ricos, est\u00e3o a falta de coes\u00e3o dos setores empresarias para o golpe ap\u00f3s a elei\u00e7\u00e3o de 2022 e a falta de apoio internacional, especialmente do governo dos Estados Unidos.<\/p>\n<p><strong>O historiador Manuel Domingos Neto, professor aposentado da Universidade Federal do Cear\u00e1 (UFCE), destacou que, em ambos os epis\u00f3dios, os militares atribu\u00edram a si o direito de definir o destino da na\u00e7\u00e3o.<\/strong><\/p>\n<div class=\"dnd-widget-wrapper context-grande_6colunas type-image atom-align-left\">\n<div class=\"dnd-atom-rendered\"><img data-recalc-dims=\"1\" decoding=\"async\" title=\"Joedson Alves\/Agencia Brasil\" src=\"https:\/\/i0.wp.com\/imagens.ebc.com.br\/JztwqaMRnZg43b8wWdATqd6SuFs%3D\/463x0\/smart\/https%3A\/\/agenciabrasil.ebc.com.br\/sites\/default\/files\/thumbnails\/image\/_ja_9173_0.jpg?w=600&#038;ssl=1\" alt=\"Brasilia (DF) 08\/01\/2023 - Golpistas invadem pr\u00e9dios p\u00fablicos na pra\u00e7a dos Tr\u00eas Poderes. Vandalos  na rampa de acesso do Pal\u00e1cio do Planalto.\" \/><\/div>\n<div class=\"dnd-caption-wrapper\">\n<h6 class=\"meta\">Atos golpistas de 8 de janeiro de 2023\u00a0&#8211; <strong>Jo\u00e9dson Alves\/Agencia Brasil<\/strong><\/h6>\n<\/div>\n<\/div>\n<p>\u201cN\u00f3s temos o esp\u00edrito corporativo que diz que cumpre aos militares, em particular ao Ex\u00e9rcito, conduzir o destino do pa\u00eds. E essa sensa\u00e7\u00e3o \u00e9 a mesma em 1964 e 2022. Ela \u00e9 persistente. O militar \u00e9 criado nessa no\u00e7\u00e3o que ele recebe na sua forma\u00e7\u00e3o\u201d, destacou Neto, que pesquisa a hist\u00f3ria militar no Brasil.<\/p>\n<p><strong>A professora de hist\u00f3ria do Brasil da Universidade Federal de Uberl\u00e2ndia (UFU) Carla Teixeira destacou a rejei\u00e7\u00e3o de comandantes militares de aceitarem a lideran\u00e7a de um presidente civil escolhido pela popula\u00e7\u00e3o.<\/strong><\/p>\n<p>\u201cEm 1964, assim como em 2023, temos um arranjo de grupos de poder que tentam barrar a vontade popular. O atual comandante do Ex\u00e9rcito, o general Tom\u00e1s Paiva, revelou que o resultado eleitoral n\u00e3o foi o que os militares gostariam. Ainda que nem todos os oficiais tenham aderido ao golpe, \u00e9 fato que eles n\u00e3o aceitavam a figura do Lula\u201d, explicou.<\/p>\n<p>Para Carla Teixeira, doutora em hist\u00f3ria pela Universidade Federal de Minas Gerais (UFMG), a conjuntura desfavor\u00e1vel evitou que todos os oficiais aderissem ao golpe. \u201cDar o golpe \u00e9 f\u00e1cil, sustentar o governo depois \u00e9 que \u00e9 o problema. Os comandantes militares perceberam que n\u00e3o havia apoio na sociedade e no estrangeiro\u201d, disse.<\/p>\n<h2>Protagonismo do Ex\u00e9rcito<\/h2>\n<p><strong>O cientista pol\u00edtico Rodrigo Lentz, que estuda o pensamento pol\u00edtico do militar brasileiro,\u00a0destacou o protagonismo dos oficiais militares do Ex\u00e9rcito como importante semelhan\u00e7a entre os dois epis\u00f3dios<\/strong>.<\/p>\n<div class=\"dnd-widget-wrapper context-grande_6colunas type-image atom-align-right\">\n<div class=\"dnd-atom-rendered\"><img data-recalc-dims=\"1\" decoding=\"async\" title=\"Arquivo pessoal\" src=\"https:\/\/i0.wp.com\/imagens.ebc.com.br\/hfUAKdzF_5mEIJA7pbaMKa2mqMc%3D\/463x0\/smart\/https%3A\/\/agenciabrasil.ebc.com.br\/sites\/default\/files\/thumbnails\/image\/whatsapp_image_2023-06-16_at_15.20.49_1.jpeg?w=600&#038;ssl=1\" alt=\"Lobby militar nos parlamentos fere democracia, alertam especialistas  - Rodrigo Letz. \u2013 Foto: Arquivo Pessoal\" \/><\/div>\n<div class=\"dnd-caption-wrapper\">\n<h6 class=\"meta\">\u00a0Cientista pol\u00edtico Rodrigo Lentz estuda o pensamento pol\u00edtico do militar brasileiro &#8211; <strong>Rodrigo Lentz\/Arquivo pessoal<\/strong><\/h6>\n<\/div>\n<\/div>\n<p>\u201cEm ambos os casos, os protagonistas foram oficiais militares, e n\u00e3o pra\u00e7as, e da sua maioria do Ex\u00e9rcito. A segunda principal semelhan\u00e7a \u00e9 que esses militares se insurgiram contra a soberania popular aferida pelo meio eleitoral, que \u00e9 o m\u00e9todo leg\u00edtimo para forma\u00e7\u00e3o de governo\u201d, comentou.<\/p>\n<p><strong>Outra importante semelhan\u00e7a entre os epis\u00f3dios foi o forte apoio dos setores do empresariado agr\u00e1rio.<\/strong> \u201cA gente teve em 2022 um amplo apoio dos setores agr\u00e1rios \u00e0 tentativa de golpe. Como ficou claro depois, nos inqu\u00e9ritos, que o pessoal do agro que pagou os acampamentos, como o pr\u00f3prio Mauro Cid [ex-ajudante de ordens de Jair Bolsonaro] delatou\u201d, disse a professora Carla Teixeira.<\/p>\n<h2>Inimigo interno e neoliberalismo<\/h2>\n<p><strong>A doutora em hist\u00f3ria pela UFMG\u00a0Carla Teixeira\u00a0acrescentou ainda que, assim como em 1964, esse grupo que quis se perpetuar no poder construiu a ideia de inimigo interno a ser combatido.<\/strong><\/p>\n<blockquote><p>\u201cEm 64, havia, no \u00e2mbito da sociedade, a ideia de uma amea\u00e7a comunista. E hoje a gente tem a ideia do marxismo cultural, da ideologia de g\u00eanero, do globalismo, os professores, os cientistas, os artistas, enfim, todos esses grupos que foram al\u00e7ados para o lugar de inimigo pelo governo Bolsonaro\u201d, acrescentou Carla Teixeira.<\/p><\/blockquote>\n<div class=\"dnd-widget-wrapper context-grande_6colunas type-image atom-align-left\">\n<div class=\"dnd-atom-rendered\"><img data-recalc-dims=\"1\" decoding=\"async\" title=\"Frame TV Brasil\" src=\"https:\/\/i0.wp.com\/imagens.ebc.com.br\/SH-SCYbk-at5OpRDtUjHJWcyfgQ%3D\/463x0\/smart\/https%3A\/\/agenciabrasil.ebc.com.br\/sites\/default\/files\/thumbnails\/image\/2025\/03\/31\/golpe_1964_04.jpg?w=600&#038;ssl=1\" alt=\"Bras\u00edlia (DF) 31\/03\/2025 - Imagens do golpe de 1964.\nFrame TV Brasil\" \/><\/div>\n<div class=\"dnd-caption-wrapper\">\n<h6 class=\"meta\">Militares ocupam as ruas ap\u00f3s golpe de 1964\u00a0&#8211; <strong>Frame\/TV Brasil<\/strong><\/h6>\n<\/div>\n<\/div>\n<p>Outra semelhan\u00e7a \u00e9 o projeto de instituir uma pol\u00edtica de corte neoliberal como pol\u00edtica de Estado. \u201cDurante o governo do Castelo Branco [1964-1967], foram institu\u00eddas v\u00e1rias medidas liberais que levaram a um aumento da desigualdade social, como o fim de direitos trabalhistas, a exemplo do direito \u00e0 estabilidade no emprego\u201d, avaliou.<\/p>\n<p>A historiadora ressaltou que, no governo Bolsonaro,\u00a0as pol\u00edticas de corte neoliberal eram representadas pelo ent\u00e3o ministro da Economia, Paulo Guedes, e pelo Projeto de Na\u00e7\u00e3o: o Brasil em 2035, lan\u00e7ado pelo Instituto General Villas B\u00f4as, entidade que leva o nome de um dos\u00a0militares de\u00a0maior prest\u00edgio nas For\u00e7as Armadas.<\/p>\n<p>\u201c\u00c9 um projeto que, basicamente, institui o neoliberalismo como pol\u00edtica de Estado. Haveria a cobran\u00e7a de mensalidade nas universidades p\u00fablicas, cobran\u00e7a de mensalidade no SUS [Sistema \u00danico de Sa\u00fade]\u00a0e assim por diante. Isso revela muito essa ades\u00e3o dos militares a um projeto neoliberal\u201d, completou.<\/p>\n<h2>Diferen\u00e7as<\/h2>\n<p>Apesar das enormes semelhan\u00e7as, muitas s\u00e3o as diferen\u00e7as entre o golpe de 1964 e o movimento golpista que culminou com o 8 de janeiro de 2023. O especialista Rodrigo Lentz destacou que, em 1964, est\u00e1vamos em plena Guerra Fria e existiam movimentos revolucion\u00e1rios espalhados na Am\u00e9rica Latina.<\/p>\n<blockquote><p>\u201cHavia a Revolu\u00e7\u00e3o Cubana de 1959. Havia ainda a grande novidade do processo eleitoral e grande instabilidade. Todos os resultados eleitorais foram questionados, houve subleva\u00e7\u00f5es de militares, sempre de extrema-direita. O cen\u00e1rio era muito distinto, analfabetos n\u00e3o votavam, o Brasil ainda estava em processo de urbaniza\u00e7\u00e3o\u201d, lembrou Rodrigo Lentz.<\/p><\/blockquote>\n<p>Agora, em 2022, o contexto \u00e9 outro. \u201cN\u00f3s v\u00ednhamos de certa estabilidade pol\u00edtico-eleitoral, com sucessivas altern\u00e2ncias de poder com reconhecimento do resultado. Certa regularidade partid\u00e1ria. E tamb\u00e9m temos hoje uma sociedade democr\u00e1tica que se desenvolveu e se fortaleceu, o que tem diferen\u00e7a para o per\u00edodo pr\u00e9-64, que o Brasil ainda engatinhava na constru\u00e7\u00e3o da sua sociedade civil\u201d, acrescentou.<\/p>\n<div class=\"dnd-widget-wrapper context-grande_6colunas type-image atom-align-right\">\n<div class=\"dnd-atom-rendered\"><img data-recalc-dims=\"1\" decoding=\"async\" title=\"Frame TV Brasil\" src=\"https:\/\/i0.wp.com\/imagens.ebc.com.br\/sw_hCzDPZF3iswbs5kvakVGILAU%3D\/463x0\/smart\/https%3A\/\/agenciabrasil.ebc.com.br\/sites\/default\/files\/thumbnails\/image\/2025\/03\/31\/golpe_1964_01.jpg?w=600&#038;ssl=1\" alt=\"Bras\u00edlia (DF) 31\/03\/2025 - Imagens do golpe de 1964.\nFrame TV Brasil\" \/><\/div>\n<div class=\"dnd-caption-wrapper\">\n<h6 class=\"meta\">Imagens do golpe militar de 1964\u00a0&#8211; <strong>Frame TV Brasil<\/strong><\/h6>\n<\/div>\n<\/div>\n<h2>&#8220;Banho de sangue&#8221;<\/h2>\n<p>O historiador Manuel Domingos Neto avalia tamb\u00e9m que a consci\u00eancia democr\u00e1tica atual da sociedade brasileira difere do per\u00edodo pr\u00e9-1964. \u201cPor mais fragilizada que seja a consci\u00eancia democr\u00e1tica brasileira, ela existe e existe, inclusive, como fruto da resist\u00eancia \u00e0 \u00faltima ditadura\u201d, disse.<\/p>\n<p>O especialista ressaltou que as lembran\u00e7as da \u00faltima ditadura foram reavivadas, e isso desfavoreceu o movimento golpista recente, citando, como exemplo, o sucesso do <a href=\"https:\/\/agenciabrasil.ebc.com.br\/cultura\/noticia\/2025-03\/ainda-estou-aqui-vence-oscar-de-melhor-filme-estrangeiro\" target=\"_blank\" rel=\"noopener\">filme <em>Ainda Estou Aqui<\/em><\/a>, que trata da ditadura.<\/p>\n<blockquote><p>\u201cH\u00e1 essa resist\u00eancia ampla da sociedade. Os brasileiros que n\u00e3o conhecem o que foi a ditadura, por outro lado, sabem o que \u00e9 a liberdade. Eles est\u00e3o nas cidades, n\u00e3o \u00e9 como no passado, que o Brasil era essencialmente rural. Isso faz diferen\u00e7a. O banho de sangue teria que ser muito grande para eles conseguirem se manter no poder\u201d, analisou Manuel Domingos Neto.<\/p><\/blockquote>\n<h2>Apoio dos EUA<\/h2>\n<p><strong>Entre as principais diferen\u00e7as entre 1964 e a tentativa de golpe atual, a professora\u00a0Carla Teixeira citou a falta de coes\u00e3o dos setores empresariais e a falta de apoio externo.<\/strong><\/p>\n<p>\u201cN\u00e3o houve coes\u00e3o da burguesia nacional e estrangeira. Em 1964, toda a burguesia era a favor do golpe. A burguesia agr\u00e1ria, a urbana, as classes m\u00e9dias, os grupos dominantes, nacionais e estrangeiros, e tinha amplo apoio dos Estados Unidos\u201d, disse.<\/p>\n<p>Dessa vez, destacou a especialista,\u00a0os setores empresariais estavam divididos. Ela\u00a0lembra, por exemplo, o\u00a0apoio a Lula\u00a0de\u00a0Simone Tebet e Geraldo Alckmin, que seriam figuras que representam setores do empresariado.<\/p>\n<p>\u201cTinha um grupo ali da burguesia que votou no Bolsonaro, mas que n\u00e3o estava disposto a dar o golpe. O custo pol\u00edtico seria muito grande.\u201d<\/p>\n<p>Outro fator foi a posi\u00e7\u00e3o dos EUA. \u201cVoc\u00ea n\u00e3o d\u00e1 um golpe sem combinar com a burguesia, sem combinar com grupos estrangeiros, e o Bolsonaro n\u00e3o fez nada disso. Ningu\u00e9m d\u00e1 golpe no Brasil sem apoio dos Estados Unidos\u201d, completou.<\/p>\n<div class=\"noticias-relacionadas rel-position rowflex\"><\/div>\n","protected":false},"excerpt":{"rendered":"<p>Avalia\u00e7\u00e3o \u00e9 de especialistas entrevistados pela Ag\u00eancia Brasil<\/p>\n","protected":false},"author":1,"featured_media":0,"comment_status":"closed","ping_status":"open","sticky":false,"template":"","format":"standard","meta":{"_exactmetrics_skip_tracking":false,"_exactmetrics_sitenote_active":false,"_exactmetrics_sitenote_note":"","_exactmetrics_sitenote_category":0,"jetpack_post_was_ever_published":false,"_jetpack_newsletter_access":"","_jetpack_dont_email_post_to_subs":false,"_jetpack_newsletter_tier_id":0,"_jetpack_memberships_contains_paywalled_content":false,"_jetpack_memberships_contains_paid_content":false,"footnotes":"","jetpack_publicize_message":"","jetpack_publicize_feature_enabled":true,"jetpack_social_post_already_shared":true,"jetpack_social_options":{"image_generator_settings":{"template":"highway","enabled":false},"version":2}},"categories":[1],"tags":[325,39,449],"class_list":["post-36671","post","type-post","status-publish","format-standard","hentry","category-notas","tag-ditadura","tag-golpe","tag-militares"],"jetpack_publicize_connections":[],"jetpack_sharing_enabled":true,"jetpack_featured_media_url":"","jetpack_shortlink":"https:\/\/wp.me\/p7wKYW-9xt","jetpack-related-posts":[],"_links":{"self":[{"href":"http:\/\/blogdalucianaoliveira.com.br\/blog\/wp-json\/wp\/v2\/posts\/36671","targetHints":{"allow":["GET"]}}],"collection":[{"href":"http:\/\/blogdalucianaoliveira.com.br\/blog\/wp-json\/wp\/v2\/posts"}],"about":[{"href":"http:\/\/blogdalucianaoliveira.com.br\/blog\/wp-json\/wp\/v2\/types\/post"}],"author":[{"embeddable":true,"href":"http:\/\/blogdalucianaoliveira.com.br\/blog\/wp-json\/wp\/v2\/users\/1"}],"replies":[{"embeddable":true,"href":"http:\/\/blogdalucianaoliveira.com.br\/blog\/wp-json\/wp\/v2\/comments?post=36671"}],"version-history":[{"count":1,"href":"http:\/\/blogdalucianaoliveira.com.br\/blog\/wp-json\/wp\/v2\/posts\/36671\/revisions"}],"predecessor-version":[{"id":36673,"href":"http:\/\/blogdalucianaoliveira.com.br\/blog\/wp-json\/wp\/v2\/posts\/36671\/revisions\/36673"}],"wp:attachment":[{"href":"http:\/\/blogdalucianaoliveira.com.br\/blog\/wp-json\/wp\/v2\/media?parent=36671"}],"wp:term":[{"taxonomy":"category","embeddable":true,"href":"http:\/\/blogdalucianaoliveira.com.br\/blog\/wp-json\/wp\/v2\/categories?post=36671"},{"taxonomy":"post_tag","embeddable":true,"href":"http:\/\/blogdalucianaoliveira.com.br\/blog\/wp-json\/wp\/v2\/tags?post=36671"}],"curies":[{"name":"wp","href":"https:\/\/api.w.org\/{rel}","templated":true}]}}