{"id":36674,"date":"2025-04-01T10:45:05","date_gmt":"2025-04-01T14:45:05","guid":{"rendered":"https:\/\/blogdalucianaoliveira.com.br\/blog\/?p=36674"},"modified":"2025-04-01T10:45:05","modified_gmt":"2025-04-01T14:45:05","slug":"no-brasil-247-27","status":"publish","type":"post","link":"http:\/\/blogdalucianaoliveira.com.br\/blog\/2025\/04\/01\/no-brasil-247-27\/","title":{"rendered":"No Brasil 247"},"content":{"rendered":"<p><img data-recalc-dims=\"1\" loading=\"lazy\" decoding=\"async\" data-attachment-id=\"36675\" data-permalink=\"http:\/\/blogdalucianaoliveira.com.br\/blog\/2025\/04\/01\/no-brasil-247-27\/c4356599-a3f7-4cee-83ee-6bfde8d5f53c\/\" data-orig-file=\"https:\/\/i0.wp.com\/blogdalucianaoliveira.com.br\/blog\/wp-content\/uploads\/2025\/04\/c4356599-a3f7-4cee-83ee-6bfde8d5f53c.jpeg?fit=1600%2C900\" data-orig-size=\"1600,900\" data-comments-opened=\"0\" data-image-meta=\"{&quot;aperture&quot;:&quot;0&quot;,&quot;credit&quot;:&quot;&quot;,&quot;camera&quot;:&quot;&quot;,&quot;caption&quot;:&quot;&quot;,&quot;created_timestamp&quot;:&quot;1743516775&quot;,&quot;copyright&quot;:&quot;&quot;,&quot;focal_length&quot;:&quot;0&quot;,&quot;iso&quot;:&quot;0&quot;,&quot;shutter_speed&quot;:&quot;0&quot;,&quot;title&quot;:&quot;&quot;,&quot;orientation&quot;:&quot;0&quot;}\" data-image-title=\"c4356599-a3f7-4cee-83ee-6bfde8d5f53c\" data-image-description=\"\" data-image-caption=\"\" data-medium-file=\"https:\/\/i0.wp.com\/blogdalucianaoliveira.com.br\/blog\/wp-content\/uploads\/2025\/04\/c4356599-a3f7-4cee-83ee-6bfde8d5f53c.jpeg?fit=300%2C169\" data-large-file=\"https:\/\/i0.wp.com\/blogdalucianaoliveira.com.br\/blog\/wp-content\/uploads\/2025\/04\/c4356599-a3f7-4cee-83ee-6bfde8d5f53c.jpeg?fit=600%2C338\" class=\"alignnone size-medium wp-image-36675\" src=\"https:\/\/i0.wp.com\/blogdalucianaoliveira.com.br\/blog\/wp-content\/uploads\/2025\/04\/c4356599-a3f7-4cee-83ee-6bfde8d5f53c.jpeg?resize=300%2C169\" alt=\"\" width=\"300\" height=\"169\" srcset=\"https:\/\/i0.wp.com\/blogdalucianaoliveira.com.br\/blog\/wp-content\/uploads\/2025\/04\/c4356599-a3f7-4cee-83ee-6bfde8d5f53c.jpeg?resize=300%2C169 300w, https:\/\/i0.wp.com\/blogdalucianaoliveira.com.br\/blog\/wp-content\/uploads\/2025\/04\/c4356599-a3f7-4cee-83ee-6bfde8d5f53c.jpeg?resize=1024%2C576 1024w, https:\/\/i0.wp.com\/blogdalucianaoliveira.com.br\/blog\/wp-content\/uploads\/2025\/04\/c4356599-a3f7-4cee-83ee-6bfde8d5f53c.jpeg?resize=768%2C432 768w, https:\/\/i0.wp.com\/blogdalucianaoliveira.com.br\/blog\/wp-content\/uploads\/2025\/04\/c4356599-a3f7-4cee-83ee-6bfde8d5f53c.jpeg?resize=1536%2C864 1536w, https:\/\/i0.wp.com\/blogdalucianaoliveira.com.br\/blog\/wp-content\/uploads\/2025\/04\/c4356599-a3f7-4cee-83ee-6bfde8d5f53c.jpeg?resize=533%2C300 533w, https:\/\/i0.wp.com\/blogdalucianaoliveira.com.br\/blog\/wp-content\/uploads\/2025\/04\/c4356599-a3f7-4cee-83ee-6bfde8d5f53c.jpeg?w=1600 1600w, https:\/\/i0.wp.com\/blogdalucianaoliveira.com.br\/blog\/wp-content\/uploads\/2025\/04\/c4356599-a3f7-4cee-83ee-6bfde8d5f53c.jpeg?w=1200 1200w\" sizes=\"auto, (max-width: 300px) 100vw, 300px\" \/><\/p>\n<p class=\"p1\"><span class=\"s1\">O rio que h\u00e1 menos de seis meses estava assim, com a cota<span class=\"Apple-converted-space\">\u00a0 <\/span>m\u00ednima hist\u00f3rica de 25 cm, atingiu 16 metros em mar\u00e7o.\u00a0<\/span><\/p>\n<p class=\"p1\"><span class=\"s1\">O Madeira, um dos mais importantes afluentes do rio amazonas, invade e isola comunidades ribeirinhas.<\/span><!--more--><\/p>\n<p>Assista, curta, compartilhe e se inscreva no canal.<\/p>\n<p>Veja a reportagem:<\/p>\n<p>&nbsp;<\/p>\n<div class=\"jetpack-video-wrapper\"><iframe loading=\"lazy\" title=\"TRIBUNAL POPULAR CONDENA ESTADO POR AGRAVAR CRISE CLIM\u00c1TICA NA AMAZ\u00d4NIA\" width=\"600\" height=\"338\" src=\"https:\/\/www.youtube.com\/embed\/Lnh-V-0-Ndw?feature=oembed\" frameborder=\"0\" allow=\"accelerometer; autoplay; clipboard-write; encrypted-media; gyroscope; picture-in-picture; web-share\" referrerpolicy=\"strict-origin-when-cross-origin\" allowfullscreen><\/iframe><\/div>\n","protected":false},"excerpt":{"rendered":"<p>O rio que h\u00e1 menos de seis meses estava assim, com a cota\u00a0 m\u00ednima hist\u00f3rica de 25 cm, atingiu 16 metros em mar\u00e7o.\u00a0 O Madeira, um dos mais importantes afluentes do rio amazonas, invade e isola comunidades ribeirinhas.<\/p>\n","protected":false},"author":1,"featured_media":0,"comment_status":"closed","ping_status":"open","sticky":false,"template":"","format":"standard","meta":{"_exactmetrics_skip_tracking":false,"_exactmetrics_sitenote_active":false,"_exactmetrics_sitenote_note":"","_exactmetrics_sitenote_category":0,"jetpack_post_was_ever_published":false,"_jetpack_newsletter_access":"","_jetpack_dont_email_post_to_subs":false,"_jetpack_newsletter_tier_id":0,"_jetpack_memberships_contains_paywalled_content":false,"_jetpack_memberships_contains_paid_content":false,"footnotes":"","jetpack_publicize_message":"","jetpack_publicize_feature_enabled":true,"jetpack_social_post_already_shared":true,"jetpack_social_options":{"image_generator_settings":{"template":"highway","enabled":false},"version":2}},"categories":[1],"tags":[1294,952,818,1283],"class_list":["post-36674","post","type-post","status-publish","format-standard","hentry","category-notas","tag-cheias","tag-crise-climatica","tag-rio-madeira","tag-tribunal-popular"],"jetpack_publicize_connections":[],"jetpack_sharing_enabled":true,"jetpack_featured_media_url":"","jetpack_shortlink":"https:\/\/wp.me\/p7wKYW-9xw","jetpack-related-posts":[],"_links":{"self":[{"href":"http:\/\/blogdalucianaoliveira.com.br\/blog\/wp-json\/wp\/v2\/posts\/36674","targetHints":{"allow":["GET"]}}],"collection":[{"href":"http:\/\/blogdalucianaoliveira.com.br\/blog\/wp-json\/wp\/v2\/posts"}],"about":[{"href":"http:\/\/blogdalucianaoliveira.com.br\/blog\/wp-json\/wp\/v2\/types\/post"}],"author":[{"embeddable":true,"href":"http:\/\/blogdalucianaoliveira.com.br\/blog\/wp-json\/wp\/v2\/users\/1"}],"replies":[{"embeddable":true,"href":"http:\/\/blogdalucianaoliveira.com.br\/blog\/wp-json\/wp\/v2\/comments?post=36674"}],"version-history":[{"count":1,"href":"http:\/\/blogdalucianaoliveira.com.br\/blog\/wp-json\/wp\/v2\/posts\/36674\/revisions"}],"predecessor-version":[{"id":36676,"href":"http:\/\/blogdalucianaoliveira.com.br\/blog\/wp-json\/wp\/v2\/posts\/36674\/revisions\/36676"}],"wp:attachment":[{"href":"http:\/\/blogdalucianaoliveira.com.br\/blog\/wp-json\/wp\/v2\/media?parent=36674"}],"wp:term":[{"taxonomy":"category","embeddable":true,"href":"http:\/\/blogdalucianaoliveira.com.br\/blog\/wp-json\/wp\/v2\/categories?post=36674"},{"taxonomy":"post_tag","embeddable":true,"href":"http:\/\/blogdalucianaoliveira.com.br\/blog\/wp-json\/wp\/v2\/tags?post=36674"}],"curies":[{"name":"wp","href":"https:\/\/api.w.org\/{rel}","templated":true}]}}