{"id":36684,"date":"2025-04-07T09:23:04","date_gmt":"2025-04-07T13:23:04","guid":{"rendered":"https:\/\/blogdalucianaoliveira.com.br\/blog\/?p=36684"},"modified":"2025-04-07T09:23:04","modified_gmt":"2025-04-07T13:23:04","slug":"comeca-em-brasilia-a-21a-edicao-do-acampamento-terra-livre-maior-mobilizacao-indigena-do-brasil","status":"publish","type":"post","link":"http:\/\/blogdalucianaoliveira.com.br\/blog\/2025\/04\/07\/comeca-em-brasilia-a-21a-edicao-do-acampamento-terra-livre-maior-mobilizacao-indigena-do-brasil\/","title":{"rendered":"Come\u00e7a em Bras\u00edlia a 21\u00aa edi\u00e7\u00e3o do Acampamento Terra Livre, maior mobiliza\u00e7\u00e3o ind\u00edgena do Brasil"},"content":{"rendered":"<p><img data-recalc-dims=\"1\" loading=\"lazy\" decoding=\"async\" data-attachment-id=\"36685\" data-permalink=\"http:\/\/blogdalucianaoliveira.com.br\/blog\/2025\/04\/07\/comeca-em-brasilia-a-21a-edicao-do-acampamento-terra-livre-maior-mobilizacao-indigena-do-brasil\/img_0426\/\" data-orig-file=\"https:\/\/i0.wp.com\/blogdalucianaoliveira.com.br\/blog\/wp-content\/uploads\/2025\/04\/IMG_0426.webp?fit=1140%2C815\" data-orig-size=\"1140,815\" data-comments-opened=\"0\" data-image-meta=\"{&quot;aperture&quot;:&quot;0&quot;,&quot;credit&quot;:&quot;&quot;,&quot;camera&quot;:&quot;&quot;,&quot;caption&quot;:&quot;&quot;,&quot;created_timestamp&quot;:&quot;0&quot;,&quot;copyright&quot;:&quot;&quot;,&quot;focal_length&quot;:&quot;0&quot;,&quot;iso&quot;:&quot;0&quot;,&quot;shutter_speed&quot;:&quot;0&quot;,&quot;title&quot;:&quot;&quot;,&quot;orientation&quot;:&quot;0&quot;}\" data-image-title=\"IMG_0426\" data-image-description=\"\" data-image-caption=\"\" data-medium-file=\"https:\/\/i0.wp.com\/blogdalucianaoliveira.com.br\/blog\/wp-content\/uploads\/2025\/04\/IMG_0426.webp?fit=300%2C214\" data-large-file=\"https:\/\/i0.wp.com\/blogdalucianaoliveira.com.br\/blog\/wp-content\/uploads\/2025\/04\/IMG_0426.webp?fit=600%2C429\" class=\"alignnone size-medium wp-image-36685\" src=\"https:\/\/i0.wp.com\/blogdalucianaoliveira.com.br\/blog\/wp-content\/uploads\/2025\/04\/IMG_0426.webp?resize=300%2C214\" alt=\"\" width=\"300\" height=\"214\" srcset=\"https:\/\/i0.wp.com\/blogdalucianaoliveira.com.br\/blog\/wp-content\/uploads\/2025\/04\/IMG_0426.webp?resize=300%2C214 300w, https:\/\/i0.wp.com\/blogdalucianaoliveira.com.br\/blog\/wp-content\/uploads\/2025\/04\/IMG_0426.webp?resize=1024%2C732 1024w, https:\/\/i0.wp.com\/blogdalucianaoliveira.com.br\/blog\/wp-content\/uploads\/2025\/04\/IMG_0426.webp?resize=768%2C549 768w, https:\/\/i0.wp.com\/blogdalucianaoliveira.com.br\/blog\/wp-content\/uploads\/2025\/04\/IMG_0426.webp?resize=420%2C300 420w, https:\/\/i0.wp.com\/blogdalucianaoliveira.com.br\/blog\/wp-content\/uploads\/2025\/04\/IMG_0426.webp?w=1140 1140w\" sizes=\"auto, (max-width: 300px) 100vw, 300px\" \/><\/p>\n<p>Brasil de Fato &#8211; A 21\u00aa edi\u00e7\u00e3o do Acampamento Terra Livre (ATL) come\u00e7a nesta segunda-feira (7), em Bras\u00edlia (DF), e vai at\u00e9 o pr\u00f3ximo s\u00e1bado (12). O tema deste ano, \u201cApib somos todos n\u00f3s \u2013 Em defesa da Constitui\u00e7\u00e3o e da vida\u201d, homenageia o anivers\u00e1rio de 20 anos da <a href=\"https:\/\/www.brasildefato.com.br\/podcast\/bem-viver\/2025\/04\/04\/a-constituicao-esta-sob-ataque-lideranca-indigena-cobra-demarcacoes-e-compromisso-dos-tres-poderes\/\">Articula\u00e7\u00e3o dos Povos Ind\u00edgenas do Brasil (Apib)<\/a>, organizadora da atividade.<!--more--><\/p>\n<p>O maior encontro ind\u00edgena do Brasil vai contar com debates, plen\u00e1rias, atos p\u00fablicos e culturais. J\u00e1 no domingo (6), as delega\u00e7\u00f5es come\u00e7aram a chegar \u00e0 capital federal, vindas de diversas regi\u00f5es do pa\u00eds, que fizeram um ato p\u00fablico no Eix\u00e3o de Bras\u00edlia, divulgando o mote da mobiliza\u00e7\u00e3o deste ano.<\/p>\n<div class=\"jeg_ad jeg_ad_article jnews_content_inline_ads  \">\n<div class=\"ads-wrapper align-center \">\n<div class=\"ads_shortcode\">\n<div class=\"ads-region-container\" data-slot=\"artigos-leaderboard-incontent-1\" data-region=\"br\" data-slot-name=\"artigos-leaderboard-incontent-1-br\" data-agent=\"Mozilla\/5.0 (Windows NT 10.0; Win64; x64) AppleWebKit\/537.36 (KHTML, like Gecko) Chrome\/134.0.0.0 Safari\/537.36\">\n<div id=\"div-gpt-ad-artigos-medium_incontent_1\" class=\"ad-slot\"><\/div>\n<\/div>\n<\/div>\n<\/div>\n<\/div>\n<p>O dia mais aguardado \u00e9 a ter\u00e7a-feira (8), quando os participantes do ATL devem marchar pela Esplanada dos Minist\u00e9rios, com o lema \u201cApib Somos Todos N\u00f3s: Nosso Futuro n\u00e3o est\u00e1 \u00e0 venda!\u201d, culminando com uma sess\u00e3o solene na C\u00e2mara dos Deputados em homenagem aos 21 anos da mobiliza\u00e7\u00e3o ind\u00edgena e os 20 anos da articula\u00e7\u00e3o.<\/p>\n<p>Haver\u00e1 espa\u00e7os para debater os desafios atuais da pauta ind\u00edgena e as novas estrat\u00e9gias de luta diante do contexto de permanente ataque aos direitos dos povos origin\u00e1rios, como a tentativa de concilia\u00e7\u00e3o sobre o <a href=\"https:\/\/www.brasildefato.com.br\/2025\/04\/04\/nao-somente-e-inconstitucional-e-imoral-diz-secretario-do-conselho-indigenista-missionario-sobre-marco-temporal\/\">marco temporal<\/a>, levada adiante pelo ministro do Supremo Tribunal Federal (STF) Gilmar Mendes, considerada \u201cileg\u00edtima\u201d pelos ind\u00edgenas. Esse debate est\u00e1 previsto para a quarta-feira (9).<\/p>\n<div class=\"jeg_ad jeg_ad_article jnews_content_inline_2_ads  \">\n<div class=\"ads-wrapper align-center \">\n<div class=\"ads_shortcode\">\n<div class=\"ads-region-container\" data-slot=\"artigos-leaderboard-incontent-2\" data-region=\"br\" data-slot-name=\"artigos-leaderboard-incontent-2-br\" data-agent=\"Mozilla\/5.0 (Windows NT 10.0; Win64; x64) AppleWebKit\/537.36 (KHTML, like Gecko) Chrome\/134.0.0.0 Safari\/537.36\">\n<div id=\"div-gpt-ad-artigos-medium_incontent_2\" class=\"ad-slot\"><\/div>\n<\/div>\n<\/div>\n<\/div>\n<\/div>\n<p>Tamb\u00e9m haver\u00e1 debates sobre transi\u00e7\u00e3o energ\u00e9tica e a mem\u00f3ria, verdade e justi\u00e7a sobre os crimes cometidos contra as comunidades ind\u00edgenas, al\u00e9m de atividades culturais sempre encerrando cada dia da jornada. Na quinta (10), os ind\u00edgenas se re\u00fanem para o lan\u00e7amento da Comiss\u00e3o Internacional Ind\u00edgena para a <a href=\"https:\/\/www.brasildefato.com.br\/2025\/01\/16\/no-ano-da-cop-30-movimentos-fortalecem-construcao-da-cupula-dos-povos\/\">COP30<\/a>, em Bel\u00e9m, e os principais temas que dever\u00e3o ser levados \u00e0 Confer\u00eancia do Clima da Organiza\u00e7\u00e3o das Na\u00e7\u00f5es Unidas.<\/p>\n<p>A programa\u00e7\u00e3o completa pode ser acessada na <a href=\"https:\/\/apiboficial.org\/atl-2025\/\">p\u00e1gina da oficial Apib<\/a>.<\/p>\n<div class=\"jeg_ad jeg_ad_article jnews_content_inline_3_ads  \">\n<div class=\"ads-wrapper align-center \">\n<div class=\"ads_shortcode\">\n<div class=\"ads-region-container\" data-slot=\"artigos-leaderboard-incontent-3\" data-region=\"br\" data-slot-name=\"artigos-leaderboard-incontent-3-br\" data-agent=\"Mozilla\/5.0 (Windows NT 10.0; Win64; x64) AppleWebKit\/537.36 (KHTML, like Gecko) Chrome\/134.0.0.0 Safari\/537.36\"><\/div>\n<\/div>\n<\/div>\n<\/div>\n<h4 class=\"wp-block-heading\">Marco temporal no centro dos debates<\/h4>\n<p>No centro dos debates, est\u00e1 a situa\u00e7\u00e3o em suspenso da <a href=\"https:\/\/www.planalto.gov.br\/ccivil_03\/_ato2023-2026\/2023\/lei\/l14701.htm\">Lei 14.701<\/a>, a Lei do Marco Temporal, que \u00e9 objeto de diversas a\u00e7\u00f5es no <a href=\"https:\/\/www.brasildefato.com.br\/2025\/04\/02\/uniao-pede-prorrogacao-da-camara-de-conciliacao-do-marco-temporal-por-90-dias\/\">Supremo Tribunal Federal (STF)<\/a>, e sobre a qual, o ministro relator, Gilmar Mendes, determinou a realiza\u00e7\u00e3o de rodadas de concilia\u00e7\u00e3o, que terminaram na \u00faltima quarta-feira (2).<\/p>\n<p>Em agosto de 2024, a <a href=\"https:\/\/www.brasildefato.com.br\/2024\/08\/28\/farsa-e-ataque-a-vida-dos-povos-indigenas-diz-apib-ao-se-retirar-de-mesa-de-conciliacao-no-stf-sobre-marco-temporal\/\">Apib se retirou da C\u00e2mara de Concilia\u00e7\u00e3o<\/a>, denunciando ser uma tentativa de <a href=\"https:\/\/www.brasildefato.com.br\/2024\/08\/28\/farsa-e-ataque-a-vida-dos-povos-indigenas-diz-apib-ao-se-retirar-de-mesa-de-conciliacao-no-stf-sobre-marco-temporal\/\">\u201cconcilia\u00e7\u00e3o for\u00e7ada\u201d<\/a> sobre um tema em n\u00e3o h\u00e1 possibilidade de conciliar. Isso porque o pr\u00f3prio STF j\u00e1 decidiu que a tese do marco temporal, segundo a qual ind\u00edgenas s\u00f3 podem ter demarcadas as terras ocupadas por eles at\u00e9 5 de outubro de 1988, data da promulga\u00e7\u00e3o da Constitui\u00e7\u00e3o Federal. Portanto, os ind\u00edgenas reivindicam a anula\u00e7\u00e3o do processo conciliat\u00f3rio e o julgamento dos embargos de declara\u00e7\u00e3o relativos ao entendimento firmado pelo STF.<\/p>\n<p>Como resultado dessa C\u00e2mara de Concilia\u00e7\u00e3o, foi proposto um Projeto de Lei Complementar para substituir a atual legisla\u00e7\u00e3o. A proposta exclui a tese do marco temporal, mas inova em uma s\u00e9rie de mat\u00e9rias que s\u00e3o consideradas nocivas pelas organiza\u00e7\u00f5es ind\u00edgenas. No \u00faltimo dia de sess\u00f5es, a Apib divulgou nota em que volta a criticar a tentativa de \u201cconcilia\u00e7\u00e3o for\u00e7ada\u201d e lembra que, por ser parte de uma das a\u00e7\u00f5es que tramitam no Supremo contra a lei 14.701, o processo conciliat\u00f3rio \u201cn\u00e3o \u00e9 leg\u00edtimo\u201d.<\/p>\n<p>\u201cO cen\u00e1rio \u00e9 de grave preju\u00edzo aos direitos origin\u00e1rios dos povos ind\u00edgenas, consolidando uma solu\u00e7\u00e3o ileg\u00edtima e contr\u00e1ria \u00e0s garantias constitucionais\u201d, diz o comunicado da Apib.<\/p>\n<p>Em entrevista ao programa <em>Conex\u00e3o BdF<\/em>, do <strong>Brasil de Fato<\/strong>, o secret\u00e1rio-executivo do Conselho Mission\u00e1rio Indigenista (Cimi), Luis Ventura Fernandes, se somou \u00e0 Apib na den\u00fancia da \u201cilegitimidade\u201d da C\u00e2mara de Concilia\u00e7\u00e3o.<\/p>\n<p>\u201cH\u00e1 um manifesto de n\u00e3o consentimento por parte dos povos ind\u00edgenas em rela\u00e7\u00e3o a essa C\u00e2mara de Concilia\u00e7\u00e3o, mas desde o m\u00eas de agosto e at\u00e9 hoje, a C\u00e2mara de Concilia\u00e7\u00e3o continua com suas reuni\u00f5es sem chegar a nenhum consenso, porque n\u00e3o \u00e9 poss\u00edvel conciliar nada\u201d, destacou o indigenista.<\/p>\n<p>Fern\u00e1ndez comentou a proposta de Projeto de Lei Complementar, levada adiante pela C\u00e2mara de Concilia\u00e7\u00e3o, e que prev\u00ea dispositivos que s\u00e3o nocivos aos interesses e aos direitos dos povos ind\u00edgenas. \u201cO que eles est\u00e3o pautando \u00e9 que podem tirar o marco temporal, afastar o marco temporal, mas em troca vem a\u00ed uma s\u00e9rie de retrocessos para os povos ind\u00edgenas extremamente graves. Dentre eles, a quest\u00e3o da indeniza\u00e7\u00e3o pela terra nua para aqueles que ocupavam ilegalmente o territ\u00f3rio. Este \u00e9 um tema extremamente delicado e n\u00e3o tem previs\u00e3o constitucional\u201d, destaca.<\/p>\n<p>A terra nua \u00e9 a parte da terra delimitada sobre a qual n\u00e3o houve nenhuma a\u00e7\u00e3o humana substancial. Nesse caso, o projeto da C\u00e2mara de Concilia\u00e7\u00e3o prev\u00ea a indeniza\u00e7\u00e3o sobre essas terras, sobrepostas a territ\u00f3rios ind\u00edgenas, que muitas vezes, podem ter sido objeto de grilagem. Al\u00e9m disso, esse tipo de indeniza\u00e7\u00e3o pode comprometer o or\u00e7amento p\u00fablico dirigido \u00e0s demarca\u00e7\u00f5es de novas terras ind\u00edgenas. \u201cAs terras ind\u00edgenas s\u00e3o terras p\u00fablicas, n\u00e3o faz sentido o Estado pagar por terras que j\u00e1 s\u00e3o p\u00fablicas\u201d, disse o ativista.<\/p>\n<div class=\"jeg_meta_post_footer\">\n<div>Editado por: Nicolau Soares<\/div>\n<\/div>\n","protected":false},"excerpt":{"rendered":"<p>Brasil de Fato &#8211; A 21\u00aa edi\u00e7\u00e3o do Acampamento Terra Livre (ATL) come\u00e7a nesta segunda-feira (7), em Bras\u00edlia (DF), e vai at\u00e9 o pr\u00f3ximo s\u00e1bado (12). O tema deste ano, \u201cApib somos todos n\u00f3s \u2013 Em defesa da Constitui\u00e7\u00e3o e da vida\u201d, homenageia o anivers\u00e1rio de 20 anos da Articula\u00e7\u00e3o dos Povos Ind\u00edgenas do Brasil&#8230;<a class=\"more-link\" href=\"http:\/\/blogdalucianaoliveira.com.br\/blog\/2025\/04\/07\/comeca-em-brasilia-a-21a-edicao-do-acampamento-terra-livre-maior-mobilizacao-indigena-do-brasil\/\">Continue a leitura <span class=\"meta-nav\">&raquo;<\/span><\/a><\/p>\n","protected":false},"author":1,"featured_media":0,"comment_status":"closed","ping_status":"open","sticky":false,"template":"","format":"standard","meta":{"_exactmetrics_skip_tracking":false,"_exactmetrics_sitenote_active":false,"_exactmetrics_sitenote_note":"","_exactmetrics_sitenote_category":0,"jetpack_post_was_ever_published":false,"_jetpack_newsletter_access":"","_jetpack_dont_email_post_to_subs":false,"_jetpack_newsletter_tier_id":0,"_jetpack_memberships_contains_paywalled_content":false,"_jetpack_memberships_contains_paid_content":false,"footnotes":"","jetpack_publicize_message":"","jetpack_publicize_feature_enabled":true,"jetpack_social_post_already_shared":true,"jetpack_social_options":{"image_generator_settings":{"template":"highway","enabled":false},"version":2}},"categories":[1],"tags":[697,695,624],"class_list":["post-36684","post","type-post","status-publish","format-standard","hentry","category-notas","tag-acampamento","tag-atl","tag-indigena"],"jetpack_publicize_connections":[],"jetpack_sharing_enabled":true,"jetpack_featured_media_url":"","jetpack_shortlink":"https:\/\/wp.me\/p7wKYW-9xG","jetpack-related-posts":[],"_links":{"self":[{"href":"http:\/\/blogdalucianaoliveira.com.br\/blog\/wp-json\/wp\/v2\/posts\/36684","targetHints":{"allow":["GET"]}}],"collection":[{"href":"http:\/\/blogdalucianaoliveira.com.br\/blog\/wp-json\/wp\/v2\/posts"}],"about":[{"href":"http:\/\/blogdalucianaoliveira.com.br\/blog\/wp-json\/wp\/v2\/types\/post"}],"author":[{"embeddable":true,"href":"http:\/\/blogdalucianaoliveira.com.br\/blog\/wp-json\/wp\/v2\/users\/1"}],"replies":[{"embeddable":true,"href":"http:\/\/blogdalucianaoliveira.com.br\/blog\/wp-json\/wp\/v2\/comments?post=36684"}],"version-history":[{"count":1,"href":"http:\/\/blogdalucianaoliveira.com.br\/blog\/wp-json\/wp\/v2\/posts\/36684\/revisions"}],"predecessor-version":[{"id":36686,"href":"http:\/\/blogdalucianaoliveira.com.br\/blog\/wp-json\/wp\/v2\/posts\/36684\/revisions\/36686"}],"wp:attachment":[{"href":"http:\/\/blogdalucianaoliveira.com.br\/blog\/wp-json\/wp\/v2\/media?parent=36684"}],"wp:term":[{"taxonomy":"category","embeddable":true,"href":"http:\/\/blogdalucianaoliveira.com.br\/blog\/wp-json\/wp\/v2\/categories?post=36684"},{"taxonomy":"post_tag","embeddable":true,"href":"http:\/\/blogdalucianaoliveira.com.br\/blog\/wp-json\/wp\/v2\/tags?post=36684"}],"curies":[{"name":"wp","href":"https:\/\/api.w.org\/{rel}","templated":true}]}}