{"id":36691,"date":"2025-04-08T14:42:10","date_gmt":"2025-04-08T18:42:10","guid":{"rendered":"https:\/\/blogdalucianaoliveira.com.br\/blog\/?p=36691"},"modified":"2025-04-08T14:42:10","modified_gmt":"2025-04-08T18:42:10","slug":"65-dos-brasileiros-apoiam-reducao-da-jornada-de-trabalho-aponta-pesquisa-nexus","status":"publish","type":"post","link":"http:\/\/blogdalucianaoliveira.com.br\/blog\/2025\/04\/08\/65-dos-brasileiros-apoiam-reducao-da-jornada-de-trabalho-aponta-pesquisa-nexus\/","title":{"rendered":"65% dos brasileiros apoiam redu\u00e7\u00e3o da jornada de trabalho, aponta pesquisa Nexus"},"content":{"rendered":"<p><img data-recalc-dims=\"1\" loading=\"lazy\" decoding=\"async\" data-attachment-id=\"36692\" data-permalink=\"http:\/\/blogdalucianaoliveira.com.br\/blog\/2025\/04\/08\/65-dos-brasileiros-apoiam-reducao-da-jornada-de-trabalho-aponta-pesquisa-nexus\/img_0523\/\" data-orig-file=\"https:\/\/i0.wp.com\/blogdalucianaoliveira.com.br\/blog\/wp-content\/uploads\/2025\/04\/IMG_0523.webp?fit=463%2C309\" data-orig-size=\"463,309\" data-comments-opened=\"0\" data-image-meta=\"{&quot;aperture&quot;:&quot;0&quot;,&quot;credit&quot;:&quot;&quot;,&quot;camera&quot;:&quot;&quot;,&quot;caption&quot;:&quot;&quot;,&quot;created_timestamp&quot;:&quot;0&quot;,&quot;copyright&quot;:&quot;&quot;,&quot;focal_length&quot;:&quot;0&quot;,&quot;iso&quot;:&quot;0&quot;,&quot;shutter_speed&quot;:&quot;0&quot;,&quot;title&quot;:&quot;&quot;,&quot;orientation&quot;:&quot;0&quot;}\" data-image-title=\"IMG_0523\" data-image-description=\"\" data-image-caption=\"\" data-medium-file=\"https:\/\/i0.wp.com\/blogdalucianaoliveira.com.br\/blog\/wp-content\/uploads\/2025\/04\/IMG_0523.webp?fit=300%2C200\" data-large-file=\"https:\/\/i0.wp.com\/blogdalucianaoliveira.com.br\/blog\/wp-content\/uploads\/2025\/04\/IMG_0523.webp?fit=463%2C309\" class=\"alignnone size-medium wp-image-36692\" src=\"https:\/\/i0.wp.com\/blogdalucianaoliveira.com.br\/blog\/wp-content\/uploads\/2025\/04\/IMG_0523.webp?resize=300%2C200\" alt=\"\" width=\"300\" height=\"200\" srcset=\"https:\/\/i0.wp.com\/blogdalucianaoliveira.com.br\/blog\/wp-content\/uploads\/2025\/04\/IMG_0523.webp?resize=300%2C200 300w, https:\/\/i0.wp.com\/blogdalucianaoliveira.com.br\/blog\/wp-content\/uploads\/2025\/04\/IMG_0523.webp?resize=450%2C300 450w, https:\/\/i0.wp.com\/blogdalucianaoliveira.com.br\/blog\/wp-content\/uploads\/2025\/04\/IMG_0523.webp?w=463 463w\" sizes=\"auto, (max-width: 300px) 100vw, 300px\" \/><\/p>\n<h2 class=\"article__lead\">Levantamento da Nexus mostra que 74% dos nordestinos defendem fim da escala 6&#215;1; Sudeste lidera percep\u00e7\u00e3o de benef\u00edcios na produtividade<\/h2>\n<p><!--more--><\/p>\n<p><b>247 &#8211; <\/b>A proposta de emenda \u00e0 Constitui\u00e7\u00e3o (PEC) que prev\u00ea a redu\u00e7\u00e3o da jornada semanal de trabalho de 44 para 36 horas sem corte de sal\u00e1rio \u2014 conhecida como PEC 6&#215;1 \u2014 encontra respaldo majorit\u00e1rio entre os brasileiros, especialmente nas regi\u00f5es Nordeste e Sudeste. Os dados s\u00e3o de uma pesquisa in\u00e9dita realizada pela Nexus &#8211; Pesquisa e Intelig\u00eancia de Dados, vinculada \u00e0 FSB Holding.<\/p>\n<p>De acordo com o levantamento, 74% dos nordestinos apoiam a <a href=\"https:\/\/www.brasil247.com\/search?term=6x1\">proposta que p\u00f5e fim<\/a> \u00e0 escala 6&#215;1, ou seja, seis dias de trabalho seguidos por apenas um de descanso. O \u00edndice \u00e9 o mais elevado entre todas as regi\u00f5es do pa\u00eds. Em segundo lugar aparece o Sudeste, com 66% de apoio. No geral, o apoio nacional \u00e0 medida atinge 65%, enquanto 27% se posicionam contra.<\/p>\n<div id=\"notsy_container_245837785\" class=\"B24_VIDEO  marginBottom30 marginTop30\" data-notsy-container-index=\"1\" data-notsy-mapped-container=\"1\"><\/div>\n<p>A PEC 6&#215;1 foi apresentada pela deputada <a href=\"https:\/\/www.brasil247.com\/search?term=Erika+Hilton\">Erika Hilton<\/a> (PSOL-SP) no fim de 2024 e protocolada oficialmente em 25 de mar\u00e7o deste ano. A parlamentar declarou que busca um relator fora do espectro da esquerda para ampliar a ades\u00e3o parlamentar \u00e0 proposta.<\/p>\n<p><b>Sul e Centro-Oeste mostram maior resist\u00eancia<\/b><\/p>\n<div class=\"contentAd contentAd--noBackground marginBottom30\">\n<div class=\"marginTop10 adBackground\">\n<div class=\"ad marginBottom30 ad--center minHeight250\">\n<div id=\"b247-multipage-standard-3\" data-google-query-id=\"CNXWrtmKyYwDFVlZuAQd4BsoxQ\">\n<p>Entre as regi\u00f5es menos favor\u00e1veis \u00e0 mudan\u00e7a, o Sul se destaca com apenas 56% de apoio, seguido de perto pelo Centro-Oeste (57%). A resist\u00eancia \u00e9 percept\u00edvel tamb\u00e9m quando se analisa o impacto econ\u00f4mico previsto da proposta: enquanto o Nordeste (42%), Sudeste (43%) e Norte (34%) enxergam benef\u00edcios para o desenvolvimento do pa\u00eds, o Sul e o Centro-Oeste concentram as opini\u00f5es mais pessimistas. Em ambas as regi\u00f5es, 35% acreditam que a redu\u00e7\u00e3o da jornada traria preju\u00edzos econ\u00f4micos.<\/p>\n<p><b>Qualidade de vida e produtividade impulsionam aprova\u00e7\u00e3o<\/b><\/p>\n<p>A principal raz\u00e3o apontada pelos brasileiros para apoiar a proposta est\u00e1 relacionada \u00e0 qualidade de vida: 65% dos entrevistados acreditam que uma jornada reduzida traria ganhos nesse aspecto. O <a href=\"https:\/\/www.brasil247.com\/search?term=Sudeste+\">Sudeste <\/a>se destaca com 71% nesse quesito, acima da m\u00e9dia nacional. O Centro-Oeste, por outro lado, \u00e9 o que menos percebe esse benef\u00edcio (56%) e \u00e9 tamb\u00e9m onde se concentra o maior percentual que acredita em preju\u00edzos (22%).<\/p>\n<p>No que diz respeito \u00e0 produtividade, o Sudeste novamente lidera com 59% dos entrevistados afirmando que uma carga hor\u00e1ria menor melhoraria o desempenho no trabalho. O Nordeste aparece em seguida, com 56%, ambos acima da m\u00e9dia nacional de 55%. Todas as regi\u00f5es registraram mais otimismo do que pessimismo nesse aspecto, embora com menor intensidade no Norte (48%), Centro-Oeste (49%) e Sul (50%).<\/p>\n<h3>Uso do dia extra de folga revela prioridades regionais<\/h3>\n<p>A pesquisa tamb\u00e9m investigou como os brasileiros utilizariam o tempo adicional de descanso. Em todas as regi\u00f5es, o conv\u00edvio familiar aparece como a principal prioridade: 49% no Nordeste, 47% no Sudeste e Sul, e 46% no Norte e Centro-Oeste mencionaram passar mais tempo com a fam\u00edlia.<\/p>\n<p>Na sequ\u00eancia, os usos variam de acordo com a regi\u00e3o. No Nordeste, 31% usariam o tempo para cuidar da sa\u00fade. J\u00e1 no Sul (27%) e no Norte (23%), o foco seria uma renda extra. A qualifica\u00e7\u00e3o profissional tamb\u00e9m aparece com destaque no Centro-Oeste (19%) e no Sudeste (18%).<\/p>\n<h3>Metodologia e abrang\u00eancia<\/h3>\n<p>A pesquisa \u201cOs brasileiros e a jornada de trabalho\u201d foi realizada entre os dias 10 e 15 de janeiro, com 2.000 entrevistas presenciais em todas as 27 unidades da Federa\u00e7\u00e3o, com margem de erro de 2 pontos percentuais e intervalo de confian\u00e7a de 95%.<\/p>\n<\/div>\n<\/div>\n<\/div>\n<\/div>\n","protected":false},"excerpt":{"rendered":"<p>Levantamento da Nexus mostra que 74% dos nordestinos defendem fim da escala 6&#215;1; Sudeste lidera percep\u00e7\u00e3o de benef\u00edcios na produtividade<\/p>\n","protected":false},"author":1,"featured_media":0,"comment_status":"closed","ping_status":"open","sticky":false,"template":"","format":"standard","meta":{"_exactmetrics_skip_tracking":false,"_exactmetrics_sitenote_active":false,"_exactmetrics_sitenote_note":"","_exactmetrics_sitenote_category":0,"jetpack_post_was_ever_published":false,"_jetpack_newsletter_access":"","_jetpack_dont_email_post_to_subs":false,"_jetpack_newsletter_tier_id":0,"_jetpack_memberships_contains_paywalled_content":false,"_jetpack_memberships_contains_paid_content":false,"footnotes":"","jetpack_publicize_message":"","jetpack_publicize_feature_enabled":true,"jetpack_social_post_already_shared":true,"jetpack_social_options":{"image_generator_settings":{"template":"highway","enabled":false},"version":2}},"categories":[1],"tags":[1183,1187,330,1184],"class_list":["post-36691","post","type-post","status-publish","format-standard","hentry","category-notas","tag-6x1","tag-jornada","tag-reducao","tag-trabalho"],"jetpack_publicize_connections":[],"jetpack_sharing_enabled":true,"jetpack_featured_media_url":"","jetpack_shortlink":"https:\/\/wp.me\/p7wKYW-9xN","jetpack-related-posts":[],"_links":{"self":[{"href":"http:\/\/blogdalucianaoliveira.com.br\/blog\/wp-json\/wp\/v2\/posts\/36691","targetHints":{"allow":["GET"]}}],"collection":[{"href":"http:\/\/blogdalucianaoliveira.com.br\/blog\/wp-json\/wp\/v2\/posts"}],"about":[{"href":"http:\/\/blogdalucianaoliveira.com.br\/blog\/wp-json\/wp\/v2\/types\/post"}],"author":[{"embeddable":true,"href":"http:\/\/blogdalucianaoliveira.com.br\/blog\/wp-json\/wp\/v2\/users\/1"}],"replies":[{"embeddable":true,"href":"http:\/\/blogdalucianaoliveira.com.br\/blog\/wp-json\/wp\/v2\/comments?post=36691"}],"version-history":[{"count":1,"href":"http:\/\/blogdalucianaoliveira.com.br\/blog\/wp-json\/wp\/v2\/posts\/36691\/revisions"}],"predecessor-version":[{"id":36693,"href":"http:\/\/blogdalucianaoliveira.com.br\/blog\/wp-json\/wp\/v2\/posts\/36691\/revisions\/36693"}],"wp:attachment":[{"href":"http:\/\/blogdalucianaoliveira.com.br\/blog\/wp-json\/wp\/v2\/media?parent=36691"}],"wp:term":[{"taxonomy":"category","embeddable":true,"href":"http:\/\/blogdalucianaoliveira.com.br\/blog\/wp-json\/wp\/v2\/categories?post=36691"},{"taxonomy":"post_tag","embeddable":true,"href":"http:\/\/blogdalucianaoliveira.com.br\/blog\/wp-json\/wp\/v2\/tags?post=36691"}],"curies":[{"name":"wp","href":"https:\/\/api.w.org\/{rel}","templated":true}]}}