{"id":36694,"date":"2025-04-09T07:37:48","date_gmt":"2025-04-09T11:37:48","guid":{"rendered":"https:\/\/blogdalucianaoliveira.com.br\/blog\/?p=36694"},"modified":"2025-04-09T07:37:48","modified_gmt":"2025-04-09T11:37:48","slug":"crise-climatica-pode-provocar-nova-extincao-em-massa-diz-pesquisador","status":"publish","type":"post","link":"http:\/\/blogdalucianaoliveira.com.br\/blog\/2025\/04\/09\/crise-climatica-pode-provocar-nova-extincao-em-massa-diz-pesquisador\/","title":{"rendered":"Crise clim\u00e1tica pode provocar nova extin\u00e7\u00e3o em massa, diz pesquisador"},"content":{"rendered":"<p><img data-recalc-dims=\"1\" loading=\"lazy\" decoding=\"async\" data-attachment-id=\"36695\" data-permalink=\"http:\/\/blogdalucianaoliveira.com.br\/blog\/2025\/04\/09\/crise-climatica-pode-provocar-nova-extincao-em-massa-diz-pesquisador\/img_0531\/\" data-orig-file=\"https:\/\/i0.wp.com\/blogdalucianaoliveira.com.br\/blog\/wp-content\/uploads\/2025\/04\/IMG_0531.webp?fit=1170%2C700\" data-orig-size=\"1170,700\" data-comments-opened=\"0\" data-image-meta=\"{&quot;aperture&quot;:&quot;0&quot;,&quot;credit&quot;:&quot;&quot;,&quot;camera&quot;:&quot;&quot;,&quot;caption&quot;:&quot;&quot;,&quot;created_timestamp&quot;:&quot;0&quot;,&quot;copyright&quot;:&quot;&quot;,&quot;focal_length&quot;:&quot;0&quot;,&quot;iso&quot;:&quot;0&quot;,&quot;shutter_speed&quot;:&quot;0&quot;,&quot;title&quot;:&quot;&quot;,&quot;orientation&quot;:&quot;0&quot;}\" data-image-title=\"IMG_0531\" data-image-description=\"\" data-image-caption=\"\" data-medium-file=\"https:\/\/i0.wp.com\/blogdalucianaoliveira.com.br\/blog\/wp-content\/uploads\/2025\/04\/IMG_0531.webp?fit=300%2C179\" data-large-file=\"https:\/\/i0.wp.com\/blogdalucianaoliveira.com.br\/blog\/wp-content\/uploads\/2025\/04\/IMG_0531.webp?fit=600%2C359\" class=\"alignnone size-medium wp-image-36695\" src=\"https:\/\/i0.wp.com\/blogdalucianaoliveira.com.br\/blog\/wp-content\/uploads\/2025\/04\/IMG_0531.webp?resize=300%2C179\" alt=\"\" width=\"300\" height=\"179\" srcset=\"https:\/\/i0.wp.com\/blogdalucianaoliveira.com.br\/blog\/wp-content\/uploads\/2025\/04\/IMG_0531.webp?resize=300%2C179 300w, https:\/\/i0.wp.com\/blogdalucianaoliveira.com.br\/blog\/wp-content\/uploads\/2025\/04\/IMG_0531.webp?resize=1024%2C613 1024w, https:\/\/i0.wp.com\/blogdalucianaoliveira.com.br\/blog\/wp-content\/uploads\/2025\/04\/IMG_0531.webp?resize=768%2C459 768w, https:\/\/i0.wp.com\/blogdalucianaoliveira.com.br\/blog\/wp-content\/uploads\/2025\/04\/IMG_0531.webp?resize=501%2C300 501w, https:\/\/i0.wp.com\/blogdalucianaoliveira.com.br\/blog\/wp-content\/uploads\/2025\/04\/IMG_0531.webp?w=1170 1170w\" sizes=\"auto, (max-width: 300px) 100vw, 300px\" \/><\/p>\n<p><strong>EBC &#8211; Se a humanidade n\u00e3o conseguir reverter os efeitos das mudan\u00e7as clim\u00e1ticas, a Terra pode sofrer uma extin\u00e7\u00e3o em massa, semelhante \u00e0 do Per\u00edodo Permiano (entre 299 e 251 milh\u00f5es de anos atr\u00e1s), quando cerca de 90% das esp\u00e9cies n\u00e3o conseguiram sobreviver \u00e0s condi\u00e7\u00f5es dr\u00e1sticas<\/strong>.<!--more--><\/p>\n<p>O alerta \u00e9 do pesquisador Hugh Montgomery, diretor do Centro de Sa\u00fade e Desempenho Humano da <em>University College London<\/em>, na Inglaterra, e um dos autores do relat\u00f3rio de 2024 sobre sa\u00fade e mudan\u00e7as clim\u00e1ticas da publica\u00e7\u00e3o cient\u00edfica <em>The Lance<\/em>t.<img data-recalc-dims=\"1\" decoding=\"async\" src=\"https:\/\/i0.wp.com\/agenciabrasil.ebc.com.br\/ebc.png?w=600&#038;ssl=1\" \/><img data-recalc-dims=\"1\" decoding=\"async\" src=\"https:\/\/i0.wp.com\/agenciabrasil.ebc.com.br\/ebc.gif?w=600&#038;ssl=1\" \/><\/p>\n<p>O estudioso\u00a0abriu a programa\u00e7\u00e3o do <em>Forecasting Healthy Futures Global Summit<\/em>, evento internacional sobre sa\u00fade e clima, que\u00a0come\u00e7ou nesta ter\u00e7a-feira (8) no Rio de Janeiro. O Brasil foi escolhido para sediar a confer\u00eancia porque vai receber a 30\u00aa Confer\u00eancia das Na\u00e7\u00f5es Unidas sobre Mudan\u00e7as Clim\u00e1ticas (<a href=\"https:\/\/agenciabrasil.ebc.com.br\/tags\/cop-30\" target=\"_blank\" rel=\"noopener\">COP 30<\/a>), em novembro.<\/p>\n<p>Montgomery ressaltou que essa extin\u00e7\u00e3o j\u00e1 vem ocorrendo \u2500 &#8220;a maior e mais r\u00e1pida que o planeta j\u00e1 viu, e somos n\u00f3s que estamos causando isso&#8221;, frisou. Entretanto,\u00a0<strong>a morte de esp\u00e9cies pode chegar a n\u00edveis catastr\u00f3ficos se o aumento da temperatura m\u00e9dia global chegar a 3 graus Celsius (\u00baC) acima dos n\u00edveis pr\u00e9-industriais<\/strong>. Em 2024, alcan\u00e7amos um aumento recorde de 1,5\u00ba C, e cientistas estimam que se as a\u00e7\u00f5es atuais foram mantidas, especialmente no que se refere a emiss\u00e3o de gases do efeito estufa, esse aumento deve chegar a 2,7\u202f\u00b0C at\u00e9 2100.<\/p>\n<blockquote><p>&#8220;Se continuarmos golpeando a base dessa coluna inst\u00e1vel sobre a qual estamos apoiados, a pr\u00f3pria esp\u00e9cie humana estar\u00e1 amea\u00e7ada. No ano passado, emitimos 54,6 bilh\u00f5es de toneladas de CO\u2082 equivalente na atmosfera \u2014 um aumento de quase 1% em rela\u00e7\u00e3o ao ano anterior. A concentra\u00e7\u00e3o atmosf\u00e9rica de CO\u2082 n\u00e3o s\u00f3 est\u00e1 aumentando, como est\u00e1 aumentando de forma cada vez mais acentuada&#8221;, explicou o especialista.<\/p><\/blockquote>\n<p>E, de acordo com Montgomery, outras consequ\u00eancias dr\u00e1sticas poder\u00e3o afetar a Terra bem antes disso. &#8220;<strong>Se alcan\u00e7armos, mesmo que temporariamente, um aumento entre 1,7\u202f\u00b0C e 2,3\u202f\u00b0C, teremos um colapso abrupto das camadas de gelo do \u00c1rtico<\/strong>. Sabemos que isso tamb\u00e9m vai causar uma desacelera\u00e7\u00e3o significativa da Circula\u00e7\u00e3o Meridional do Atl\u00e2ntico, da qual depende o nosso clima, nos pr\u00f3ximos 20 ou 30 anos, provocando uma eleva\u00e7\u00e3o do n\u00edvel do mar em v\u00e1rios metros, com consequ\u00eancias catastr\u00f3ficas&#8221;.<\/p>\n<p>Ele chama aten\u00e7\u00e3o para outras causas do aquecimento global, como a emiss\u00e3o de metano, g\u00e1s com potencial danoso 83 vezes maior do que o di\u00f3xido de carbono, liberado principalmente durante a explora\u00e7\u00e3o de g\u00e1s natural. O cientista ingl\u00eas tamb\u00e9m argumentou que a\u00e7\u00f5es imediatas de despolui\u00e7\u00e3o s\u00e3o essenciais para a pr\u00f3pria economia mundial, que, prev\u00ea ele, deve reduzir em 20% ao ano, ou 38 trilh\u00f5es de d\u00f3lares, a partir de 2049, por causa dos efeitos das mudan\u00e7as clim\u00e1ticas.<\/p>\n<p>Hugh Montegomery avalia que \u00e9 importante pensar em medidas de adapta\u00e7\u00e3o a mudan\u00e7as no clima, porque elas j\u00e1 est\u00e3o afetando a sa\u00fade da popula\u00e7\u00e3o hoje, &#8220;mas isso n\u00e3o pode ser feito em detrimento de uma redu\u00e7\u00e3o dr\u00e1stica e imediata nas emiss\u00f5es, porque n\u00e3o faz sentido focar apenas no al\u00edvio dos sintomas quando dever\u00edamos estar buscando a cura&#8221;.<\/p>\n<div class=\"noticias-relacionadas rel-position rowflex\"><\/div>\n","protected":false},"excerpt":{"rendered":"<p>EBC &#8211; Se a humanidade n\u00e3o conseguir reverter os efeitos das mudan\u00e7as clim\u00e1ticas, a Terra pode sofrer uma extin\u00e7\u00e3o em massa, semelhante \u00e0 do Per\u00edodo Permiano (entre 299 e 251 milh\u00f5es de anos atr\u00e1s), quando cerca de 90% das esp\u00e9cies n\u00e3o conseguiram sobreviver \u00e0s condi\u00e7\u00f5es dr\u00e1sticas.<\/p>\n","protected":false},"author":1,"featured_media":0,"comment_status":"closed","ping_status":"open","sticky":false,"template":"","format":"standard","meta":{"_exactmetrics_skip_tracking":false,"_exactmetrics_sitenote_active":false,"_exactmetrics_sitenote_note":"","_exactmetrics_sitenote_category":0,"jetpack_post_was_ever_published":false,"_jetpack_newsletter_access":"","_jetpack_dont_email_post_to_subs":false,"_jetpack_newsletter_tier_id":0,"_jetpack_memberships_contains_paywalled_content":false,"_jetpack_memberships_contains_paid_content":false,"footnotes":"","jetpack_publicize_message":"","jetpack_publicize_feature_enabled":true,"jetpack_social_post_already_shared":true,"jetpack_social_options":{"image_generator_settings":{"template":"highway","enabled":false},"version":2}},"categories":[1],"tags":[],"class_list":["post-36694","post","type-post","status-publish","format-standard","hentry","category-notas"],"jetpack_publicize_connections":[],"jetpack_sharing_enabled":true,"jetpack_featured_media_url":"","jetpack_shortlink":"https:\/\/wp.me\/p7wKYW-9xQ","jetpack-related-posts":[],"_links":{"self":[{"href":"http:\/\/blogdalucianaoliveira.com.br\/blog\/wp-json\/wp\/v2\/posts\/36694","targetHints":{"allow":["GET"]}}],"collection":[{"href":"http:\/\/blogdalucianaoliveira.com.br\/blog\/wp-json\/wp\/v2\/posts"}],"about":[{"href":"http:\/\/blogdalucianaoliveira.com.br\/blog\/wp-json\/wp\/v2\/types\/post"}],"author":[{"embeddable":true,"href":"http:\/\/blogdalucianaoliveira.com.br\/blog\/wp-json\/wp\/v2\/users\/1"}],"replies":[{"embeddable":true,"href":"http:\/\/blogdalucianaoliveira.com.br\/blog\/wp-json\/wp\/v2\/comments?post=36694"}],"version-history":[{"count":1,"href":"http:\/\/blogdalucianaoliveira.com.br\/blog\/wp-json\/wp\/v2\/posts\/36694\/revisions"}],"predecessor-version":[{"id":36696,"href":"http:\/\/blogdalucianaoliveira.com.br\/blog\/wp-json\/wp\/v2\/posts\/36694\/revisions\/36696"}],"wp:attachment":[{"href":"http:\/\/blogdalucianaoliveira.com.br\/blog\/wp-json\/wp\/v2\/media?parent=36694"}],"wp:term":[{"taxonomy":"category","embeddable":true,"href":"http:\/\/blogdalucianaoliveira.com.br\/blog\/wp-json\/wp\/v2\/categories?post=36694"},{"taxonomy":"post_tag","embeddable":true,"href":"http:\/\/blogdalucianaoliveira.com.br\/blog\/wp-json\/wp\/v2\/tags?post=36694"}],"curies":[{"name":"wp","href":"https:\/\/api.w.org\/{rel}","templated":true}]}}