{"id":36697,"date":"2025-04-09T07:43:55","date_gmt":"2025-04-09T11:43:55","guid":{"rendered":"https:\/\/blogdalucianaoliveira.com.br\/blog\/?p=36697"},"modified":"2025-04-09T07:43:55","modified_gmt":"2025-04-09T11:43:55","slug":"bilionarios-revoltados-inclusive-musk-colocam-trump-contra-a-parede","status":"publish","type":"post","link":"http:\/\/blogdalucianaoliveira.com.br\/blog\/2025\/04\/09\/bilionarios-revoltados-inclusive-musk-colocam-trump-contra-a-parede\/","title":{"rendered":"Bilion\u00e1rios revoltados, inclusive Musk, colocam Trump contra a parede"},"content":{"rendered":"<p><img data-recalc-dims=\"1\" loading=\"lazy\" decoding=\"async\" data-attachment-id=\"36698\" data-permalink=\"http:\/\/blogdalucianaoliveira.com.br\/blog\/2025\/04\/09\/bilionarios-revoltados-inclusive-musk-colocam-trump-contra-a-parede\/img_0532\/\" data-orig-file=\"https:\/\/i0.wp.com\/blogdalucianaoliveira.com.br\/blog\/wp-content\/uploads\/2025\/04\/IMG_0532.webp?fit=425%2C230\" data-orig-size=\"425,230\" data-comments-opened=\"0\" data-image-meta=\"{&quot;aperture&quot;:&quot;0&quot;,&quot;credit&quot;:&quot;&quot;,&quot;camera&quot;:&quot;&quot;,&quot;caption&quot;:&quot;&quot;,&quot;created_timestamp&quot;:&quot;0&quot;,&quot;copyright&quot;:&quot;&quot;,&quot;focal_length&quot;:&quot;0&quot;,&quot;iso&quot;:&quot;0&quot;,&quot;shutter_speed&quot;:&quot;0&quot;,&quot;title&quot;:&quot;&quot;,&quot;orientation&quot;:&quot;0&quot;}\" data-image-title=\"IMG_0532\" data-image-description=\"\" data-image-caption=\"\" data-medium-file=\"https:\/\/i0.wp.com\/blogdalucianaoliveira.com.br\/blog\/wp-content\/uploads\/2025\/04\/IMG_0532.webp?fit=300%2C162\" data-large-file=\"https:\/\/i0.wp.com\/blogdalucianaoliveira.com.br\/blog\/wp-content\/uploads\/2025\/04\/IMG_0532.webp?fit=425%2C230\" class=\"alignnone size-medium wp-image-36698\" src=\"https:\/\/i0.wp.com\/blogdalucianaoliveira.com.br\/blog\/wp-content\/uploads\/2025\/04\/IMG_0532.webp?resize=300%2C162\" alt=\"\" width=\"300\" height=\"162\" srcset=\"https:\/\/i0.wp.com\/blogdalucianaoliveira.com.br\/blog\/wp-content\/uploads\/2025\/04\/IMG_0532.webp?resize=300%2C162 300w, https:\/\/i0.wp.com\/blogdalucianaoliveira.com.br\/blog\/wp-content\/uploads\/2025\/04\/IMG_0532.webp?w=425 425w\" sizes=\"auto, (max-width: 300px) 100vw, 300px\" \/><\/p>\n<p>Revista F\u00f3rum &#8211; Horas antes de entrarem em vigor tarifas de ao menos 10% sobre a grande maioria dos parceiros comerciais dos Estados Unidos &#8212; no caso da China, 104% &#8212; bilion\u00e1rios em polvorosa passaram a pressionar e em alguns casos atacar integrantes do governo Trump nos bastidores, nas redes sociais e em p\u00fablico.<!--more--><\/p>\n<p>Dentre eles, o homem mais rico do mundo, Elon Musk, que voltou a se referir ao principal assessor de Donald Trump para assuntos comerciais, Peter Navarro, como &#8220;mais burro que um saco de tijolos&#8221;. Posteriormente, Musk se desculpou com os tijolos.<\/p>\n<p>Navarro, em entrevista, havia alfinetado Musk por conta de os carros da Tesla terem conte\u00fado produzido na China, Jap\u00e3o e Taiwan.<\/p>\n<p>Influente assessor de Trump no chamado Departamento de Efici\u00eancia Governamental (&#8220;newspeak&#8221; para desmantelar o governo), Musk parece frustrado com o fato de que as a\u00e7\u00f5es da Tesla, uma de suas principais empresas, perderam 45% do valor desde o in\u00edcio do ano. Em dinheiro, isso significa o equivalente a R$ 3,5 trilh\u00f5es.<\/p>\n<div class=\"content-banner\">\n<div class=\"amp-hidden\"><\/div>\n<p><iframe loading=\"lazy\" class=\"i-amphtml-fill-content\" title=\"Advertisement\" src=\"https:\/\/d-2269014151552160574.ampproject.net\/2502242315000\/frame.html\" name=\"{&quot;host&quot;:&quot;d-2269014151552160574.ampproject.net&quot;,&quot;bootstrap&quot;:&quot;https:\/\/3p.ampproject.net\/2502242315000\/vendor\/teads.mjs&quot;,&quot;type&quot;:&quot;teads&quot;,&quot;count&quot;:1,&quot;attributes&quot;:{&quot;pid&quot;:&quot;105492&quot;,&quot;ampSlotIndex&quot;:&quot;4&quot;,&quot;blockOnConsent&quot;:&quot;default&quot;,&quot;width&quot;:300,&quot;height&quot;:1,&quot;_context&quot;:{&quot;ampcontextVersion&quot;:&quot;2502242315000&quot;,&quot;ampcontextFilepath&quot;:&quot;https:\/\/3p.ampproject.net\/2502242315000\/ampcontext-v0.js&quot;,&quot;sourceUrl&quot;:&quot;https:\/\/revistaforum.com.br\/global\/2025\/4\/8\/bilionarios-revoltados-inclusive-musk-colocam-trump-contra-parede-177116.html&quot;,&quot;referrer&quot;:&quot;https:\/\/revistaforum.com.br\/&quot;,&quot;canonicalUrl&quot;:&quot;https:\/\/revistaforum.com.br\/global\/2025\/4\/8\/bilionarios-revoltados-inclusive-musk-colocam-trump-contra-parede-177116.html&quot;,&quot;pageViewId&quot;:&quot;982&quot;,&quot;location&quot;:{&quot;href&quot;:&quot;https:\/\/revistaforum.com.br\/global\/2025\/4\/8\/bilionarios-revoltados-inclusive-musk-colocam-trump-contra-parede-177116.html&quot;},&quot;startTime&quot;:1744198790724,&quot;tagName&quot;:&quot;AMP-AD&quot;,&quot;mode&quot;:{&quot;localDev&quot;:false,&quot;development&quot;:false,&quot;esm&quot;:true,&quot;test&quot;:false,&quot;rtvVersion&quot;:&quot;012502242315000&quot;},&quot;canary&quot;:false,&quot;hidden&quot;:false,&quot;initialLayoutRect&quot;:{&quot;left&quot;:0,&quot;top&quot;:2607,&quot;width&quot;:390,&quot;height&quot;:1},&quot;domFingerprint&quot;:&quot;2382742823&quot;,&quot;experimentToggles&quot;:{&quot;canary&quot;:false,&quot;a4aProfilingRate&quot;:false,&quot;doubleclickSraExp&quot;:false,&quot;doubleclickSraReportExcludedBlock&quot;:false,&quot;flexAdSlots&quot;:false,&quot;flexible-bitrate&quot;:false,&quot;ios-fixed-no-transfer&quot;:false,&quot;story-ad-placements&quot;:false,&quot;story-disable-animations-first-page&quot;:true,&quot;story-load-inactive-outside-viewport&quot;:true,&quot;amp-sticky-ad-to-amp-ad-v4&quot;:false,&quot;story-video-cache-apply-audio&quot;:false,&quot;amp-story-subscriptions&quot;:true,&quot;interaction-to-next-paint&quot;:true,&quot;esm&quot;:true,&quot;amp-story-first-page-max-bitrate&quot;:false,&quot;story-load-first-page-only&quot;:true,&quot;story-ad-page-outlink&quot;:false,&quot;amp-geo-ssr&quot;:true,&quot;story-remote-localization&quot;:true,&quot;attribution-reporting&quot;:false},&quot;sentinel&quot;:&quot;0-19544306014249942287&quot;,&quot;clientId&quot;:null,&quot;container&quot;:null,&quot;initialConsentState&quot;:3,&quot;consentSharedData&quot;:null,&quot;pageViewId64&quot;:&quot;-r8-7XPP1HGUWt2maI_06A&quot;,&quot;initialIntersection&quot;:{&quot;time&quot;:7900,&quot;rootBounds&quot;:{&quot;left&quot;:0,&quot;top&quot;:0,&quot;width&quot;:390,&quot;height&quot;:745,&quot;bottom&quot;:745,&quot;right&quot;:390,&quot;x&quot;:0,&quot;y&quot;:0},&quot;boundingClientRect&quot;:{&quot;left&quot;:0,&quot;top&quot;:2163,&quot;width&quot;:390,&quot;height&quot;:1,&quot;bottom&quot;:2164,&quot;right&quot;:390,&quot;x&quot;:0,&quot;y&quot;:2163},&quot;intersectionRect&quot;:{&quot;left&quot;:0,&quot;top&quot;:0,&quot;width&quot;:0,&quot;height&quot;:0,&quot;bottom&quot;:0,&quot;right&quot;:0,&quot;x&quot;:0,&quot;y&quot;:0},&quot;intersectionRatio&quot;:0}},&quot;type&quot;:&quot;teads&quot;}}\" width=\"300\" height=\"1\" scrolling=\"no\" sandbox=\"allow-top-navigation-by-user-activation allow-popups-to-escape-sandbox allow-forms allow-modals allow-pointer-lock allow-popups allow-same-origin allow-scripts\" data-amp-3p-sentinel=\"0-19544306014249942287\" data-mce-fragment=\"1\"><\/iframe><\/div>\n<p>Depois de um dia que come\u00e7ou relativamente calmo, com as\u00a0bolsas dos Estados Unidos em alta, o mercado azedou de novo. Os \u00edndices futuros indicam que a quarta-feira, 9, pode ser outro dia de grandes perdas.<\/p>\n<h2><strong>Apple perdeu U$ 640 bi em 3 dias<\/strong><\/h2>\n<p>As a\u00e7\u00f5es da Apple perderam quase 20% do valor em apenas tr\u00eas dias, o que seria equivalente a U$ 640 bilh\u00f5es em valor de mercado. A empresa estadunidense tem uma importante presen\u00e7a no mercado chin\u00eas.<\/p>\n<p>O todo poderoso banqueiro Jamie Dimon, do\u00a0JPMorgan Chase, chegou a se reunir com integrantes do governo para dissuad\u00ed-los de uma guerra comercial.<\/p>\n<p>Num raro exemplo de discord\u00e2ncia p\u00fablica, o financista\u00a0William A. Ackman escreveu que &#8220;a economia global est\u00e1 sendo derrubada por causa de matem\u00e1tica ruim&#8221;.<\/p>\n<p>Apoiadores de Trump demonstram grande medo de se manifestar contra o presidente, por causa do esp\u00edrito vingativo do ocupante da Casa Branca.<\/p>\n<p>A matem\u00e1tica ruim a que se refere Ackman vem dos c\u00e1lculos do pr\u00f3prio Trump, que afirma que com a imposi\u00e7\u00e3o de tarifas os cofres do Tesouro ficar\u00e3o cheios.<\/p>\n<p>O presidente, que sempre usou o mercado financeiro como term\u00f4metro, agora diz que a crise \u00e9 passageira.<\/p>\n<p>\u00c9 quase consenso nos EUA que as tarifas causar\u00e3o infla\u00e7\u00e3o, desemprego e recess\u00e3o, pois ser\u00e3o bancadas pelos importadores do pa\u00eds e possivelmente repassadas aos consumidores.<\/p>\n<h2><strong>Resposta da China pegou a Casa Branca de surpresa<\/strong><\/h2>\n<p>Assessores de Donald Trump aparentemente foram pegos de surpresa pela resposta da China, que disse estar pronta para enfrentar uma guerra comercial.<\/p>\n<p>O Minist\u00e9rio do Com\u00e9rcio chin\u00eas, em nota, deu a posi\u00e7\u00e3o oficial:<\/p>\n<blockquote><p>A amea\u00e7a de escalada tarif\u00e1ria dos EUA contra a China agrava seu erro e exp\u00f5e ainda mais sua natureza de chantagem, que a China nunca aceitar\u00e1. A China lutar\u00e1 at\u00e9 o fim se os EUA estiverem determinados a seguir o caminho errado.<\/p><\/blockquote>\n<p>O governo de Xi Jinping tomou uma s\u00e9rie de medidas para estabilizar o mercado financeiro local.<\/p>\n<p>Ao mesmo tempo, sinaliza com novas tarifas que poderiam penalizar os setores agr\u00edcola e energ\u00e9tico dos Estados Unidos, duas bases de apoio eleitoral que ajudaram a levar Trump de volta \u00e0 Casa Branca.<\/p>\n<p>Num duro editorial, em que se referiu \u00e0s medidas de Trump como &#8220;tirania comercial&#8221;, o China Daily refletiu o consenso da elite em Beijing:<\/p>\n<blockquote><p>Essas medidas [de Trump] tem como objetivo principal manter a posi\u00e7\u00e3o privilegiada dos EUA em meio \u00e0 ascens\u00e3o do Sul Global, em vez de promover pr\u00e1ticas comerciais justas. Al\u00e9m do com\u00e9rcio, os EUA se retiraram da Organiza\u00e7\u00e3o Mundial da Sa\u00fade, do Acordo Clim\u00e1tico de Paris e de outras organiza\u00e7\u00f5es e tratados internacionais, tudo em busca de ganho pr\u00f3prio. A Uni\u00e3o Europeia e o resto do mundo tem a responsabilidade de sustentar e melhorar o sistema global que os EUA parecem decididos a destruir.<\/p><\/blockquote>\n<h2><strong>Disparada de pre\u00e7os e recess\u00e3o<\/strong><\/h2>\n<p>Nos EUA, o presidente da BlackRock, a gigante de investimentos que gerencia U$ 10 trilh\u00f5es em ativos, disse em um encontro p\u00fablico que a economia provavelmente j\u00e1 est\u00e1 em recess\u00e3o e previu que as tarifas v\u00e3o custar caro aos consumidores. Laurence Fink chegou a prever a disparada at\u00e9 mesmo do pre\u00e7o das bonecas Barbie.<\/p>\n<p>Diferentemente do Brasil, o pre\u00e7o das a\u00e7\u00f5es nos Estados Unidos afeta diretamente a popula\u00e7\u00e3o. 62% dos estadunidenses tem algum tipo de carteira de a\u00e7\u00f5es. Muitos acompanham diariamente o vai e vem do mercado por terem o valor da futura aposentadoria ligado\u00a0a uma cesta de a\u00e7\u00f5es. \u00c9 o chamado 401(k).<\/p>\n<p>Trump elegeu-se prometendo eliminar a infla\u00e7\u00e3o de alimentos e cortar\u00a0os custos de energia da popula\u00e7\u00e3o.<\/p>\n","protected":false},"excerpt":{"rendered":"<p>Revista F\u00f3rum &#8211; Horas antes de entrarem em vigor tarifas de ao menos 10% sobre a grande maioria dos parceiros comerciais dos Estados Unidos &#8212; no caso da China, 104% &#8212; bilion\u00e1rios em polvorosa passaram a pressionar e em alguns casos atacar integrantes do governo Trump nos bastidores, nas redes sociais e em p\u00fablico.<\/p>\n","protected":false},"author":1,"featured_media":0,"comment_status":"closed","ping_status":"open","sticky":false,"template":"","format":"standard","meta":{"_exactmetrics_skip_tracking":false,"_exactmetrics_sitenote_active":false,"_exactmetrics_sitenote_note":"","_exactmetrics_sitenote_category":0,"jetpack_post_was_ever_published":false,"_jetpack_newsletter_access":"","_jetpack_dont_email_post_to_subs":false,"_jetpack_newsletter_tier_id":0,"_jetpack_memberships_contains_paywalled_content":false,"_jetpack_memberships_contains_paid_content":false,"footnotes":"","jetpack_publicize_message":"","jetpack_publicize_feature_enabled":true,"jetpack_social_post_already_shared":true,"jetpack_social_options":{"image_generator_settings":{"template":"highway","enabled":false},"version":2}},"categories":[1],"tags":[900,1298,220],"class_list":["post-36697","post","type-post","status-publish","format-standard","hentry","category-notas","tag-musk","tag-tarifaco","tag-trump"],"jetpack_publicize_connections":[],"jetpack_sharing_enabled":true,"jetpack_featured_media_url":"","jetpack_shortlink":"https:\/\/wp.me\/p7wKYW-9xT","jetpack-related-posts":[],"_links":{"self":[{"href":"http:\/\/blogdalucianaoliveira.com.br\/blog\/wp-json\/wp\/v2\/posts\/36697","targetHints":{"allow":["GET"]}}],"collection":[{"href":"http:\/\/blogdalucianaoliveira.com.br\/blog\/wp-json\/wp\/v2\/posts"}],"about":[{"href":"http:\/\/blogdalucianaoliveira.com.br\/blog\/wp-json\/wp\/v2\/types\/post"}],"author":[{"embeddable":true,"href":"http:\/\/blogdalucianaoliveira.com.br\/blog\/wp-json\/wp\/v2\/users\/1"}],"replies":[{"embeddable":true,"href":"http:\/\/blogdalucianaoliveira.com.br\/blog\/wp-json\/wp\/v2\/comments?post=36697"}],"version-history":[{"count":1,"href":"http:\/\/blogdalucianaoliveira.com.br\/blog\/wp-json\/wp\/v2\/posts\/36697\/revisions"}],"predecessor-version":[{"id":36699,"href":"http:\/\/blogdalucianaoliveira.com.br\/blog\/wp-json\/wp\/v2\/posts\/36697\/revisions\/36699"}],"wp:attachment":[{"href":"http:\/\/blogdalucianaoliveira.com.br\/blog\/wp-json\/wp\/v2\/media?parent=36697"}],"wp:term":[{"taxonomy":"category","embeddable":true,"href":"http:\/\/blogdalucianaoliveira.com.br\/blog\/wp-json\/wp\/v2\/categories?post=36697"},{"taxonomy":"post_tag","embeddable":true,"href":"http:\/\/blogdalucianaoliveira.com.br\/blog\/wp-json\/wp\/v2\/tags?post=36697"}],"curies":[{"name":"wp","href":"https:\/\/api.w.org\/{rel}","templated":true}]}}