{"id":36708,"date":"2025-04-11T17:01:58","date_gmt":"2025-04-11T21:01:58","guid":{"rendered":"https:\/\/blogdalucianaoliveira.com.br\/blog\/?p=36708"},"modified":"2025-04-11T17:01:58","modified_gmt":"2025-04-11T21:01:58","slug":"moraes-manda-notificar-bolsonaro-e-inicia-acao-penal-da-trama-golpista-veja-proximos-passos","status":"publish","type":"post","link":"http:\/\/blogdalucianaoliveira.com.br\/blog\/2025\/04\/11\/moraes-manda-notificar-bolsonaro-e-inicia-acao-penal-da-trama-golpista-veja-proximos-passos\/","title":{"rendered":"Moraes manda notificar Bolsonaro e inicia a\u00e7\u00e3o penal da trama golpista; veja pr\u00f3ximos passos"},"content":{"rendered":"<p><img data-recalc-dims=\"1\" loading=\"lazy\" decoding=\"async\" data-attachment-id=\"36709\" data-permalink=\"http:\/\/blogdalucianaoliveira.com.br\/blog\/2025\/04\/11\/moraes-manda-notificar-bolsonaro-e-inicia-acao-penal-da-trama-golpista-veja-proximos-passos\/img_0624\/\" data-orig-file=\"https:\/\/i0.wp.com\/blogdalucianaoliveira.com.br\/blog\/wp-content\/uploads\/2025\/04\/IMG_0624.webp?fit=420%2C242\" data-orig-size=\"420,242\" data-comments-opened=\"0\" data-image-meta=\"{&quot;aperture&quot;:&quot;0&quot;,&quot;credit&quot;:&quot;&quot;,&quot;camera&quot;:&quot;&quot;,&quot;caption&quot;:&quot;&quot;,&quot;created_timestamp&quot;:&quot;0&quot;,&quot;copyright&quot;:&quot;&quot;,&quot;focal_length&quot;:&quot;0&quot;,&quot;iso&quot;:&quot;0&quot;,&quot;shutter_speed&quot;:&quot;0&quot;,&quot;title&quot;:&quot;&quot;,&quot;orientation&quot;:&quot;0&quot;}\" data-image-title=\"IMG_0624\" data-image-description=\"\" data-image-caption=\"\" data-medium-file=\"https:\/\/i0.wp.com\/blogdalucianaoliveira.com.br\/blog\/wp-content\/uploads\/2025\/04\/IMG_0624.webp?fit=300%2C173\" data-large-file=\"https:\/\/i0.wp.com\/blogdalucianaoliveira.com.br\/blog\/wp-content\/uploads\/2025\/04\/IMG_0624.webp?fit=420%2C242\" class=\"alignnone size-medium wp-image-36709\" src=\"https:\/\/i0.wp.com\/blogdalucianaoliveira.com.br\/blog\/wp-content\/uploads\/2025\/04\/IMG_0624.webp?resize=300%2C173\" alt=\"\" width=\"300\" height=\"173\" srcset=\"https:\/\/i0.wp.com\/blogdalucianaoliveira.com.br\/blog\/wp-content\/uploads\/2025\/04\/IMG_0624.webp?resize=300%2C173 300w, https:\/\/i0.wp.com\/blogdalucianaoliveira.com.br\/blog\/wp-content\/uploads\/2025\/04\/IMG_0624.webp?w=420 420w\" sizes=\"auto, (max-width: 300px) 100vw, 300px\" \/><\/p>\n<p class=\"added-to-list1\" data-pf_style_display=\"block\" data-pf_style_visibility=\"visible\"><span class=\"text-node\">Carta Capital &#8211; O <\/span><strong data-pf_style_display=\"inline\" data-pf_style_visibility=\"visible\"><a href=\"https:\/\/www.cartacapital.com.br\/tag\/stf\/\" data-pf_style_display=\"inline\" data-pf_style_visibility=\"visible\"><span class=\"text-node\">Supremo Tribunal Federal<\/span><\/a><\/strong><span class=\"text-node\"> abriu oficialmente, nesta sexta-feira 11, a a\u00e7\u00e3o penal contra o ex-presidente <\/span><strong data-pf_style_display=\"inline\" data-pf_style_visibility=\"visible\"><a href=\"https:\/\/www.cartacapital.com.br\/tag\/jair-bolsonaro\/\" data-pf_style_display=\"inline\" data-pf_style_visibility=\"visible\"><span class=\"text-node\">Jair Bolsonaro<\/span><\/a><\/strong><span class=\"text-node\"> (PL) e mais sete r\u00e9us envolvidos na tentativa de golpe de Estado em 2022.<\/span><!--more--><\/p>\n<p class=\"added-to-list1\" data-pf_style_display=\"block\" data-pf_style_visibility=\"visible\"><span class=\"text-node\">Mais cedo, a Corte <\/span><a href=\"https:\/\/www.cartacapital.com.br\/politica\/stf-publica-acordao-e-formaliza-a-decisao-que-torna-bolsonaro-e-mais-7-reus\/\" data-pf_style_display=\"inline\" data-pf_style_visibility=\"visible\"><span class=\"text-node\">publicou o ac\u00f3rd\u00e3o<\/span><\/a><span class=\"text-node\"> do julgamento em que a Primeira Turma\u00a0<\/span><a href=\"https:\/\/www.cartacapital.com.br\/politica\/de-incentivador-de-golpistas-a-reu-o-inferno-de-bolsonaro-em-838-dias\/\" data-pf_style_display=\"inline\" data-pf_style_visibility=\"visible\"><span class=\"text-node\">recebeu a den\u00fancia<\/span><\/a><span class=\"text-node\"> da Procuradoria-Geral da Rep\u00fablica, em 26 de mar\u00e7o. O ministro <\/span><a href=\"https:\/\/www.cartacapital.com.br\/tag\/alexandre-de-moraes\/\" data-pf_style_display=\"inline\" data-pf_style_visibility=\"visible\"><span class=\"text-node\">Alexandre de Moraes<\/span><\/a><span class=\"text-node\"> ser\u00e1 o relator da a\u00e7\u00e3o.<\/span><\/p>\n<p class=\"added-to-list1\" data-pf_style_display=\"block\" data-pf_style_visibility=\"visible\"><span class=\"text-node\">No julgamento de mar\u00e7o, os ministros conclu\u00edram que os fatos descritos na acusa\u00e7\u00e3o configuram crimes (materialidade) e que h\u00e1 ind\u00edcios de que os denunciados cometeram esses delitos (autoria).<\/span><\/p>\n<p class=\"added-to-list1\" data-pf_style_display=\"block\" data-pf_style_visibility=\"visible\"><span class=\"text-node\">Moraes j\u00e1 determinou o cumprimento da primeira etapa da a\u00e7\u00e3o penal: citar os r\u00e9us, que ter\u00e3o\u00a0cinco dias para apresentar uma defesa pr\u00e9via \u2014 nela, os advogados podem, por exemplo, listar testemunhas e as provas que pretendem reunir.<\/span><\/p>\n<p class=\"added-to-list1\" data-pf_style_display=\"block\" data-pf_style_visibility=\"visible\"><strong data-pf_style_display=\"inline\" data-pf_style_visibility=\"visible\"><span class=\"text-node\">Os r\u00e9us da a\u00e7\u00e3o penal, al\u00e9m de Bolsonaro, s\u00e3o:<\/span><\/strong><\/p>\n<ul class=\"added-to-list1\" data-pf_style_display=\"block\" data-pf_style_visibility=\"visible\">\n<li data-pf_style_display=\"list-item\" data-pf_style_visibility=\"visible\"><span class=\"text-node\">deputado federal Alexandre Ramagem (PL-RJ);<\/span><\/li>\n<li data-pf_style_display=\"list-item\" data-pf_style_visibility=\"visible\"><span class=\"text-node\">almirante e ex-comandante da Marinha Almir Garnier Santos;<\/span><\/li>\n<li data-pf_style_display=\"list-item\" data-pf_style_visibility=\"visible\"><span class=\"text-node\">ex-ministro da Justi\u00e7a Anderson Torres;<\/span><\/li>\n<li data-pf_style_display=\"list-item\" data-pf_style_visibility=\"visible\"><span class=\"text-node\">general da reserva e ex-chefe do Gabinete de Seguran\u00e7a Institucional Augusto Heleno;<\/span><\/li>\n<li data-pf_style_display=\"list-item\" data-pf_style_visibility=\"visible\"><span class=\"text-node\">tenente-coronel e o ex-ajudante de ordens de Bolsonaro Mauro Cid;<\/span><\/li>\n<li data-pf_style_display=\"list-item\" data-pf_style_visibility=\"visible\"><span class=\"text-node\">general e ex-ministro da Defesa Paulo S\u00e9rgio Nogueira; e<\/span><\/li>\n<li data-pf_style_display=\"list-item\" data-pf_style_visibility=\"visible\"><span class=\"text-node\">general da reserva e ex-ministro da Casa Civil Walter Braga Netto.<\/span><\/li>\n<\/ul>\n<p class=\"added-to-list1\" data-pf_style_display=\"block\" data-pf_style_visibility=\"visible\"><span class=\"text-node\">A fase seguinte \u00e0 cita\u00e7\u00e3o dos r\u00e9us \u00e9 a <\/span><strong data-pf_style_display=\"inline\" data-pf_style_visibility=\"visible\"><span class=\"text-node\">instru\u00e7\u00e3o criminal<\/span><\/strong><span class=\"text-node\">, com depoimentos de testemunhas da defesa e da acusa\u00e7\u00e3o, produ\u00e7\u00e3o de provas documentais e periciais e eventual realiza\u00e7\u00e3o de dilig\u00eancias para preencher alguma lacuna.<\/span><\/p>\n<p class=\"added-to-list1\" data-pf_style_display=\"block\" data-pf_style_visibility=\"visible\"><span class=\"text-node\">Ao fim da instru\u00e7\u00e3o, Moraes elaborar\u00e1 \u2014 sem prazo definido \u2014 um relat\u00f3rio, uma esp\u00e9cie de resumo do caso at\u00e9 aquele momento. Tamb\u00e9m <\/span><strong data-pf_style_display=\"inline\" data-pf_style_visibility=\"visible\"><span class=\"text-node\">preparar\u00e1 o seu voto<\/span><\/strong><span class=\"text-node\">, no qual defender\u00e1 a condena\u00e7\u00e3o ou a absolvi\u00e7\u00e3o dos r\u00e9us.<\/span><\/p>\n<p class=\"added-to-list1\" data-pf_style_display=\"block\" data-pf_style_visibility=\"visible\"><span class=\"text-node\">Caber\u00e1 ao relator, ainda, liberar o caso para julgamento. Na sequ\u00eancia, o presidente da Primeira Turma, Cristiano Zanin, agendar\u00e1 a data da vota\u00e7\u00e3o.<\/span><\/p>\n<p class=\"added-to-list1\" data-pf_style_display=\"block\" data-pf_style_visibility=\"visible\"><span class=\"text-node\">A sess\u00e3o de julgamento come\u00e7ar\u00e1 com a leitura do relat\u00f3rio de Moraes, seguida pela sustenta\u00e7\u00e3o oral da acusa\u00e7\u00e3o e da defesa \u2014 cada parte ter\u00e1 uma hora para se pronunciar. Quando h\u00e1 mais de um r\u00e9u em julgamento, o presidente do colegiado pode ampliar o prazo concedido \u00e0 acusa\u00e7\u00e3o.<\/span><\/p>\n<p class=\"added-to-list1\" data-pf_style_display=\"block\" data-pf_style_visibility=\"visible\"><span class=\"text-node\">Depois de todas as manifesta\u00e7\u00f5es, Moraes ler\u00e1 o seu voto. A seguir, votar\u00e3o, nesta ordem, os ministros Fl\u00e1vio Dino, Luiz Fux, C\u00e1rmen L\u00facia e Cristiano Zanin.<\/span><\/p>\n<p class=\"added-to-list1\" data-pf_style_display=\"block\" data-pf_style_visibility=\"visible\"><span class=\"text-node\">Em caso de condena\u00e7\u00e3o, os ministros tamb\u00e9m ter\u00e3o de fixar a dosimetria das penas \u2014 ou seja, por quanto tempo os r\u00e9us ficar\u00e3o presos. Os crimes atribu\u00eddos a Bolsonaro pela PGR totalizam <\/span><mark data-pf_style_display=\"inline\" data-pf_style_visibility=\"visible\"><span class=\"text-node\">43 anos de pris\u00e3o<\/span><\/mark><span class=\"text-node\">, mas no\u00a0Brasil o tempo m\u00e1ximo de cumprimento efetivo da pena \u00e9 de 40 anos.<\/span><\/p>\n<p class=\"added-to-list1\" data-pf_style_display=\"block\" data-pf_style_visibility=\"visible\"><span class=\"text-node\">O ex-presidente responder\u00e1 pelas pr\u00e1ticas de golpe de Estado, aboli\u00e7\u00e3o violenta do Estado Democr\u00e1tico de Direito, dano qualificado, deteriora\u00e7\u00e3o de patrim\u00f4nio e organiza\u00e7\u00e3o criminosa armada.<\/span><\/p>\n","protected":false},"excerpt":{"rendered":"<p>Carta Capital &#8211; O Supremo Tribunal Federal abriu oficialmente, nesta sexta-feira 11, a a\u00e7\u00e3o penal contra o ex-presidente Jair Bolsonaro (PL) e mais sete r\u00e9us envolvidos na tentativa de golpe de Estado em 2022.<\/p>\n","protected":false},"author":1,"featured_media":0,"comment_status":"closed","ping_status":"open","sticky":false,"template":"","format":"standard","meta":{"_exactmetrics_skip_tracking":false,"_exactmetrics_sitenote_active":false,"_exactmetrics_sitenote_note":"","_exactmetrics_sitenote_category":0,"jetpack_post_was_ever_published":false,"_jetpack_newsletter_access":"","_jetpack_dont_email_post_to_subs":false,"_jetpack_newsletter_tier_id":0,"_jetpack_memberships_contains_paywalled_content":false,"_jetpack_memberships_contains_paid_content":false,"footnotes":"","jetpack_publicize_message":"","jetpack_publicize_feature_enabled":true,"jetpack_social_post_already_shared":true,"jetpack_social_options":{"image_generator_settings":{"template":"highway","enabled":false},"version":2}},"categories":[1],"tags":[1236,899,53],"class_list":["post-36708","post","type-post","status-publish","format-standard","hentry","category-notas","tag-8-de-janeiro","tag-alexandre-de-moraes","tag-bolsonaro"],"jetpack_publicize_connections":[],"jetpack_sharing_enabled":true,"jetpack_featured_media_url":"","jetpack_shortlink":"https:\/\/wp.me\/p7wKYW-9y4","jetpack-related-posts":[],"_links":{"self":[{"href":"http:\/\/blogdalucianaoliveira.com.br\/blog\/wp-json\/wp\/v2\/posts\/36708","targetHints":{"allow":["GET"]}}],"collection":[{"href":"http:\/\/blogdalucianaoliveira.com.br\/blog\/wp-json\/wp\/v2\/posts"}],"about":[{"href":"http:\/\/blogdalucianaoliveira.com.br\/blog\/wp-json\/wp\/v2\/types\/post"}],"author":[{"embeddable":true,"href":"http:\/\/blogdalucianaoliveira.com.br\/blog\/wp-json\/wp\/v2\/users\/1"}],"replies":[{"embeddable":true,"href":"http:\/\/blogdalucianaoliveira.com.br\/blog\/wp-json\/wp\/v2\/comments?post=36708"}],"version-history":[{"count":1,"href":"http:\/\/blogdalucianaoliveira.com.br\/blog\/wp-json\/wp\/v2\/posts\/36708\/revisions"}],"predecessor-version":[{"id":36710,"href":"http:\/\/blogdalucianaoliveira.com.br\/blog\/wp-json\/wp\/v2\/posts\/36708\/revisions\/36710"}],"wp:attachment":[{"href":"http:\/\/blogdalucianaoliveira.com.br\/blog\/wp-json\/wp\/v2\/media?parent=36708"}],"wp:term":[{"taxonomy":"category","embeddable":true,"href":"http:\/\/blogdalucianaoliveira.com.br\/blog\/wp-json\/wp\/v2\/categories?post=36708"},{"taxonomy":"post_tag","embeddable":true,"href":"http:\/\/blogdalucianaoliveira.com.br\/blog\/wp-json\/wp\/v2\/tags?post=36708"}],"curies":[{"name":"wp","href":"https:\/\/api.w.org\/{rel}","templated":true}]}}