{"id":36732,"date":"2025-04-23T06:57:53","date_gmt":"2025-04-23T10:57:53","guid":{"rendered":"https:\/\/blogdalucianaoliveira.com.br\/blog\/?p=36732"},"modified":"2025-04-23T06:57:53","modified_gmt":"2025-04-23T10:57:53","slug":"os-desafios-da-igreja-catolica-no-brasil-apos-o-papa-francisco-perda-de-fieis-falta-de-padres-e-polarizacao-politica","status":"publish","type":"post","link":"http:\/\/blogdalucianaoliveira.com.br\/blog\/2025\/04\/23\/os-desafios-da-igreja-catolica-no-brasil-apos-o-papa-francisco-perda-de-fieis-falta-de-padres-e-polarizacao-politica\/","title":{"rendered":"Os desafios da Igreja Cat\u00f3lica no Brasil ap\u00f3s o papa Francisco: perda de fi\u00e9is, falta de padres e polariza\u00e7\u00e3o pol\u00edtica"},"content":{"rendered":"<p><img data-recalc-dims=\"1\" loading=\"lazy\" decoding=\"async\" data-attachment-id=\"36734\" data-permalink=\"http:\/\/blogdalucianaoliveira.com.br\/blog\/2025\/04\/23\/os-desafios-da-igreja-catolica-no-brasil-apos-o-papa-francisco-perda-de-fieis-falta-de-padres-e-polarizacao-politica\/img_1253\/\" data-orig-file=\"https:\/\/i0.wp.com\/blogdalucianaoliveira.com.br\/blog\/wp-content\/uploads\/2025\/04\/IMG_1253.webp?fit=800%2C450\" data-orig-size=\"800,450\" data-comments-opened=\"0\" data-image-meta=\"{&quot;aperture&quot;:&quot;0&quot;,&quot;credit&quot;:&quot;&quot;,&quot;camera&quot;:&quot;&quot;,&quot;caption&quot;:&quot;&quot;,&quot;created_timestamp&quot;:&quot;0&quot;,&quot;copyright&quot;:&quot;&quot;,&quot;focal_length&quot;:&quot;0&quot;,&quot;iso&quot;:&quot;0&quot;,&quot;shutter_speed&quot;:&quot;0&quot;,&quot;title&quot;:&quot;&quot;,&quot;orientation&quot;:&quot;0&quot;}\" data-image-title=\"IMG_1253\" data-image-description=\"\" data-image-caption=\"\" data-medium-file=\"https:\/\/i0.wp.com\/blogdalucianaoliveira.com.br\/blog\/wp-content\/uploads\/2025\/04\/IMG_1253.webp?fit=300%2C169\" data-large-file=\"https:\/\/i0.wp.com\/blogdalucianaoliveira.com.br\/blog\/wp-content\/uploads\/2025\/04\/IMG_1253.webp?fit=600%2C338\" class=\"alignnone size-medium wp-image-36734\" src=\"https:\/\/i0.wp.com\/blogdalucianaoliveira.com.br\/blog\/wp-content\/uploads\/2025\/04\/IMG_1253.webp?resize=300%2C169\" alt=\"\" width=\"300\" height=\"169\" srcset=\"https:\/\/i0.wp.com\/blogdalucianaoliveira.com.br\/blog\/wp-content\/uploads\/2025\/04\/IMG_1253.webp?resize=300%2C169 300w, https:\/\/i0.wp.com\/blogdalucianaoliveira.com.br\/blog\/wp-content\/uploads\/2025\/04\/IMG_1253.webp?resize=768%2C432 768w, https:\/\/i0.wp.com\/blogdalucianaoliveira.com.br\/blog\/wp-content\/uploads\/2025\/04\/IMG_1253.webp?resize=533%2C300 533w, https:\/\/i0.wp.com\/blogdalucianaoliveira.com.br\/blog\/wp-content\/uploads\/2025\/04\/IMG_1253.webp?w=800 800w\" sizes=\"auto, (max-width: 300px) 100vw, 300px\" \/><\/p>\n<div class=\"bbc-19j92fr ebmt73l0\" dir=\"ltr\">\n<p><span role=\"text\"><span class=\"bbc-1ypcc2\">Edison Veiga, <\/span><\/span><span role=\"text\"><span class=\"bbc-1y5sx98\">De Bled (Eslov\u00eania) para a BBC News Brasil &#8211; <\/span><\/span>A <a class=\"focusIndicatorReducedWidth bbc-n8oauk e1p3sufg0\" href=\"https:\/\/www.bbc.com\/portuguese\/topics\/c6vzyv58w95t\">Igreja Cat\u00f3lica<\/a> enfrenta nesta primeira metade do s\u00e9culo 21 no Brasil, o maior pa\u00eds cat\u00f3lico do mundo, desafios t\u00e3o grandes quanto sua relev\u00e2ncia na sociedade brasileira.<\/p>\n<\/div>\n<p><!--more--><\/p>\n<div class=\"bbc-19j92fr ebmt73l0\" dir=\"ltr\">\n<p class=\"bbc-hhl7in e17g058b0\" dir=\"ltr\">S\u00e3o quest\u00f5es que, de certa forma, o <a class=\"focusIndicatorReducedWidth bbc-n8oauk e1p3sufg0\" href=\"https:\/\/www.bbc.com\/portuguese\/topics\/c5qvpqyk75yt\">papa Francisco<\/a> procurou enfrentar. Mas ficam como legado para o <a class=\"focusIndicatorReducedWidth bbc-n8oauk e1p3sufg0\" href=\"https:\/\/www.bbc.com\/portuguese\/articles\/ce84gjnle45o\">pr\u00f3ximo pont\u00edfice<\/a>.<\/p>\n<\/div>\n<div class=\"bbc-19j92fr ebmt73l0\" dir=\"ltr\">\n<p class=\"bbc-hhl7in e17g058b0\" dir=\"ltr\">A presen\u00e7a cat\u00f3lica mant\u00e9m uma profunda capilaridade no pa\u00eds mesmo diante do <a class=\"focusIndicatorReducedWidth bbc-n8oauk e1p3sufg0\" href=\"https:\/\/www.bbc.com\/portuguese\/articles\/crgl7x0e0lmo\">avan\u00e7o das igrejas evang\u00e9licas<\/a> que ame\u00e7a sua hegemonia.<\/p>\n<\/div>\n<div class=\"bbc-19j92fr ebmt73l0\" dir=\"ltr\">\n<p class=\"bbc-hhl7in e17g058b0\" dir=\"ltr\">Segundo levantamento realizado em fevereiro pelo te\u00f3logo e fil\u00f3sofo Fernando Altemeyer Junior, professor na Pontif\u00edcia Universidade Cat\u00f3lica de S\u00e3o Paulo (PUC-SP), s\u00e3o 12.618 par\u00f3quias espalhadas por todo o territ\u00f3rio.<\/p>\n<p dir=\"ltr\"><img data-recalc-dims=\"1\" loading=\"lazy\" decoding=\"async\" data-attachment-id=\"36733\" data-permalink=\"http:\/\/blogdalucianaoliveira.com.br\/blog\/2025\/04\/23\/os-desafios-da-igreja-catolica-no-brasil-apos-o-papa-francisco-perda-de-fieis-falta-de-padres-e-polarizacao-politica\/img_1254\/\" data-orig-file=\"https:\/\/i0.wp.com\/blogdalucianaoliveira.com.br\/blog\/wp-content\/uploads\/2025\/04\/IMG_1254.webp?fit=800%2C450\" data-orig-size=\"800,450\" data-comments-opened=\"0\" data-image-meta=\"{&quot;aperture&quot;:&quot;0&quot;,&quot;credit&quot;:&quot;&quot;,&quot;camera&quot;:&quot;&quot;,&quot;caption&quot;:&quot;&quot;,&quot;created_timestamp&quot;:&quot;0&quot;,&quot;copyright&quot;:&quot;&quot;,&quot;focal_length&quot;:&quot;0&quot;,&quot;iso&quot;:&quot;0&quot;,&quot;shutter_speed&quot;:&quot;0&quot;,&quot;title&quot;:&quot;&quot;,&quot;orientation&quot;:&quot;0&quot;}\" data-image-title=\"IMG_1254\" data-image-description=\"\" data-image-caption=\"\" data-medium-file=\"https:\/\/i0.wp.com\/blogdalucianaoliveira.com.br\/blog\/wp-content\/uploads\/2025\/04\/IMG_1254.webp?fit=300%2C169\" data-large-file=\"https:\/\/i0.wp.com\/blogdalucianaoliveira.com.br\/blog\/wp-content\/uploads\/2025\/04\/IMG_1254.webp?fit=600%2C338\" class=\"alignnone size-medium wp-image-36733\" src=\"https:\/\/i0.wp.com\/blogdalucianaoliveira.com.br\/blog\/wp-content\/uploads\/2025\/04\/IMG_1254.webp?resize=300%2C169\" alt=\"\" width=\"300\" height=\"169\" srcset=\"https:\/\/i0.wp.com\/blogdalucianaoliveira.com.br\/blog\/wp-content\/uploads\/2025\/04\/IMG_1254.webp?resize=300%2C169 300w, https:\/\/i0.wp.com\/blogdalucianaoliveira.com.br\/blog\/wp-content\/uploads\/2025\/04\/IMG_1254.webp?resize=768%2C432 768w, https:\/\/i0.wp.com\/blogdalucianaoliveira.com.br\/blog\/wp-content\/uploads\/2025\/04\/IMG_1254.webp?resize=533%2C300 533w, https:\/\/i0.wp.com\/blogdalucianaoliveira.com.br\/blog\/wp-content\/uploads\/2025\/04\/IMG_1254.webp?w=800 800w\" sizes=\"auto, (max-width: 300px) 100vw, 300px\" \/><\/p>\n<p dir=\"ltr\">Com 490 bispos vivos, 318 deles na ativa, o Brasil tem o maior episcopado do mundo.<\/p>\n<div class=\"bbc-19j92fr ebmt73l0\" dir=\"ltr\">\n<p class=\"bbc-hhl7in e17g058b0\" dir=\"ltr\">&#8220;A Igreja Cat\u00f3lica est\u00e1 perdendo fi\u00e9is? Estatisticamente est\u00e1. Mas \u00e9 preciso entender esse fen\u00f4meno global&#8221;, avalia o vaticanista Filipe Domingues, professor na Pontif\u00edcia Universidade Gregoriana de Roma e diretor do Lay Centre, tamb\u00e9m em Roma.<\/p>\n<\/div>\n<div class=\"bbc-19j92fr ebmt73l0\" dir=\"ltr\">\n<p class=\"bbc-hhl7in e17g058b0\" dir=\"ltr\">&#8220;A Igreja n\u00e3o conseguir mais falar com as pessoas \u00e9 uma parte do problema, mas h\u00e1 uma press\u00e3o externa acontecendo. Todas as institui\u00e7\u00f5es tradicionais est\u00e3o em crise.&#8221;<\/p>\n<\/div>\n<div class=\"bbc-19j92fr ebmt73l0\" dir=\"ltr\">\n<p class=\"bbc-hhl7in e17g058b0\" dir=\"ltr\">Em paralelo, a Igreja Cat\u00f3lica sofre com a <a class=\"focusIndicatorReducedWidth bbc-n8oauk e1p3sufg0\" href=\"https:\/\/www.bbc.com\/portuguese\/articles\/c5yxnwg5ne3o\">falta de padres<\/a> e, em um contexto pol\u00edtico extremamente polarizado, parece ainda n\u00e3o ter encontrado o ponto certo para se posicionar de forma contundente frente a quest\u00f5es importantes para o s\u00e9culo 21, aponta o te\u00f3logo e historiador Gerson Leite de Moraes, professor na Universidade Presbiteriana Mackenzie.<\/p>\n<\/div>\n<div class=\"bbc-19j92fr ebmt73l0\" dir=\"ltr\">\n<p class=\"bbc-hhl7in e17g058b0\" dir=\"ltr\">&#8220;O Vaticano n\u00e3o pode fazer muita coisa, pois \u00e9 uma burocracia muito cristalizada que demora d\u00e9cadas para alguma transforma\u00e7\u00e3o significativa&#8221;, comenta o te\u00f3logo, fil\u00f3sofo e jornalista Domingos Zamagna, professor na PUC-SP.<\/p>\n<\/div>\n<div class=\"bbc-19j92fr ebmt73l0\" dir=\"ltr\">\n<p class=\"bbc-hhl7in e17g058b0\" dir=\"ltr\">&#8220;J\u00e1 a pessoa do papa pode ter uma enorme reverbera\u00e7\u00e3o mission\u00e1ria no mundo religioso, ainda que persista na Igreja grandes contingentes de leigos, padres e bispos que desaprovavam e at\u00e9 militavam contra o pastoreio do papa Francisco&#8221;, prossegue Zamagna.<\/p>\n<\/div>\n<div class=\"bbc-19j92fr ebmt73l0\" dir=\"ltr\">\n<p class=\"bbc-hhl7in e17g058b0\" dir=\"ltr\">&#8220;O que o Vaticano pode fazer \u00e9 apoiar e estimular os esfor\u00e7os das igrejas locais para um novo dinamismo na Igreja. S\u00e3o as igrejas locais que conhecem a realidade pastoral.&#8221;<\/p>\n<div class=\"bbc-19j92fr ebmt73l0\" dir=\"ltr\">\n<h2 id=\"Perda-de-fi\u00e9is\" class=\"bbc-1lgzob2 eglt09e0\" tabindex=\"-1\">Perda de fi\u00e9is<\/h2>\n<\/div>\n<div class=\"bbc-19j92fr ebmt73l0\" dir=\"ltr\">\n<p class=\"bbc-hhl7in e17g058b0\" dir=\"ltr\">De acordo com dados do Censo feito pelo Instituto Brasileiro de Geografia e Estat\u00edstica (IBGE), os cat\u00f3licos eram 74% da popula\u00e7\u00e3o brasileira no ano 2000. Dez anos mais tarde, eram 65%.<\/p>\n<\/div>\n<div class=\"bbc-19j92fr ebmt73l0\" dir=\"ltr\">\n<p class=\"bbc-hhl7in e17g058b0\" dir=\"ltr\">A isso se soma o fato que muitos dos que se declaram cat\u00f3licos o sejam &#8220;s\u00f3 estatisticamente&#8221;, sem participa\u00e7\u00e3o na vida religiosa.<\/p>\n<\/div>\n<div class=\"bbc-19j92fr ebmt73l0\" dir=\"ltr\">\n<p class=\"bbc-hhl7in e17g058b0\" dir=\"ltr\">&#8220;A exist\u00eancia do cat\u00f3lico n\u00e3o praticante \u00e9 uma quest\u00e3o cultural brasileira&#8221;, diz a antrop\u00f3loga e historiadora Lidice Meyer Pinto Ribeiro, professora da Universidade Lus\u00f3fona, em Portugal.<\/p>\n<\/div>\n<div class=\"bbc-19j92fr ebmt73l0\" dir=\"ltr\">\n<p class=\"bbc-hhl7in e17g058b0\" dir=\"ltr\">&#8220;Nossa coloniza\u00e7\u00e3o possuiu uma forte influ\u00eancia dos valores cat\u00f3licos o que gerou no brasileiro uma &#8216;alma cat\u00f3lica&#8217;, mas n\u00e3o uma ades\u00e3o \u00e0 frequ\u00eancia \u00e0s igrejas&#8221;,<\/p>\n<\/div>\n<div class=\"bbc-19j92fr ebmt73l0\" dir=\"ltr\">\n<p class=\"bbc-hhl7in e17g058b0\" dir=\"ltr\">Ao mesmo tempo em que houve um decl\u00ednio do n\u00famero de cat\u00f3licos no pa\u00eds, foi registrado um avan\u00e7o dos crist\u00e3os de vertentes evang\u00e9licas, de 15% para 22% entre 2000 e 2010.<\/p>\n<\/div>\n<div class=\"bbc-19j92fr ebmt73l0\" dir=\"ltr\">\n<p class=\"bbc-hhl7in e17g058b0\" dir=\"ltr\">N\u00fameros mais atualizados, do Censo de 2022, devem ser divulgados apenas em junho deste ano.<\/p>\n<\/div>\n<figure class=\"bbc-1qn0xuy\">\n<div class=\"bbc-18ywsw9\"><img data-recalc-dims=\"1\" loading=\"lazy\" decoding=\"async\" class=\"bbc-139onq\" src=\"https:\/\/i0.wp.com\/ichef.bbci.co.uk\/ace\/ws\/640\/cpsprodpb\/3c82\/live\/bf584070-1fbc-11f0-9060-674316cb3a1f.jpg.webp?resize=600%2C400&#038;ssl=1\" sizes=\"auto, (min-width: 1008px) 760px, 100vw\" srcset=\"https:\/\/ichef.bbci.co.uk\/ace\/ws\/240\/cpsprodpb\/3c82\/live\/bf584070-1fbc-11f0-9060-674316cb3a1f.jpg.webp 240w, https:\/\/ichef.bbci.co.uk\/ace\/ws\/320\/cpsprodpb\/3c82\/live\/bf584070-1fbc-11f0-9060-674316cb3a1f.jpg.webp 320w, https:\/\/ichef.bbci.co.uk\/ace\/ws\/480\/cpsprodpb\/3c82\/live\/bf584070-1fbc-11f0-9060-674316cb3a1f.jpg.webp 480w, https:\/\/ichef.bbci.co.uk\/ace\/ws\/624\/cpsprodpb\/3c82\/live\/bf584070-1fbc-11f0-9060-674316cb3a1f.jpg.webp 624w, https:\/\/ichef.bbci.co.uk\/ace\/ws\/800\/cpsprodpb\/3c82\/live\/bf584070-1fbc-11f0-9060-674316cb3a1f.jpg.webp 800w\" alt=\"Fiel ora durante a &quot;Marcha para Jesus&quot;, evento que re\u00fane uma grande variedade de congrega\u00e7\u00f5es evang\u00e9licas, em S\u00e3o Paulo, em 30 de maio de 2024\" width=\"600\" height=\"400\" \/><\/p>\n<p class=\"bbc-by8ykd\" role=\"text\"><span class=\"bbc-m04vo2\">CR\u00c9DITO, <\/span><span lang=\"en-GB\">AFP<\/span><\/p>\n<\/div><figcaption class=\"bbc-15f1ujd\" dir=\"ltr\"><span role=\"text\"><span class=\"bbc-m04vo2\">Legenda da foto, <\/span><span data-testid=\"caption-paragraph\">Decl\u00ednio no n\u00famero de cat\u00f3licos no Brasil foi acompanhado por avan\u00e7o dos evang\u00e9licos, que em 2020 j\u00e1 representavam 31% da popula\u00e7\u00e3o, segundo Datafolha<\/span><\/span><\/figcaption><\/figure>\n<div class=\"bbc-19j92fr ebmt73l0\" dir=\"ltr\">\n<p class=\"bbc-hhl7in e17g058b0\" dir=\"ltr\">Um levantamento mais recente feito pelo Datafolha, divulgado em 2020, aponta que metade da popula\u00e7\u00e3o brasileira se declarava ent\u00e3o cat\u00f3lica, enquanto 31% se dizia evang\u00e9lica.<\/p>\n<\/div>\n<div class=\"bbc-19j92fr ebmt73l0\" dir=\"ltr\">\n<p class=\"bbc-hhl7in e17g058b0\" dir=\"ltr\">&#8220;O catolicismo n\u00e3o est\u00e1 perdendo fi\u00e9is porque estes se tornam ateus, mas sim porque abra\u00e7am um cristianismo mais conservador&#8221;, pontua o soci\u00f3logo Francisco Borba Ribeiro Neto, editor do jornal O S\u00e3o Paulo, da Arquidiocese de S\u00e3o Paulo.<\/p>\n<\/div>\n<div class=\"bbc-19j92fr ebmt73l0\" dir=\"ltr\">\n<p class=\"bbc-hhl7in e17g058b0\" dir=\"ltr\">H\u00e1, no entanto, quem aponte no sentido contr\u00e1rio e indique ser justamente o conservadorismo cat\u00f3lico a raz\u00e3o da diminui\u00e7\u00e3o dos seus adeptos.<\/p>\n<\/div>\n<div class=\"bbc-19j92fr ebmt73l0\" dir=\"ltr\">\n<p class=\"bbc-hhl7in e17g058b0\" dir=\"ltr\">&#8220;A evas\u00e3o de fi\u00e9is da Igreja Cat\u00f3lica e o aumento das igrejas evang\u00e9licas se deve, na minha opini\u00e3o, ao fato de a Igreja Cat\u00f3lica ter sido governada durante 34 anos pelos pontificados conservadores de Jo\u00e3o Paulo 2\u00ba e de Bento 16&#8221;, avalia o frade dominicano e escritor Frei Betto.<\/p>\n<\/div>\n<div class=\"bbc-19j92fr ebmt73l0\" dir=\"ltr\">\n<p class=\"bbc-hhl7in e17g058b0\" dir=\"ltr\">&#8220;Hoje, a maioria do clero \u00e9 de tend\u00eancia moderada para conservadora. J\u00e1 n\u00e3o temos figuras proeminentes prof\u00e9ticas como tantos que se destacaram na defesa dos direitos humanos e da op\u00e7\u00e3o pelos pobres.&#8221;<\/p>\n<\/div>\n<div class=\"bbc-19j92fr ebmt73l0\" dir=\"ltr\">\n<p class=\"bbc-hhl7in e17g058b0\" dir=\"ltr\">Segundo Frei Betto, hoje &#8220;muitos fi\u00e9is de classes populares&#8221; j\u00e1 n\u00e3o se sentem &#8220;\u00e0 vontade nas par\u00f3quias predominantemente dominadas pela classe m\u00e9dia&#8221;.<\/p>\n<\/div>\n<div class=\"bbc-19j92fr ebmt73l0\" dir=\"ltr\">\n<p class=\"bbc-hhl7in e17g058b0\" dir=\"ltr\">&#8220;Voc\u00ea vai a um pr\u00e9dio de S\u00e3o Paulo e pode ser que os moradores sejam cat\u00f3licos mas, seguramente, o porteiro, o encanador, as faxineiras e as cozinheiras s\u00e3o evang\u00e9licos&#8221;, comenta o frade.<\/p>\n<\/div>\n<figure class=\"bbc-1qn0xuy\">\n<div class=\"bbc-18ywsw9\"><img data-recalc-dims=\"1\" loading=\"lazy\" decoding=\"async\" class=\"bbc-139onq\" src=\"https:\/\/i0.wp.com\/ichef.bbci.co.uk\/ace\/ws\/640\/cpsprodpb\/971d\/live\/6cd97d60-1fc0-11f0-b469-0b39c670e690.jpg.webp?resize=600%2C338&#038;ssl=1\" sizes=\"auto, (min-width: 1008px) 760px, 100vw\" srcset=\"https:\/\/ichef.bbci.co.uk\/ace\/ws\/240\/cpsprodpb\/971d\/live\/6cd97d60-1fc0-11f0-b469-0b39c670e690.jpg.webp 240w, https:\/\/ichef.bbci.co.uk\/ace\/ws\/320\/cpsprodpb\/971d\/live\/6cd97d60-1fc0-11f0-b469-0b39c670e690.jpg.webp 320w, https:\/\/ichef.bbci.co.uk\/ace\/ws\/480\/cpsprodpb\/971d\/live\/6cd97d60-1fc0-11f0-b469-0b39c670e690.jpg.webp 480w, https:\/\/ichef.bbci.co.uk\/ace\/ws\/624\/cpsprodpb\/971d\/live\/6cd97d60-1fc0-11f0-b469-0b39c670e690.jpg.webp 624w, https:\/\/ichef.bbci.co.uk\/ace\/ws\/800\/cpsprodpb\/971d\/live\/6cd97d60-1fc0-11f0-b469-0b39c670e690.jpg.webp 800w\" alt=\"Frei Betto\" width=\"600\" height=\"338\" \/><\/p>\n<p class=\"bbc-by8ykd\" role=\"text\"><span class=\"bbc-m04vo2\">CR\u00c9DITO, <\/span><span lang=\"en-GB\">AFP<\/span><\/p>\n<\/div><figcaption class=\"bbc-15f1ujd\" dir=\"ltr\"><span role=\"text\"><span class=\"bbc-m04vo2\">Legenda da foto, <\/span><span data-testid=\"caption-paragraph\">Para Frei Betto, evas\u00e3o de fi\u00e9is cat\u00f3licos e avan\u00e7o evang\u00e9lico se devem a 34 anos de governan\u00e7a conservadora da Igreja Cat\u00f3lica, sob Jo\u00e3o Paulo 2\u00ba e Bento 16<\/span><\/span><\/figcaption><\/figure>\n<div class=\"bbc-19j92fr ebmt73l0\" dir=\"ltr\">\n<p class=\"bbc-hhl7in e17g058b0\" dir=\"ltr\">&#8220;Francisco fez o que pode para renovar a Igreja, mas ela se transformou em um corpo conservador com uma cabe\u00e7a progressista.&#8221;<\/p>\n<\/div>\n<div class=\"bbc-19j92fr ebmt73l0\" dir=\"ltr\">\n<p class=\"bbc-hhl7in e17g058b0\" dir=\"ltr\">Frei Betto lembra que Francisco pediu uma &#8220;deselitiza\u00e7\u00e3o&#8221; da Igreja Cat\u00f3lica. &#8220;Enquanto n\u00e3o houver isso, n\u00f3s, cat\u00f3licos, continuaremos a perder fi\u00e9is para as igrejas evang\u00e9licas&#8221;, afirma.<\/p>\n<\/div>\n<div class=\"bbc-19j92fr ebmt73l0\" dir=\"ltr\">\n<p class=\"bbc-hhl7in e17g058b0\" dir=\"ltr\">O te\u00f3logo Moraes avalia que a Igreja Cat\u00f3lica est\u00e1 diante de um desafio duplo: por um lado, vem perdendo a hegemonia com os fi\u00e9is migrando para outras denomina\u00e7\u00f5es; por outro, n\u00e3o pode descuidar daqueles que seguem sendo cat\u00f3licos \u2014 \u00e9 preciso &#8220;manter acesa a chama do catolicismo no pa\u00eds, ainda o maior pa\u00eds cat\u00f3lico do mundo&#8221;, pontua.<\/p>\n<\/div>\n<div class=\"bbc-19j92fr ebmt73l0\" dir=\"ltr\">\n<p class=\"bbc-hhl7in e17g058b0\" dir=\"ltr\">&#8220;As igrejas evang\u00e9licas crescendo t\u00eam no catolicismo um grande fornecedor de fi\u00e9is. A Igreja Cat\u00f3lica precisa preservar o que ainda resta, estancar a crise da perda de fi\u00e9is&#8221;, avalia ele.<\/p>\n<\/div>\n<div class=\"bbc-19j92fr ebmt73l0\" dir=\"ltr\">\n<p class=\"bbc-hhl7in e17g058b0\" dir=\"ltr\">Para Ribeiro, \u00e9 dif\u00edcil conciliar esses dois mundos, o dos cat\u00f3licos e o dos evang\u00e9licos.<\/p>\n<\/div>\n<div class=\"bbc-19j92fr ebmt73l0\" dir=\"ltr\">\n<p class=\"bbc-hhl7in e17g058b0\" dir=\"ltr\">&#8220;Infelizmente tem se acirrado no Brasil uma polaridade ideol\u00f3gica que distancia cada vez mais evang\u00e9licos e cat\u00f3licos. A polaridade que existiu no s\u00e9culo 19 e que aos poucos foi deixando de ser t\u00e3o extrema, est\u00e1 voltando com for\u00e7a ainda maior&#8221;, analisa.<\/p>\n<\/div>\n<div class=\"bbc-19j92fr ebmt73l0\" dir=\"ltr\">\n<p class=\"bbc-hhl7in e17g058b0\" dir=\"ltr\">Nem todos encaram os evang\u00e9licos como concorrentes, entretanto. &#8220;O crescimento pentecostal n\u00e3o chega a ser amea\u00e7a para a Igreja Cat\u00f3lica&#8221;, comenta o padre e te\u00f3logo Eliomar Ribeiro de Souza, diretor nacional da Rede Mundial de Ora\u00e7\u00e3o do Papa Brasil.<\/p>\n<\/div>\n<div class=\"bbc-19j92fr ebmt73l0\" dir=\"ltr\">\n<p class=\"bbc-hhl7in e17g058b0\" dir=\"ltr\">&#8220;\u00c9 um movimento que brota da liberdade da pessoa e do proselitismo de alguns grupos. Hoje, no ambiente da Igreja Cat\u00f3lica, busca-se um maior respeito ao modo como as pessoas querem viver sua f\u00e9.&#8221;<\/p>\n<\/div>\n<figure class=\"bbc-1qn0xuy\">\n<div class=\"bbc-18ywsw9\"><img data-recalc-dims=\"1\" loading=\"lazy\" decoding=\"async\" class=\"bbc-139onq\" src=\"https:\/\/i0.wp.com\/ichef.bbci.co.uk\/ace\/ws\/640\/cpsprodpb\/4967\/live\/ee21bbb0-1fc2-11f0-9c65-a5c3dc449bf3.png.webp?resize=600%2C400&#038;ssl=1\" sizes=\"auto, (min-width: 1008px) 760px, 100vw\" srcset=\"https:\/\/ichef.bbci.co.uk\/ace\/ws\/240\/cpsprodpb\/4967\/live\/ee21bbb0-1fc2-11f0-9c65-a5c3dc449bf3.png.webp 240w, https:\/\/ichef.bbci.co.uk\/ace\/ws\/320\/cpsprodpb\/4967\/live\/ee21bbb0-1fc2-11f0-9c65-a5c3dc449bf3.png.webp 320w, https:\/\/ichef.bbci.co.uk\/ace\/ws\/480\/cpsprodpb\/4967\/live\/ee21bbb0-1fc2-11f0-9c65-a5c3dc449bf3.png.webp 480w, https:\/\/ichef.bbci.co.uk\/ace\/ws\/624\/cpsprodpb\/4967\/live\/ee21bbb0-1fc2-11f0-9c65-a5c3dc449bf3.png.webp 624w, https:\/\/ichef.bbci.co.uk\/ace\/ws\/800\/cpsprodpb\/4967\/live\/ee21bbb0-1fc2-11f0-9c65-a5c3dc449bf3.png.webp 800w\" alt=\"Eliomar Ribeiro de Souza\" width=\"600\" height=\"400\" \/><\/p>\n<p class=\"bbc-by8ykd\" role=\"text\"><span class=\"bbc-m04vo2\">CR\u00c9DITO, <\/span><span lang=\"en-GB\">PORTAL JESU\u00cdTAS DO BRASIL<\/span><\/p>\n<\/div><figcaption class=\"bbc-15f1ujd\" dir=\"ltr\"><span role=\"text\"><span class=\"bbc-m04vo2\">Legenda da foto, <\/span><span data-testid=\"caption-paragraph\">&#8216;Crescimento pentecostal n\u00e3o chega a ser amea\u00e7a para a Igreja Cat\u00f3lica&#8217;, acredita o padre e te\u00f3logo Eliomar Ribeiro de Souza, da Rede Mundial de Ora\u00e7\u00e3o do Papa<\/span><\/span><\/figcaption><\/figure>\n<div class=\"bbc-19j92fr ebmt73l0\" dir=\"ltr\">\n<p class=\"bbc-hhl7in e17g058b0\" dir=\"ltr\">Para al\u00e9m do avan\u00e7o evang\u00e9lico, outros apontam para a perda de interesse de parte consider\u00e1vel das pessoas por qualquer religi\u00e3o ou sua ades\u00e3o a formas de cren\u00e7a n\u00e3o tradicionais.<\/p>\n<\/div>\n<div class=\"bbc-19j92fr ebmt73l0\" dir=\"ltr\">\n<p class=\"bbc-hhl7in e17g058b0\" dir=\"ltr\">O Censo tamb\u00e9m mostrou isso: de 2000 para 2010, o Brasil ganhou 3 milh\u00f5es de pessoas que passaram a se declarar <a class=\"focusIndicatorReducedWidth bbc-n8oauk e1p3sufg0\" href=\"https:\/\/www.bbc.com\/portuguese\/brasil-61329257\">sem religi\u00e3o<\/a> \u2014 chegando a 8% da popula\u00e7\u00e3o.<\/p>\n<\/div>\n<div class=\"bbc-19j92fr ebmt73l0\" dir=\"ltr\">\n<p class=\"bbc-hhl7in e17g058b0\" dir=\"ltr\">Sem religi\u00e3o n\u00e3o significa necessariamente sem espiritualidade, \u00e9 importante ressaltar. Muitos acabam deixando de seguir uma religi\u00e3o formal, mas seguem exercendo formas privadas de religiosidade ou aderindo a cren\u00e7as n\u00e3o consideradas religi\u00f5es propriamente ditas.<\/p>\n<\/div>\n<div class=\"bbc-19j92fr ebmt73l0\" dir=\"ltr\">\n<p class=\"bbc-hhl7in e17g058b0\" dir=\"ltr\">Para reverter o quadro, Moraes acredita ser necess\u00e1rio uma &#8220;estrat\u00e9gia consolidada&#8221;, em v\u00e1rias frentes: com atua\u00e7\u00e3o comunit\u00e1ria de base, elementos carism\u00e1ticos que replicam estilos pentecostais e sua presen\u00e7a forte na m\u00eddia.<\/p>\n<\/div>\n<div class=\"bbc-19j92fr ebmt73l0\" dir=\"ltr\">\n<p class=\"bbc-hhl7in e17g058b0\" dir=\"ltr\">Fen\u00f4menos como o do Frei Gilson, mais recente, ou o amplamente conhecido h\u00e1 d\u00e9cadas padre Marcelo Rossi s\u00e3o exemplos desse apelo que carism\u00e1ticos t\u00eam.<\/p>\n<\/div>\n<div class=\"bbc-19j92fr ebmt73l0\" dir=\"ltr\">\n<p class=\"bbc-hhl7in e17g058b0\" dir=\"ltr\">&#8220;S\u00e3o as armas que foram usadas por outros grupos religiosos&#8221;, comenta o professor.<\/p>\n<\/div>\n<figure class=\"bbc-1qn0xuy\">\n<div class=\"bbc-18ywsw9\"><img data-recalc-dims=\"1\" loading=\"lazy\" decoding=\"async\" class=\"bbc-139onq\" src=\"https:\/\/i0.wp.com\/ichef.bbci.co.uk\/ace\/ws\/640\/cpsprodpb\/5300\/live\/ff69e860-1fc3-11f0-8c2e-77498b1ce297.png.webp?resize=600%2C404&#038;ssl=1\" sizes=\"auto, (min-width: 1008px) 760px, 100vw\" srcset=\"https:\/\/ichef.bbci.co.uk\/ace\/ws\/240\/cpsprodpb\/5300\/live\/ff69e860-1fc3-11f0-8c2e-77498b1ce297.png.webp 240w, https:\/\/ichef.bbci.co.uk\/ace\/ws\/320\/cpsprodpb\/5300\/live\/ff69e860-1fc3-11f0-8c2e-77498b1ce297.png.webp 320w, https:\/\/ichef.bbci.co.uk\/ace\/ws\/480\/cpsprodpb\/5300\/live\/ff69e860-1fc3-11f0-8c2e-77498b1ce297.png.webp 480w, https:\/\/ichef.bbci.co.uk\/ace\/ws\/624\/cpsprodpb\/5300\/live\/ff69e860-1fc3-11f0-8c2e-77498b1ce297.png.webp 624w, https:\/\/ichef.bbci.co.uk\/ace\/ws\/800\/cpsprodpb\/5300\/live\/ff69e860-1fc3-11f0-8c2e-77498b1ce297.png.webp 800w\" alt=\"Frei Gilson usando indument\u00e1ria religiosa e segurando a b\u00edblia e um microfone com as m\u00e3os\" width=\"600\" height=\"404\" \/><\/p>\n<p class=\"bbc-by8ykd\" role=\"text\"><span class=\"bbc-m04vo2\">CR\u00c9DITO, <\/span><span lang=\"en-GB\">REPRODU\u00c7\u00c3O\/REDES SOCIAIS\/@FREIGILSON_SOMDOMONTE<\/span><\/p>\n<\/div><figcaption class=\"bbc-15f1ujd\" dir=\"ltr\"><span role=\"text\"><span class=\"bbc-m04vo2\">Legenda da foto, <\/span><span data-testid=\"caption-paragraph\">Frei Gilson \u00e9 exemplo do apelo que religiosos carism\u00e1ticos t\u00eam, segundo te\u00f3logo e historiador Gerson Leite de Moraes<\/span><\/span><\/figcaption><\/figure>\n<div class=\"bbc-19j92fr ebmt73l0\" dir=\"ltr\">\n<p class=\"bbc-hhl7in e17g058b0\" dir=\"ltr\">Uma outra alternativa, segundo Moraes, \u00e9 a Igreja Cat\u00f3lica &#8220;esperar bater no teto&#8221; o aumento dos evang\u00e9licos.<\/p>\n<\/div>\n<div class=\"bbc-19j92fr ebmt73l0\" dir=\"ltr\">\n<p class=\"bbc-hhl7in e17g058b0\" dir=\"ltr\">O te\u00f3logo acredita que, embora timidamente, a Igreja Cat\u00f3lica venha fazendo ambas as coisas. &#8220;Mas ela tem, sim, de se preocupar em produzir um catolicismo mais eficaz&#8221;, diz.<\/p>\n<\/div>\n<div class=\"bbc-19j92fr ebmt73l0\" dir=\"ltr\">\n<p class=\"bbc-hhl7in e17g058b0\" dir=\"ltr\">&#8220;Por ser hegem\u00f4nica h\u00e1 muito tempo, a Igreja Cat\u00f3lica n\u00e3o se preocupou em fazer dos cat\u00f3licos fi\u00e9is mais efetivos. Hoje, predomina um catolicismo muito passivo. A mudan\u00e7a est\u00e1 ocorrendo com a Igreja chamando os cat\u00f3licos para a responsabilidade.&#8221;<\/p>\n<\/div>\n<div class=\"bbc-19j92fr ebmt73l0\" dir=\"ltr\">\n<p class=\"bbc-hhl7in e17g058b0\" dir=\"ltr\">Tamb\u00e9m para Ribeiro, a Igreja deveria se dedicar a trazer de volta para as igrejas os cat\u00f3licos n\u00e3o praticantes.<\/p>\n<\/div>\n<div class=\"bbc-19j92fr ebmt73l0\" dir=\"ltr\">\n<p class=\"bbc-hhl7in e17g058b0\" dir=\"ltr\">&#8220;\u00c9 claro que a Igreja gostaria de atrair todos \u00e0 frequ\u00eancia das missas e catequeses, mas isto sempre ser\u00e1 uma utopia&#8221;, diz a antrop\u00f3loga.<\/p>\n<\/div>\n<div class=\"bbc-19j92fr ebmt73l0\" dir=\"ltr\">\n<p class=\"bbc-hhl7in e17g058b0\" dir=\"ltr\">&#8220;O envolvimento da igreja junto aos problemas da comunidade acaba por ser o melhor modo de atrair alguns destes cat\u00f3licos sem igreja para a participa\u00e7\u00e3o mais ativa.&#8221;<\/p>\n<\/div>\n<div class=\"bbc-19j92fr ebmt73l0\" dir=\"ltr\">\n<p class=\"bbc-hhl7in e17g058b0\" dir=\"ltr\">O desafio para angariar novos fi\u00e9is passa por aquilo que convencionou chamar de &#8220;testemunho&#8221;, acrescenta o vaticanista Filipe Domingues.<\/p>\n<\/div>\n<div class=\"bbc-19j92fr ebmt73l0\" dir=\"ltr\">\n<p class=\"bbc-hhl7in e17g058b0\" dir=\"ltr\">No jarg\u00e3o crist\u00e3o, testemunho \u00e9 &#8220;dar o exemplo&#8221;, por meio de relatos de sua pr\u00f3pria vida ou realizando gestos que passem a mensagem do evangelho.<\/p>\n<\/div>\n<div class=\"bbc-19j92fr ebmt73l0\" dir=\"ltr\">\n<p class=\"bbc-hhl7in e17g058b0\" dir=\"ltr\">O pr\u00f3prio papa Francisco j\u00e1 apontou isso. Domingues lembra que certa vez, quando perguntaram ao pont\u00edfice o que &#8220;afasta os jovens da Igreja&#8221;, ele respondeu: &#8220;a falta de testemunho dos crist\u00e3os&#8221;.<\/p>\n<\/div>\n<div class=\"bbc-19j92fr ebmt73l0\" dir=\"ltr\">\n<p class=\"bbc-hhl7in e17g058b0\" dir=\"ltr\">&#8220;\u00c9 uma Igreja que prega uma coisa e cujos membros \u00e0s vezes vivem outra. Essa incoer\u00eancia, vis\u00edvel especialmente entre autoridades, \u00e9 o que mais afasta as pessoas&#8221;, avalia Domingues.<\/p>\n<\/div>\n<div class=\"bbc-19j92fr ebmt73l0\" dir=\"ltr\">\n<p class=\"bbc-hhl7in e17g058b0\" dir=\"ltr\">&#8220;Por um lado, colocam-se par\u00e2metros muito altos, com uma s\u00e9rie de regras. Mas internamente, alguns l\u00edderes vivem como autoridades pol\u00edticas, como donos de empresas, desconectados com a realidade da maior parte das pessoas.&#8221;<\/p>\n<\/div>\n<div class=\"bbc-19j92fr ebmt73l0\" dir=\"ltr\">\n<h2 id=\"Falta-de-padres\" class=\"bbc-1lgzob2 eglt09e0\" tabindex=\"-1\">Falta de padres<\/h2>\n<\/div>\n<div class=\"bbc-19j92fr ebmt73l0\" dir=\"ltr\">\n<p class=\"bbc-hhl7in e17g058b0\" dir=\"ltr\">Outro desafio apontado pelos observadores da Igreja Cat\u00f3lica e que tem particular relev\u00e2ncia na rela\u00e7\u00e3o com os fi\u00e9is cat\u00f3licos e conex\u00e3o com a perda de fieis \u00e9 que faltam padres no Brasil.<\/p>\n<\/div>\n<div class=\"bbc-19j92fr ebmt73l0\" dir=\"ltr\">\n<p class=\"bbc-hhl7in e17g058b0\" dir=\"ltr\">Uma consequ\u00eancia direta disso, segundo analistas, \u00e9 que nem todos que potencialmente buscariam atendimento pastoral no catolicismo conseguem obt\u00ea-lo \u2014 uma demanda que acabaria sendo absorvida por outras denomina\u00e7\u00f5es religiosas, aponta frei Betto.<\/p>\n<\/div>\n<figure class=\"bbc-1qn0xuy\">\n<div class=\"bbc-18ywsw9\"><img data-recalc-dims=\"1\" loading=\"lazy\" decoding=\"async\" class=\"bbc-139onq\" src=\"https:\/\/i0.wp.com\/ichef.bbci.co.uk\/ace\/ws\/640\/cpsprodpb\/fceb\/live\/f98b9190-1fc4-11f0-8c2e-77498b1ce297.jpg.webp?resize=600%2C400&#038;ssl=1\" sizes=\"auto, (min-width: 1008px) 760px, 100vw\" srcset=\"https:\/\/ichef.bbci.co.uk\/ace\/ws\/240\/cpsprodpb\/fceb\/live\/f98b9190-1fc4-11f0-8c2e-77498b1ce297.jpg.webp 240w, https:\/\/ichef.bbci.co.uk\/ace\/ws\/320\/cpsprodpb\/fceb\/live\/f98b9190-1fc4-11f0-8c2e-77498b1ce297.jpg.webp 320w, https:\/\/ichef.bbci.co.uk\/ace\/ws\/480\/cpsprodpb\/fceb\/live\/f98b9190-1fc4-11f0-8c2e-77498b1ce297.jpg.webp 480w, https:\/\/ichef.bbci.co.uk\/ace\/ws\/624\/cpsprodpb\/fceb\/live\/f98b9190-1fc4-11f0-8c2e-77498b1ce297.jpg.webp 624w, https:\/\/ichef.bbci.co.uk\/ace\/ws\/800\/cpsprodpb\/fceb\/live\/f98b9190-1fc4-11f0-8c2e-77498b1ce297.jpg.webp 800w\" alt=\"Padre segurando imagem de Nossa Senhora durante missa a c\u00e9u aberto em Boa Vista, na Para\u00edba, em 2016\" width=\"600\" height=\"400\" \/><\/p>\n<p class=\"bbc-by8ykd\" role=\"text\"><span class=\"bbc-m04vo2\">CR\u00c9DITO, <\/span><span lang=\"en-GB\">GETTY IMAGES<\/span><\/p>\n<\/div><figcaption class=\"bbc-15f1ujd\" dir=\"ltr\"><span role=\"text\"><span class=\"bbc-m04vo2\">Legenda da foto, <\/span><span data-testid=\"caption-paragraph\">Em 2018, havia 27,3 mil padres no Brasil, uma m\u00e9dia de um para cada 7,8 mil habitantes, segundo estudo de funda\u00e7\u00e3o ligada \u00e0 CNBB<\/span><\/span><\/figcaption><\/figure>\n<div class=\"bbc-19j92fr ebmt73l0\" dir=\"ltr\">\n<p class=\"bbc-hhl7in e17g058b0\" dir=\"ltr\">De acordo com um estudo divulgado em 2018 pelo Centro de Estat\u00edsticas Religiosas e Investiga\u00e7\u00f5es Sociais (Ceris), funda\u00e7\u00e3o hoje extinta que era vinculada \u00e0 Confer\u00eancia Nacional dos Bispos do Brasil (CNBB), principal \u00f3rg\u00e3o local da Igreja, havia 27,3 mil padres espalhados pelo pa\u00eds, uma m\u00e9dia ent\u00e3o de um para 7,8 mil habitantes. Na It\u00e1lia, em compara\u00e7\u00e3o, havia um padre para cada mil habitantes.<\/p>\n<\/div>\n<div class=\"bbc-19j92fr ebmt73l0\" dir=\"ltr\">\n<p class=\"bbc-hhl7in e17g058b0\" dir=\"ltr\">O estudo apontou ainda que seriam necess\u00e1rios pelo menos mais 20 mil sacerdotes para dar conta de atender a todas as comunidades cat\u00f3licas espalhadas pelo pa\u00eds. Especialistas ouvidos pela reportagem acreditam que o cen\u00e1rio de hoje n\u00e3o seja diferente.<\/p>\n<\/div>\n<div class=\"bbc-19j92fr ebmt73l0\" dir=\"ltr\">\n<p class=\"bbc-hhl7in e17g058b0\" dir=\"ltr\">&#8220;Se compararmos a quantidade de sacerdotes do Brasil com a de outras na\u00e7\u00f5es, podemos dizer que h\u00e1 um d\u00e9ficit de sacerdotes em nosso pa\u00eds&#8221;, reconhece Zamagna.<\/p>\n<\/div>\n<div class=\"bbc-19j92fr ebmt73l0\" dir=\"ltr\">\n<p class=\"bbc-hhl7in e17g058b0\" dir=\"ltr\">No entanto, em sua vis\u00e3o, a propor\u00e7\u00e3o de padres em rela\u00e7\u00e3o \u00e0 popula\u00e7\u00e3o n\u00e3o precisa obedecer uma regra exata, j\u00e1 que diferentes regi\u00f5es podem ter necessidades distintas.<\/p>\n<\/div>\n<div class=\"bbc-19j92fr ebmt73l0\" dir=\"ltr\">\n<p class=\"bbc-hhl7in e17g058b0\" dir=\"ltr\">Para Souza, h\u00e1 a necessidade de uma renova\u00e7\u00e3o do clero \u2014 e isso passa por uma mudan\u00e7a de mentalidade.<\/p>\n<\/div>\n<div class=\"bbc-19j92fr ebmt73l0\" dir=\"ltr\">\n<p class=\"bbc-hhl7in e17g058b0\" dir=\"ltr\">&#8220;Existem muitos jovens buscando os semin\u00e1rios e sendo formados em esquemas muito antigos para um mundo em mudan\u00e7a&#8221;, argumenta Souza.<\/p>\n<\/div>\n<div class=\"bbc-19j92fr ebmt73l0\" dir=\"ltr\">\n<p class=\"bbc-hhl7in e17g058b0\" dir=\"ltr\">&#8220;As consequ\u00eancias disso s\u00e3o padres que n\u00e3o sabem servir as pessoas de hoje.&#8221;<\/p>\n<\/div>\n<div class=\"bbc-19j92fr ebmt73l0\" dir=\"ltr\">\n<p class=\"bbc-hhl7in e17g058b0\" dir=\"ltr\">Ao longo do pontificado de Francisco, foram estudadas algumas medidas para ajudar a suprir essa car\u00eancia.<\/p>\n<\/div>\n<div class=\"bbc-19j92fr ebmt73l0\" dir=\"ltr\">\n<p class=\"bbc-hhl7in e17g058b0\" dir=\"ltr\">Em 2019, no S\u00ednodo da Amaz\u00f4nia, por exemplo, aventou-se a possibilidade de serem ordenados homens casados. A proposta n\u00e3o passou.<\/p>\n<\/div>\n<figure class=\"bbc-1qn0xuy\">\n<div class=\"bbc-18ywsw9\"><img data-recalc-dims=\"1\" loading=\"lazy\" decoding=\"async\" class=\"bbc-139onq\" src=\"https:\/\/i0.wp.com\/ichef.bbci.co.uk\/ace\/ws\/640\/cpsprodpb\/19ef\/live\/6c9e08c0-1fc5-11f0-8c2e-77498b1ce297.jpg.webp?resize=600%2C400&#038;ssl=1\" sizes=\"auto, (min-width: 1008px) 760px, 100vw\" srcset=\"https:\/\/ichef.bbci.co.uk\/ace\/ws\/240\/cpsprodpb\/19ef\/live\/6c9e08c0-1fc5-11f0-8c2e-77498b1ce297.jpg.webp 240w, https:\/\/ichef.bbci.co.uk\/ace\/ws\/320\/cpsprodpb\/19ef\/live\/6c9e08c0-1fc5-11f0-8c2e-77498b1ce297.jpg.webp 320w, https:\/\/ichef.bbci.co.uk\/ace\/ws\/480\/cpsprodpb\/19ef\/live\/6c9e08c0-1fc5-11f0-8c2e-77498b1ce297.jpg.webp 480w, https:\/\/ichef.bbci.co.uk\/ace\/ws\/624\/cpsprodpb\/19ef\/live\/6c9e08c0-1fc5-11f0-8c2e-77498b1ce297.jpg.webp 624w, https:\/\/ichef.bbci.co.uk\/ace\/ws\/800\/cpsprodpb\/19ef\/live\/6c9e08c0-1fc5-11f0-8c2e-77498b1ce297.jpg.webp 800w\" alt=\"Papa Francisco celebrando a missa de encerramento do S\u00ednodo sobre a Amaz\u00f4nia na Bas\u00edlica de S\u00e3o Pedro, em 2019\" width=\"600\" height=\"400\" \/><\/p>\n<p class=\"bbc-by8ykd\" role=\"text\"><span class=\"bbc-m04vo2\">CR\u00c9DITO, <\/span><span lang=\"en-GB\">GETTY IMAGES<\/span><\/p>\n<\/div><figcaption class=\"bbc-15f1ujd\" dir=\"ltr\"><span role=\"text\"><span class=\"bbc-m04vo2\">Legenda da foto, <\/span><span data-testid=\"caption-paragraph\">No S\u00ednodo da Amaz\u00f4nia, em 2019, aventou-se a possibilidade de serem ordenados homens casados, mas a proposta n\u00e3o passou<\/span><\/span><\/figcaption><\/figure>\n<div class=\"bbc-19j92fr ebmt73l0\" dir=\"ltr\">\n<p class=\"bbc-hhl7in e17g058b0\" dir=\"ltr\">Outra ideia que chegou a ser posta \u00e0 mesa, com a designa\u00e7\u00e3o de um grupo de estudos, era a do diaconato feminino. Tamb\u00e9m n\u00e3o avan\u00e7ou.<\/p>\n<\/div>\n<div class=\"bbc-19j92fr ebmt73l0\" dir=\"ltr\">\n<p class=\"bbc-hhl7in e17g058b0\" dir=\"ltr\">Especialistas ouvidos pela reportagem tamb\u00e9m acreditam que tornar a quest\u00e3o do celibato uma pr\u00e1tica facultativa faria com que mais homens se disporiam a aderir ao sacerd\u00f3cio, vivendo a vida em fam\u00edlia como j\u00e1 \u00e9 praxe entre pastores evang\u00e9licos.<\/p>\n<\/div>\n<div class=\"bbc-19j92fr ebmt73l0\" dir=\"ltr\">\n<p class=\"bbc-hhl7in e17g058b0\" dir=\"ltr\">&#8220;Um celibato volunt\u00e1rio e evang\u00e9lico h\u00e1 de ser sempre um sinal esperan\u00e7oso do Reino de Deus; se ele for for\u00e7ado e pouco motivado, pode ser um elemento de rejei\u00e7\u00e3o da Igreja&#8221;, diz Zamagna.<\/p>\n<\/div>\n<div class=\"bbc-19j92fr ebmt73l0\" dir=\"ltr\">\n<p class=\"bbc-hhl7in e17g058b0\" dir=\"ltr\">Ribeiro defende que outras denomina\u00e7\u00f5es religiosas poderiam inspirar mudan\u00e7as no catolicismo romano, seja com a ordena\u00e7\u00e3o de mulheres, seja com a ordena\u00e7\u00e3o de homens casados.<\/p>\n<\/div>\n<div class=\"bbc-19j92fr ebmt73l0\" dir=\"ltr\">\n<p class=\"bbc-hhl7in e17g058b0\" dir=\"ltr\">\u00c9 o caso da Igreja Cat\u00f3lica Apost\u00f3lica Brasileira, uma dissid\u00eancia que, pontua ela, &#8220;h\u00e1 cerca de 80 anos ordenando padres casados o que tamb\u00e9m permite ter uma vis\u00e3o sobre os resultados desta mudan\u00e7a cultural nas comunidades onde esta igreja atua&#8221;.<\/p>\n<\/div>\n<div class=\"bbc-19j92fr ebmt73l0\" dir=\"ltr\">\n<p class=\"bbc-hhl7in e17g058b0\" dir=\"ltr\">Moraes tem uma posi\u00e7\u00e3o semelhante, ao afirmar que &#8220;a experi\u00eancia no mundo protestante mostrou que n\u00e3o tem problema nenhum&#8221; que fun\u00e7\u00f5es de lideran\u00e7a sejam feitos por sacerdotes que sejam homens casados ou que sejam mulheres.<\/p>\n<\/div>\n<figure class=\"bbc-1qn0xuy\">\n<div class=\"bbc-18ywsw9\"><img data-recalc-dims=\"1\" loading=\"lazy\" decoding=\"async\" class=\"bbc-139onq\" src=\"https:\/\/i0.wp.com\/ichef.bbci.co.uk\/ace\/ws\/640\/cpsprodpb\/4043\/live\/d63c4da0-1fc5-11f0-9060-674316cb3a1f.jpg.webp?resize=600%2C400&#038;ssl=1\" sizes=\"auto, (min-width: 1008px) 760px, 100vw\" srcset=\"https:\/\/ichef.bbci.co.uk\/ace\/ws\/240\/cpsprodpb\/4043\/live\/d63c4da0-1fc5-11f0-9060-674316cb3a1f.jpg.webp 240w, https:\/\/ichef.bbci.co.uk\/ace\/ws\/320\/cpsprodpb\/4043\/live\/d63c4da0-1fc5-11f0-9060-674316cb3a1f.jpg.webp 320w, https:\/\/ichef.bbci.co.uk\/ace\/ws\/480\/cpsprodpb\/4043\/live\/d63c4da0-1fc5-11f0-9060-674316cb3a1f.jpg.webp 480w, https:\/\/ichef.bbci.co.uk\/ace\/ws\/624\/cpsprodpb\/4043\/live\/d63c4da0-1fc5-11f0-9060-674316cb3a1f.jpg.webp 624w, https:\/\/ichef.bbci.co.uk\/ace\/ws\/800\/cpsprodpb\/4043\/live\/d63c4da0-1fc5-11f0-9060-674316cb3a1f.jpg.webp 800w\" alt=\"Fi\u00e9is participam da prociss\u00e3o do Dia de Santa B\u00e1rbara entre a Igreja Nossa Senhora do Ros\u00e1rio dos Pretos e o Corpo de Bombeiros em Salvador, Bahia, em 4 de dezembro de 2024\" width=\"600\" height=\"400\" \/><\/p>\n<p class=\"bbc-by8ykd\" role=\"text\"><span class=\"bbc-m04vo2\">CR\u00c9DITO, <\/span><span lang=\"en-GB\">AFP<\/span><\/p>\n<\/div><figcaption class=\"bbc-15f1ujd\" dir=\"ltr\"><span role=\"text\"><span class=\"bbc-m04vo2\">Legenda da foto, <\/span><span data-testid=\"caption-paragraph\">Mulheres s\u00e3o maioria dos fi\u00e9is, mas at\u00e9 hoje n\u00e3o podem ser ordenadas sacerdotes na Igreja Cat\u00f3lica<\/span><\/span><\/figcaption><\/figure>\n<div class=\"bbc-19j92fr ebmt73l0\" dir=\"ltr\">\n<p class=\"bbc-hhl7in e17g058b0\" dir=\"ltr\">Frei Betto cobra uma &#8220;reforma profunda&#8221; para renovar &#8220;a quest\u00e3o vocacional do clero&#8221;.<\/p>\n<\/div>\n<div class=\"bbc-19j92fr ebmt73l0\" dir=\"ltr\">\n<p class=\"bbc-hhl7in e17g058b0\" dir=\"ltr\">&#8220;Primeiro, tem de acabar com o celibato obrigat\u00f3rio. Em segundo lugar, na vida religiosa deveria haver comunidades mistas, com votos, compromissos, n\u00e3o para toda a vida como ainda \u00e9 hoje, mas por dois, tr\u00eas anos, cinco anos&#8221;, diz o frei.<\/p>\n<\/div>\n<div class=\"bbc-19j92fr ebmt73l0\" dir=\"ltr\">\n<p class=\"bbc-hhl7in e17g058b0\" dir=\"ltr\">&#8220;Os jovens iriam aderir \u00e0 espiritualidade dominicana, franciscana, jesu\u00edtica, etc., por um per\u00edodo determinado. Depois, poderiam renovar esse compromisso, ou n\u00e3o renovar.&#8221;<\/p>\n<\/div>\n<div class=\"bbc-19j92fr ebmt73l0\" dir=\"ltr\">\n<p class=\"bbc-hhl7in e17g058b0\" dir=\"ltr\">Ribeiro Neto pondera, no entanto, que a quest\u00e3o \u00e9 outra. &#8220;O problema n\u00e3o \u00e9 o celibato, como tantos dizem, mas sim a oferta de novos caminhos profissionais mais atraentes do que o trabalho pastoral&#8221;, argumenta o soci\u00f3logo.<\/p>\n<\/div>\n<div class=\"bbc-19j92fr ebmt73l0\" dir=\"ltr\">\n<p class=\"bbc-hhl7in e17g058b0\" dir=\"ltr\">&#8220;Conhe\u00e7o muitas pessoas que optaram por uma vida de consagrados celibat\u00e1rios, mantendo uma vida comunit\u00e1ria, como nas ordens religiosas tradicionais, mas sem o compromisso pastoral t\u00edpico dos padres.&#8221;<\/p>\n<\/div>\n<div class=\"bbc-19j92fr ebmt73l0\" dir=\"ltr\">\n<p class=\"bbc-hhl7in e17g058b0\" dir=\"ltr\">Not\u00edcias envolvendo abusos sexuais praticados por sacerdotes ainda minam a credibilidade da vida religiosa. Este \u00e9 mais um ingrediente que, no entendimento de especialistas, diminui o interesse pela carreira.<\/p>\n<\/div>\n<div class=\"bbc-19j92fr ebmt73l0\" dir=\"ltr\">\n<p class=\"bbc-hhl7in e17g058b0\" dir=\"ltr\">&#8220;Esc\u00e2ndalos e abusos podem ser comparados com o c\u00e2ncer. Mesmo n\u00e3o sendo algo normal, sempre algu\u00e9m vai desenvolver a doen\u00e7a&#8221;, diz Souza.<\/p>\n<\/div>\n<div class=\"bbc-19j92fr ebmt73l0\" dir=\"ltr\">\n<p class=\"bbc-hhl7in e17g058b0\" dir=\"ltr\">A orienta\u00e7\u00e3o de Francisco, em seu papado, foi de n\u00e3o buscar abafar tais casos e lev\u00e1-los para a Justi\u00e7a comum, embora alguns cr\u00edticos do papa afirmem que ele n\u00e3o enfrentou esse problema como se esperava.<\/p>\n<\/div>\n<div class=\"bbc-19j92fr ebmt73l0\" dir=\"ltr\">\n<p class=\"bbc-hhl7in e17g058b0\" dir=\"ltr\">&#8220;Hoje, com a internet, qualquer den\u00fancia ou caso comprovado \u00e9 divulgado com muita rapidez a um grande contingente de pessoas. Da mesma forma, todos os processos disciplinares deveriam ser divulgados a fim de mitigar os efeitos delet\u00e9rios dos esc\u00e2ndalos&#8221;, diz Ribeiro.<\/p>\n<\/div>\n<div class=\"bbc-19j92fr ebmt73l0\" dir=\"ltr\">\n<p class=\"bbc-hhl7in e17g058b0\" dir=\"ltr\">&#8220;\u00c9 imprescind\u00edvel que a igreja desenvolva total transpar\u00eancia acerca dos problemas em que possa estar envolvida.&#8221;<\/p>\n<\/div>\n<div class=\"bbc-19j92fr ebmt73l0\" dir=\"ltr\">\n<h2 id=\"Atua\u00e7\u00e3o-pol\u00edtica-e-polariza\u00e7\u00e3o\" class=\"bbc-1lgzob2 eglt09e0\" tabindex=\"-1\">Atua\u00e7\u00e3o pol\u00edtica e polariza\u00e7\u00e3o<\/h2>\n<\/div>\n<div class=\"bbc-19j92fr ebmt73l0\" dir=\"ltr\">\n<p class=\"bbc-hhl7in e17g058b0\" dir=\"ltr\">Ao longo de seu pontificado, Francisco demonstrou que a Igreja Cat\u00f3lica n\u00e3o pode ficar alheia ao mundo contempor\u00e2neo, diz Frei Betto, posi\u00e7\u00e3o que \u00e9 compartilhada por outros especialistas ouvidos pela BBC News Brasil<\/p>\n<\/div>\n<div class=\"bbc-19j92fr ebmt73l0\" dir=\"ltr\">\n<p class=\"bbc-hhl7in e17g058b0\" dir=\"ltr\">De forma concreta, Francisco demonstrou preocupa\u00e7\u00f5es pol\u00edticas, sociais e ambientais. Publicou uma enc\u00edclica, a <i class=\"bbc-h1y5j7 eih42320\">Laudato Si&#8217;<\/i>, sobre o meio ambiente. Discursou contra o que ele considerou abusos do capitalismo. Demonstrou in\u00fameras vezes que acredita ser importante um catolicismo que se preocupe com quest\u00f5es sociais.<\/p>\n<\/div>\n<div class=\"bbc-19j92fr ebmt73l0\" dir=\"ltr\">\n<p class=\"bbc-hhl7in e17g058b0\" dir=\"ltr\">Em um contexto de polariza\u00e7\u00e3o pol\u00edtica, Francisco foi muitas vezes taxado como &#8220;comunista&#8221; pelos mais conservadores. Em sua defesa, especialistas dizem que ele n\u00e3o partidarizou a f\u00e9 \u2014 e tudo o que fez foi se guiar por ensinamentos na base da mensagem do cristianismo: o amor ao pr\u00f3ximo, a solidariedade e a fraternidade.<\/p>\n<\/div>\n<figure class=\"bbc-1qn0xuy\">\n<div class=\"bbc-18ywsw9\"><img data-recalc-dims=\"1\" loading=\"lazy\" decoding=\"async\" class=\"bbc-139onq\" src=\"https:\/\/i0.wp.com\/ichef.bbci.co.uk\/ace\/ws\/640\/cpsprodpb\/1773\/live\/22368770-1fc6-11f0-9060-674316cb3a1f.jpg.webp?resize=600%2C400&#038;ssl=1\" sizes=\"auto, (min-width: 1008px) 760px, 100vw\" srcset=\"https:\/\/ichef.bbci.co.uk\/ace\/ws\/240\/cpsprodpb\/1773\/live\/22368770-1fc6-11f0-9060-674316cb3a1f.jpg.webp 240w, https:\/\/ichef.bbci.co.uk\/ace\/ws\/320\/cpsprodpb\/1773\/live\/22368770-1fc6-11f0-9060-674316cb3a1f.jpg.webp 320w, https:\/\/ichef.bbci.co.uk\/ace\/ws\/480\/cpsprodpb\/1773\/live\/22368770-1fc6-11f0-9060-674316cb3a1f.jpg.webp 480w, https:\/\/ichef.bbci.co.uk\/ace\/ws\/624\/cpsprodpb\/1773\/live\/22368770-1fc6-11f0-9060-674316cb3a1f.jpg.webp 624w, https:\/\/ichef.bbci.co.uk\/ace\/ws\/800\/cpsprodpb\/1773\/live\/22368770-1fc6-11f0-9060-674316cb3a1f.jpg.webp 800w\" alt=\"Fi\u00e9is cat\u00f3licos lamentam a morte do Papa Francisco com velas em frente a um mural com o retrato do pont\u00edfice, em D\u00edli, Timor Leste, em 22 de abril de 2025\" width=\"600\" height=\"400\" \/><\/p>\n<p class=\"bbc-by8ykd\" role=\"text\"><span class=\"bbc-m04vo2\">CR\u00c9DITO, <\/span><span lang=\"en-GB\">AFP<\/span><\/p>\n<\/div><figcaption class=\"bbc-15f1ujd\" dir=\"ltr\"><span role=\"text\"><span class=\"bbc-m04vo2\">Legenda da foto, <\/span><span data-testid=\"caption-paragraph\">Em um contexto de polariza\u00e7\u00e3o pol\u00edtica, Francisco foi muitas vezes taxado como &#8216;comunista&#8217; pelos mais conservadores<\/span><\/span><\/figcaption><\/figure>\n<div class=\"bbc-19j92fr ebmt73l0\" dir=\"ltr\">\n<p class=\"bbc-hhl7in e17g058b0\" dir=\"ltr\">&#8220;A Igreja deve envolver-se cada vez mais com a sociedade brasileira e atuar diretamente com os problemas das comunidades onde se insere&#8221;, argumenta Ribeiro.<\/p>\n<\/div>\n<div class=\"bbc-19j92fr ebmt73l0\" dir=\"ltr\">\n<p class=\"bbc-hhl7in e17g058b0\" dir=\"ltr\">Especialistas ouvidos pela reportagem entendem que a Igreja Cat\u00f3lica deve se posicionar sobre temas de relev\u00e2ncia contempor\u00e2nea, mas tomando o cuidado de ser coerente com seus princ\u00edpios e n\u00e3o simplesmente se alinhar a ideologias pol\u00edticas.<\/p>\n<\/div>\n<div class=\"bbc-19j92fr ebmt73l0\" dir=\"ltr\">\n<p class=\"bbc-hhl7in e17g058b0\" dir=\"ltr\">&#8220;Sabemos que n\u00e3o devemos fazer campanha nem tomar partido pol\u00edtico, mas a verdadeira pol\u00edtica que \u00e9 a busca do bem-comum \u00e9 nossa miss\u00e3o tamb\u00e9m&#8221;, diz Souza.<\/p>\n<\/div>\n<div class=\"bbc-19j92fr ebmt73l0\" dir=\"ltr\">\n<p class=\"bbc-hhl7in e17g058b0\" dir=\"ltr\">Para o te\u00f3logo, &#8220;a polariza\u00e7\u00e3o se d\u00e1 porque as pessoas vivem presas em seus mundos pequenos e relacionam-se com os demais como se fossem inimigos e n\u00e3o como humanos e semelhantes&#8221;.<\/p>\n<\/div>\n<div class=\"bbc-19j92fr ebmt73l0\" dir=\"ltr\">\n<p class=\"bbc-hhl7in e17g058b0\" dir=\"ltr\">Zamagna aponta que a Igreja tem uma doutrina social que n\u00e3o pode ser ignorada ou esquecida. &#8220;Faz parte desta doutrina trabalhar pela erradica\u00e7\u00e3o da mis\u00e9ria, combater as desigualdades, preservar o meio ambiente. A espiritualidade crist\u00e3 abarca todos esses desafios, com empatia&#8221;, diz o professor.<\/p>\n<\/div>\n<div class=\"bbc-19j92fr ebmt73l0\" dir=\"ltr\">\n<p class=\"bbc-hhl7in e17g058b0\" dir=\"ltr\">&#8220;Mas h\u00e1 quem pense que a Igreja deveria estar confinada em um claustro, em um falso purismo que a afastaria da pol\u00edtica, da economia, da diplomacia, da cultura etc. Estas pessoas evidentemente, por ignor\u00e2ncia ou des\u00edgnios escusos, n\u00e3o compreendem ou ficam escandalizadas com a a\u00e7\u00e3o social da Igreja&#8221;, prossegue.<\/p>\n<\/div>\n<div class=\"bbc-19j92fr ebmt73l0\" dir=\"ltr\">\n<p class=\"bbc-hhl7in e17g058b0\" dir=\"ltr\">&#8220;\u00c9, por exemplo, o caso da a\u00e7\u00e3o da Igreja na Amaz\u00f4nia, onde a floresta deve ser preservada, e por isso deve-se condenar, denunciar e lutar pelos ind\u00edgenas, seringueiros, ribeirinhos e posseiros que s\u00e3o sistematicamente explorados por madeireiras, garimpos, mineradoras, contrabandistas e narcotraficantes.&#8221;<\/p>\n<\/div>\n<figure class=\"bbc-1qn0xuy\">\n<div class=\"bbc-18ywsw9\"><img data-recalc-dims=\"1\" loading=\"lazy\" decoding=\"async\" class=\"bbc-139onq\" src=\"https:\/\/i0.wp.com\/ichef.bbci.co.uk\/ace\/ws\/640\/cpsprodpb\/5ff0\/live\/69b8f4c0-1fc6-11f0-8c2e-77498b1ce297.jpg.webp?resize=600%2C400&#038;ssl=1\" sizes=\"auto, (min-width: 1008px) 760px, 100vw\" srcset=\"https:\/\/ichef.bbci.co.uk\/ace\/ws\/240\/cpsprodpb\/5ff0\/live\/69b8f4c0-1fc6-11f0-8c2e-77498b1ce297.jpg.webp 240w, https:\/\/ichef.bbci.co.uk\/ace\/ws\/320\/cpsprodpb\/5ff0\/live\/69b8f4c0-1fc6-11f0-8c2e-77498b1ce297.jpg.webp 320w, https:\/\/ichef.bbci.co.uk\/ace\/ws\/480\/cpsprodpb\/5ff0\/live\/69b8f4c0-1fc6-11f0-8c2e-77498b1ce297.jpg.webp 480w, https:\/\/ichef.bbci.co.uk\/ace\/ws\/624\/cpsprodpb\/5ff0\/live\/69b8f4c0-1fc6-11f0-8c2e-77498b1ce297.jpg.webp 624w, https:\/\/ichef.bbci.co.uk\/ace\/ws\/800\/cpsprodpb\/5ff0\/live\/69b8f4c0-1fc6-11f0-8c2e-77498b1ce297.jpg.webp 800w\" alt=\"Uma igreja remota em uma pequena vila ao longo do rio Xi\u00e9, na Amaz\u00f4nia brasileira\" width=\"600\" height=\"400\" \/><\/p>\n<p class=\"bbc-by8ykd\" role=\"text\"><span class=\"bbc-m04vo2\">CR\u00c9DITO, <\/span><span lang=\"en-GB\">GETTY IMAGES<\/span><\/p>\n<\/div><figcaption class=\"bbc-15f1ujd\" dir=\"ltr\"><span role=\"text\"><span class=\"bbc-m04vo2\">Legenda da foto, <\/span><span data-testid=\"caption-paragraph\">A Amaz\u00f4nia tem merecido um olhar especial nos \u00faltimos anos e isto deve continuar por parte da Igreja. Na foto, uma igreja remota em vila \u00e0s margens do rio Xi\u00e9<\/span><\/span><\/figcaption><\/figure>\n<div class=\"bbc-19j92fr ebmt73l0\" dir=\"ltr\">\n<p class=\"bbc-hhl7in e17g058b0\" dir=\"ltr\">A Amaz\u00f4nia tem merecido um olhar especial nos \u00faltimos anos e isto deve continuar por parte da Igreja. Ap\u00f3s o S\u00ednodo de 2019, estudou-se at\u00e9 mesmo a cria\u00e7\u00e3o de um rito lit\u00fargico adaptado \u00e0 realidade dos povos origin\u00e1rios amaz\u00f4nicos. Isso ainda n\u00e3o avan\u00e7ou, mas n\u00e3o significa que a ideia tenha sido descartada.<\/p>\n<\/div>\n<div class=\"bbc-19j92fr ebmt73l0\" dir=\"ltr\">\n<p class=\"bbc-hhl7in e17g058b0\" dir=\"ltr\">&#8220;Depois do Conc\u00edlio Vaticano 2\u00ba, conclu\u00eddo em 1965, a Igreja abriu-se para o mundo, deixando que a luz das diversas culturas entrasse por suas janelas e portas&#8221;, contextualiza Souza.<\/p>\n<\/div>\n<div class=\"bbc-19j92fr ebmt73l0\" dir=\"ltr\">\n<p class=\"bbc-hhl7in e17g058b0\" dir=\"ltr\">&#8220;Ainda h\u00e1 muita resist\u00eancia \u00e0s mudan\u00e7as, mas n\u00e3o se pode fechar os olhos diante dos desafios em diversos \u00e2mbitos. Algumas propostas de celebra\u00e7\u00e3o da f\u00e9 mais adaptada \u00e0 realidade local v\u00eam sendo acolhidas pela Igreja, mas de modo muito devagar.&#8221;<\/p>\n<\/div>\n<div class=\"bbc-19j92fr ebmt73l0\" dir=\"ltr\">\n<p class=\"bbc-hhl7in e17g058b0\" dir=\"ltr\">Ele acredita que &#8220;os frutos do S\u00ednodo&#8221; dedicado \u00e0 Amaz\u00f4nia ainda &#8220;est\u00e3o por serem colhidos no futuro&#8221;.<\/p>\n<\/div>\n<div class=\"bbc-19j92fr ebmt73l0\" dir=\"ltr\">\n<p class=\"bbc-hhl7in e17g058b0\" dir=\"ltr\">Ribeiro ressalta que o debate amaz\u00f4nico tamb\u00e9m significou maior espa\u00e7o e visibilidade para as mulheres.<\/p>\n<\/div>\n<div class=\"bbc-19j92fr ebmt73l0\" dir=\"ltr\">\n<p class=\"bbc-hhl7in e17g058b0\" dir=\"ltr\">&#8220;O S\u00ednodo da Amaz\u00f4nia foi uma clara demonstra\u00e7\u00e3o da for\u00e7a feminina na Igreja das florestas. Mesmo extraoficialmente, as mulheres t\u00eam desempenhado sua lideran\u00e7a eclesi\u00e1stica perante as comunidades amaz\u00f4nicas&#8221;, comenta.<\/p>\n<\/div>\n<div class=\"bbc-19j92fr ebmt73l0\" dir=\"ltr\">\n<p class=\"bbc-hhl7in e17g058b0\" dir=\"ltr\">N\u00e3o h\u00e1 nada que seja humano que n\u00e3o interesse \u00e0 Igreja, resume Frei Betto.<\/p>\n<\/div>\n<div class=\"bbc-19j92fr ebmt73l0\" dir=\"ltr\">\n<p class=\"bbc-hhl7in e17g058b0\" dir=\"ltr\">&#8220;A Igreja ainda faz, muitas vezes, uma divis\u00e3o que n\u00e3o existe na pr\u00e1tica de Jesus entre aquilo que \u00e9 pol\u00edtico e aquilo que \u00e9 religioso. Ora, tudo o que \u00e9 religioso \u00e9 pol\u00edtico. A sabedoria \u00e9 n\u00e3o confessionalizar a pol\u00edtica e n\u00e3o partidarizar a religi\u00e3o.&#8221;<\/p>\n<\/div>\n<\/div>\n<\/div>\n","protected":false},"excerpt":{"rendered":"<p>Edison Veiga, De Bled (Eslov\u00eania) para a BBC News Brasil &#8211; A Igreja Cat\u00f3lica enfrenta nesta primeira metade do s\u00e9culo 21 no Brasil, o maior pa\u00eds cat\u00f3lico do mundo, desafios t\u00e3o grandes quanto sua relev\u00e2ncia na sociedade brasileira.<\/p>\n","protected":false},"author":1,"featured_media":0,"comment_status":"closed","ping_status":"open","sticky":false,"template":"","format":"standard","meta":{"_exactmetrics_skip_tracking":false,"_exactmetrics_sitenote_active":false,"_exactmetrics_sitenote_note":"","_exactmetrics_sitenote_category":0,"jetpack_post_was_ever_published":false,"_jetpack_newsletter_access":"","_jetpack_dont_email_post_to_subs":false,"_jetpack_newsletter_tier_id":0,"_jetpack_memberships_contains_paywalled_content":false,"_jetpack_memberships_contains_paid_content":false,"footnotes":"","jetpack_publicize_message":"","jetpack_publicize_feature_enabled":true,"jetpack_social_post_already_shared":true,"jetpack_social_options":{"image_generator_settings":{"template":"highway","enabled":false},"version":2}},"categories":[1],"tags":[5,1307,1308,1309],"class_list":["post-36732","post","type-post","status-publish","format-standard","hentry","category-notas","tag-brasil","tag-catolicismo","tag-igreja","tag-padres"],"jetpack_publicize_connections":[],"jetpack_sharing_enabled":true,"jetpack_featured_media_url":"","jetpack_shortlink":"https:\/\/wp.me\/p7wKYW-9ys","jetpack-related-posts":[],"_links":{"self":[{"href":"http:\/\/blogdalucianaoliveira.com.br\/blog\/wp-json\/wp\/v2\/posts\/36732","targetHints":{"allow":["GET"]}}],"collection":[{"href":"http:\/\/blogdalucianaoliveira.com.br\/blog\/wp-json\/wp\/v2\/posts"}],"about":[{"href":"http:\/\/blogdalucianaoliveira.com.br\/blog\/wp-json\/wp\/v2\/types\/post"}],"author":[{"embeddable":true,"href":"http:\/\/blogdalucianaoliveira.com.br\/blog\/wp-json\/wp\/v2\/users\/1"}],"replies":[{"embeddable":true,"href":"http:\/\/blogdalucianaoliveira.com.br\/blog\/wp-json\/wp\/v2\/comments?post=36732"}],"version-history":[{"count":1,"href":"http:\/\/blogdalucianaoliveira.com.br\/blog\/wp-json\/wp\/v2\/posts\/36732\/revisions"}],"predecessor-version":[{"id":36735,"href":"http:\/\/blogdalucianaoliveira.com.br\/blog\/wp-json\/wp\/v2\/posts\/36732\/revisions\/36735"}],"wp:attachment":[{"href":"http:\/\/blogdalucianaoliveira.com.br\/blog\/wp-json\/wp\/v2\/media?parent=36732"}],"wp:term":[{"taxonomy":"category","embeddable":true,"href":"http:\/\/blogdalucianaoliveira.com.br\/blog\/wp-json\/wp\/v2\/categories?post=36732"},{"taxonomy":"post_tag","embeddable":true,"href":"http:\/\/blogdalucianaoliveira.com.br\/blog\/wp-json\/wp\/v2\/tags?post=36732"}],"curies":[{"name":"wp","href":"https:\/\/api.w.org\/{rel}","templated":true}]}}