{"id":36736,"date":"2025-04-23T08:28:18","date_gmt":"2025-04-23T12:28:18","guid":{"rendered":"https:\/\/blogdalucianaoliveira.com.br\/blog\/?p=36736"},"modified":"2025-04-23T08:28:18","modified_gmt":"2025-04-23T12:28:18","slug":"violencia-no-campo-bate-recorde-na-ultima-decada-e-areas-de-avanco-do-agronegocio-concentram-casos-de-assassinatos","status":"publish","type":"post","link":"http:\/\/blogdalucianaoliveira.com.br\/blog\/2025\/04\/23\/violencia-no-campo-bate-recorde-na-ultima-decada-e-areas-de-avanco-do-agronegocio-concentram-casos-de-assassinatos\/","title":{"rendered":"Viol\u00eancia no campo bate recorde na \u00faltima d\u00e9cada e \u00e1reas de avan\u00e7o do agroneg\u00f3cio concentram casos de assassinatos"},"content":{"rendered":"<p><img data-recalc-dims=\"1\" loading=\"lazy\" decoding=\"async\" data-attachment-id=\"36737\" data-permalink=\"http:\/\/blogdalucianaoliveira.com.br\/blog\/2025\/04\/23\/violencia-no-campo-bate-recorde-na-ultima-decada-e-areas-de-avanco-do-agronegocio-concentram-casos-de-assassinatos\/img_1256\/\" data-orig-file=\"https:\/\/i0.wp.com\/blogdalucianaoliveira.com.br\/blog\/wp-content\/uploads\/2025\/04\/IMG_1256.jpeg?fit=1140%2C815\" data-orig-size=\"1140,815\" data-comments-opened=\"0\" data-image-meta=\"{&quot;aperture&quot;:&quot;0&quot;,&quot;credit&quot;:&quot;&quot;,&quot;camera&quot;:&quot;&quot;,&quot;caption&quot;:&quot;&quot;,&quot;created_timestamp&quot;:&quot;0&quot;,&quot;copyright&quot;:&quot;&quot;,&quot;focal_length&quot;:&quot;0&quot;,&quot;iso&quot;:&quot;0&quot;,&quot;shutter_speed&quot;:&quot;0&quot;,&quot;title&quot;:&quot;&quot;,&quot;orientation&quot;:&quot;0&quot;}\" data-image-title=\"IMG_1256\" data-image-description=\"\" data-image-caption=\"\" data-medium-file=\"https:\/\/i0.wp.com\/blogdalucianaoliveira.com.br\/blog\/wp-content\/uploads\/2025\/04\/IMG_1256.jpeg?fit=300%2C214\" data-large-file=\"https:\/\/i0.wp.com\/blogdalucianaoliveira.com.br\/blog\/wp-content\/uploads\/2025\/04\/IMG_1256.jpeg?fit=600%2C429\" class=\"alignnone size-medium wp-image-36737\" src=\"https:\/\/i0.wp.com\/blogdalucianaoliveira.com.br\/blog\/wp-content\/uploads\/2025\/04\/IMG_1256.jpeg?resize=300%2C214\" alt=\"\" width=\"300\" height=\"214\" srcset=\"https:\/\/i0.wp.com\/blogdalucianaoliveira.com.br\/blog\/wp-content\/uploads\/2025\/04\/IMG_1256.jpeg?resize=300%2C214 300w, https:\/\/i0.wp.com\/blogdalucianaoliveira.com.br\/blog\/wp-content\/uploads\/2025\/04\/IMG_1256.jpeg?resize=1024%2C732 1024w, https:\/\/i0.wp.com\/blogdalucianaoliveira.com.br\/blog\/wp-content\/uploads\/2025\/04\/IMG_1256.jpeg?resize=768%2C549 768w, https:\/\/i0.wp.com\/blogdalucianaoliveira.com.br\/blog\/wp-content\/uploads\/2025\/04\/IMG_1256.jpeg?resize=420%2C300 420w, https:\/\/i0.wp.com\/blogdalucianaoliveira.com.br\/blog\/wp-content\/uploads\/2025\/04\/IMG_1256.jpeg?w=1140 1140w\" sizes=\"auto, (max-width: 300px) 100vw, 300px\" \/><\/p>\n<h2 class=\"jeg_post_subtitle\">Dados s\u00e3o do Relat\u00f3rio de Conflitos no Campo no Brasil em 2024, publicado pela Comiss\u00e3o Pastoral da Terra<\/h2>\n<p><!--more--><\/p>\n<p><strong>Brasil de Fato<\/strong> &#8211; As disputas por terra bateram recordes em 2024, com destaque para as <a href=\"https:\/\/www.brasildefato.com.br\/2025\/02\/06\/fronteira-agricola-do-matopiba-concentra-82-do-desmatamento-do-cerrado-em-2024\/\">fronteiras agr\u00edcolas<\/a>, onde est\u00e3o concentrados os casos de viol\u00eancia contra a vida.<\/p>\n<p>Seguindo a tend\u00eancia nacional, Amacro (sigla para Amazonas, Acre e Rond\u00f4nia) e Matopiba (Maranh\u00e3o, Tocantins, Piau\u00ed e Bahia) tiveram os n\u00fameros mais altos de conflito em dez anos. Na Amacro, a CPT registrou 185 casos, dois a mais que o per\u00edodo anterior, em 2023. No Matopiba, os n\u00fameros s\u00e3o mais expressivos: foram 415 conflitos por terra no ano passado. O recorde anterior era de 253 casos em 2016.<\/p>\n<div class=\"jeg_ad jeg_ad_article jnews_content_inline_ads  \">\n<div class=\"ads-wrapper align-center \">\n<div class=\"ads_shortcode\">\n<div class=\"ads-region-container\" data-slot=\"artigos-leaderboard-incontent-1\" data-region=\"br\" data-slot-name=\"artigos-leaderboard-incontent-1-br\" data-agent=\"WordPress\">\n<div id=\"div-gpt-ad-artigos-medium_incontent_1\" class=\"ad-slot\"><\/div>\n<\/div>\n<\/div>\n<\/div>\n<\/div>\n<p>Embora 2024 seja o ano com menor n\u00famero de assassinatos da \u00faltima d\u00e9cada, 62% dos casos foram registrados nas \u00e1reas de expans\u00e3o do agroneg\u00f3cio, onde os relatos de amea\u00e7as s\u00e3o constantes. Dos 13 assassinatos registrados no \u00faltimo ano, oito foram na Amaz\u00f4nia Legal, sendo tr\u00eas no <a href=\"https:\/\/www.brasildefato.com.br\/2025\/02\/06\/fronteira-agricola-do-matopiba-concentra-82-do-desmatamento-do-cerrado-em-2024\/\" data-type=\"link\" data-id=\"https:\/\/www.brasildefato.com.br\/2025\/02\/06\/fronteira-agricola-do-matopiba-concentra-82-do-desmatamento-do-cerrado-em-2024\/\">Matopiba <\/a>e um na Amacro. No relat\u00f3rio, a CPT classifica a Amaz\u00f4nia Legal como \u00e1rea de expans\u00e3o da pecu\u00e1ria e das planta\u00e7\u00f5es de soja, com sobreposi\u00e7\u00e3o das outras duas fronteiras agr\u00edcolas.<\/p>\n<p>\u201cO Matopiba \u00e9 quase o dobro do tamanho da \u00e1rea da Amacro, tanto em n\u00famero de quil\u00f4metros quadrados quanto de popula\u00e7\u00e3o, munic\u00edpios, etc. Se tomarmos, no entanto, uma vis\u00e3o proporcional, a agressividade e a viol\u00eancia na Amacro tem maior expressividade\u201d, explica Afonso Chagas, pesquisador da Universidade Federal de Rond\u00f4nia (Unir) e assessor jur\u00eddico da CPT.<\/p>\n<div class=\"jeg_ad jeg_ad_article jnews_content_inline_2_ads  \">\n<div class=\"ads-wrapper align-center \">\n<div class=\"ads_shortcode\">\n<div class=\"ads-region-container\" data-slot=\"artigos-leaderboard-incontent-2\" data-region=\"br\" data-slot-name=\"artigos-leaderboard-incontent-2-br\" data-agent=\"WordPress\">\n<div id=\"div-gpt-ad-artigos-medium_incontent_2\" class=\"ad-slot\"><\/div>\n<\/div>\n<\/div>\n<\/div>\n<\/div>\n<p>Embora sejam regi\u00f5es distantes, o modo de agir dos agressores \u00e9 semelhante. Homens que se intitulam donos da terra chegam de surpresa e bloqueiam vias usadas pelos antigos moradores. Para isso, usam cercas ou jagun\u00e7os armados. Depois, incendeiam as casas de quem insiste em permanecer na \u00e1rea. Amea\u00e7as e agress\u00f5es n\u00e3o s\u00e3o incomuns. Nos casos extremos, h\u00e1 tortura e assassinatos.<\/p>\n<figure class=\"wp-block-image size-large\"><img data-recalc-dims=\"1\" loading=\"lazy\" decoding=\"async\" class=\"wp-image-678595 lazy loaded\" src=\"https:\/\/i0.wp.com\/assets.brasildefato.com.br\/2025\/04\/20250417-Conflitos-fronteiras-agricolas-1024x885.jpg?resize=600%2C519&#038;ssl=1\" sizes=\"auto, (max-width: 1024px) 100vw, 1024px\" srcset=\"https:\/\/assets.brasildefato.com.br\/2025\/04\/20250417-Conflitos-fronteiras-agricolas-300x259.jpg 300w, https:\/\/assets.brasildefato.com.br\/2025\/04\/20250417-Conflitos-fronteiras-agricolas-1024x885.jpg 1024w, https:\/\/assets.brasildefato.com.br\/2025\/04\/20250417-Conflitos-fronteiras-agricolas-768x663.jpg 768w, https:\/\/assets.brasildefato.com.br\/2025\/04\/20250417-Conflitos-fronteiras-agricolas-1536x1327.jpg 1536w, https:\/\/assets.brasildefato.com.br\/2025\/04\/20250417-Conflitos-fronteiras-agricolas-750x536.jpg 750w, https:\/\/assets.brasildefato.com.br\/2025\/04\/20250417-Conflitos-fronteiras-agricolas-1140x815.jpg 1140w, https:\/\/assets.brasildefato.com.br\/2025\/04\/20250417-Conflitos-fronteiras-agricolas.jpg 1645w\" alt=\"\" width=\"600\" height=\"519\" data-src=\"https:\/\/assets.brasildefato.com.br\/2025\/04\/20250417-Conflitos-fronteiras-agricolas-1024x885.jpg\" data-srcset=\"https:\/\/assets.brasildefato.com.br\/2025\/04\/20250417-Conflitos-fronteiras-agricolas-300x259.jpg 300w, https:\/\/assets.brasildefato.com.br\/2025\/04\/20250417-Conflitos-fronteiras-agricolas-1024x885.jpg 1024w, https:\/\/assets.brasildefato.com.br\/2025\/04\/20250417-Conflitos-fronteiras-agricolas-768x663.jpg 768w, https:\/\/assets.brasildefato.com.br\/2025\/04\/20250417-Conflitos-fronteiras-agricolas-1536x1327.jpg 1536w, https:\/\/assets.brasildefato.com.br\/2025\/04\/20250417-Conflitos-fronteiras-agricolas-750x536.jpg 750w, https:\/\/assets.brasildefato.com.br\/2025\/04\/20250417-Conflitos-fronteiras-agricolas-1140x815.jpg 1140w, https:\/\/assets.brasildefato.com.br\/2025\/04\/20250417-Conflitos-fronteiras-agricolas.jpg 1645w\" data-sizes=\"(max-width: 1024px) 100vw, 1024px\" data-pin-no-hover=\"true\" data-was-processed=\"true\" \/><\/figure>\n<p>\u201cChegaram l\u00e1 para arrancar n\u00f3s com jagun\u00e7o, policial, pegaram as coisas de dentro de casa e jogaram dentro do carro deles\u201d, conta Matias*, agricultor morador do Seringal Entre Rios, no munic\u00edpio de L\u00e1brea (AM). \u201cJogaram l\u00e1 do outro lado da estrada, deixaram numa casa do vizinho, mais para frente, assim, na lateral da estrada. Estragou todas as coisas\u201d, conta.<\/p>\n<div class=\"jeg_ad jeg_ad_article jnews_content_inline_3_ads  \">\n<div class=\"ads-wrapper align-center \">\n<div class=\"ads_shortcode\">\n<div class=\"ads-region-container\" data-slot=\"artigos-leaderboard-incontent-3\" data-region=\"br\" data-slot-name=\"artigos-leaderboard-incontent-3-br\" data-agent=\"WordPress\"><\/div>\n<\/div>\n<\/div>\n<\/div>\n<p>No Seringal Entre Rios, a Pastoral registrou quatro conflitos no ano passado, envolvendo cerca de 180 fam\u00edlias.<\/p>\n<p>Matias foi expulso em 2019 e at\u00e9 hoje tenta reaver as terras. \u201cAt\u00e9 hoje, nunca foi resolvido nada\u201d, lamenta. O fazendeiro que tomou a \u00e1rea bloqueou a estrada de acesso \u00e0 cidade de Boca do Acre (AM) e, ainda hoje, as fam\u00edlias da regi\u00e3o lutam para conseguir desobstruir a passagem. \u201cEst\u00e3o se batendo at\u00e9 hoje pra conseguir abrir o ramal pra entrar pra l\u00e1\u201d, conta o agricultor. Ele abandonou a \u00e1rea e buscou abrigo na casa de um familiar.<\/p>\n<p>A Amacro \u00e9 alvo do avan\u00e7o, principalmente, da pecu\u00e1ria. Na comunidade Irm\u00e3 Dorothy, cerca de 30 extrativistas ocupam a \u00e1rea, onde colhem castanha e a\u00e7a\u00ed. Em maio de 2024, eles trabalhavam na abertura de uma estrada na mata para facilitar a retirada dos produtos e lev\u00e1-los at\u00e9 a rodovia BR-317, quando foram surpreendidos pelos jagun\u00e7os armados, a mando de um conhecido fazendeiro da regi\u00e3o.<\/p>\n<p>Um homem foi atingido com dois tiros na perna e um na cabe\u00e7a. Outros tr\u00eas homens foram alvejados pelos disparos. Todos foram socorrido, mas at\u00e9 hoje os extrativistas t\u00eam resqu\u00edcios das balas alojados pelo corpo.<\/p>\n<p>\u201cL\u00e1 hoje eu n\u00e3o vejo mais uma comunidade Irm\u00e3 Dorothy, igual n\u00f3s colocamos o nome. L\u00e1 t\u00e1 mais com uma zona de guerra\u201d, diz o extrativista Mizael Magalh\u00e3es de Ara\u00fajo, um dos ocupantes da \u00e1rea.<\/p>\n<p>A comunidade Irm\u00e3 Dorothy fica na gleba Novo Natal, onde tamb\u00e9m est\u00e1 localizada a <a href=\"https:\/\/www.brasildefato.com.br\/2025\/03\/20\/acampados-da-area-mais-violenta-da-amazonia-terao-terra-demarcada-apos-dez-anos-de-ameacas\/\" data-type=\"link\" data-id=\"https:\/\/www.brasildefato.com.br\/2025\/03\/20\/acampados-da-area-mais-violenta-da-amazonia-terao-terra-demarcada-apos-dez-anos-de-ameacas\/\">comunidade Marielle Franco<\/a>, onde, por dez anos, cerca de 200 fam\u00edlias conviveram com amea\u00e7as, tortura e inc\u00eandio das casas. Em fevereiro de 2025, o Instituto Brasileiro de Coloniza\u00e7\u00e3o e Reforma Agr\u00e1ria (Incra) concluiu a arrecada\u00e7\u00e3o de uma parte da \u00e1rea para a cria\u00e7\u00e3o do assentamento Marielle Franco. A conclus\u00e3o do processo representa uma vit\u00f3ria para as fam\u00edlias da \u00e1rea.<\/p>\n<p>Agora, os ocupantes da comunidade Irm\u00e3 Dorothy aguardam pela atua\u00e7\u00e3o do Incra para que tenham a mesma garantia de alguma seguran\u00e7a jur\u00eddica. \u201cA comunidade est\u00e1 em terra p\u00fablica (\u2026) Vai dar certo, mas n\u00e3o t\u00e1 f\u00e1cil, n\u00e3o, para n\u00f3s l\u00e1 dentro\u201d, diz Ara\u00fajo.<\/p>\n<p>As \u00e1reas de pastagem na Amacro mais do que dobraram nos \u00faltimos 20 anos, segundo dados da plataforma MapBiomas. Em 2003, os pastos ocupavam pouco mais de 3 milh\u00f5es de hectares. Em 2023, a \u00e1rea destinada \u00e0 pecu\u00e1ria era de mais de 7,5 milh\u00f5es de hectares. A soja tamb\u00e9m marca presen\u00e7a na \u00e1rea, concentrada principalmente na parte norte do estado de Rond\u00f4nia.<\/p>\n<p>De cerca de um hectare de soja em 2003, a \u00e1rea destinada ao plantio do gr\u00e3o saltou para mais de 72 mil hectares em 2023 na Amacro.<\/p>\n<h4 class=\"wp-block-heading\">Matopiba<\/h4>\n<p>No Matopiba, faixa de fronteira entre Amaz\u00f4nia e Cerrado, a soja domina cada vez mais \u00e1reas do territ\u00f3rio nos estados do Maranh\u00e3o, Tocantins, Piau\u00ed e Bahia, embora os pastos ocupem muitas terras na regi\u00e3o.<\/p>\n<p>Assim como na Amacro, uma das formas de intimida\u00e7\u00e3o constantes nessa regi\u00e3o \u00e9 o bloqueio de estradas usadas pelos moradores das comunidades tradicionais, conforme relata Altamiran Ribeiro, pesquisador da Rede Social de Justi\u00e7a e Direitos Humanos.<\/p>\n<p>Ribeiro relata o caso da comunidade ribeirinha Chup\u00e9 II, no munic\u00edpio de Santa Filomena (PI), amea\u00e7ada por grileiros.<\/p>\n<p>\u201cEles n\u00e3o aceitam a comunidade acessar a estrada\u201d, conta o pesquisador, que acompanha h\u00e1 13 anos os conflitos territoriais no Piau\u00ed. \u201cA comunidade tem que dar uma volta de n\u00e3o sei quantos quil\u00f4metros para poder acessar a estrada para chegar num povoado que fica pr\u00f3ximo ao povoado que tem as escolas, tem o postinho de sa\u00fade\u201d, diz.<\/p>\n<p>Em 2003, o Matopiba tinha pouco mais de 1 milh\u00e3o de hectares ocupados por lavouras de soja. Em 2023, a \u00e1rea subiu para 4,7 milh\u00f5es de hectares. Os pastos saltaram de 11 milh\u00f5es em 2003 para 15,6 milh\u00f5es em 2023, de acordo com dados da plataforma MapBiomas.<\/p>\n<p>No movimento de busca por novas \u00e1reas para a pr\u00e1tica da monocultura, como a soja, os latifundi\u00e1rios avan\u00e7am sobre as comunidades.<\/p>\n<p>\u201cEm cima dos chapad\u00f5es do Cerrado do Piau\u00ed n\u00e3o tem mais \u00e1reas novas para ser desmatadas para ser colocado monocultivo. Ent\u00e3o, eles descem onde est\u00e3o as comunidades para for\u00e7ar a tomada das terras. As comunidades se recusam a qualquer negociata com as \u00e1reas e a\u00ed come\u00e7a a sofrer todo tipo de viol\u00eancia\u201d, explica Ribeiro.<\/p>\n<h4 class=\"wp-block-heading\">Fazendeiros e PMs s\u00e3o respons\u00e1veis por assassinatos<\/h4>\n<p>Dos 13 assassinatos registrados pela CPT em 2024, seis foram comandados por fazendeiros, de acordo com o relat\u00f3rio. A ind\u00edgena Maria de F\u00e1tima Muniz Patax\u00f3, a Nega Patax\u00f3, assassinada em janeiro do ano passado, no sul da Bahia, foi uma das v\u00edtimas dos ruralistas. A morte de Maria de F\u00e1tima foi resultado de uma mobiliza\u00e7\u00e3o do movimento ruralista <a href=\"https:\/\/www.brasildefato.com.br\/2024\/01\/30\/invasao-zero-quem-esta-por-tras-do-grupo-investigado-pela-morte-de-nega-pataxo\/\" data-type=\"link\" data-id=\"https:\/\/www.brasildefato.com.br\/2024\/01\/30\/invasao-zero-quem-esta-por-tras-do-grupo-investigado-pela-morte-de-nega-pataxo\/\">Invas\u00e3o Zero<\/a>, que agiu com apoio das for\u00e7as do Estado.<\/p>\n<p>De acordo com testemunhas, a Pol\u00edcia Militar (PM)<a href=\"https:\/\/www.brasildefato.com.br\/2024\/01\/25\/pm-abriu-caminho-para-fazendeiros-matarem-nega-pataxo-dizem-sobreviventes-de-ataque-ruralista-na-bahia\/\" data-type=\"link\" data-id=\"https:\/\/www.brasildefato.com.br\/2024\/01\/25\/pm-abriu-caminho-para-fazendeiros-matarem-nega-pataxo-dizem-sobreviventes-de-ataque-ruralista-na-bahia\/\"> abriu caminho para a mil\u00edcia rural atirar contra ind\u00edgenas<\/a> \u2013 incluindo idosos e crian\u00e7as, conforme noticiou o <strong>Brasil de Fato<\/strong>. Os pr\u00f3prios policiais tamb\u00e9m teriam efetuado disparos de arma de fogo, de acordo com as testemunhas.<\/p>\n<p>O assassinato de Nega Patax\u00f3 n\u00e3o \u00e9 um caso isolado. Em 31% dos assassinatos no campo em 2024, houve participa\u00e7\u00e3o de policiais militares, segundo a CPT.<\/p>\n<p>Os ind\u00edgenas s\u00e3o as principais v\u00edtimas da viol\u00eancia extrema. Em 2024, 79% das v\u00edtimas de tentativa de assassinato eram ind\u00edgenas. Dos 13 casos de assassinatos, cinco eram ind\u00edgenas, tr\u00eas eram sem-terra, dois eram assentados, um quilombola, um posseiro e um pequeno propriet\u00e1rio.<\/p>\n<p>&nbsp;<\/p>\n<div class=\"jeg_meta_post_footer\">\n<div class=\"jeg_meta_editors\">Editado por: Thalita Pires<\/div>\n<\/div>\n","protected":false},"excerpt":{"rendered":"<p>Dados s\u00e3o do Relat\u00f3rio de Conflitos no Campo no Brasil em 2024, publicado pela Comiss\u00e3o Pastoral da Terra<\/p>\n","protected":false},"author":1,"featured_media":0,"comment_status":"closed","ping_status":"open","sticky":false,"template":"","format":"standard","meta":{"_exactmetrics_skip_tracking":false,"_exactmetrics_sitenote_active":false,"_exactmetrics_sitenote_note":"","_exactmetrics_sitenote_category":0,"jetpack_post_was_ever_published":false,"_jetpack_newsletter_access":"","_jetpack_dont_email_post_to_subs":false,"_jetpack_newsletter_tier_id":0,"_jetpack_memberships_contains_paywalled_content":false,"_jetpack_memberships_contains_paid_content":false,"footnotes":"","jetpack_publicize_message":"","jetpack_publicize_feature_enabled":true,"jetpack_social_post_already_shared":true,"jetpack_social_options":{"image_generator_settings":{"template":"highway","enabled":false},"version":2}},"categories":[1],"tags":[742,705,619],"class_list":["post-36736","post","type-post","status-publish","format-standard","hentry","category-notas","tag-agrarios","tag-conflitos","tag-cpt"],"jetpack_publicize_connections":[],"jetpack_sharing_enabled":true,"jetpack_featured_media_url":"","jetpack_shortlink":"https:\/\/wp.me\/p7wKYW-9yw","jetpack-related-posts":[],"_links":{"self":[{"href":"http:\/\/blogdalucianaoliveira.com.br\/blog\/wp-json\/wp\/v2\/posts\/36736","targetHints":{"allow":["GET"]}}],"collection":[{"href":"http:\/\/blogdalucianaoliveira.com.br\/blog\/wp-json\/wp\/v2\/posts"}],"about":[{"href":"http:\/\/blogdalucianaoliveira.com.br\/blog\/wp-json\/wp\/v2\/types\/post"}],"author":[{"embeddable":true,"href":"http:\/\/blogdalucianaoliveira.com.br\/blog\/wp-json\/wp\/v2\/users\/1"}],"replies":[{"embeddable":true,"href":"http:\/\/blogdalucianaoliveira.com.br\/blog\/wp-json\/wp\/v2\/comments?post=36736"}],"version-history":[{"count":1,"href":"http:\/\/blogdalucianaoliveira.com.br\/blog\/wp-json\/wp\/v2\/posts\/36736\/revisions"}],"predecessor-version":[{"id":36738,"href":"http:\/\/blogdalucianaoliveira.com.br\/blog\/wp-json\/wp\/v2\/posts\/36736\/revisions\/36738"}],"wp:attachment":[{"href":"http:\/\/blogdalucianaoliveira.com.br\/blog\/wp-json\/wp\/v2\/media?parent=36736"}],"wp:term":[{"taxonomy":"category","embeddable":true,"href":"http:\/\/blogdalucianaoliveira.com.br\/blog\/wp-json\/wp\/v2\/categories?post=36736"},{"taxonomy":"post_tag","embeddable":true,"href":"http:\/\/blogdalucianaoliveira.com.br\/blog\/wp-json\/wp\/v2\/tags?post=36736"}],"curies":[{"name":"wp","href":"https:\/\/api.w.org\/{rel}","templated":true}]}}