{"id":36739,"date":"2025-04-24T11:58:30","date_gmt":"2025-04-24T15:58:30","guid":{"rendered":"https:\/\/blogdalucianaoliveira.com.br\/blog\/?p=36739"},"modified":"2025-04-24T11:58:30","modified_gmt":"2025-04-24T15:58:30","slug":"inimigos-do-papa-francisco-tomam-partido-no-inicio-da-intriga-sobre-a-sucessao-do-vaticano","status":"publish","type":"post","link":"http:\/\/blogdalucianaoliveira.com.br\/blog\/2025\/04\/24\/inimigos-do-papa-francisco-tomam-partido-no-inicio-da-intriga-sobre-a-sucessao-do-vaticano\/","title":{"rendered":"&#8216;Inimigos&#8217; do Papa Francisco tomam partido no in\u00edcio da intriga sobre a sucess\u00e3o do Vaticano"},"content":{"rendered":"<p><img data-recalc-dims=\"1\" loading=\"lazy\" decoding=\"async\" data-attachment-id=\"36740\" data-permalink=\"http:\/\/blogdalucianaoliveira.com.br\/blog\/2025\/04\/24\/inimigos-do-papa-francisco-tomam-partido-no-inicio-da-intriga-sobre-a-sucessao-do-vaticano\/img_1268-2\/\" data-orig-file=\"https:\/\/i0.wp.com\/blogdalucianaoliveira.com.br\/blog\/wp-content\/uploads\/2025\/04\/IMG_1268.png?fit=1200%2C400\" data-orig-size=\"1200,400\" data-comments-opened=\"0\" data-image-meta=\"{&quot;aperture&quot;:&quot;0&quot;,&quot;credit&quot;:&quot;&quot;,&quot;camera&quot;:&quot;&quot;,&quot;caption&quot;:&quot;&quot;,&quot;created_timestamp&quot;:&quot;0&quot;,&quot;copyright&quot;:&quot;&quot;,&quot;focal_length&quot;:&quot;0&quot;,&quot;iso&quot;:&quot;0&quot;,&quot;shutter_speed&quot;:&quot;0&quot;,&quot;title&quot;:&quot;&quot;,&quot;orientation&quot;:&quot;0&quot;}\" data-image-title=\"IMG_1268\" data-image-description=\"\" data-image-caption=\"\" data-medium-file=\"https:\/\/i0.wp.com\/blogdalucianaoliveira.com.br\/blog\/wp-content\/uploads\/2025\/04\/IMG_1268.png?fit=300%2C100\" data-large-file=\"https:\/\/i0.wp.com\/blogdalucianaoliveira.com.br\/blog\/wp-content\/uploads\/2025\/04\/IMG_1268.png?fit=600%2C200\" class=\"alignnone size-medium wp-image-36740\" src=\"https:\/\/i0.wp.com\/blogdalucianaoliveira.com.br\/blog\/wp-content\/uploads\/2025\/04\/IMG_1268.png?resize=300%2C100\" alt=\"\" width=\"300\" height=\"100\" srcset=\"https:\/\/i0.wp.com\/blogdalucianaoliveira.com.br\/blog\/wp-content\/uploads\/2025\/04\/IMG_1268.png?resize=300%2C100 300w, https:\/\/i0.wp.com\/blogdalucianaoliveira.com.br\/blog\/wp-content\/uploads\/2025\/04\/IMG_1268.png?resize=1024%2C341 1024w, https:\/\/i0.wp.com\/blogdalucianaoliveira.com.br\/blog\/wp-content\/uploads\/2025\/04\/IMG_1268.png?resize=768%2C256 768w, https:\/\/i0.wp.com\/blogdalucianaoliveira.com.br\/blog\/wp-content\/uploads\/2025\/04\/IMG_1268.png?resize=800%2C267 800w, https:\/\/i0.wp.com\/blogdalucianaoliveira.com.br\/blog\/wp-content\/uploads\/2025\/04\/IMG_1268.png?w=1200 1200w\" sizes=\"auto, (max-width: 300px) 100vw, 300px\" \/><\/p>\n<p data-pf_style_display=\"block\" data-pf_style_visibility=\"visible\"><span class=\"text-node\">O cardeal deposto por <\/span><strong data-pf_style_display=\"inline\" data-pf_style_visibility=\"visible\"><span class=\"text-node\">Bergoglio<\/span><\/strong><span class=\"text-node\">, <\/span><a href=\"https:\/\/www.ihu.unisinos.br\/categorias\/635368-cardeal-becciu-condenado-a-5-anos-e-6-meses-pelo-negocio-de-londres-o-papa-venceu-o-seu-processo-politico\" target=\"_blank\" rel=\"noopener noreferrer\" data-pf_style_display=\"inline\" data-pf_style_visibility=\"visible\"><span class=\"text-node\">Angelo Becciu<\/span><\/a><span class=\"text-node\">, exige entrar no <\/span><a href=\"https:\/\/ihu.unisinos.br\/651001-conclave-contencioso-a-confluencia-de-fatores-que-podem-influenciar-uma-eleicao-papal-artigo-de-massimo-faggioli\" target=\"_blank\" rel=\"noopener noreferrer\" data-pf_style_display=\"inline\" data-pf_style_visibility=\"visible\"><span class=\"text-node\">Conclave<\/span><\/a><span class=\"text-node\">\u00a0sob amea\u00e7a de <\/span><em data-pf_style_display=\"inline\" data-pf_style_visibility=\"visible\"><span class=\"text-node\">impeachment<\/span><\/em><span class=\"text-node\">, enquanto participa das reuni\u00f5es do grupo mais extremista de cardeais que j\u00e1 caminham para a elei\u00e7\u00e3o papal.<\/span><!--more--><\/p>\n<p data-pf_style_display=\"block\" data-pf_style_visibility=\"visible\"><span class=\"text-node\">Humanitas Unisinos &#8211; A reportagem \u00e9 de <\/span><strong data-pf_style_display=\"inline\" data-pf_style_visibility=\"visible\"><span class=\"text-node\">Natalia Chientaroli<\/span><\/strong><span class=\"text-node\"> e <\/span><strong data-pf_style_display=\"inline\" data-pf_style_visibility=\"visible\"><span class=\"text-node\">Jes\u00fas<\/span><\/strong><strong data-pf_style_display=\"inline\" data-pf_style_visibility=\"visible\"><span class=\"text-node\">Bastante<\/span><\/strong><span class=\"text-node\">, publicada por <\/span><a href=\"https:\/\/www.eldiario.es\/\" target=\"_blank\" rel=\"noopener noreferrer\" data-pf_style_display=\"inline\" data-pf_style_visibility=\"visible\"><span class=\"text-node\">El Diario<\/span><\/a><span class=\"text-node\">, 23-04-2025.<\/span><\/p>\n<p data-pf_style_display=\"block\" data-pf_style_visibility=\"visible\"><span class=\"text-node\">Ao longo de uma cal\u00e7ada de paralelep\u00edpedos no <\/span><strong data-pf_style_display=\"inline\" data-pf_style_visibility=\"visible\"><span class=\"text-node\">Vaticano<\/span><\/strong><span class=\"text-node\">, entre pinheiros e muros de tijolos, dois cardeais caminharam na manh\u00e3 de quarta-feira para entrar na <\/span><a href=\"https:\/\/www.ihu.unisinos.br\/categorias\/586470-como-uma-mesa-da-casa-santa-marta-pode-mudar-o-mundo\" target=\"_blank\" rel=\"noopener noreferrer\" data-pf_style_display=\"inline\" data-pf_style_visibility=\"visible\"><span class=\"text-node\">Casa Santa Marta<\/span><\/a><span class=\"text-node\"> e participar da prociss\u00e3o que levou o corpo do <\/span><a href=\"https:\/\/www.ihu.unisinos.br\/categorias\/650981-mundo-ecumenico-lamenta-falecimento-do-papa-francisco\" target=\"_blank\" rel=\"noopener noreferrer\" data-pf_style_display=\"inline\" data-pf_style_visibility=\"visible\"><span class=\"text-node\">falecido Papa<\/span><\/a><span class=\"text-node\"> at\u00e9 a Bas\u00edlica de S\u00e3o Pedro. Eles sorriram para os transeuntes, parando em frente a uma das poucas c\u00e2meras de televis\u00e3o que n\u00e3o estavam mais na pra\u00e7a. \u00c0 tarde, eles seriam um dos 103 cardeais presentes em uma das reuni\u00f5es preparat\u00f3rias para o conclave. Eles podem at\u00e9 dormir esta noite em um dos quartos pr\u00f3ximos \u00e0quele onde Francisco viveu durante os \u00faltimos 12 anos de seu papado, que foi selado ap\u00f3s sua morte. A resid\u00eancia <\/span><strong data-pf_style_display=\"inline\" data-pf_style_visibility=\"visible\"><span class=\"text-node\">Santa Marta<\/span><\/strong><span class=\"text-node\"> agora retorna \u00e0 sua fun\u00e7\u00e3o original: abrigar os participantes do conclave para designar o <\/span><strong data-pf_style_display=\"inline\" data-pf_style_visibility=\"visible\"><span class=\"text-node\">pr\u00f3ximo<\/span><\/strong> <strong data-pf_style_display=\"inline\" data-pf_style_visibility=\"visible\"><span class=\"text-node\">papa<\/span><\/strong><span class=\"text-node\">.<\/span><\/p>\n<p data-pf_style_display=\"block\" data-pf_style_visibility=\"visible\"><strong data-pf_style_display=\"inline\" data-pf_style_visibility=\"visible\"><span class=\"text-node\">Angelo<\/span><\/strong> <strong data-pf_style_display=\"inline\" data-pf_style_visibility=\"visible\"><span class=\"text-node\">Becciu<\/span><\/strong><span class=\"text-node\"> exigiu comparecer \u00e0 reuni\u00e3o. Uma grande amea\u00e7a pol\u00edtica \u00e0 reuni\u00e3o de cardeais porque Becciu foi destronado como cardeal por Francisco em 2020. <\/span><a href=\"https:\/\/www.ihu.unisinos.br\/650992-jorge-bergoglio-a-morte-do-pontifice-reformista-que-mudou-a-igreja-artigo-de-iacopo-scaramuzzi\" target=\"_blank\" rel=\"noopener noreferrer\" data-pf_style_display=\"inline\" data-pf_style_visibility=\"visible\"><span class=\"text-node\">Bergoglio<\/span><\/a><span class=\"text-node\">\u00a0o destituiu dos &#8220;direitos associados ao cardinalato&#8221; depois que seu envolvimento em irregularidades financeiras no fundo para os pobres se tornou conhecido. Se ele acabar entrando na <\/span><a href=\"https:\/\/ihu.unisinos.br\/646646-choque-de-civilizacoes-na-capela-sistina-artigo-de-iacopo-scaramuzzi\" target=\"_blank\" rel=\"noopener noreferrer\" data-pf_style_display=\"inline\" data-pf_style_visibility=\"visible\"><span class=\"text-node\">Capela Sistina<\/span><\/a><span class=\"text-node\">, ser\u00e1 um passo desastroso para o <\/span><a href=\"https:\/\/ihu.unisinos.br\/650971-igreja-de-sao-francisco-avaliando-um-papado-e-seu-legado-artigo-de-massimo-faggioli\" target=\"_blank\" rel=\"noopener noreferrer\" data-pf_style_display=\"inline\" data-pf_style_visibility=\"visible\"><span class=\"text-node\">legado de Francisco<\/span><\/a><span class=\"text-node\"> e a primeira vit\u00f3ria dos extremistas, de acordo com delegados do Vaticano j\u00e1 presentes na cidade.<\/span><\/p>\n<p data-pf_style_display=\"block\" data-pf_style_visibility=\"visible\"><span class=\"text-node\">O cardeal <\/span><strong data-pf_style_display=\"inline\" data-pf_style_visibility=\"visible\"><span class=\"text-node\">Becciu<\/span><\/strong><span class=\"text-node\"> est\u00e1 ligado ao esc\u00e2ndalo em torno da compra e venda do pal\u00e1cio londrino na <\/span><strong data-pf_style_display=\"inline\" data-pf_style_visibility=\"visible\"><span class=\"text-node\">Sloane<\/span><\/strong> <strong data-pf_style_display=\"inline\" data-pf_style_visibility=\"visible\"><span class=\"text-node\">Avenue<\/span><\/strong><span class=\"text-node\">, um caso pelo qual ele foi condenado e permanentemente banido do cargo pelos tribunais do Vaticano \u2014 embora a decis\u00e3o esteja sendo apelada. De fato, seu nome n\u00e3o consta na lista dos 133 cardeais (ap\u00f3s as ren\u00fancias de <\/span><a href=\"https:\/\/ihu.unisinos.br\/noticias\/526359-cardeal-antonio-canizares-hora-zero\" target=\"_blank\" rel=\"noopener noreferrer\" data-pf_style_display=\"inline\" data-pf_style_visibility=\"visible\"><span class=\"text-node\">Antonio Ca\u00f1izares<\/span><\/a><span class=\"text-node\"> e do b\u00f3snio <\/span><strong data-pf_style_display=\"inline\" data-pf_style_visibility=\"visible\"><span class=\"text-node\">Vinko Pulji<\/span><\/strong><span class=\"text-node\">) com menos de 80 anos que se trancar\u00e3o na Capela Sistina para eleger o sucessor de Bergoglio.<\/span><\/p>\n<p data-pf_style_display=\"block\" data-pf_style_visibility=\"visible\"><span class=\"text-node\">Mas o cardeal sardo n\u00e3o desistiu e amea\u00e7a desafiar o Conclave se n\u00e3o estiver presente. &#8220;O <\/span><strong data-pf_style_display=\"inline\" data-pf_style_visibility=\"visible\"><span class=\"text-node\">Papa<\/span><\/strong><span class=\"text-node\"> reconheceu minhas prerrogativas cardeais como intactas, j\u00e1 que n\u00e3o houve inten\u00e7\u00e3o expl\u00edcita de me excluir do Conclave nem qualquer pedido escrito expl\u00edcito de minha ren\u00fancia&#8221;, reiterou o cardeal condenado ao jornal <\/span><strong data-pf_style_display=\"inline\" data-pf_style_visibility=\"visible\"><span class=\"text-node\">Unione<\/span><\/strong> <strong data-pf_style_display=\"inline\" data-pf_style_visibility=\"visible\"><span class=\"text-node\">Sarda<\/span><\/strong><span class=\"text-node\">.<\/span><\/p>\n<p data-pf_style_display=\"block\" data-pf_style_visibility=\"visible\"><span class=\"text-node\">Por enquanto, <\/span><strong data-pf_style_display=\"inline\" data-pf_style_visibility=\"visible\"><span class=\"text-node\">Becciu<\/span><\/strong><span class=\"text-node\"> participou da primeira reuni\u00e3o preliminar nesta segunda-feira, onde foi definida a data do funeral de <\/span><strong data-pf_style_display=\"inline\" data-pf_style_visibility=\"visible\"><span class=\"text-node\">Bergoglio<\/span><\/strong><span class=\"text-node\">, segundo fontes do <\/span><strong data-pf_style_display=\"inline\" data-pf_style_visibility=\"visible\"><span class=\"text-node\">Vaticano<\/span><\/strong><span class=\"text-node\">. O porta-voz oficial se recusou a responder \u00e0s perguntas dos rep\u00f3rteres: &#8220;Estamos relatando quantos cardeais est\u00e3o participando, n\u00e3o quais&#8221;. No entanto, ele esclareceu que a participa\u00e7\u00e3o nas reuni\u00f5es pr\u00e9-confer\u00eancias n\u00e3o implica automaticamente na participa\u00e7\u00e3o na vota\u00e7\u00e3o para eleger o novo l\u00edder da <\/span><a href=\"https:\/\/www.ihu.unisinos.br\/603404\" target=\"_blank\" rel=\"noopener noreferrer\" data-pf_style_display=\"inline\" data-pf_style_visibility=\"visible\"><span class=\"text-node\">Igreja Cat\u00f3lica<\/span><\/a><span class=\"text-node\">: &#8220;Todos os cardeais est\u00e3o convidados a participar das congrega\u00e7\u00f5es, mas a participa\u00e7\u00e3o no conclave ser\u00e1 discutida oportunamente&#8221;, disse o porta-voz.<\/span><\/p>\n<p data-pf_style_display=\"block\" data-pf_style_visibility=\"visible\"><span class=\"text-node\">O homem desonrado aos olhos do falecido Papa sustenta que sua exclus\u00e3o do conclave foi comunicada exclusivamente por meio de uma nota da <\/span><strong data-pf_style_display=\"inline\" data-pf_style_visibility=\"visible\"><span class=\"text-node\">Sala de Imprensa<\/span><\/strong><span class=\"text-node\">, e n\u00e3o por meio de um ato formal assinado pelo Papa. Com essas armas, o antigo respons\u00e1vel pelo \u00f3bolo dos pobres argumenta que seus direitos (incluindo o direito de receber um sal\u00e1rio) foram suspensos, mas n\u00e3o seus &#8220;deveres&#8221;. E a ofensa mais grave para um cardeal \u00e9 participar do conclave.<\/span><\/p>\n<p data-pf_style_display=\"block\" data-pf_style_visibility=\"visible\"><span class=\"text-node\">Como prova, <\/span><strong data-pf_style_display=\"inline\" data-pf_style_visibility=\"visible\"><span class=\"text-node\">Becciu<\/span><\/strong><span class=\"text-node\"> afirma que foi convidado a participar do \u00faltimo consist\u00f3rio de cardeais de <\/span><strong data-pf_style_display=\"inline\" data-pf_style_visibility=\"visible\"><span class=\"text-node\">Francisco<\/span><\/strong><span class=\"text-node\">, realizado em 8 de dezembro. Ele tamb\u00e9m foi visto nos ter\u00e7os noturnos celebrados na Bas\u00edlica de S\u00e3o Pedro durante a <\/span><a href=\"https:\/\/www.ihu.unisinos.br\/categorias\/648872-o-papa-hospitalizado-em-gemelli-descansou-bem-a-noite-toda\" target=\"_blank\" rel=\"noopener noreferrer\" data-pf_style_display=\"inline\" data-pf_style_visibility=\"visible\"><span class=\"text-node\">interna\u00e7\u00e3o de Francisco no Hospital Gemelli<\/span><\/a><span class=\"text-node\">.<\/span><\/p>\n<h2 data-pf_style_display=\"block\" data-pf_style_visibility=\"visible\"><span class=\"text-node\">Reuni\u00f5es discretas<\/span><\/h2>\n<p data-pf_style_display=\"block\" data-pf_style_visibility=\"visible\"><span class=\"text-node\">A decis\u00e3o final caber\u00e1 \u00e0 congrega\u00e7\u00e3o de cardeais, a menos que apare\u00e7a um esclarecimento p\u00f3stumo de Francisco que resolva a quest\u00e3o. Fontes episcopais ainda n\u00e3o descartaram essa possibilidade, pois ainda faltam v\u00e1rios dias para o conclave.<\/span><\/p>\n<p data-pf_style_display=\"block\" data-pf_style_visibility=\"visible\"><span class=\"text-node\">Quer <\/span><strong data-pf_style_display=\"inline\" data-pf_style_visibility=\"visible\"><span class=\"text-node\">Becciu<\/span><\/strong><span class=\"text-node\"> permane\u00e7a exclu\u00eddo ou seja admitido, o resultado \u00e9 significativo e tem consequ\u00eancias neste tipo de <\/span><strong data-pf_style_display=\"inline\" data-pf_style_visibility=\"visible\"><span class=\"text-node\">Jogo dos Tronos<\/span><\/strong><span class=\"text-node\">que a <\/span><a href=\"https:\/\/ihu.unisinos.br\/650958-a-sucessao-do-papa-mergulha-a-igreja-na-incerteza-diante-da-onda-ultraconservadora-artigo-de-jesus-bastante\" target=\"_blank\" rel=\"noopener noreferrer\" data-pf_style_display=\"inline\" data-pf_style_visibility=\"visible\"><span class=\"text-node\">elei\u00e7\u00e3o do sucessor do Papa<\/span><\/a><span class=\"text-node\"> est\u00e1 gradualmente se tornando, com o corpo de Francisco ainda na Bas\u00edlica de S\u00e3o Pedro.<\/span><\/p>\n<p data-pf_style_display=\"block\" data-pf_style_visibility=\"visible\"><span class=\"text-node\">Porque a presen\u00e7a de <\/span><strong data-pf_style_display=\"inline\" data-pf_style_visibility=\"visible\"><span class=\"text-node\">Becciu<\/span><\/strong><span class=\"text-node\"> representaria um golpe na autoridade do pontificado anterior, bem como uma vit\u00f3ria para o grupo de cardeais que considerou a pena do cardeal &#8220;excessiva&#8221;, j\u00e1 que ele sempre se viu alvo de persegui\u00e7\u00e3o por parte de setores progressistas.<\/span><\/p>\n<p data-pf_style_display=\"block\" data-pf_style_visibility=\"visible\"><span class=\"text-node\">Enquanto isso, o grupo de cardeais mais pr\u00f3ximos de Bergoglio \u2014 ainda se recuperando da morte do Papa, como alguns confessam \u2014 est\u00e1 come\u00e7ando a perceber como a fac\u00e7\u00e3o mais extremista, liderada por <\/span><a href=\"https:\/\/www.ihu.unisinos.br\/categorias\/634906-casta-do-vaticano-burke-sem-casa-de-400-m2-e-o-cardeal-que-comparou-francisco-ao-anticristo-artigo-de-fabrizio-d-esposito\" target=\"_blank\" rel=\"noopener noreferrer\" data-pf_style_display=\"inline\" data-pf_style_visibility=\"visible\"><span class=\"text-node\">Raymond Burke<\/span><\/a><span class=\"text-node\">, <\/span><a href=\"https:\/\/www.ihu.unisinos.br\/categorias\/635415-cardeal-sarah-inculturacao-e-cisma-liturgico\" target=\"_blank\" rel=\"noopener noreferrer\" data-pf_style_display=\"inline\" data-pf_style_visibility=\"visible\"><span class=\"text-node\">Robert Sarah<\/span><\/a><span class=\"text-node\">, <\/span><a href=\"https:\/\/ihu.unisinos.br\/625157-o-cardeal-alemao-gerhard-ludwig-mueller-ex-prefeito-do-dicasterio-para-a-doutrina-da-fe-completa-hoje-75-anos\" target=\"_blank\" rel=\"noopener noreferrer\" data-pf_style_display=\"inline\" data-pf_style_visibility=\"visible\"><span class=\"text-node\">Gerhard M\u00fcller<\/span><\/a><span class=\"text-node\"> e <\/span><a href=\"https:\/\/www.ihu.unisinos.br\/categorias\/621840-o-cardeal-muller-ao-papa-o-cardeal-zen-sera-processado-pela-china-o-vaticano-nao-pode-sacrifica-lo-a-razao-de-estado\" target=\"_blank\" rel=\"noopener noreferrer\" data-pf_style_display=\"inline\" data-pf_style_visibility=\"visible\"><span class=\"text-node\">Joseph Zen<\/span><\/a><span class=\"text-node\"> (o cardeal em\u00e9rito de <\/span><strong data-pf_style_display=\"inline\" data-pf_style_visibility=\"visible\"><span class=\"text-node\">Hong Kong<\/span><\/strong><span class=\"text-node\"> tem sido um dos mais ferrenhos opositores de <\/span><strong data-pf_style_display=\"inline\" data-pf_style_visibility=\"visible\"><span class=\"text-node\">Francisco<\/span><\/strong><span class=\"text-node\">, especialmente em seu relacionamento com a <\/span><a href=\"https:\/\/www.ihu.unisinos.br\/categorias\/640500-francisco-mais-uma-vez-pisca-o-olho-para-a-china-e-destaca-a-sua-belissima-cultura\" target=\"_blank\" rel=\"noopener noreferrer\" data-pf_style_display=\"inline\" data-pf_style_visibility=\"visible\"><span class=\"text-node\">China<\/span><\/a><span class=\"text-node\">), est\u00e1 agindo mais como pol\u00edticos do que como pastores da Igreja. Eles e o pr\u00f3prio <\/span><strong data-pf_style_display=\"inline\" data-pf_style_visibility=\"visible\"><span class=\"text-node\">Becciu<\/span><\/strong><span class=\"text-node\">j\u00e1 participaram de reuni\u00f5es discretas realizadas em Roma nas \u00faltimas horas, de acordo com delegados j\u00e1 presentes no Vaticano.<\/span><\/p>\n<p data-pf_style_display=\"block\" data-pf_style_visibility=\"visible\"><span class=\"text-node\">Nesse sentido, um dos cardeais conservadores americanos, <\/span><a href=\"https:\/\/ihu.unisinos.br\/categorias\/600981-cardeal-dolan-envia-livro-sobre-o-proximo-papa-a-cardeais-de-todo-o-mundo\" target=\"_blank\" rel=\"noopener noreferrer\" data-pf_style_display=\"inline\" data-pf_style_visibility=\"visible\"><span class=\"text-node\">Timothy Dolan<\/span><\/a><span class=\"text-node\">, de Nova York, fez uma declara\u00e7\u00e3o que soa como uma declara\u00e7\u00e3o de inten\u00e7\u00f5es: &#8220;Procuro o cora\u00e7\u00e3o caloroso de Francisco no pr\u00f3ximo Papa, mas com mais clareza e tradi\u00e7\u00e3o&#8221;.<\/span><\/p>\n<p data-pf_style_display=\"block\" data-pf_style_visibility=\"visible\"><span class=\"text-node\">Jornais italianos, sempre monitorando de perto as complexidades papais, falam sobre o rearmamento do setor conservador, mas destacam as dificuldades que eles podem enfrentar para reunir votos suficientes para um n\u00famero consensual. Na verdade, essas reuni\u00f5es podem estar tentando unificar posi\u00e7\u00f5es em torno de um nome.<\/span><\/p>\n<h2 data-pf_style_display=\"block\" data-pf_style_visibility=\"visible\"><span class=\"text-node\">Estrat\u00e9gia de longo prazo<\/span><\/h2>\n<p data-pf_style_display=\"block\" data-pf_style_visibility=\"visible\"><span class=\"text-node\">Na realidade, essas manobras d\u00e3o continuidade ao trabalho que vem sendo realizado h\u00e1 meses por grupos ligados ao <\/span><a href=\"https:\/\/www.ihu.unisinos.br\/categorias\/651038-trump-esta-controlando-a-eleicao-do-seu-sucessor-cuidado-com-o-poder-da-internet-entrevista-com-alberto-melloni\" target=\"_blank\" rel=\"noopener noreferrer\" data-pf_style_display=\"inline\" data-pf_style_visibility=\"visible\"><span class=\"text-node\">bloco MAGA nos Estados Unidos<\/span><\/a><span class=\"text-node\"> \u2014 e seus ve\u00edculos de comunica\u00e7\u00e3o afiliados \u2014 que j\u00e1 enviaram a todos os cardeais eleitores um livro dissecando cada um dos cardeais, com base em crit\u00e9rios de suposta ortodoxia ou heterodoxia doutrin\u00e1ria, em torno de temas como a b\u00ean\u00e7\u00e3o de casais homossexuais, as mudan\u00e7as clim\u00e1ticas, as missas em latim ou as rela\u00e7\u00f5es ecum\u00eanicas.<\/span><\/p>\n<p data-pf_style_display=\"block\" data-pf_style_visibility=\"visible\"><span class=\"text-node\">Sua tarefa, por enquanto, teve algum sucesso: inicialmente, ve\u00edculos de comunica\u00e7\u00e3o de todo o mundo aceitaram como corretas previs\u00f5es que colocavam <\/span><strong data-pf_style_display=\"inline\" data-pf_style_visibility=\"visible\"><span class=\"text-node\">Burke<\/span><\/strong><span class=\"text-node\"> ou <\/span><strong data-pf_style_display=\"inline\" data-pf_style_visibility=\"visible\"><span class=\"text-node\">Sarah<\/span><\/strong><span class=\"text-node\"> como candidatos papais ou descreviam o cardeal filipino <\/span><a href=\"https:\/\/ihu.unisinos.br\/categorias\/595146-cardeal-luis-antonio-tagle-a-melhor-nomeacao-do-papa\" target=\"_blank\" rel=\"noopener noreferrer\" data-pf_style_display=\"inline\" data-pf_style_visibility=\"visible\"><span class=\"text-node\">Luis Antonio Tagle<\/span><\/a><span class=\"text-node\"> como um \u201cheterodoxo perigoso\u201d, ou seja, indesej\u00e1vel.<\/span><\/p>\n<p data-pf_style_display=\"block\" data-pf_style_visibility=\"visible\"><span class=\"text-node\">Ao mesmo tempo, especialistas e membros da Igreja que se disponibilizam t\u00eam a garantia de uma entrevista, em meio \u00e0 enorme expectativa que se sente em qualquer rua de <\/span><strong data-pf_style_display=\"inline\" data-pf_style_visibility=\"visible\"><span class=\"text-node\">Roma<\/span><\/strong><span class=\"text-node\"> ou ao redor da <\/span><strong data-pf_style_display=\"inline\" data-pf_style_visibility=\"visible\"><span class=\"text-node\">Pra\u00e7a S\u00e3o Pedro<\/span><\/strong><span class=\"text-node\">. Ningu\u00e9m quer se envolver com o que pode acontecer dentro da <\/span><strong data-pf_style_display=\"inline\" data-pf_style_visibility=\"visible\"><span class=\"text-node\">Capela<\/span><\/strong> <strong data-pf_style_display=\"inline\" data-pf_style_visibility=\"visible\"><span class=\"text-node\">Sistina<\/span><\/strong><span class=\"text-node\">. H\u00e1 muitas inc\u00f3gnitas porque n\u00e3o h\u00e1 um favorito claro e por causa da diversidade do conclave. Haver\u00e1 um primeiro Papa negro? Ser\u00e1 asi\u00e1tico? O papado retornar\u00e1 \u00e0 It\u00e1lia? Ser\u00e1 continu\u00edsta, reacion\u00e1rio ou entreguerras? Por enquanto, todos em p\u00fablico preferem falar sobre seu relacionamento com Francisco e elogiar suas habilidades e valores. No fim de cada an\u00e1lise, quase sempre ouvimos a mesma frase: &#8220;Quem entra na Capela Sistina como Papa, sai como Cardeal&#8221;.<\/span><\/p>\n","protected":false},"excerpt":{"rendered":"<p>O cardeal deposto por Bergoglio, Angelo Becciu, exige entrar no Conclave\u00a0sob amea\u00e7a de impeachment, enquanto participa das reuni\u00f5es do grupo mais extremista de cardeais que j\u00e1 caminham para a elei\u00e7\u00e3o papal.<\/p>\n","protected":false},"author":1,"featured_media":0,"comment_status":"closed","ping_status":"open","sticky":false,"template":"","format":"standard","meta":{"_exactmetrics_skip_tracking":false,"_exactmetrics_sitenote_active":false,"_exactmetrics_sitenote_note":"","_exactmetrics_sitenote_category":0,"jetpack_post_was_ever_published":false,"_jetpack_newsletter_access":"","_jetpack_dont_email_post_to_subs":false,"_jetpack_newsletter_tier_id":0,"_jetpack_memberships_contains_paywalled_content":false,"_jetpack_memberships_contains_paid_content":false,"footnotes":"","jetpack_publicize_message":"","jetpack_publicize_feature_enabled":true,"jetpack_social_post_already_shared":true,"jetpack_social_options":{"image_generator_settings":{"template":"highway","enabled":false},"version":2}},"categories":[1],"tags":[1311,1310,1312],"class_list":["post-36739","post","type-post","status-publish","format-standard","hentry","category-notas","tag-conclave","tag-papa","tag-vaticano"],"jetpack_publicize_connections":[],"jetpack_sharing_enabled":true,"jetpack_featured_media_url":"","jetpack_shortlink":"https:\/\/wp.me\/p7wKYW-9yz","jetpack-related-posts":[],"_links":{"self":[{"href":"http:\/\/blogdalucianaoliveira.com.br\/blog\/wp-json\/wp\/v2\/posts\/36739","targetHints":{"allow":["GET"]}}],"collection":[{"href":"http:\/\/blogdalucianaoliveira.com.br\/blog\/wp-json\/wp\/v2\/posts"}],"about":[{"href":"http:\/\/blogdalucianaoliveira.com.br\/blog\/wp-json\/wp\/v2\/types\/post"}],"author":[{"embeddable":true,"href":"http:\/\/blogdalucianaoliveira.com.br\/blog\/wp-json\/wp\/v2\/users\/1"}],"replies":[{"embeddable":true,"href":"http:\/\/blogdalucianaoliveira.com.br\/blog\/wp-json\/wp\/v2\/comments?post=36739"}],"version-history":[{"count":1,"href":"http:\/\/blogdalucianaoliveira.com.br\/blog\/wp-json\/wp\/v2\/posts\/36739\/revisions"}],"predecessor-version":[{"id":36741,"href":"http:\/\/blogdalucianaoliveira.com.br\/blog\/wp-json\/wp\/v2\/posts\/36739\/revisions\/36741"}],"wp:attachment":[{"href":"http:\/\/blogdalucianaoliveira.com.br\/blog\/wp-json\/wp\/v2\/media?parent=36739"}],"wp:term":[{"taxonomy":"category","embeddable":true,"href":"http:\/\/blogdalucianaoliveira.com.br\/blog\/wp-json\/wp\/v2\/categories?post=36739"},{"taxonomy":"post_tag","embeddable":true,"href":"http:\/\/blogdalucianaoliveira.com.br\/blog\/wp-json\/wp\/v2\/tags?post=36739"}],"curies":[{"name":"wp","href":"https:\/\/api.w.org\/{rel}","templated":true}]}}