{"id":36742,"date":"2025-04-24T12:12:08","date_gmt":"2025-04-24T16:12:08","guid":{"rendered":"http:\/\/blogdalucianaoliveira.com.br\/blog\/?p=36742"},"modified":"2025-04-24T12:12:08","modified_gmt":"2025-04-24T16:12:08","slug":"proximo-a-francisco-lula-espera-que-novo-papa-mantenha-agenda-progressista","status":"publish","type":"post","link":"http:\/\/blogdalucianaoliveira.com.br\/blog\/2025\/04\/24\/proximo-a-francisco-lula-espera-que-novo-papa-mantenha-agenda-progressista\/","title":{"rendered":"Pr\u00f3ximo a Francisco, Lula espera que novo papa mantenha agenda progressista"},"content":{"rendered":"<div data-metric-area=\"topo-noticia\" data-v-0413e3c7=\"\" data-pf_style_display=\"block\" data-pf_style_visibility=\"visible\">\n<div class=\"mt-100 container grid pf-candidate\" data-v-0413e3c7=\"\" data-pf_style_display=\"grid\" data-pf_style_visibility=\"visible\">\n<div class=\"central-column col-lg-6 g-start-lg-4\" data-v-0413e3c7=\"\" data-pf_style_display=\"block\" data-pf_style_visibility=\"visible\">\n<div class=\"jupiter-paragraph-fragment pf-candidate\" data-v-232111b4=\"\" data-v-0413e3c7=\"\" data-pf_style_display=\"block\" data-pf_style_visibility=\"visible\">\n<p data-v-232111b4=\"\" data-pf_style_display=\"block\" data-pf_style_visibility=\"visible\"><img data-recalc-dims=\"1\" decoding=\"async\" src=\"https:\/\/i0.wp.com\/conteudo.imguol.com.br\/c\/noticias\/ef\/2022\/12\/17\/lula-publicou-foto-ao-lado-do-papa-francisco-1671295550369_v2_900x506.jpg?w=600&#038;ssl=1\" alt=\"Lula publicou foto ao lado do Papa Francisco\" \/><\/p>\n<p class=\"bullet mt-0 added-to-list1\" data-v-232111b4=\"\" data-pf_style_display=\"block\" data-pf_style_visibility=\"visible\"><span class=\"text-node\">Uol, por Jamil Chade &#8211; Com o conclave mais internacional da hist\u00f3ria do Vaticano, a esperan\u00e7a do governo de Luiz In\u00e1cio Lula da Silva (PT) \u00e9 de que a agenda e doutrina social adotada por Francisco sejam mantidas pelo futuro papa.<\/span><\/p>\n<div data-metric-slot=\"text-1\" data-nosnippet=\"\" data-v-232111b4=\"\" data-pf_style_display=\"block\" data-pf_style_visibility=\"visible\">\n<p class=\"my-250 added-to-list1\">Nesta semana, Lula viaja com uma delega\u00e7\u00e3o para o funeral do pont\u00edfice, que ser\u00e1 realizado no s\u00e1bado em Roma. Ainda que nenhuma reuni\u00e3o esteja sendo programada, a aposta do governo \u00e9 de que o papa argentino tenha criado condi\u00e7\u00f5es para que um novo nome progressista possa ser eleito. Com sete cardeais com direito a voto e considerado o maior pa\u00eds cat\u00f3lico do mundo, o Brasil espera manter seu peso num futuro papado.<\/p>\n<\/div>\n<div data-metric-slot=\"text-2\" data-nosnippet=\"\" data-v-232111b4=\"\" data-pf_style_display=\"block\" data-pf_style_visibility=\"visible\"><\/div>\n<\/div>\n<\/div>\n<\/div>\n<\/div>\n<p><!--more--><\/p>\n<div class=\"pf-candidate\" data-metric-area=\"texto-noticia\" data-v-0413e3c7=\"\" data-pf_style_display=\"block\" data-pf_style_visibility=\"visible\">\n<div data-v-0413e3c7=\"\" data-pf_style_display=\"block\" data-pf_style_visibility=\"visible\">\n<div class=\"container grid pf-candidate\" data-v-0413e3c7=\"\" data-pf_style_display=\"grid\" data-pf_style_visibility=\"visible\">\n<div class=\"central-column col-lg-6\" data-v-0413e3c7=\"\" data-pf_style_display=\"block\" data-pf_style_visibility=\"visible\">\n<div class=\"jupiter-paragraph-fragment pf-candidate\" data-v-232111b4=\"\" data-v-0413e3c7=\"\" data-pf_style_display=\"block\" data-pf_style_visibility=\"visible\">\n<div data-metric-slot=\"text-4\" data-nosnippet=\"\" data-v-232111b4=\"\" data-pf_style_display=\"block\" data-pf_style_visibility=\"visible\">\n<div data-metric-area=\"topo-noticia\" data-v-0413e3c7=\"\" data-pf_style_display=\"block\" data-pf_style_visibility=\"visible\">\n<div class=\"mt-100 container grid pf-candidate\" data-v-0413e3c7=\"\" data-pf_style_display=\"grid\" data-pf_style_visibility=\"visible\">\n<div class=\"central-column col-lg-6 g-start-lg-4\" data-v-0413e3c7=\"\" data-pf_style_display=\"block\" data-pf_style_visibility=\"visible\">\n<div class=\"jupiter-paragraph-fragment pf-candidate\" data-v-232111b4=\"\" data-v-0413e3c7=\"\" data-pf_style_display=\"block\" data-pf_style_visibility=\"visible\">\n<div data-metric-slot=\"text-2\" data-nosnippet=\"\" data-v-232111b4=\"\" data-pf_style_display=\"block\" data-pf_style_visibility=\"visible\">\n<p class=\"my-250 added-to-list1\">Para o Brasil, a agenda de Francisco n\u00e3o apenas coincidia com as diretrizes da pol\u00edtica externa de Lula, como permitia que alguns de seus principais elementos ganhassem uma chancela fundamental de uma institui\u00e7\u00e3o presente nos rinc\u00f5es mais distantes do planeta, assim como nos centros do poder.<\/p>\n<\/div>\n<div data-metric-slot=\"text-3\" data-nosnippet=\"\" data-v-232111b4=\"\" data-pf_style_display=\"block\" data-pf_style_visibility=\"visible\">\n<div class=\"my-250\" data-cp-id=\"123123123asfads\" data-v-0794dd0c=\"\" data-v-232111b4=\"\" data-pf_style_display=\"block\" data-pf_style_visibility=\"visible\">\n<div data-v-0794dd0c=\"\" data-pf_style_display=\"block\" data-pf_style_visibility=\"visible\">\n<div data-v-9112c28d=\"\" data-v-0794dd0c=\"\" data-pf_style_display=\"block\" data-pf_style_visibility=\"visible\">Perder esse apoio significaria o enfraquecimento de algumas das principais apostas de Lula na agenda internacional.<\/div>\n<\/div>\n<\/div>\n<\/div>\n<\/div>\n<\/div>\n<\/div>\n<\/div>\n<p class=\"my-250 added-to-list1\">J\u00e1 a vit\u00f3ria de um conservador no conclave n\u00e3o somente amea\u00e7aria frear parte dos avan\u00e7os da agenda progressista, como daria base moral para pol\u00edticas adotadas por grupos de extrema direita, principalmente no governo de Donald Trump.<\/p>\n<\/div>\n<div data-metric-slot=\"text-5\" data-nosnippet=\"\" data-v-232111b4=\"\" data-pf_style_display=\"block\" data-pf_style_visibility=\"visible\">\n<p class=\"my-250 added-to-list1\">A avalia\u00e7\u00e3o no Pal\u00e1cio do Planalto \u00e9 que a papa Francisco marcou a melhor fase da rela\u00e7\u00e3o entre o Brasil e a Santa S\u00e9 desde o fim da ditadura.<\/p>\n<\/div>\n<div data-metric-slot=\"text-6\" data-nosnippet=\"\" data-v-232111b4=\"\" data-pf_style_display=\"block\" data-pf_style_visibility=\"visible\">\n<p class=\"my-250 added-to-list1\">Em novembro de 2023, num encontro com a diplomacia brasileira, Francisco pediu que fosse mandada uma mensagem de &#8220;apre\u00e7o&#8221; ao presidente Lula e um desejo de \u00eaxito em sua &#8220;tarefa herc\u00falea&#8221;.<\/p>\n<\/div>\n<p class=\"bullet added-to-list1\" data-v-232111b4=\"\" data-pf_style_display=\"block\" data-pf_style_visibility=\"visible\"><span class=\"text-node\">No mesmo contato, Francisco tamb\u00e9m destacou o governo de Dilma Rousseff e, ao comentar sobre a ex-presidente, disse que ela seria &#8220;uma mulher honesta&#8221;.<\/span><\/p>\n<p class=\"bullet added-to-list1\" data-v-232111b4=\"\" data-pf_style_display=\"block\" data-pf_style_visibility=\"visible\"><span class=\"text-node\">Ao longo dos dois anos, a troca de cartas entre os dois governos foi intensa. Lula esteve com Francisco em duas ocasi\u00f5es.<\/span><\/p>\n<\/div>\n<\/div>\n<aside class=\"col-custom col-lg-3\" data-v-0413e3c7=\"\" data-pf_style_display=\"block\" data-pf_style_visibility=\"visible\">\n<aside class=\"stick campaign-container\" data-metric-slot=\"vertical-2-right\" data-v-0413e3c7=\"\" data-pf_style_display=\"block\" data-pf_style_visibility=\"visible\">\n<div class=\"pb-100\" data-cp-id=\"asdf8a9787sdf897sdf871223\" data-nosnippet=\"\" data-v-0794dd0c=\"\" data-pf_style_display=\"block\" data-pf_style_visibility=\"visible\">\n<div data-v-0794dd0c=\"\" data-pf_style_display=\"block\" data-pf_style_visibility=\"visible\">\n<div class=\"jupiter-ads\" data-v-747d976a=\"\" data-v-e0422815=\"\" data-v-0794dd0c=\"\" data-pf_style_display=\"block\" data-pf_style_visibility=\"visible\">\n<section class=\"solar-ads main\" data-v-5f58468e=\"\" data-v-747d976a=\"\" data-pf_style_display=\"block\" data-pf_style_visibility=\"visible\">\n<p class=\"ads-content no-center added-to-list1\">A primeira ocorreu em meados de 2023. Naquela ocasi\u00e3o, o papa pediu a ajuda do Brasil para garantir a libera\u00e7\u00e3o do bispo Rolando Alvarez, detido na Nicar\u00e1gua. Apesar das tratativas do Itamaraty, a rela\u00e7\u00e3o entre o regime de Daniel Ortega e a Santa S\u00e9 apenas se deteriorou nos meses seguintes.<\/p>\n<\/section>\n<\/div>\n<\/div>\n<\/div>\n<\/aside>\n<\/aside>\n<\/div>\n<\/div>\n<div data-v-0413e3c7=\"\" data-pf_style_display=\"block\" data-pf_style_visibility=\"visible\">\n<div class=\"mt-50-lg mb-250-lg mb-50-xs jupiter-ads\" data-v-747d976a=\"\" data-v-e0422815=\"\" data-v-0413e3c7=\"\" data-pf_style_display=\"block\" data-pf_style_visibility=\"visible\">\n<div data-v-0413e3c7=\"\" data-pf_style_display=\"block\" data-pf_style_visibility=\"visible\">\n<div class=\"container grid pf-candidate\" data-v-0413e3c7=\"\" data-pf_style_display=\"grid\" data-pf_style_visibility=\"visible\">\n<div class=\"central-column col-lg-6\" data-v-0413e3c7=\"\" data-pf_style_display=\"block\" data-pf_style_visibility=\"visible\">\n<div class=\"jupiter-paragraph-fragment pf-candidate\" data-v-232111b4=\"\" data-v-0413e3c7=\"\" data-pf_style_display=\"block\" data-pf_style_visibility=\"visible\">\n<p class=\"bullet added-to-list1\" data-v-232111b4=\"\" data-pf_style_display=\"block\" data-pf_style_visibility=\"visible\"><span class=\"text-node\">Fontes destacam que uma prova da converg\u00eancia entre os dois l\u00edderes ocorreu em janeiro de 2024. Naquele m\u00eas, o Brasil come\u00e7ava a preparar sua agenda na presid\u00eancia do G20. Ainda que os temas n\u00e3o tivessem sido anunciados publicamente, havia uma decis\u00e3o de que o Itamaraty usaria a ocasi\u00e3o para promover a ideia de uma alian\u00e7a contra a fome e a pobreza.<\/span><\/p>\n<p class=\"bullet added-to-list1\" data-v-232111b4=\"\" data-pf_style_display=\"block\" data-pf_style_visibility=\"visible\"><span class=\"text-node\">No dia 8 de janeiro daquele ano, num encontro com o corpo diplom\u00e1tico estrangeiro, o papa Francisco fez exatamente a mesma proposta: a cria\u00e7\u00e3o de um fundo internacional para lidar com a fome e a pobreza no mundo.<\/span><\/p>\n<p class=\"bullet added-to-list1\" data-v-232111b4=\"\" data-pf_style_display=\"block\" data-pf_style_visibility=\"visible\"><span class=\"text-node\">Mas a rela\u00e7\u00e3o n\u00e3o se limitou aos encontros entre os dois l\u00edderes. Num raro gesto, Francisco recebeu o ministro da Fazenda, Fernando Haddad. O encontro, segundo fontes na Santa S\u00e9 e que estiveram na sala, o brasileiro foi chamado de &#8220;ministro humanista&#8221; por parte do pont\u00edfice.<\/span><\/p>\n<p class=\"bullet added-to-list1\" data-v-232111b4=\"\" data-pf_style_display=\"block\" data-pf_style_visibility=\"visible\"><span class=\"text-node\">As consultas pol\u00edticas tamb\u00e9m passaram a ser regulares entre o Brasil e a Santa S\u00e9. O cardeal Pietro Parolin, o secret\u00e1rio de Estado e um dos nomes cotados para substituir Francisco, esteve em duas ocasi\u00f5es no Brasil nos \u00faltimos dois anos.<\/span><\/p>\n<p class=\"bullet added-to-list1\" data-v-232111b4=\"\" data-pf_style_display=\"block\" data-pf_style_visibility=\"visible\"><span class=\"text-node\">Numa delas, em abril de 2024, foi recebido por Lula e esteve no STF. Num jantar na resid\u00eancia no N\u00fancio Apost\u00f3lico em Bras\u00edlia, ele ainda esteve com o chanceler Mauro Vieira, Haddad e o assessor internacional do Planalto, Celso Amorim.<\/span><\/p>\n<\/div>\n<\/div>\n<aside class=\"col-custom col-lg-3\" data-v-0413e3c7=\"\" data-pf_style_display=\"block\" data-pf_style_visibility=\"visible\">\n<aside class=\"stick campaign-container\" data-metric-slot=\"vertical-3-right\" data-v-0413e3c7=\"\" data-pf_style_display=\"block\" data-pf_style_visibility=\"visible\">\n<div class=\"pb-100\" data-cp-id=\"asdf8a9787sdf897sdf871qwew\" data-nosnippet=\"\" data-v-0794dd0c=\"\" data-pf_style_display=\"block\" data-pf_style_visibility=\"visible\">\n<div data-v-0794dd0c=\"\" data-pf_style_display=\"block\" data-pf_style_visibility=\"visible\">\n<div class=\"jupiter-ads\" data-v-747d976a=\"\" data-v-e0422815=\"\" data-v-0794dd0c=\"\" data-pf_style_display=\"block\" data-pf_style_visibility=\"visible\">\n<section class=\"solar-ads main\" data-v-5f58468e=\"\" data-v-747d976a=\"\" data-pf_style_display=\"block\" data-pf_style_visibility=\"visible\">\n<p class=\"ads-content no-center added-to-list1\">Todo s\u00e1bado, Jamil escreve sobre temas sociais para uma personalidade com base em sua carreira de correspondente.<\/p>\n<\/section>\n<\/div>\n<\/div>\n<\/div>\n<\/aside>\n<\/aside>\n<\/div>\n<\/div>\n<div data-v-0413e3c7=\"\" data-pf_style_display=\"block\" data-pf_style_visibility=\"visible\">\n<div class=\"mt-50-lg mb-250-lg mb-50-xs jupiter-ads\" data-v-747d976a=\"\" data-v-e0422815=\"\" data-v-0413e3c7=\"\" data-pf_style_display=\"block\" data-pf_style_visibility=\"visible\">\n<aside class=\"col-custom col-lg-3\" data-v-0413e3c7=\"\" data-pf_style_display=\"block\" data-pf_style_visibility=\"visible\">\n<aside class=\"stick campaign-container\" data-metric-slot=\"vertical-4-left\" data-v-0413e3c7=\"\" data-pf_style_display=\"block\" data-pf_style_visibility=\"visible\">\n<div class=\"pb-100\" data-cp-id=\"8998as7df98a7dsf98a345f4\" data-nosnippet=\"\" data-v-0794dd0c=\"\" data-pf_style_display=\"block\" data-pf_style_visibility=\"visible\">\n<div data-v-0794dd0c=\"\" data-pf_style_display=\"block\" data-pf_style_visibility=\"visible\">\n<div class=\"solar-offer jupiter-newsletter\" data-v-77ce15fa=\"\" data-v-0794dd0c=\"\" data-pf_style_display=\"block\" data-pf_style_visibility=\"visible\">\n<div class=\"news-notice\" data-v-89491b07=\"\" data-v-77ce15fa=\"\" data-pf_style_display=\"block\" data-pf_style_visibility=\"visible\">Ainda em 2023, em outubro, fontes na Santa S\u00e9 sugerem que foi a a\u00e7\u00e3o da Igreja que garantiu a vida de 28 pessoas que tinham se refugiado na Igreja do Santo Ros\u00e1rio, em Gaza, quando os ataques de Israel come\u00e7aram.<\/div>\n<\/div>\n<\/div>\n<\/div>\n<\/aside>\n<\/aside>\n<div class=\"central-column col-lg-6 pf-candidate\" data-v-0413e3c7=\"\" data-pf_style_display=\"block\" data-pf_style_visibility=\"visible\">\n<div class=\"jupiter-paragraph-fragment\" data-v-232111b4=\"\" data-v-0413e3c7=\"\" data-pf_style_display=\"block\" data-pf_style_visibility=\"visible\">\n<p class=\"bullet added-to-list1\" data-v-232111b4=\"\" data-pf_style_display=\"block\" data-pf_style_visibility=\"visible\"><span class=\"text-node\">Sabendo da rela\u00e7\u00e3o entre a Igreja e Israel, o governo brasileiro entrou em contato com a Santa S\u00e9, explicando a situa\u00e7\u00e3o das 28 pessoas que haviam encontrado abrigo. Naquele momento, rela\u00e7\u00e3o entre o Brasil e Israel j\u00e1 n\u00e3o era das melhores.<\/span><\/p>\n<p class=\"bullet added-to-list1\" data-v-232111b4=\"\" data-pf_style_display=\"block\" data-pf_style_visibility=\"visible\"><span class=\"text-node\">A diplomacia da Santa S\u00e9 jamais explicou o que fez. Mas a Igreja, enquanto os brasileiros estavam escondidos, jamais foi bombardeada.<\/span><\/p>\n<p class=\"bullet added-to-list1\" data-v-232111b4=\"\" data-pf_style_display=\"block\" data-pf_style_visibility=\"visible\"><span class=\"text-node\">Na guerra na Ucr\u00e2nia, mais uma vez os dois governos coincidiram ao agir, nos bastidores, pela defesa das crian\u00e7as que tinham sido levadas pelos russos.<\/span><\/p>\n<\/div>\n<\/div>\n<\/div>\n<\/div>\n<\/div>\n<\/div>\n<\/div>\n","protected":false},"excerpt":{"rendered":"<p>Uol, por Jamil Chade &#8211; Com o conclave mais internacional da hist\u00f3ria do Vaticano, a esperan\u00e7a do governo de Luiz In\u00e1cio Lula da Silva (PT) \u00e9 de que a agenda e doutrina social adotada por Francisco sejam mantidas pelo futuro papa. Nesta semana, Lula viaja com uma delega\u00e7\u00e3o para o funeral do pont\u00edfice, que ser\u00e1&#8230;<a class=\"more-link\" href=\"http:\/\/blogdalucianaoliveira.com.br\/blog\/2025\/04\/24\/proximo-a-francisco-lula-espera-que-novo-papa-mantenha-agenda-progressista\/\">Continue a leitura <span class=\"meta-nav\">&raquo;<\/span><\/a><\/p>\n","protected":false},"author":1,"featured_media":0,"comment_status":"closed","ping_status":"open","sticky":false,"template":"","format":"standard","meta":{"_exactmetrics_skip_tracking":false,"_exactmetrics_sitenote_active":false,"_exactmetrics_sitenote_note":"","_exactmetrics_sitenote_category":0,"jetpack_post_was_ever_published":false,"_jetpack_newsletter_access":"","_jetpack_dont_email_post_to_subs":false,"_jetpack_newsletter_tier_id":0,"_jetpack_memberships_contains_paywalled_content":false,"_jetpack_memberships_contains_paid_content":false,"footnotes":"","jetpack_publicize_message":"","jetpack_publicize_feature_enabled":true,"jetpack_social_post_already_shared":true,"jetpack_social_options":{"image_generator_settings":{"template":"highway","enabled":false},"version":2}},"categories":[1],"tags":[1311,78,1310,1313],"class_list":["post-36742","post","type-post","status-publish","format-standard","hentry","category-notas","tag-conclave","tag-lula","tag-papa","tag-progressista"],"jetpack_publicize_connections":[],"jetpack_sharing_enabled":true,"jetpack_featured_media_url":"","jetpack_shortlink":"https:\/\/wp.me\/p7wKYW-9yC","jetpack-related-posts":[],"_links":{"self":[{"href":"http:\/\/blogdalucianaoliveira.com.br\/blog\/wp-json\/wp\/v2\/posts\/36742","targetHints":{"allow":["GET"]}}],"collection":[{"href":"http:\/\/blogdalucianaoliveira.com.br\/blog\/wp-json\/wp\/v2\/posts"}],"about":[{"href":"http:\/\/blogdalucianaoliveira.com.br\/blog\/wp-json\/wp\/v2\/types\/post"}],"author":[{"embeddable":true,"href":"http:\/\/blogdalucianaoliveira.com.br\/blog\/wp-json\/wp\/v2\/users\/1"}],"replies":[{"embeddable":true,"href":"http:\/\/blogdalucianaoliveira.com.br\/blog\/wp-json\/wp\/v2\/comments?post=36742"}],"version-history":[{"count":1,"href":"http:\/\/blogdalucianaoliveira.com.br\/blog\/wp-json\/wp\/v2\/posts\/36742\/revisions"}],"predecessor-version":[{"id":36743,"href":"http:\/\/blogdalucianaoliveira.com.br\/blog\/wp-json\/wp\/v2\/posts\/36742\/revisions\/36743"}],"wp:attachment":[{"href":"http:\/\/blogdalucianaoliveira.com.br\/blog\/wp-json\/wp\/v2\/media?parent=36742"}],"wp:term":[{"taxonomy":"category","embeddable":true,"href":"http:\/\/blogdalucianaoliveira.com.br\/blog\/wp-json\/wp\/v2\/categories?post=36742"},{"taxonomy":"post_tag","embeddable":true,"href":"http:\/\/blogdalucianaoliveira.com.br\/blog\/wp-json\/wp\/v2\/tags?post=36742"}],"curies":[{"name":"wp","href":"https:\/\/api.w.org\/{rel}","templated":true}]}}