{"id":36744,"date":"2025-04-25T09:23:50","date_gmt":"2025-04-25T13:23:50","guid":{"rendered":"https:\/\/blogdalucianaoliveira.com.br\/blog\/?p=36744"},"modified":"2025-04-25T09:23:50","modified_gmt":"2025-04-25T13:23:50","slug":"a-tatica-e-o-esquema-dos-bolsonaristas-usar-uti-com-blindagem","status":"publish","type":"post","link":"http:\/\/blogdalucianaoliveira.com.br\/blog\/2025\/04\/25\/a-tatica-e-o-esquema-dos-bolsonaristas-usar-uti-com-blindagem\/","title":{"rendered":"A t\u00e1tica e o esquema dos bolsonaristas: usar UTI com &#8220;blindagem"},"content":{"rendered":"<p><img data-recalc-dims=\"1\" loading=\"lazy\" decoding=\"async\" data-attachment-id=\"36745\" data-permalink=\"http:\/\/blogdalucianaoliveira.com.br\/blog\/2025\/04\/25\/a-tatica-e-o-esquema-dos-bolsonaristas-usar-uti-com-blindagem\/img_1274\/\" data-orig-file=\"https:\/\/i0.wp.com\/blogdalucianaoliveira.com.br\/blog\/wp-content\/uploads\/2025\/04\/IMG_1274.jpeg?fit=1280%2C720\" data-orig-size=\"1280,720\" data-comments-opened=\"0\" data-image-meta=\"{&quot;aperture&quot;:&quot;0&quot;,&quot;credit&quot;:&quot;&quot;,&quot;camera&quot;:&quot;&quot;,&quot;caption&quot;:&quot;&quot;,&quot;created_timestamp&quot;:&quot;0&quot;,&quot;copyright&quot;:&quot;&quot;,&quot;focal_length&quot;:&quot;0&quot;,&quot;iso&quot;:&quot;0&quot;,&quot;shutter_speed&quot;:&quot;0&quot;,&quot;title&quot;:&quot;&quot;,&quot;orientation&quot;:&quot;0&quot;}\" data-image-title=\"IMG_1274\" data-image-description=\"\" data-image-caption=\"\" data-medium-file=\"https:\/\/i0.wp.com\/blogdalucianaoliveira.com.br\/blog\/wp-content\/uploads\/2025\/04\/IMG_1274.jpeg?fit=300%2C169\" data-large-file=\"https:\/\/i0.wp.com\/blogdalucianaoliveira.com.br\/blog\/wp-content\/uploads\/2025\/04\/IMG_1274.jpeg?fit=600%2C338\" class=\"alignnone size-medium wp-image-36745\" src=\"https:\/\/i0.wp.com\/blogdalucianaoliveira.com.br\/blog\/wp-content\/uploads\/2025\/04\/IMG_1274.jpeg?resize=300%2C169\" alt=\"\" width=\"300\" height=\"169\" srcset=\"https:\/\/i0.wp.com\/blogdalucianaoliveira.com.br\/blog\/wp-content\/uploads\/2025\/04\/IMG_1274.jpeg?resize=300%2C169 300w, https:\/\/i0.wp.com\/blogdalucianaoliveira.com.br\/blog\/wp-content\/uploads\/2025\/04\/IMG_1274.jpeg?resize=1024%2C576 1024w, https:\/\/i0.wp.com\/blogdalucianaoliveira.com.br\/blog\/wp-content\/uploads\/2025\/04\/IMG_1274.jpeg?resize=768%2C432 768w, https:\/\/i0.wp.com\/blogdalucianaoliveira.com.br\/blog\/wp-content\/uploads\/2025\/04\/IMG_1274.jpeg?resize=533%2C300 533w, https:\/\/i0.wp.com\/blogdalucianaoliveira.com.br\/blog\/wp-content\/uploads\/2025\/04\/IMG_1274.jpeg?w=1280 1280w, https:\/\/i0.wp.com\/blogdalucianaoliveira.com.br\/blog\/wp-content\/uploads\/2025\/04\/IMG_1274.jpeg?w=1200 1200w\" sizes=\"auto, (max-width: 300px) 100vw, 300px\" \/><\/p>\n<p><span id=\"pf-author\"><\/span>Ex-presidente passou por cirurgia muito invasiva, mas estadia numa Unidade de Terapia Intensiva do DF Star esconde manobra que parece vir \u00e0 tona<!--more--><\/p>\n<div id=\"pf-content\" class=\"js-pf-content pf-12\">\n<div class=\"\" data-pf_style_display=\"block\" data-pf_style_visibility=\"visible\">\n<article class=\"bg-white pf-candidate\" data-pf_style_display=\"block\" data-pf_style_visibility=\"visible\">\n<div class=\"post-img big-image-noticia\" data-pf_style_display=\"block\" data-pf_style_visibility=\"visible\">\n<p class=\"legend added-to-list1\"><span class=\"text-node\">Pensar Piau\u00ed \u201c, <\/span><em data-pf_style_display=\"inline\" data-pf_style_visibility=\"visible\"><span class=\"text-node\">Por Henrique Rodrigues, jornalista, na F\u00f3rum &#8211; <\/span><\/em>Jair Bolsonaro (PL) passa mal numa \u201cvisita\u201d ao sert\u00e3o do Rio Grande do Norte no dia 11 deste m\u00eas. Da unidade de sa\u00fade de Santa Cruz, no Serid\u00f3, onde foi atendido, \u00e9 levado de helic\u00f3ptero para a capital Natal. No dia seguinte, estabilizado, \u00e9 transportado para Bras\u00edlia e no dia 13 uma cirurgia de grande porte e muito invasiva \u00e9 realizada em seu abd\u00f4men. A laparotomia explorat\u00f3ria tem o intuito de desfazer in\u00fameras ader\u00eancias em seu intestino, que nunca mais foi o mesmo ap\u00f3s o epis\u00f3dio da facada durante a campanha presidencial da qual saiu vitorioso, em 2018. At\u00e9 aqui, nenhum questionamento, embora muita gente questione a sucess\u00e3o de acontecimentos justamente no momento mais cr\u00edtico de sua carreira pol\u00edtica, a poucos passos de ser empurrado para uma cela na cadeia.<\/p>\n<\/div>\n<div class=\"post-para contentPost pf-candidate\" data-pf_style_display=\"block\" data-pf_style_visibility=\"visible\">\n<p class=\"added-to-list1\" data-pf_style_display=\"block\" data-pf_style_visibility=\"visible\"><span class=\"text-node\">O problema todo come\u00e7a ap\u00f3s os primeiros dias de recupera\u00e7\u00e3o. Diariamente, e invariavelmente mais de uma vez, ele determina que seja filmado e fotografado cheio de aparelhos grudados no corpo e at\u00e9 no rosto, seminu, uma verdadeira exposi\u00e7\u00e3o indigna e pat\u00e9tica para muitos. Caminha pelos corredores do hospital, faz cara de sofrimento e evoca o tal deus dos extremistas fac\u00ednoras. Tudo come\u00e7a a ficar estranho, mas a coisa vai piorar e, por fim, revelar uma t\u00e1tica e um esquema grotescos.<\/span><\/p>\n<p class=\"added-to-list1\" data-pf_style_display=\"block\" data-pf_style_visibility=\"visible\"><span class=\"text-node\">O DF Star integra a glamuros\u00edssima Rede D\u2019Or, detentora de outras unidades ultrassofisticadas como o Vila Nova Star, em S\u00e3o Paulo. Trata-se de um hospital para gente endinheirada. Sim, uma empresa de sa\u00fade privada voltada para ricos e personalidades de absoluta exclusividade num pa\u00eds com milh\u00f5es de miser\u00e1veis. N\u00e3o \u00e9 necess\u00e1rio afirmar que o DF Star, assim como todas as unidades da Rede D\u2019Or, conta com m\u00e9dicos dos mais gabaritados e prestigiados, num ambiente de total profissionalismo, com tecnologia de ponta para tratamentos de sa\u00fade complexos, sob r\u00edgidos protocolos, como em todos os hospitais de primeiro escal\u00e3o no mundo.<\/span><\/p>\n<p class=\"added-to-list1\" data-pf_style_display=\"block\" data-pf_style_visibility=\"visible\"><span class=\"text-node\">Mas afinal, por que o DF Star e a dire\u00e7\u00e3o da Rede D\u2019Or permitem que um sujeito como Bolsonaro trate um hospital dessa dimens\u00e3o como um cercadinho de extremistas radicalizados que perambulam por seus corredores, enchem uma UTI e que de l\u00e1 fazem at\u00e9 lives? Por que permitem que um paciente inicie um bate-boca descabido, aos berros, com uma oficial de Justi\u00e7a enviada pelo Supremo Tribunal Federal?<\/span><\/p>\n<p class=\"added-to-list1\" data-pf_style_display=\"block\" data-pf_style_visibility=\"visible\"><span class=\"text-node\">N\u00e3o h\u00e1 respostas para isso at\u00e9 agora, tampouco \u00e9 poss\u00edvel fazer qualquer afirma\u00e7\u00e3o contra o DF Star e a Rede D\u2019Or, em que pese todos esses acontecimentos serem estranhos e bizarros para um ambiente hospitalar, sobretudo envolvendo uma unidade de luxo preparada para os mais requisitados e dif\u00edceis procedimentos cir\u00fargicos e de tratamento de enfermidades graves. Por\u00e9m, h\u00e1 respostas sim para o que Jair Bolsonaro, sua fam\u00edlia e seus asseclas mais pr\u00f3ximos v\u00eam fazendo l\u00e1 de dentro, usando a UTI como base.<\/span><\/p>\n<p class=\"added-to-list1\" data-pf_style_display=\"block\" data-pf_style_visibility=\"visible\"><span class=\"text-node\">Bolsonaro passou a utilizar a UTI como uma esp\u00e9cie de embaixada. Na cabe\u00e7a dele e do s\u00e9quito que o orienta, operado e em \u201cterapia intensiva\u201d, ele estaria longe das garras da Justi\u00e7a e do rigor da lei. Quer uma comprova\u00e7\u00e3o disso? \u00c9 s\u00f3 tentar lembrar quando foi que voc\u00ea ouviu falar de um\u00a0paciente \u201cem terapia intensiva\u201d que abriu uma live, todo paramentado com monitores, fios e sensores, para colocar no ar um de seus filhos para fazer amea\u00e7as contra ministros do Supremo Tribunal Federal.<\/span><\/p>\n<p class=\"added-to-list1\" data-pf_style_display=\"block\" data-pf_style_visibility=\"visible\"><span class=\"text-node\">A\u00ed est\u00e1 a t\u00e1tica. O esquema de \u201cembaixada\u201d foi colocado em pr\u00e1tica de dentro de uma UTI do Hospital DF Star. Ele provoca, insulta, amea\u00e7a e faz todo tipo de estrepolia acreditando estar num ambiente totalmente seguro, de onde jamais poder\u00e1 ser retirado. Faz isso, sim, com a coniv\u00eancia da empresa de sa\u00fade privada. Sim, o DF Star n\u00e3o pode permitir que uma de suas UTIs sirva de palanque para um cidad\u00e3o de l\u00e1 lan\u00e7ar improp\u00e9rios na inten\u00e7\u00e3o de intimidar os ju\u00edzes da mais alta corte do Judici\u00e1rio nacional. A palha\u00e7ada n\u00e3o s\u00f3 foi \u201cbem-sucedida\u201d como segue a todo vapor, com visitas o tempo inteiro e at\u00e9 com mais amea\u00e7as,\u00a0estas vindas agora de um ex-ministro de reputa\u00e7\u00e3o pol\u00edtica p\u00edfia que se notabilizou por sua habilidade discut\u00edvel de tocar sanfona.<\/span><\/p>\n<p class=\"added-to-list1\" data-pf_style_display=\"block\" data-pf_style_visibility=\"visible\"><span class=\"text-node\">Mas\u00a0a Justi\u00e7a n\u00e3o se deixou intimidar. Alexandre de Moraes, o ministro do STF relator da a\u00e7\u00e3o penal na qual Bolsonaro \u00e9 acusado de liderar uma tentativa de golpe de Estado, determinou que o ex-presidente fosse intimado na UTI. O argumento \u00e9 simples: est\u00e1 numa\u00a0UTI cheia de gente o dia todo, realizando lives e lan\u00e7ando amea\u00e7as contra as autoridades constitu\u00eddas, ent\u00e3o est\u00e1 bem para ser intimado. At\u00e9 nessa ocasi\u00e3o rocambolesca o l\u00edder de extrema direita viu oportunidade para seguir com seu circo. Ele\u00a0discutiu por infinitos 12 minutos com a oficial de Justi\u00e7a que foi cit\u00e1-lo, irrompendo em gritos ensandecidos\u00a0durante a vexat\u00f3ria cena. Virou not\u00edcia, caiu no rid\u00edculo, mas n\u00e3o abandonou o esquema.<\/span><\/p>\n<p class=\"added-to-list1\" data-pf_style_display=\"block\" data-pf_style_visibility=\"visible\"><span class=\"text-node\">Sim, o esquema \u00e9 esse. Usar a \u201cblindagem\u201d da UTI e a forma como os fatos v\u00eam se sucedendo para adaptar o roteiro de sua t\u00e1tica. Logo ap\u00f3s ser intimado no leito hospitalar e de ser retratado no Brasil inteiro como um desajustado pela grotesca encena\u00e7\u00e3o com a servidora da Justi\u00e7a, sai um novo boletim m\u00e9dico de Bolsonaro: Batata! Seu quadro apresentou \u201cpiora cl\u00ednica e nos exames laboratoriais\u201d. Na pr\u00e1tica, vai seguir enfurnado na UTI que lhe serve de territ\u00f3rio seguro para de l\u00e1 continuar com uma palha\u00e7ada que esgota o pa\u00eds e parece n\u00e3o ter fim.<\/span><\/p>\n<\/div>\n<\/article>\n<\/div>\n<\/div>\n","protected":false},"excerpt":{"rendered":"<p>Ex-presidente passou por cirurgia muito invasiva, mas estadia numa Unidade de Terapia Intensiva do DF Star esconde manobra que parece vir \u00e0 tona<\/p>\n","protected":false},"author":1,"featured_media":0,"comment_status":"closed","ping_status":"open","sticky":false,"template":"","format":"standard","meta":{"_exactmetrics_skip_tracking":false,"_exactmetrics_sitenote_active":false,"_exactmetrics_sitenote_note":"","_exactmetrics_sitenote_category":0,"jetpack_post_was_ever_published":false,"_jetpack_newsletter_access":"","_jetpack_dont_email_post_to_subs":false,"_jetpack_newsletter_tier_id":0,"_jetpack_memberships_contains_paywalled_content":false,"_jetpack_memberships_contains_paid_content":false,"footnotes":"","jetpack_publicize_message":"","jetpack_publicize_feature_enabled":true,"jetpack_social_post_already_shared":true,"jetpack_social_options":{"image_generator_settings":{"template":"highway","enabled":false},"version":2}},"categories":[1],"tags":[53,1314,1315],"class_list":["post-36744","post","type-post","status-publish","format-standard","hentry","category-notas","tag-bolsonaro","tag-internacao","tag-uti"],"jetpack_publicize_connections":[],"jetpack_sharing_enabled":true,"jetpack_featured_media_url":"","jetpack_shortlink":"https:\/\/wp.me\/p7wKYW-9yE","jetpack-related-posts":[],"_links":{"self":[{"href":"http:\/\/blogdalucianaoliveira.com.br\/blog\/wp-json\/wp\/v2\/posts\/36744","targetHints":{"allow":["GET"]}}],"collection":[{"href":"http:\/\/blogdalucianaoliveira.com.br\/blog\/wp-json\/wp\/v2\/posts"}],"about":[{"href":"http:\/\/blogdalucianaoliveira.com.br\/blog\/wp-json\/wp\/v2\/types\/post"}],"author":[{"embeddable":true,"href":"http:\/\/blogdalucianaoliveira.com.br\/blog\/wp-json\/wp\/v2\/users\/1"}],"replies":[{"embeddable":true,"href":"http:\/\/blogdalucianaoliveira.com.br\/blog\/wp-json\/wp\/v2\/comments?post=36744"}],"version-history":[{"count":1,"href":"http:\/\/blogdalucianaoliveira.com.br\/blog\/wp-json\/wp\/v2\/posts\/36744\/revisions"}],"predecessor-version":[{"id":36746,"href":"http:\/\/blogdalucianaoliveira.com.br\/blog\/wp-json\/wp\/v2\/posts\/36744\/revisions\/36746"}],"wp:attachment":[{"href":"http:\/\/blogdalucianaoliveira.com.br\/blog\/wp-json\/wp\/v2\/media?parent=36744"}],"wp:term":[{"taxonomy":"category","embeddable":true,"href":"http:\/\/blogdalucianaoliveira.com.br\/blog\/wp-json\/wp\/v2\/categories?post=36744"},{"taxonomy":"post_tag","embeddable":true,"href":"http:\/\/blogdalucianaoliveira.com.br\/blog\/wp-json\/wp\/v2\/tags?post=36744"}],"curies":[{"name":"wp","href":"https:\/\/api.w.org\/{rel}","templated":true}]}}