{"id":36747,"date":"2025-04-27T10:19:29","date_gmt":"2025-04-27T14:19:29","guid":{"rendered":"http:\/\/blogdalucianaoliveira.com.br\/blog\/?p=36747"},"modified":"2025-04-27T10:19:29","modified_gmt":"2025-04-27T14:19:29","slug":"um-pastor-papa-francisco-tocou-milhoes-de-pessoas-catolicas-e-nao-catolicas","status":"publish","type":"post","link":"http:\/\/blogdalucianaoliveira.com.br\/blog\/2025\/04\/27\/um-pastor-papa-francisco-tocou-milhoes-de-pessoas-catolicas-e-nao-catolicas\/","title":{"rendered":"Um pastor: \u201cPapa Francisco tocou milh\u00f5es de pessoas, cat\u00f3licas e n\u00e3o cat\u00f3licas\u201d"},"content":{"rendered":"<p data-pf_style_display=\"block\" data-pf_style_visibility=\"visible\"><img data-recalc-dims=\"1\" decoding=\"async\" src=\"https:\/\/i0.wp.com\/s2-g1.glbimg.com\/xQEA9AN8LdUI9NBtCcMbfzmkx_Y%3D\/0x0%3A3543x2362\/1008x0\/smart\/filters%3Astrip_icc%28%29\/i.s3.glbimg.com\/v1\/AUTH_59edd422c0c84a879bd37670ae4f538a\/internal_photos\/bs\/2019\/T\/5\/OXJBkcRFumc6P3rKfoDQ\/000-1fr4r4.jpg?w=600&#038;ssl=1\" \/><\/p>\n<p class=\"added-to-list1\" data-pf_style_display=\"block\" data-pf_style_visibility=\"visible\"><span class=\"text-node\"><strong>Humanitas Unisinos, por Patr\u00edcia Fachin<\/strong> &#8211; Pessoas de diferentes credos, culturas e posi\u00e7\u00f5es pol\u00edticas manifestaram <\/span><strong data-pf_style_display=\"inline\" data-pf_style_visibility=\"visible\"><a href=\"https:\/\/www.ihu.unisinos.br\/651159-vaticanista-brasileira-se-emociona-ao-anunciar-que-os-pobres-e-sem-teto-serao-os-primeiros-a-prestar-homenagem-ao-papa-antes-de-ele-ser-sepultado\" target=\"_blank\" rel=\"noopener noreferrer\" data-pf_style_display=\"inline\" data-pf_style_visibility=\"visible\"><span class=\"text-node\">homenagens ao Papa Francisco<\/span><\/a><\/strong><span class=\"text-node\">\u00a0nesta semana. O pont\u00edfice faleceu na manh\u00e3 da \u00faltima segunda-feira, 21-04-2025, aos 88 anos, na Casa Santa Marta, onde residia desde o in\u00edcio do pontificado, em 2013. As causas da morte foram um acidente vascular cerebral (AVC) e insufici\u00eancia card\u00edaca. O corpo foi velado na Bas\u00edlica de S\u00e3o Pedro, no Vaticano, e sepultado na Bas\u00edlica de Santa Maria Maggiore no s\u00e1bado (26-04-2025). <\/span><!--more--><\/p>\n<p class=\"added-to-list1\" data-pf_style_display=\"block\" data-pf_style_visibility=\"visible\"><span class=\"text-node\">O pastor Dr.\u00a0<\/span><a href=\"https:\/\/www.ihu.unisinos.br\/categorias\/627323-chefe-do-conselho-mundial-de-igrejas-diz-que-papa-apoia-plano-para-cupula-ortodoxa-russa-e-ucraniana\" data-pf_style_display=\"inline\" data-pf_style_visibility=\"visible\"><span class=\"text-node\">Jerry Pillay<\/span><\/a><span class=\"text-node\">, secret\u00e1rio-geral do\u00a0<\/span><strong data-pf_style_display=\"inline\" data-pf_style_visibility=\"visible\"><span class=\"text-node\">Conselho Mundial de Igrejas<\/span><\/strong><span class=\"text-node\">\u00a0(<\/span><strong data-pf_style_display=\"inline\" data-pf_style_visibility=\"visible\"><span class=\"text-node\">CMI<\/span><\/strong><span class=\"text-node\">),\u00a0<\/span><a href=\"https:\/\/www.ihu.unisinos.br\/650981-mundo-ecumenico-lamenta-falecimento-do-papa-francisco\" target=\"_blank\" rel=\"noopener noreferrer\" data-pf_style_display=\"inline\" data-pf_style_visibility=\"visible\"><span class=\"text-node\">transmitiu o lamento e a mensagem do movimento ecum\u00eanico pelo falecimento do pont\u00edfice<\/span><\/a><span class=\"text-node\">. \u201cO falecimento do Papa Francisco ser\u00e1 lamentado em todo o mundo, principalmente entre seus muitos aliados e admiradores no\u00a0<\/span><a href=\"https:\/\/www.ihu.unisinos.br\/579638\" data-pf_style_display=\"inline\" data-pf_style_visibility=\"visible\"><span class=\"text-node\">movimento ecum\u00eanico<\/span><\/a><span class=\"text-node\">\u00a0e na irmandade mundial do\u00a0<\/span><b data-pf_style_display=\"inline\" data-pf_style_visibility=\"visible\"><span class=\"text-node\">CMI<\/span><\/b><span class=\"text-node\">. Seu papado foi uma grande d\u00e1diva ao movimento ecum\u00eanico e ele tem sido um colaborador dedicado em nossos esfor\u00e7os pela unidade e reconcilia\u00e7\u00e3o crist\u00e3s, al\u00e9m de uma voz prof\u00e9tica pela paz, pelo meio ambiente e pela justi\u00e7a em todos os lugares\u201d, declarou.<\/span><span class=\"Apple-converted-space\" data-pf_style_display=\"inline\" data-pf_style_visibility=\"visible\">\u00a0<\/span><\/p>\n<p class=\"added-to-list1\" data-pf_style_display=\"block\" data-pf_style_visibility=\"visible\"><span class=\"text-node\">\u201cUm verdadeiro mar de palavras foi e ser\u00e1 escrito sobre ele e suas escolhas pastorais que tiveram um impacto verdadeiramente planet\u00e1rio\u201d. A\u00a0<\/span><a href=\"https:\/\/www.ihu.unisinos.br\/651069-a-um-passo-do-destino-falando-de-jo-e-do-significado-ultimo\" target=\"_blank\" rel=\"noopener noreferrer\" data-pf_style_display=\"inline\" data-pf_style_visibility=\"visible\"><span class=\"text-node\">frase do cardeal\u00a0<\/span><strong data-pf_style_display=\"inline\" data-pf_style_visibility=\"visible\"><span class=\"text-node\">Gianfranco Ravasi<\/span><\/strong><\/a><span class=\"text-node\">\u00a0nos d\u00e1 dimens\u00e3o do efeito que Francisco causou nos cora\u00e7\u00f5es humanos e faz jus \u00e0s palavras que Jesus dirigiu a Sim\u00e3o, chamado Pedro, e seu irm\u00e3o Andr\u00e9, enquanto passava pelo mar da Galileia quando os pescadores lan\u00e7avam as redes: \u201cDisse-lhes: \u2018Segui-me e eu vos farei pescadores de homens\u2019. Eles, deixando imediatamente as redes, o seguiram\u2019\u201d (Mt 4, 19-20). O sucessor de Pedro foi um homem que falou aos cora\u00e7\u00f5es dos homens e manifestou uma grande capacidade de escuta ao ensinar a \u201couvir a voz do outro\u201d, como pontuou o cardeal\u00a0<\/span><strong data-pf_style_display=\"inline\" data-pf_style_visibility=\"visible\"><span class=\"text-node\">Ravasi<\/span><\/strong><span class=\"text-node\">, retomando as\u00a0<\/span><a href=\"https:\/\/www.ihu.unisinos.br\/Vaticanista%20brasileira%20se%20emociona%20ao%20anunciar%20que%20os%20pobres%20e%20sem-teto%20ser%C3%A3o%20os%20primeiros%20a%20prestar%20homenagem%20ao%20Papa%20antes%20de%20ele%20ser%20sepultado\" target=\"_blank\" rel=\"noopener noreferrer\" data-pf_style_display=\"inline\" data-pf_style_visibility=\"visible\"><span class=\"text-node\">palavras do\u00a0<\/span><strong data-pf_style_display=\"inline\" data-pf_style_visibility=\"visible\"><span class=\"text-node\">Papa Francisco<\/span><\/strong><\/a><span class=\"text-node\">: \u201c\u00c9 perigoso deixar de ouvir a voz do outro que nos interpela! Cai-se no autoisolamento, entra-se em uma esp\u00e9cie de surdez espiritual, que incide negativamente at\u00e9 sobre a rela\u00e7\u00e3o com n\u00f3s mesmos e a rela\u00e7\u00e3o com Deus\u201d.<\/span><\/p>\n<p class=\"added-to-list1\" data-pf_style_display=\"block\" data-pf_style_visibility=\"visible\"><img data-recalc-dims=\"1\" decoding=\"async\" class=\"flex-width pf-size-full\" src=\"https:\/\/i0.wp.com\/www.ihu.unisinos.br\/images\/ihu\/2016\/ESCOLHER_A_FOTO.jpg?w=600&#038;ssl=1\" alt=\"\" data-pf_style_display=\"inline\" data-pf_style_visibility=\"visible\" data-pf_rect_width=\"0\" data-pf_rect_height=\"0\" \/><img data-recalc-dims=\"1\" decoding=\"async\" class=\"flex-width pf-size-full blockImage\" src=\"https:\/\/i0.wp.com\/www.ihu.unisinos.br\/images\/ihu\/2025\/04\/26-04_exequias_foto_vatican_news_800.jpg?w=600&#038;ssl=1\" alt=\"\" data-pf_style_display=\"inline\" data-pf_style_visibility=\"visible\" data-pf_rect_width=\"0\" data-pf_rect_height=\"0\" \/><\/p>\n<p class=\"added-to-list1\" data-pf_style_display=\"block\" data-pf_style_visibility=\"visible\"><strong data-pf_style_display=\"inline\" data-pf_style_visibility=\"visible\"><span class=\"text-node\">Funeral do Papa Francisco, na Bas\u00edlica de S\u00e3o Pedro<\/span><\/strong><span class=\"text-node\">\u00a0(Foto: Vatican News, 2025)<\/span><\/p>\n<p class=\"added-to-list1\" data-pf_style_display=\"block\" data-pf_style_visibility=\"visible\"><span class=\"text-node\">Nos \u00faltimos 12 anos, o\u00a0<\/span><strong data-pf_style_display=\"inline\" data-pf_style_visibility=\"visible\"><span class=\"text-node\">Instituto Humanitas Unisinos \u2013 IHU<\/span><\/strong><span class=\"text-node\">\u00a0repercutiu as declara\u00e7\u00f5es do\u00a0<\/span><strong data-pf_style_display=\"inline\" data-pf_style_visibility=\"visible\"><span class=\"text-node\">Papa Francisco<\/span><\/strong><span class=\"text-node\">\u00a0em sua p\u00e1gina eletr\u00f4nica, assim como as a\u00e7\u00f5es, os efeitos e repercuss\u00f5es do pontificado, al\u00e9m do magist\u00e9rio, dando visibilidade \u00e0s enc\u00edclicas, exorta\u00e7\u00f5es e cartas apost\u00f3licas, entre outros documentos. Nesta\u00a0<\/span><strong data-pf_style_display=\"inline\" data-pf_style_visibility=\"visible\"><span class=\"text-node\">P\u00e1gina Especial<\/span><\/strong><span class=\"text-node\">, o\u00a0<\/span><strong data-pf_style_display=\"inline\" data-pf_style_visibility=\"visible\"><span class=\"text-node\">IHU<\/span><\/strong><span class=\"text-node\">\u00a0re\u00fane algumas das manifesta\u00e7\u00f5es prestadas ao pont\u00edfice esta semana e resgata entrevistas, publica\u00e7\u00f5es e eventos promovidos \u00e0 luz do pontificado que finda, com a finalidade de \u201capontar novas quest\u00f5es e buscar respostas para os grandes desafios de nossa \u00e9poca, a partir da vis\u00e3o do humanismo social crist\u00e3o, participando, ativa e ousadamente, do debate cultural em que se configura a sociedade do futuro\u201d.<\/span><span class=\"Apple-converted-space\" data-pf_style_display=\"inline\" data-pf_style_visibility=\"visible\">\u00a0<\/span><\/p>\n<h2 data-pf_style_display=\"block\" data-pf_style_visibility=\"visible\"><span class=\"text-node\">Francisco e o an\u00fancio do Evangelho<\/span><span class=\"Apple-converted-space\" data-pf_style_display=\"inline\" data-pf_style_visibility=\"visible\">\u00a0<\/span><\/h2>\n<p class=\"added-to-list1\" data-pf_style_display=\"block\" data-pf_style_visibility=\"visible\"><span class=\"text-node\">A palavra que melhor descreve o\u00a0<\/span><strong data-pf_style_display=\"inline\" data-pf_style_visibility=\"visible\"><span class=\"text-node\">Papa Francisco<\/span><\/strong><span class=\"text-node\">\u00a0\u00e9 aquela que est\u00e1 no cerne da miss\u00e3o do pont\u00edfice: \u201cpastor\u201d,\u00a0<\/span><a href=\"https:\/\/www.ihu.unisinos.br\/650973-os-ensinamentos-magistrais-do-papa-francisco-assim-como-a-sua-reverencia-pelo-dom-da-criacao-permanecerao-vivos-artigo-de-michael-sean-winters\" target=\"_blank\" rel=\"noopener noreferrer\" data-pf_style_display=\"inline\" data-pf_style_visibility=\"visible\"><span class=\"text-node\">disse o jornalista e escritor Michael Sean Winters<\/span><\/a><span class=\"text-node\">, do\u00a0<\/span><strong data-pf_style_display=\"inline\" data-pf_style_visibility=\"visible\"><span class=\"text-node\">National Catholic Reporter<\/span><\/strong><span class=\"text-node\">. \u201cFrancisco foi um pastor, antes de tudo, e um bom pastor ensina\u201d. Com seus ensinamentos, destacou, \u201cFrancisco tocou milh\u00f5es de pessoas, cat\u00f3licas e n\u00e3o cat\u00f3licas. N\u00e3o foram apenas suas palavras, mas, principalmente, seus gestos poderosos que comunicaram o Evangelho a todos. Ele trouxe a Igreja de volta \u00e0 proclama\u00e7\u00e3o central do Evangelho: em\u00a0<\/span><a href=\"https:\/\/www.ihu.unisinos.br\/categorias\/622446-papa-francisco-a-forca-de-jesus-esta-no-olhar\" data-pf_style_display=\"inline\" data-pf_style_visibility=\"visible\"><span class=\"text-node\">Jesus Cristo<\/span><\/a><span class=\"text-node\">, Deus demonstrou a profundidade de sua miseric\u00f3rdia\u201d. O legado do Papa, sublinhou, permanecer\u00e1 na riqueza magisterial que deixa \u00e0 Igreja: \u201cO legado mais duradouro de qualquer papa \u00e9 o conjunto de ensinamentos magistrais que deixou. Daqui a cinquenta e cem anos, pessoas que n\u00e3o testemunharam o poder gestual de Francisco ainda lutar\u00e3o com seu poder de ensinar\u201d.<\/span><\/p>\n<p class=\"added-to-list1\" data-pf_style_display=\"block\" data-pf_style_visibility=\"visible\"><span class=\"text-node\">Para o\u00a0<\/span><a href=\"https:\/\/www.ihu.unisinos.br\/651018-ele-morreu-com-os-sapatos-velhos-artigo-de-andres-torres-queiruga\" target=\"_blank\" rel=\"noopener noreferrer\" data-pf_style_display=\"inline\" data-pf_style_visibility=\"visible\"><span class=\"text-node\">te\u00f3logo espanhol Andr\u00e9s Torres Queiruga<\/span><\/a><span class=\"text-node\">, Francisco est\u00e1 na lista dos grandes pont\u00edfices da Igreja. \u201cPastor sem pretens\u00f5es de ser te\u00f3logo, mas protegendo os te\u00f3logos e seu trabalho, concentrou-se no cultivo da esperan\u00e7a radical, sem limita\u00e7\u00f5es partid\u00e1rias, colocando o centro em Jesus e consciente de que o caminho a seguir est\u00e1 apenas come\u00e7ando\u201d.<\/span><span class=\"Apple-converted-space\" data-pf_style_display=\"inline\" data-pf_style_visibility=\"visible\">\u00a0<\/span><\/p>\n<p class=\"news-citacao-right added-to-list1\"><span class=\"twitter-quote\" data-pf_style_display=\"inline\" data-pf_style_visibility=\"visible\"><span class=\"text-node\">Francisco foi um pastor, antes de tudo, e um bom pastor ensina \u2013 Michael Sean Winters<\/span><\/span><\/p>\n<p class=\"added-to-list1\" data-pf_style_display=\"block\" data-pf_style_visibility=\"visible\"><span class=\"text-node\">O padre jesu\u00edta\u00a0<\/span><strong data-pf_style_display=\"inline\" data-pf_style_visibility=\"visible\"><span class=\"text-node\">James Martin<\/span><\/strong><span class=\"text-node\">\u00a0tamb\u00e9m ressaltou a \u00eanfase pastoral do pont\u00edfice, especialmente no acolhimento \u00e0s\u00a0<\/span><strong data-pf_style_display=\"inline\" data-pf_style_visibility=\"visible\"><span class=\"text-node\">pessoas<\/span><\/strong>\u00a0<strong data-pf_style_display=\"inline\" data-pf_style_visibility=\"visible\"><span class=\"text-node\">LGBTQIA+<\/span><\/strong><span class=\"text-node\">\u00a0na Igreja. Em um\u00a0<\/span><a href=\"https:\/\/www.ihu.unisinos.br\/651087-o-papa-francisco-mudou-a-minha-vida-e-a-vida-de-inumeras-pessoas-lgbtq-artigo-de-james-martin\" target=\"_blank\" rel=\"noopener noreferrer\" data-pf_style_display=\"inline\" data-pf_style_visibility=\"visible\"><span class=\"text-node\">depoimento pessoal sobre seus encontros com Francisco<\/span><\/a><span class=\"text-node\">,\u00a0<\/span><strong data-pf_style_display=\"inline\" data-pf_style_visibility=\"visible\"><span class=\"text-node\">Martin<\/span><\/strong><span class=\"text-node\">\u00a0relata o impacto do Papa em sua vida e minist\u00e9rio. \u201cN\u00e3o \u00e9 sempre que conseguimos identificar momentos em que a nossa vida muda. O momento mais profundo para mim foi assistir a um document\u00e1rio sobre o monge trapista\u00a0<\/span><a href=\"https:\/\/www.ihu.unisinos.br\/categorias\/188-noticias-2018\/585399-por-que-se-interessar-por-thomas-merton-hoje\" data-pf_style_display=\"inline\" data-pf_style_visibility=\"visible\"><span class=\"text-node\">Thomas Merton<\/span><\/a><span class=\"text-node\">, que me levou a abandonar a vida no mundo corporativo e ingressar nos jesu\u00edtas em 1988. Mas outro momento foi um momento no Vaticano, em 2019\u201d, recorda.<\/span><span class=\"Apple-converted-space\" data-pf_style_display=\"inline\" data-pf_style_visibility=\"visible\">\u00a0<\/span><\/p>\n<p class=\"added-to-list1\" data-pf_style_display=\"block\" data-pf_style_visibility=\"visible\"><span class=\"text-node\">Na avalia\u00e7\u00e3o do jesu\u00edta americano, \u201co Papa Francisco fez mais pelas\u00a0<\/span><a href=\"https:\/\/www.ihu.unisinos.br\/651022-lideres-lgbtq-catolicos-reagem-a-morte-do-papa-francisco\" data-pf_style_display=\"inline\" data-pf_style_visibility=\"visible\"><span class=\"text-node\">pessoas LGBTQIA+<\/span><\/a><span class=\"text-node\">\u00a0do que todos os seus antecessores juntos. Isso n\u00e3o \u00e9 uma cr\u00edtica a, por exemplo, S\u00e3o\u00a0<\/span><a href=\"https:\/\/www.ihu.unisinos.br\/categorias\/610782-relembrando-a-explosao-de-raiva-de-joao-paulo-ii-durante-o-world-pride-2000\" data-pf_style_display=\"inline\" data-pf_style_visibility=\"visible\"><span class=\"text-node\">Jo\u00e3o Paulo II<\/span><\/a><span class=\"text-node\">\u00a0ou\u00a0<\/span><a href=\"https:\/\/www.ihu.unisinos.br\/categorias\/588644-bento-xvi-responsabiliza-grupelhos-homossexuais-pela-crise-dos-abusos-sexuais\" data-pf_style_display=\"inline\" data-pf_style_visibility=\"visible\"><span class=\"text-node\">Bento XVI<\/span><\/a><span class=\"text-node\">, que foram homens santos. Mas talvez por sua experi\u00eancia com pessoas\u00a0<\/span><b data-pf_style_display=\"inline\" data-pf_style_visibility=\"visible\"><span class=\"text-node\">LGBTQIA+<\/span><\/b><span class=\"text-node\">\u00a0como arcebispo de\u00a0<\/span><b data-pf_style_display=\"inline\" data-pf_style_visibility=\"visible\"><span class=\"text-node\">Buenos Aires<\/span><\/b><span class=\"text-node\">, talvez porque mais pessoas tenham se assumido nos \u00faltimos 10 anos, ou talvez porque ele era, no fundo, um pastor que queria alcan\u00e7ar \u2018todos, todos, todos\u2019 (\u2018todos, todos, todos\u2019), Francisco revolucionou a abordagem da Igreja em rela\u00e7\u00e3o \u00e0s pessoas LGBTQIA+\u201d.<\/span><span class=\"Apple-converted-space\" data-pf_style_display=\"inline\" data-pf_style_visibility=\"visible\"><span class=\"text-node\">\u00a0Para\u00a0<\/span><\/span><strong data-pf_style_display=\"inline\" data-pf_style_visibility=\"visible\"><span class=\"text-node\">Martin<\/span><\/strong><span class=\"text-node\">, a \u00eanfase papal \u201csempre foi pastoral, n\u00e3o ideol\u00f3gica ou mesmo teol\u00f3gica, e ele sempre se preocupou em garantir que seu pr\u00f3prio envolvimento com\u00a0<\/span><b data-pf_style_display=\"inline\" data-pf_style_visibility=\"visible\"><span class=\"text-node\">pessoas LGBTQIA+<\/span><\/b><span class=\"text-node\">\u00a0n\u00e3o rompesse a unidade da Igreja, um tema que ele enfatizou repetidamente durante o\u00a0<\/span><a href=\"https:\/\/www.ihu.unisinos.br\/categorias\/645366-sinodo-aqui-esta-o-documento-final\" data-pf_style_display=\"inline\" data-pf_style_visibility=\"visible\"><span class=\"text-node\">s\u00ednodo<\/span><\/a><span class=\"text-node\">\u201d.<\/span><\/p>\n<p class=\"added-to-list1\" data-pf_style_display=\"block\" data-pf_style_visibility=\"visible\"><a class=\"youtube-replace-link\" href=\"https:\/\/youtu.be\/iA4OemLAEpg\" data-pf-allow-empty=\"1\"><img data-recalc-dims=\"1\" decoding=\"async\" class=\"youtube-replace-img flex-width pf-size-full blockImage\" src=\"https:\/\/i0.wp.com\/img.youtube.com\/vi\/iA4OemLAEpg\/hqdefault.jpg?w=600&#038;ssl=1\" \/><span class=\"text-node\">https:\/\/youtu.be\/iA4OemLAEpg<\/span><\/a><\/p>\n<p class=\"added-to-list1\" data-pf_style_display=\"block\" data-pf_style_visibility=\"visible\"><span class=\"text-node\">Contr\u00e1rio ao\u00a0<\/span><a href=\"https:\/\/www.ihu.unisinos.br\/categorias\/625661-papa-francisco-reitera-na-catequese-que-o-proselitismo-nao-e-cristao\" target=\"_blank\" rel=\"noopener noreferrer\" data-pf_style_display=\"inline\" data-pf_style_visibility=\"visible\"><span class=\"text-node\">proselitismo religioso<\/span><\/a><span class=\"text-node\">, n\u00e3o foram poucas as vezes em que Francisco exortou a Igreja a abrir-se a um \u201ccora\u00e7\u00e3o pastoral, aberto para sentir a saudade de Cristo\u201d, para pastorear aqueles que n\u00e3o O conhecem. Com o discurso da aproxima\u00e7\u00e3o,\u00a0<\/span><a href=\"https:\/\/www.ihu.unisinos.br\/651008-morre-papa-francisco-e-nao-a-esperanca-artigo-de-robson-ribeiro-de-oliveira-castro-chaves\" target=\"_blank\" rel=\"noopener noreferrer\" data-pf_style_display=\"inline\" data-pf_style_visibility=\"visible\"><span class=\"text-node\">pontuou\u00a0Robson R. de O. Castro Chaves<\/span><\/a><span class=\"text-node\">, te\u00f3logo, fil\u00f3sofo e professor em Juiz de Fora\/MG, &#8220;Francisco\u00a0nos deixou uma li\u00e7\u00e3o viva de que\u00a0a f\u00e9\u00a0n\u00e3o se imp\u00f5e, mas se prop\u00f5e com mansid\u00e3o; que a autoridade verdadeira nasce do servi\u00e7o; e que a Igreja s\u00f3 ser\u00e1 fiel a\u00a0<\/span><b data-pf_style_display=\"inline\" data-pf_style_visibility=\"visible\"><span class=\"text-node\">Jesus<\/span><\/b><span class=\"text-node\">\u00a0se andar com os pobres, escutar os \u00faltimos e defender a dignidade de todos\u201d.<\/span><\/p>\n<p class=\"news-citacao-right added-to-list1\"><span class=\"twitter-quote\" data-pf_style_display=\"inline\" data-pf_style_visibility=\"visible\"><span class=\"text-node\">Uma de suas primeiras met\u00e1foras, que d\u00e1 uma boa ideia da Igreja de Francisco, \u00e9 a do \u2018hospital de campanha\u2019. Sair. Ir para as periferias. Ter \u2018o cheiro das ovelhas\u2019. E, portanto, fraternidade. Isso tinha um profundo significado teol\u00f3gico \u2013 Emma Fattorini<\/span><\/span><\/p>\n<p class=\"added-to-list1\" data-pf_style_display=\"block\" data-pf_style_visibility=\"visible\"><span class=\"text-node\">N\u00e3o \u00e0 toa, as primeiras met\u00e1foras de Francisco foram \u201ca Igreja em sa\u00edda\u201d e \u201chospital de campanha\u201d.\u00a0<\/span><a href=\"https:\/\/www.ihu.unisinos.br\/651152-ele-colocou-o-evangelho-de-volta-no-centro-mas-o-acusaram-de-heresia-entrevista-com-emma-fattorinidi\" target=\"_blank\" rel=\"noopener noreferrer\" data-pf_style_display=\"inline\" data-pf_style_visibility=\"visible\"><span class=\"text-node\">Segundo Emma Fattorini<\/span><\/a><span class=\"text-node\">, professora de Hist\u00f3ria Contempor\u00e2nea na\u00a0<\/span><b data-pf_style_display=\"inline\" data-pf_style_visibility=\"visible\"><span class=\"text-node\">Universidade La Sapienza\u00a0<\/span><\/b><span class=\"text-node\">de Roma\u00a0e\u00a0estudiosa da hist\u00f3ria da Igreja contempor\u00e2nea, essas imagens explicam a vis\u00e3o de Igreja do Papa. \u201c<\/span><b data-pf_style_display=\"inline\" data-pf_style_visibility=\"visible\"><span class=\"text-node\">Bergoglio<\/span><\/b><span class=\"text-node\">\u00a0tinha pouca simpatia pela\u00a0<\/span><b data-pf_style_display=\"inline\" data-pf_style_visibility=\"visible\"><span class=\"text-node\">Europa de Bruxelas<\/span><\/b><span class=\"text-node\">, que ele definia como fria, cinzenta, desencarnada. Ligado ao povo mais do que um populista latino-americano,\u00a0<\/span><b data-pf_style_display=\"inline\" data-pf_style_visibility=\"visible\"><span class=\"text-node\">Bergoglio<\/span><\/b><span class=\"text-node\">, em cada fibra de seu ser, at\u00e9 as \u00faltimas horas de sua vida, testemunhava a necessidade, n\u00e3o apenas nos gestos, de estar com o povo, com a sua gente. Mas eu diria com todos. Uma de suas primeiras met\u00e1foras, que d\u00e1 uma boa ideia da\u00a0<\/span><a href=\"https:\/\/www.ihu.unisinos.br\/categorias\/623980-uma-igreja-aos-moldes-de-francisco\" data-pf_style_display=\"inline\" data-pf_style_visibility=\"visible\"><span class=\"text-node\">Igreja de Francisco<\/span><\/a><span class=\"text-node\">, \u00e9 a do \u2018hospital de campanha\u2019. Sair. Ir para as periferias, para os \u00faltimos. Ter \u2018o cheiro das ovelhas\u2019. E, portanto, fraternidade. Todos irm\u00e3os. Isso tinha um profundo significado teol\u00f3gico.\u00a0<\/span><b data-pf_style_display=\"inline\" data-pf_style_visibility=\"visible\"><span class=\"text-node\">Bergoglio<\/span><\/b><span class=\"text-node\">\u00a0foi o papa do povo\u201d.<\/span><span class=\"Apple-converted-space\" data-pf_style_display=\"inline\" data-pf_style_visibility=\"visible\">\u00a0<\/span><\/p>\n<p class=\"added-to-list1\" data-pf_style_display=\"block\" data-pf_style_visibility=\"visible\"><a class=\"youtube-replace-link\" href=\"https:\/\/youtu.be\/0ZcKO2Z_FII\" data-pf-allow-empty=\"1\"><img data-recalc-dims=\"1\" decoding=\"async\" class=\"youtube-replace-img flex-width pf-size-full blockImage\" src=\"https:\/\/i0.wp.com\/img.youtube.com\/vi\/0ZcKO2Z_FII\/hqdefault.jpg?w=600&#038;ssl=1\" \/><span class=\"text-node\">https:\/\/youtu.be\/0ZcKO2Z_FII<\/span><\/a><\/p>\n<p class=\"added-to-list1\" data-pf_style_display=\"block\" data-pf_style_visibility=\"visible\"><span class=\"text-node\">Para o\u00a0<\/span><a href=\"https:\/\/www.ihu.unisinos.br\/650971-igreja-de-sao-francisco-avaliando-um-papado-e-seu-legado-artigo-de-massimo-faggioli\" target=\"_blank\" rel=\"noopener noreferrer\" data-pf_style_display=\"inline\" data-pf_style_visibility=\"visible\"><span class=\"text-node\">historiador da Igreja Massimo Faggiolli<\/span><\/a><span class=\"text-node\">, professor da Universidade Villanova, na Filad\u00e9lfia, \u201co legado mais significativo de\u00a0<\/span><a href=\"https:\/\/ihu.unisinos.br\/650986-papa-francisco-um-pontificado-em-nome-de-inacio-artigo-de-antonio-spadaro\" data-pf_style_display=\"inline\" data-pf_style_visibility=\"visible\"><span class=\"text-node\">Francisco<\/span><\/a><span class=\"text-node\">\u00a0para a Igreja \u00e9 a redescoberta da\u00a0<\/span><a href=\"https:\/\/www.ihu.unisinos.br\/categorias\/634094-a-jornada-sinodal-continua-artigo-de-massimo-faggioli\" target=\"_blank\" rel=\"noopener noreferrer\" data-pf_style_display=\"inline\" data-pf_style_visibility=\"visible\"><span class=\"text-node\">sinodalidade<\/span><\/a><span class=\"text-node\">\u201d. Esse tamb\u00e9m foi um pont\u00edfice que nadou contra a corrente e\u00a0<\/span><a href=\"https:\/\/www.ihu.unisinos.br\/651156-o-mundo-em-tempos-de-guerra-perde-um-defensor-da-paz-artigo-de-stefano-stefanini\" target=\"_blank\" rel=\"noopener noreferrer\" data-pf_style_display=\"inline\" data-pf_style_visibility=\"visible\"><span class=\"text-node\">pregou a paz num tempo de guerras<\/span><\/a><span class=\"text-node\">. \u201cPapa Francisco\u00a0levou a mensagem de\u00a0<\/span><strong data-pf_style_display=\"inline\" data-pf_style_visibility=\"visible\"><span class=\"text-node\">fraternidade humana<\/span><\/strong><span class=\"text-node\">\u00a0e\u00a0<\/span><strong data-pf_style_display=\"inline\" data-pf_style_visibility=\"visible\"><span class=\"text-node\">cuidado com o meio ambiente<\/span><\/strong><span class=\"text-node\">\u00a0em uma \u00e9poca em que a pol\u00edtica mundial seguia na dire\u00e7\u00e3o oposta\u201d, destacou.<\/span><\/p>\n<p class=\"added-to-list1\" data-pf_style_display=\"block\" data-pf_style_visibility=\"visible\"><span class=\"text-node\">Como\u00a0<\/span><a href=\"https:\/\/www.ihu.unisinos.br\/651069-a-um-passo-do-destino-falando-de-jo-e-do-significado-ultimo\" target=\"_blank\" rel=\"noopener noreferrer\" data-pf_style_display=\"inline\" data-pf_style_visibility=\"visible\"><span class=\"text-node\">disse o cardeal Ravasi<\/span><\/a><span class=\"text-node\">, o Papa cunhou uma \u201clinguagem original\u201d, que reverberou em todos os cantos do mundo: \u201cquem n\u00e3o conhece \u2018a guerra mundial em peda\u00e7os\u2019, \u2018o cheiro das ovelhas\u2019, \u2018a Igreja em sa\u00edda\u2019 e \u2018hospital de campanha\u2019, \u2018a guerra \u00e9 sempre uma derrota\u2019 e assim por diante?\u201d Essas e outras express\u00f5es nos conduziram ao convite do Papa \u00e0 \u201ccultura do encontro\u201d, do di\u00e1logo, da viv\u00eancia radical do\u00a0<\/span><a href=\"https:\/\/www.ihu.unisinos.br\/categorias\/192-paginas-especiais\/622623-concilio-ecumenico-vaticano-ii-60-anos-profecia-para-o-terceiro-milenio-e-a-vida-da-igreja#:~:text=%E2%80%9CIsto%20%C3%A9%20magist%C3%A9rio%3A%20o%20Conc%C3%ADlio,n%C3%A3o%20est%C3%A1%20com%20a%20Igreja.\" target=\"_blank\" rel=\"noopener noreferrer\" data-pf_style_display=\"inline\" data-pf_style_visibility=\"visible\"><span class=\"text-node\">Conc\u00edlio Vaticano II<\/span><\/a><span class=\"text-node\">.<\/span><\/p>\n<p class=\"added-to-list1\" data-pf_style_display=\"block\" data-pf_style_visibility=\"visible\"><a class=\"youtube-replace-link\" href=\"https:\/\/youtu.be\/-Inr3CbKU7Q\" data-pf-allow-empty=\"1\"><img data-recalc-dims=\"1\" decoding=\"async\" class=\"youtube-replace-img flex-width pf-size-full blockImage\" src=\"https:\/\/i0.wp.com\/img.youtube.com\/vi\/-Inr3CbKU7Q\/hqdefault.jpg?w=600&#038;ssl=1\" \/><span class=\"text-node\">https:\/\/youtu.be\/-Inr3CbKU7Q<\/span><\/a><\/p>\n<p class=\"added-to-list1\" data-pf_style_display=\"block\" data-pf_style_visibility=\"visible\"><a class=\"youtube-replace-link\" href=\"https:\/\/youtu.be\/_F2rN7qNUYs\" data-pf-allow-empty=\"1\"><img data-recalc-dims=\"1\" decoding=\"async\" class=\"youtube-replace-img flex-width pf-size-full blockImage\" src=\"https:\/\/i0.wp.com\/img.youtube.com\/vi\/_F2rN7qNUYs\/hqdefault.jpg?w=600&#038;ssl=1\" \/><span class=\"text-node\">https:\/\/youtu.be\/_F2rN7qNUYs<\/span><\/a><\/p>\n<h2 data-pf_style_display=\"block\" data-pf_style_visibility=\"visible\"><span class=\"text-node\">Igreja pobre para os pobres<\/span><span class=\"Apple-converted-space\" data-pf_style_display=\"inline\" data-pf_style_visibility=\"visible\">\u00a0<\/span><\/h2>\n<p class=\"added-to-list1\" data-pf_style_display=\"block\" data-pf_style_visibility=\"visible\"><span class=\"text-node\">Numa\u00a0<\/span><a href=\"https:\/\/www.ihu.unisinos.br\/650976-papa-francisco-deixa-legado-de-consciencia-ambiental-para-o-mundo\" target=\"_blank\" rel=\"noopener noreferrer\" data-pf_style_display=\"inline\" data-pf_style_visibility=\"visible\"><span class=\"text-node\">reportagem sobre o legado do Papa Francisco, o jornalista Brian Roewe<\/span><\/a><span class=\"text-node\">, do\u00a0<\/span><strong data-pf_style_display=\"inline\" data-pf_style_visibility=\"visible\"><span class=\"text-node\">National Catholic Report<\/span><\/strong><span class=\"text-node\">, relembrou as origens da escolha do nome papal, que remontam a\u00a0<\/span><strong data-pf_style_display=\"inline\" data-pf_style_visibility=\"visible\"><span class=\"text-node\">S\u00e3o Francisco de Assis<\/span><\/strong><span class=\"text-node\">, frade do s\u00e9culo XIII, conhecido pela rela\u00e7\u00e3o fraterna com a Cria\u00e7\u00e3o. \u201cEm mar\u00e7o de 2013, tr\u00eas dias ap\u00f3s sua elei\u00e7\u00e3o, na Capela Sistina, o novo papa explicou a escolha: \u2018Para mim, ele \u00e9 o homem da pobreza, o homem da paz, o homem que ama e protege a cria\u00e7\u00e3o; hoje em dia, n\u00e3o temos uma rela\u00e7\u00e3o muito boa com a cria\u00e7\u00e3o, n\u00e3o \u00e9 mesmo?\u2019\u201d O esp\u00edrito evang\u00e9lico do frade franciscano inspirou o papa latino-americano a dar visibilidade aos mais pobres entre os pobres em todo o mundo. \u201cComo o primeiro papa da Am\u00e9rica Latina, o papado de Francisco para as comunidades marginalizadas tamb\u00e9m se estendeu \u00e0s comunidades da linha de frente. Ele solidarizou a Igreja com as comunidades ind\u00edgenas que enfrentam amea\u00e7as de minera\u00e7\u00e3o e extra\u00e7\u00e3o. Criticou a pilhagem dos recursos naturais no Sul Global por na\u00e7\u00f5es ricas e corpora\u00e7\u00f5es\u201d, ressaltou.\u00a0<\/span><\/p>\n<p class=\"added-to-list1\" data-pf_style_display=\"block\" data-pf_style_visibility=\"visible\"><a href=\"https:\/\/www.ihu.unisinos.br\/650978-o-papa-francisco-nao-e-um-nome-mas-um-projeto-de-igreja-artigo-de-leonardo-boff\" target=\"_blank\" rel=\"noopener noreferrer\" data-pf_style_display=\"inline\" data-pf_style_visibility=\"visible\"><span class=\"text-node\">Leonardo Boff tamb\u00e9m comentou o pontificado<\/span><\/a><span class=\"text-node\">\u00a0\u00e0 luz da g\u00eanese evang\u00e9lica e franciscana. \u201cA escolha do nome\u00a0<\/span><b data-pf_style_display=\"inline\" data-pf_style_visibility=\"visible\"><span class=\"text-node\">Francisco<\/span><\/b><span class=\"text-node\">, sem antecedentes, n\u00e3o \u00e9 fortuita.\u00a0<\/span><a href=\"https:\/\/www.ihu.unisinos.br\/650971-igreja-de-sao-francisco-avaliando-um-papado-e-seu-legado-artigo-de-massimo-faggioli\" data-pf_style_display=\"inline\" data-pf_style_visibility=\"visible\"><span class=\"text-node\">Francisco de Assis<\/span><\/a><span class=\"text-node\">\u00a0representa um outro projeto de Igreja cuja centralidade residia no Jesus hist\u00f3rico, pobre, amigo dos desprezados e humilhados como os hansenianos com os quais foi morar. Pois esta \u00e9 a perspectiva assumida por\u00a0<\/span><b data-pf_style_display=\"inline\" data-pf_style_visibility=\"visible\"><span class=\"text-node\">Bergoglio<\/span><\/b><span class=\"text-node\">\u00a0ao ser eleito Papa. Quer uma Igreja pobre para os pobres\u201d, disse.<\/span><\/p>\n<p class=\"news-citacao-right added-to-list1\"><span class=\"twitter-quote\" data-pf_style_display=\"inline\" data-pf_style_visibility=\"visible\"><span class=\"text-node\">Para mim, [Francisco de Assis] \u00e9 o homem da pobreza, o homem da paz, o homem que ama e protege a cria\u00e7\u00e3o; hoje em dia, n\u00e3o temos uma rela\u00e7\u00e3o muito boa com a cria\u00e7\u00e3o, n\u00e3o \u00e9 mesmo? \u2013 Papa Francisco<\/span><\/span><\/p>\n<p class=\"added-to-list1\" data-pf_style_display=\"block\" data-pf_style_visibility=\"visible\"><span class=\"text-node\">O\u00a0<\/span><a href=\"https:\/\/www.ihu.unisinos.br\/650960-francisco-um-dom-do-espirito-editorial-de-settimana-news\" target=\"_blank\" rel=\"noopener noreferrer\" data-pf_style_display=\"inline\" data-pf_style_visibility=\"visible\"><span class=\"text-node\">editorial do portal Settimana News<\/span><\/a><span class=\"text-node\">\u00a0salientou onze pontos \u201cdecisivos\u201d que marcaram o \u201cservi\u00e7o petrino\u201d: fidelidade ao Vaticano II, primazia da evangeliza\u00e7\u00e3o, sinodalidade, di\u00e1logo com religi\u00f5es e confiss\u00f5es crist\u00e3s, encorajamento do crescimento de comunidades cat\u00f3licas nos continentes africano e asi\u00e1tico, luta contra o clericalismo e incentivo \u00e0 participa\u00e7\u00e3o dos leigos e mulheres na Igreja, resposta can\u00f4nica, teol\u00f3gica e espiritual no combate aos abusos sexuais, liberdade de pesquisa teol\u00f3gica, reforma da C\u00faria, tratamento das emerg\u00eancias sociais e globais por meio dos documentos magisteriais, e, por fim, o deslegitima\u00e7\u00e3o da guerra. \u201cSem ignorar a centralidade do dep\u00f3sito da f\u00e9, a tarefa da\u00a0<\/span><a href=\"https:\/\/www.ihu.unisinos.br\/categorias\/646265-francisco-pede-um-olhar-critico-sobre-a-historia-da-igreja\" data-pf_style_display=\"inline\" data-pf_style_visibility=\"visible\"><span class=\"text-node\">Igreja<\/span><\/a><span class=\"text-node\">\u00a0hoje, na sensibilidade de Francisco, \u00e9 retornar ao an\u00fancio do\u00a0<\/span><a href=\"https:\/\/www.ihu.unisinos.br\/categorias\/622445-papa-francisco-o-evangelho-nao-e-uma-licao-fora-do-tempo\" data-pf_style_display=\"inline\" data-pf_style_visibility=\"visible\"><span class=\"text-node\">Evangelho<\/span><\/a><span class=\"text-node\">\u00a0a toda criatura, ir al\u00e9m das clausuras habituais, transformar as pr\u00f3prias linguagens, sujar as m\u00e3os com as experi\u00eancias de todos. A escolha dos pobres perde todo tra\u00e7o ideol\u00f3gico para retornar ao\u00a0<\/span><i data-pf_style_display=\"inline\" data-pf_style_visibility=\"visible\"><span class=\"text-node\">Evangelho sine glossa<\/span><\/i><span class=\"text-node\">. O protagonista do empreendimento \u00e9 todo o\u00a0<\/span><a href=\"https:\/\/www.ihu.unisinos.br\/categorias\/605168-papa-francisco-o-que-o-evangelho-nos-pede-e-ser-povo-de-deus-nao-elite-de-deus\" data-pf_style_display=\"inline\" data-pf_style_visibility=\"visible\"><span class=\"text-node\">povo de Deus<\/span><\/a><span class=\"text-node\">\u201d, afirma o texto. E conclui: &#8220;A fidelidade ao\u00a0<\/span><a href=\"https:\/\/ihu.unisinos.br\/categorias\/640662-francisco-que-as-homilias-sejam-breves-e-levem-o-evangelho-a-vida-de-todos\" data-pf_style_display=\"inline\" data-pf_style_visibility=\"visible\"><span class=\"text-node\">Evangelho<\/span><\/a><span class=\"text-node\">\u00a0e a perspic\u00e1cia hist\u00f3rica legitimam a indica\u00e7\u00e3o de\u00a0<\/span><a href=\"https:\/\/www.ihu.unisinos.br\/650956-breves-consideracoes-sobre-o-papa-francisco-por-tales-ab-saber\" data-pf_style_display=\"inline\" data-pf_style_visibility=\"visible\"><span class=\"text-node\">Francisco<\/span><\/a><span class=\"text-node\">\u00a0como dom do Esp\u00edrito\u201d.<\/span><\/p>\n<p class=\"added-to-list1\" data-pf_style_display=\"block\" data-pf_style_visibility=\"visible\"><a class=\"youtube-replace-link\" href=\"https:\/\/youtu.be\/DLxmiEoscGQ\" data-pf-allow-empty=\"1\"><img data-recalc-dims=\"1\" decoding=\"async\" class=\"youtube-replace-img flex-width pf-size-full blockImage\" src=\"https:\/\/i0.wp.com\/img.youtube.com\/vi\/DLxmiEoscGQ\/hqdefault.jpg?w=600&#038;ssl=1\" \/><span class=\"text-node\">https:\/\/youtu.be\/DLxmiEoscGQ<\/span><\/a><\/p>\n<p class=\"added-to-list1\" data-pf_style_display=\"block\" data-pf_style_visibility=\"visible\"><span class=\"text-node\">O te\u00f3logo espanhol\u00a0<\/span><a href=\"https:\/\/www.ihu.unisinos.br\/651016-um-papa-inesquecivel-artigo-de-jesus-martinez-gordo\" target=\"_blank\" rel=\"noopener noreferrer\" data-pf_style_display=\"inline\" data-pf_style_visibility=\"visible\"><span class=\"text-node\">Jes\u00fas Mart\u00ednez Gordo recordou a coer\u00eancia do Papa Francisco<\/span><\/a><span class=\"text-node\">\u00a0com os ensinamentos de Jesus no Monte das Bem-Aventuran\u00e7as e a par\u00e1bola do Ju\u00edzo Final desde os primeiros dias do pontificado. \u201c\u2018Toda vez que fizestes isso a um destes meus pequeninos irm\u00e3os, a mim o fizestes\u2019. Isso ficou claro com clareza incomum em sua\u00a0<\/span><a href=\"https:\/\/www.ihu.unisinos.br\/categorias\/630315-10-anos-depois-o-grito-de-lampedusa-do-papa-francisco-oferece-um-apelo-renovado-para-acolher-os-migrantes\" data-pf_style_display=\"inline\" data-pf_style_visibility=\"visible\"><span class=\"text-node\">primeira viagem fora do Vaticano, \u00e0 ilha de Lampedusa<\/span><\/a><span class=\"text-node\">, em 08-07-2013\u201d, observou.<\/span><\/p>\n<p class=\"added-to-list1\" data-pf_style_display=\"block\" data-pf_style_visibility=\"visible\"><span class=\"text-node\">O vaticanista do\u00a0<\/span><b data-pf_style_display=\"inline\" data-pf_style_visibility=\"visible\"><span class=\"text-node\">La Repubblica<\/span><\/b><span class=\"text-node\">,\u00a0<\/span><a href=\"https:\/\/www.ihu.unisinos.br\/646646-choque-de-civilizacoes-na-capela-sistina-artigo-de-iacopo-scaramuzzi\" data-pf_style_display=\"inline\" data-pf_style_visibility=\"visible\"><span class=\"text-node\">Iacopo Scaramuzzi<\/span><\/a><span class=\"text-node\">,\u00a0<\/span><a href=\"https:\/\/www.ihu.unisinos.br\/650992-jorge-bergoglio-a-morte-do-pontifice-reformista-que-mudou-a-igreja-artigo-de-iacopo-scaramuzzi\" target=\"_blank\" rel=\"noopener noreferrer\" data-pf_style_display=\"inline\" data-pf_style_visibility=\"visible\"><span class=\"text-node\">relembrou a aten\u00e7\u00e3o do pont\u00edfice aos movimentos populares<\/span><\/a><span class=\"text-node\">\u00a0e os pronunciamentos p\u00fablicos afirmando a necessidade pol\u00edtica de assegurar os tr\u00eas T&#8217;s (terra, teto e trabalho) a todos os cidad\u00e3os, al\u00e9m do acolhimento aos imigrantes, registrada desde o in\u00edcio do pontificado, com a viagem do Papa a\u00a0<\/span><strong data-pf_style_display=\"inline\" data-pf_style_visibility=\"visible\"><span class=\"text-node\">Lampedusa<\/span><\/strong><span class=\"text-node\">.<\/span><span class=\"Apple-converted-space\" data-pf_style_display=\"inline\" data-pf_style_visibility=\"visible\">\u00a0<\/span><span class=\"text-node\">Essas e outras iniciativas fizeram de Francisco \u201co Papa do encontro, do encontro com o povo simples em pra\u00e7a p\u00fablica e nas periferias do mundo\u201d, enfatizou o\u00a0<\/span><a href=\"https:\/\/cimi.org.br\/\" data-pf_style_display=\"inline\" data-pf_style_visibility=\"visible\"><span class=\"text-node\">Conselho Indigenista Mission\u00e1rio\u00a0<\/span><\/a><span class=\"text-node\">(<\/span><strong data-pf_style_display=\"inline\" data-pf_style_visibility=\"visible\"><span class=\"text-node\">CIMI<\/span><\/strong><span class=\"text-node\">)\u00a0<\/span><a href=\"https:\/\/www.ihu.unisinos.br\/650955-papa-francisco-assumiu-a-causa-indigena-afirma-cimi\" target=\"_blank\" rel=\"noopener noreferrer\" data-pf_style_display=\"inline\" data-pf_style_visibility=\"visible\"><span class=\"text-node\">em nota sobre o falecimento do pont\u00edfice<\/span><\/a><span class=\"text-node\">.\u00a0\u201cDesde o in\u00edcio de seu pontificado, o\u00a0<\/span><b data-pf_style_display=\"inline\" data-pf_style_visibility=\"visible\"><span class=\"text-node\">Papa<\/span><\/b>\u00a0<b data-pf_style_display=\"inline\" data-pf_style_visibility=\"visible\"><span class=\"text-node\">Francisco<\/span><\/b><span class=\"text-node\">\u00a0assumiu a causa ind\u00edgena e recebeu com cordialidade e amizade seus representantes e seus defensores. Lhes deu coragem para n\u00e3o deixar cair a esperan\u00e7a e para encontrar caminhos de fraternidade universal na Igreja e no mundo\u201d.<\/span><\/p>\n<h2 data-pf_style_display=\"block\" data-pf_style_visibility=\"visible\"><span class=\"text-node\">A teologia de Francisco\u00a0<\/span><\/h2>\n<p class=\"added-to-list1\" data-pf_style_display=\"block\" data-pf_style_visibility=\"visible\"><span class=\"text-node\">Nesta semana tamb\u00e9m foi\u00a0<\/span><a href=\"https:\/\/www.ihu.unisinos.br\/651023-bergoglio-oh-a-noite-mais-adoravel-que-a-madrugada-artigo-de-jose-ignacio-gonzalez-faus\" target=\"_blank\" rel=\"noopener noreferrer\" data-pf_style_display=\"inline\" data-pf_style_visibility=\"visible\"><span class=\"text-node\">publicado um artigo in\u00e9dito do padre jesu\u00edta espanhol Jos\u00e9 Ignacio Gonz\u00e1lez Faus<\/span><\/a><span class=\"text-node\">, falecido em 06-03-2025. A demanda foi solicitada pelo\u00a0<\/span><a href=\"https:\/\/www.religiondigital.org\/\" data-pf_style_display=\"inline\" data-pf_style_visibility=\"visible\"><span class=\"text-node\">Religi\u00f3n Digital<\/span><\/a><span class=\"text-node\">\u00a0quando o\u00a0<\/span><strong data-pf_style_display=\"inline\" data-pf_style_visibility=\"visible\"><span class=\"text-node\">Papa Francisco<\/span><\/strong><span class=\"text-node\">\u00a0estava hospitalizado no Gemelli, em fevereiro. Suspeitando \u201cfortemente\u201d que o Papa n\u00e3o sobreviveria aos atuais problemas de sa\u00fade e antevendo a pr\u00f3pria morte<\/span><strong data-pf_style_display=\"inline\" data-pf_style_visibility=\"visible\"><span class=\"text-node\">, Gonz\u00e1lez Faus<\/span><\/strong><span class=\"text-node\">\u00a0escreveu as \u00faltimas reflex\u00f5es sobre a teologia de Francisco neste texto. \u201cDo ponto de vista teol\u00f3gico\u201d, sublinhou, \u201cFrancisco n\u00e3o foi um revolucion\u00e1rio: parecia que seu pensamento terminava com\u00a0<\/span><a href=\"https:\/\/ihu.unisinos.br\/categorias\/611834-romano-guardini-e-o-sentido-da-teologia\" data-pf_style_display=\"inline\" data-pf_style_visibility=\"visible\"><span class=\"text-node\">Guardini\u00a0<\/span><\/a><span class=\"text-node\">(um grande mestre, por outro lado). Mas nomes como\u00a0<\/span><a href=\"https:\/\/www.ihu.unisinos.br\/575043-viver-no-misterio-entrevista-com-karl%20-rahner\" data-pf_style_display=\"inline\" data-pf_style_visibility=\"visible\"><span class=\"text-node\">Rahner<\/span><\/a><span class=\"text-node\">,\u00a0<\/span><a href=\"https:\/\/www.ihu.unisinos.br\/categorias\/595154-johann-baptist-metz-e-a-teologia-do-seculo-xx\" data-pf_style_display=\"inline\" data-pf_style_visibility=\"visible\"><span class=\"text-node\">Metz<\/span><\/a><span class=\"text-node\">,\u00a0<\/span><a href=\"https:\/\/www.ihu.unisinos.br\/categorias\/601427-joseph-moingt-teologo-jesuita-e-livre-pensador-morre-aos-104-anos\" data-pf_style_display=\"inline\" data-pf_style_visibility=\"visible\"><span class=\"text-node\">Moingt<\/span><\/a><span class=\"text-node\">,\u00a0<\/span><a href=\"https:\/\/www.ihu.unisinos.br\/categorias\/631367-schillebeeckx-confissoes-de-um-teologo\" data-pf_style_display=\"inline\" data-pf_style_visibility=\"visible\"><span class=\"text-node\">Schillebeeckx\u00a0<\/span><\/a><span class=\"text-node\">ou\u00a0<\/span><a href=\"https:\/\/www.ihu.unisinos.br\/categorias\/608130-morreu-hans-kueng-celebre-e-polemico-teologo-suico\" data-pf_style_display=\"inline\" data-pf_style_visibility=\"visible\"><span class=\"text-node\">K\u00fcng\u00a0<\/span><\/a><span class=\"text-node\">n\u00e3o pareciam ressoar em suas palavras. E quest\u00f5es que s\u00e3o debatidas hoje, como a exist\u00eancia de Satan\u00e1s, a cr\u00edtica hist\u00f3rica da B\u00edblia, o verdadeiro significado da virgindade de Maria e da concep\u00e7\u00e3o virginal de Jesus, ou a natureza \u2018sacerdotal\u2019 do minist\u00e9rio eclesi\u00e1stico&#8230; se aparecem em alguma de suas palavras, \u00e9 sempre a partir da compreens\u00e3o mais cl\u00e1ssica\u201d. \u201cEm vez disso\u201d, complementa, \u201cFrancisco conseguiu centralizar a f\u00e9 crist\u00e3 e a miss\u00e3o da Igreja naquilo que est\u00e1 no cora\u00e7\u00e3o do Evangelho: a mais alta dignidade e a presen\u00e7a mais real de Deus naqueles que sofrem e s\u00e3o oprimidos em nossa sociedade, sem os quais toda religiosidade \u00e9 falsificada. Isso fez dele o papa mais revolucion\u00e1rio dos \u00faltimos s\u00e9culos. E isso lhe rendeu a mais feroz\u00a0<\/span><a href=\"https:\/\/ihu.unisinos.br\/categorias\/620474-oposicao-a-francisco-sua-origem-esta-na-rejeicao-do-vaticano-ii-artigo-de-massimo-faggioli\" data-pf_style_display=\"inline\" data-pf_style_visibility=\"visible\"><span class=\"text-node\">oposi\u00e7\u00e3o dos setores conservadores da Igreja<\/span><\/a><span class=\"text-node\">\u00a0e a mais sincera simpatia de todos os esquerdistas de hoje, sejam eles crentes ou n\u00e3o\u201d.<\/span><\/p>\n<p class=\"news-citacao-right added-to-list1\"><span class=\"twitter-quote\" data-pf_style_display=\"inline\" data-pf_style_visibility=\"visible\"><span class=\"text-node\">Francisco n\u00e3o renunciou \u00e0 teologia, mas exigiu que a teologia se imergisse nas linguagens da vida, como \u00e9 sua voca\u00e7\u00e3o mais original \u2013 Andrea Grillo<\/span><\/span><\/p>\n<p class=\"added-to-list1\" data-pf_style_display=\"block\" data-pf_style_visibility=\"visible\"><span class=\"text-node\">Para o\u00a0<\/span><a href=\"https:\/\/www.ihu.unisinos.br\/651017-a-teologia-de-francisco-artigo-de-andrea-grillo\" target=\"_blank\" rel=\"noopener noreferrer\" data-pf_style_display=\"inline\" data-pf_style_visibility=\"visible\"><span class=\"text-node\">te\u00f3logo italiano Andrea Grillo<\/span><\/a><span class=\"text-node\">, \u201cFrancisco n\u00e3o renunciou \u00e0 teologia, mas exigiu que a teologia se imergisse nas linguagens da vida, como \u00e9 sua voca\u00e7\u00e3o mais original. (\u2026) Sua paix\u00e3o pela vida e pela literatura transparecia nos neologismos, nas imagens, nas passagens surpreendentes de seus textos mais altos. Tamb\u00e9m nesse aspecto, Francisco foi um filho do\u00a0<\/span><b data-pf_style_display=\"inline\" data-pf_style_visibility=\"visible\"><span class=\"text-node\">Conc\u00edlio Vaticano II<\/span><\/b><span class=\"text-node\">: dos grandes textos daquele Conc\u00edlio ele extraiu a \u2018autoridade do estilo\u2019, que talvez tenha sido melhor compreendida pelos te\u00f3logos (e pastores) americanos. Ou seja, o fato de que o\u00a0<\/span><b data-pf_style_display=\"inline\" data-pf_style_visibility=\"visible\"><span class=\"text-node\">Vaticano II<\/span><\/b><span class=\"text-node\">\u00a0foi antes de tudo um evento de \u2018estilo\u2019, de linguagem, de imagens e de imagin\u00e1rio\u201d.<\/span><\/p>\n<h2 data-pf_style_display=\"block\" data-pf_style_visibility=\"visible\"><span class=\"text-node\">Estilo Francisco<\/span><\/h2>\n<p class=\"added-to-list1\" data-pf_style_display=\"block\" data-pf_style_visibility=\"visible\"><span class=\"text-node\">\u201cEle falou diante de Deus em favor do mundo, e o fez com um estilo que era todo seu, inconfund\u00edvel e irrepet\u00edvel, \u00e0s vezes doce e \u00e0s vezes amargo, suave e intrat\u00e1vel, conciliat\u00f3rio e pungente, mas sempre autenticamente humano, ali\u00e1s, \u00edtalo-argentino, e sempre autenticamente crist\u00e3o, ali\u00e1s,\u00a0<\/span><b data-pf_style_display=\"inline\" data-pf_style_visibility=\"visible\"><span class=\"text-node\">jesu\u00edta<\/span><\/b><span class=\"text-node\">. Sua teologia foi\u00a0<\/span><b data-pf_style_display=\"inline\" data-pf_style_visibility=\"visible\"><span class=\"text-node\">teopatia<\/span><\/b><span class=\"text-node\">, e seu testemunho sempre renovar\u00e1 na consci\u00eancia de todo ser pensante o\u00a0<\/span><i data-pf_style_display=\"inline\" data-pf_style_visibility=\"visible\"><span class=\"text-node\">pathos<\/span><\/i><span class=\"text-node\">\u00a0pelo Mist\u00e9rio do mundo\u201d,\u00a0<\/span><a href=\"https:\/\/www.ihu.unisinos.br\/650988-francisco-o-profeta-da-teopatia-artigo-de-vito-mancuso\" target=\"_blank\" rel=\"noopener noreferrer\" data-pf_style_display=\"inline\" data-pf_style_visibility=\"visible\"><span class=\"text-node\">acentuou o te\u00f3logo italiano Vito Mancuso<\/span><\/a><span class=\"text-node\">, representante da Igreja Evang\u00e9lica Valdense.<\/span><\/p>\n<p class=\"added-to-list1\" data-pf_style_display=\"block\" data-pf_style_visibility=\"visible\"><strong data-pf_style_display=\"inline\" data-pf_style_visibility=\"visible\"><span class=\"text-node\">Antonio Spadaro<\/span><\/strong><span class=\"text-node\">, padre jesu\u00edta, escritor e te\u00f3logo italiano, editor da revista\u00a0<\/span><strong data-pf_style_display=\"inline\" data-pf_style_visibility=\"visible\"><span class=\"text-node\">La Civilt\u00e0 Cattolica<\/span><\/strong><span class=\"text-node\">, um dos respons\u00e1veis por explicar a espiritualidade inaciana que esteve na base do pensamento e das a\u00e7\u00f5es de Francisco<\/span><span class=\"Apple-converted-space\" data-pf_style_display=\"inline\" data-pf_style_visibility=\"visible\">\u00a0<\/span><span class=\"text-node\">\u00e0 Igreja e ao mundo, disse que \u201c<\/span><a href=\"https:\/\/ihu.unisinos.br\/650978-o-papa-francisco-nao-e-um-nome-mas-um-projeto-de-igreja-artigo-de-leonardo-boff\" data-pf_style_display=\"inline\" data-pf_style_visibility=\"visible\"><span class=\"text-node\">Bergoglio<\/span><\/a><span class=\"text-node\">\u00a0sabia que sua tarefa n\u00e3o era apenas apascentar o rebanho, mas tamb\u00e9m procurar a ovelha perdida\u201d. Spadaro foi autor de entrevistas memor\u00e1veis com o Papa Francisco.<\/span><span class=\"Apple-converted-space\" data-pf_style_display=\"inline\" data-pf_style_visibility=\"visible\">\u00a0<\/span><\/p>\n<p class=\"news-citacao-right added-to-list1\"><span class=\"twitter-quote\" data-pf_style_display=\"inline\" data-pf_style_visibility=\"visible\"><span class=\"text-node\">Bergoglio sabia que sua tarefa n\u00e3o era apenas apascentar o rebanho, mas tamb\u00e9m procurar a ovelha perdida \u2013 Antonio Spadaro<\/span><\/span><\/p>\n<p class=\"added-to-list1\" data-pf_style_display=\"block\" data-pf_style_visibility=\"visible\"><span class=\"text-node\">Conhecido como \u201co padre que acompanha o Papa em quase todas as partes\u201d, o\u00a0<\/span><a href=\"https:\/\/www.ihu.unisinos.br\/650986-papa-francisco-um-pontificado-em-nome-de-inacio-artigo-de-antonio-spadaro\" target=\"_blank\" rel=\"noopener noreferrer\" data-pf_style_display=\"inline\" data-pf_style_visibility=\"visible\"><span class=\"text-node\">jesu\u00edta afirmou<\/span><\/a><span class=\"text-node\">\u00a0que \u201co caminho de Francisco foi o mundo inteiro\u201d. Ele explica: \u201c<\/span><b data-pf_style_display=\"inline\" data-pf_style_visibility=\"visible\"><span class=\"text-node\">Francisco<\/span><\/b><span class=\"text-node\">\u00a0viajou muito, embora nunca tenha gostado de viajar. Mas ele sentiu que tinha que fazer isso, sim, para confirmar a f\u00e9 do povo cat\u00f3lico, mas tamb\u00e9m para tocar as feridas abertas deste mundo. Pense apenas na\u00a0<\/span><a href=\"https:\/\/www.ihu.unisinos.br\/620514\" data-pf_style_display=\"inline\" data-pf_style_visibility=\"visible\"><span class=\"text-node\">Rep\u00fablica Centro-Africana<\/span><\/a><span class=\"text-node\">\u00a0e no\u00a0<\/span><a href=\"https:\/\/www.ihu.unisinos.br\/607371\" data-pf_style_display=\"inline\" data-pf_style_visibility=\"visible\"><span class=\"text-node\">Iraque<\/span><\/a><span class=\"text-node\">, para dar apenas dois exemplos. Voc\u00ea n\u00e3o toca com a mente, mas com a m\u00e3o\u201d.<\/span><span class=\"Apple-converted-space\" data-pf_style_display=\"inline\" data-pf_style_visibility=\"visible\">\u00a0<\/span><\/p>\n<p class=\"added-to-list1\" data-pf_style_display=\"block\" data-pf_style_visibility=\"visible\"><span class=\"text-node\">As viagens apost\u00f3licas empreendida por\u00a0<\/span><strong data-pf_style_display=\"inline\" data-pf_style_visibility=\"visible\"><span class=\"text-node\">Francisco<\/span><\/strong><span class=\"text-node\">\u00a0nos \u00faltimos doze anos, mencionou nesta semana, deram forma \u00e0 imagem da Igreja como um hospital de campanha. \u201cA Igreja \u00e9 um \u2018<\/span><b data-pf_style_display=\"inline\" data-pf_style_visibility=\"visible\"><span class=\"text-node\">hospital de campanha depois de uma batalha<\/span><\/b><span class=\"text-node\">\u2019, ele me disse na primeira\u00a0<\/span><a href=\"https:\/\/www.ihu.unisinos.br\/noticias\/523920-procuremos-ser-uma-igreja-que-encontra-caminhos-novos-entrevista-com-o-papa-francisco\" data-pf_style_display=\"inline\" data-pf_style_visibility=\"visible\"><span class=\"text-node\">entrevista que fiz com ele em 2013<\/span><\/a><span class=\"text-node\">, apenas tr\u00eas meses ap\u00f3s sua elei\u00e7\u00e3o. Assim como uma m\u00e3e n\u00e3o vai visitar os filhos numa \u2018caixa de vidro\u2019, impondo-se quando algu\u00e9m quer for\u00e7\u00e1-lo a entrar num papam\u00f3vel completamente fechado ou mesmo blindado. Ele viajou como um jesu\u00edta, que proverbialmente considera a passagem de avi\u00e3o ou trem como a verdadeira chave da casa\u201d.<\/span><\/p>\n<p class=\"added-to-list1\" data-pf_style_display=\"block\" data-pf_style_visibility=\"visible\"><a class=\"youtube-replace-link\" href=\"https:\/\/youtu.be\/IBkpNLLAjZw\" data-pf-allow-empty=\"1\"><img data-recalc-dims=\"1\" decoding=\"async\" class=\"youtube-replace-img flex-width pf-size-full blockImage\" src=\"https:\/\/i0.wp.com\/img.youtube.com\/vi\/IBkpNLLAjZw\/hqdefault.jpg?w=600&#038;ssl=1\" \/><span class=\"text-node\">https:\/\/youtu.be\/IBkpNLLAjZw<\/span><\/a><\/p>\n<p class=\"added-to-list1\" data-pf_style_display=\"block\" data-pf_style_visibility=\"visible\"><span class=\"text-node\">Para Spadaro, \u201ca imagem que melhor transmite o sentido da inspira\u00e7\u00e3o de Francisco\u201d \u00e9 a da chama. \u201c\u2018N\u00f3s, jesu\u00edtas\u2019, escreveu o padre\u00a0<\/span><b data-pf_style_display=\"inline\" data-pf_style_visibility=\"visible\"><span class=\"text-node\">Jorge Mario Bergoglio<\/span><\/b><span class=\"text-node\">\u00a0quando jovem, \u2018sabemos bem que o fogo da maior gl\u00f3ria de Deus nos permeia, envolvendo-nos numa chama interior, que nos concentra e expande, nos engrandece e nos diminui\u2019. (\u2026) \u00c0s vezes, seu pr\u00f3prio corpo, quando podia, experimentava uma tor\u00e7\u00e3o que o tornava tenso, extrovertido, diante do que para ele sempre foi \u2018o povo de Deus em caminho\u2019. Por isso,\u00a0<\/span><b data-pf_style_display=\"inline\" data-pf_style_visibility=\"visible\"><span class=\"text-node\">Francisco<\/span><\/b><span class=\"text-node\">\u00a0se envolveu na hist\u00f3ria, nos acontecimentos do mundo, se envolveu, se inflamou, \u00e0s vezes fez desesperar aqueles que tendiam a normaliz\u00e1-lo. H\u00e1 uma chama que sempre o moveu interiormente: a \u2018<\/span><a href=\"https:\/\/www.ihu.unisinos.br\/600188\" data-pf_style_display=\"inline\" data-pf_style_visibility=\"visible\"><span class=\"text-node\">paz da inquieta\u00e7\u00e3o<\/span><\/a><span class=\"text-node\">\u2019, que \u00e9 o ox\u00edmoro por excel\u00eancia dos jesu\u00edtas, fruto do \u2018discernimento\u2019\u201d.<\/span><\/p>\n<p class=\"news-citacao-right added-to-list1\"><span class=\"twitter-quote\" data-pf_style_display=\"inline\" data-pf_style_visibility=\"visible\"><span class=\"text-node\">Se falamos do pontificado, por\u00e9m, h\u00e1 opini\u00f5es diferentes \u2013 Cardeal M\u00fcller<\/span><\/span><\/p>\n<p class=\"added-to-list1\" data-pf_style_display=\"block\" data-pf_style_visibility=\"visible\"><span class=\"text-node\">O \u201c<\/span><strong data-pf_style_display=\"inline\" data-pf_style_visibility=\"visible\"><span class=\"text-node\">estilo Francisco<\/span><\/strong><span class=\"text-node\">\u201d, embora tenha agradado a muitos, certamente n\u00e3o agradou a todos, incluindo os chamados progressistas e conservadores, que dividem-se de um lado e de outro na Igreja. Parte do desconforto causado pelo Papa foi\u00a0<\/span><a href=\"https:\/\/www.ihu.unisinos.br\/651097-uma-era-esta-chegando-ao-fim-houve-ambiguidades-sobre-mulheres-gays-e-islamismo-entrevista-com-gerhard-ludwig-mueller\" target=\"_blank\" rel=\"noopener noreferrer\" data-pf_style_display=\"inline\" data-pf_style_visibility=\"visible\"><span class=\"text-node\">sintetizado pelo cardeal alem\u00e3o Gerhard Ludwig M\u00fcller nesta semana<\/span><\/a><span class=\"text-node\">. \u201cSe falamos do pontificado, por\u00e9m, h\u00e1 opini\u00f5es diferentes. H\u00e1 uma aprecia\u00e7\u00e3o un\u00e2nime pelo compromisso de\u00a0<\/span><b data-pf_style_display=\"inline\" data-pf_style_visibility=\"visible\"><span class=\"text-node\">Francisco<\/span><\/b><span class=\"text-node\">\u00a0com os migrantes, os pobres e com a supera\u00e7\u00e3o das divis\u00f5es entre o centro e a periferia. Por outro lado, por\u00e9m, \u00e0s vezes ele era um pouco amb\u00edguo, por exemplo quando falava com\u00a0<\/span><a href=\"https:\/\/www.ihu.unisinos.br\/categorias\/620461-sempre-buscou-deus-na-escuridao-do-homem\" data-pf_style_display=\"inline\" data-pf_style_visibility=\"visible\"><span class=\"text-node\">Eugenio Scalfari<\/span><\/a><span class=\"text-node\">\u00a0sobre a ressurrei\u00e7\u00e3o. Com o\u00a0<\/span><b data-pf_style_display=\"inline\" data-pf_style_visibility=\"visible\"><span class=\"text-node\">Papa Bento XVI<\/span><\/b><span class=\"text-node\">, t\u00ednhamos uma clareza teol\u00f3gica perfeita, mas cada um tem seus carismas e habilidades, e acho que o\u00a0<\/span><b data-pf_style_display=\"inline\" data-pf_style_visibility=\"visible\"><span class=\"text-node\">Papa Francisco<\/span><\/b><span class=\"text-node\">\u00a0os tinha mais na dimens\u00e3o social\u201d. Para ele, a morte do pont\u00edfice indica que \u201cuma era est\u00e1 chegando ao fim, houve ambiguidades sobre mulheres, gays e islamismo\u201d.<\/span><span class=\"Apple-converted-space\" data-pf_style_display=\"inline\" data-pf_style_visibility=\"visible\">\u00a0<\/span><\/p>\n<h2 data-pf_style_display=\"block\" data-pf_style_visibility=\"visible\"><span class=\"text-node\">Francisco, a cultura e o mundo laico<\/span><span class=\"Apple-converted-space\" data-pf_style_display=\"inline\" data-pf_style_visibility=\"visible\">\u00a0<\/span><\/h2>\n<p class=\"added-to-list1\" data-pf_style_display=\"block\" data-pf_style_visibility=\"visible\"><span class=\"text-node\">Do mundo secular, n\u00e3o religioso, contudo, vieram manifesta\u00e7\u00f5es de \u201cabertura\u201d ou, ao menos, o reconhecimento de algumas a\u00e7\u00f5es do Papa Francisco.\u00a0<\/span><a href=\"https:\/\/www.ihu.unisinos.br\/651096-francisco-contra-a-idolatria-do-capital-artigo-de-michael-loewy\" target=\"_blank\" rel=\"noopener noreferrer\" data-pf_style_display=\"inline\" data-pf_style_visibility=\"visible\"><span class=\"text-node\">Michael L\u00f6wy<\/span><\/a><em data-pf_style_display=\"inline\" data-pf_style_visibility=\"visible\"><span class=\"text-node\">,<\/span><\/em><span class=\"text-node\">\u00a0soci\u00f3logo franco-brasileiro, diretor de pesquisa em sociologia no\u00a0<\/span><i data-pf_style_display=\"inline\" data-pf_style_visibility=\"visible\"><span class=\"text-node\">Centre Nationale de la Recherche Scientifique<\/span><\/i><span class=\"text-node\">\u00a0(<\/span><b data-pf_style_display=\"inline\" data-pf_style_visibility=\"visible\"><span class=\"text-node\">CNRS<\/span><\/b><span class=\"text-node\">), constatou que \u201cBergoglio n\u00e3o foi um papa marxista. Mas a enc\u00edclica<\/span><a href=\"https:\/\/www.ihu.unisinos.br\/628951-fe-e-ciencia-em-dialogo-sobre-a-laudato-si-a-terra-manda-uma-mensagem-a-humanidade\" data-pf_style_display=\"inline\" data-pf_style_visibility=\"visible\"><i data-pf_style_display=\"inline\" data-pf_style_visibility=\"visible\"><span class=\"text-node\">\u00a0Laudato si\u2019<\/span><\/i><\/a><span class=\"text-node\">\u00a0\u00e9 uma contribui\u00e7\u00e3o preciosa e inestim\u00e1vel diante da cat\u00e1strofe socioambiental. Papa foi l\u00facido, ao questionar elites e a \u2018ecologia de mercado\u2019. Cabe \u00e0 esquerda completar seus diagn\u00f3sticos com propostas radicais\u201d. Para ele, \u201ca\u00a0<\/span><a href=\"https:\/\/www.ihu.unisinos.br\/650992-jorge-bergoglio-a-morte-do-pontifice-reformista-que-mudou-a-igreja-artigo-de-iacopo-scaramuzzi\" data-pf_style_display=\"inline\" data-pf_style_visibility=\"visible\"><span class=\"text-node\">morte de Jorge Bergoglio<\/span><\/a><span class=\"text-node\">, o Papa Francisco, marca o fim de uma figura pouco comum, que se destacou, numa It\u00e1lia governada por neofascistas e numa Europa cada vez mais reacion\u00e1ria, por um engajamento \u00e9tico, social e ecol\u00f3gico surpreendente\u201d.<\/span><\/p>\n<p class=\"added-to-list1\" data-pf_style_display=\"block\" data-pf_style_visibility=\"visible\"><a href=\"https:\/\/ihu.unisinos.br\/646823-e-o-momento-da-revolta-social-artigo-de-franco-berardi\" data-pf_style_display=\"inline\" data-pf_style_visibility=\"visible\"><span class=\"text-node\">Franco Berardi<\/span><\/a><span class=\"text-node\">, fil\u00f3sofo, escritor e ativista italiano, oriundo do movimento\u00a0<\/span><a href=\"https:\/\/pt.wikipedia.org\/wiki\/Opera%C3%ADsmo\" data-pf_style_display=\"inline\" data-pf_style_visibility=\"visible\"><span class=\"text-node\">opera\u00edsta<\/span><\/a><span class=\"text-node\">, corrente marxista heterodoxa dos anos 1960, tamb\u00e9m<\/span><a href=\"https:\/\/www.ihu.unisinos.br\/651019-o-corvo-a-pomba-e-a-impotencia-artigo-de-franco-berardi\" target=\"_blank\" rel=\"noopener noreferrer\" data-pf_style_display=\"inline\" data-pf_style_visibility=\"visible\"><span class=\"text-node\">\u00a0reconheceu em Francisco uma autoridade global<\/span><\/a><span class=\"text-node\">. &#8220;De\u00a0<\/span><b data-pf_style_display=\"inline\" data-pf_style_visibility=\"visible\"><span class=\"text-node\">Francisco<\/span><\/b><span class=\"text-node\">\u00a0vem uma li\u00e7\u00e3o pol\u00edtica: a batalha de Cristo se trava em nome da\u00a0<\/span><a href=\"https:\/\/www.ihu.unisinos.br\/publicacoes\/78-noticias\/604935-nao-seremos-salvos-pelo-moralismo-mas-pela-caridade-artigo-do-papa-francisco\" data-pf_style_display=\"inline\" data-pf_style_visibility=\"visible\"><span class=\"text-node\">caridade<\/span><\/a><span class=\"text-node\">, da partilha \u2013 alegre e dolorosa\u00a0\u2013 da experi\u00eancia humana\u201d.<\/span><\/p>\n<p class=\"news-citacao-right added-to-list1\"><span class=\"twitter-quote\" data-pf_style_display=\"inline\" data-pf_style_visibility=\"visible\"><span class=\"text-node\">A enc\u00edclica Laudato si\u2019 \u00e9 uma contribui\u00e7\u00e3o preciosa e inestim\u00e1vel diante da cat\u00e1strofe socioambiental. Papa foi l\u00facido, ao questionar elites e a \u2018ecologia de mercado\u2019 \u2013 Michael L\u00f6wy<\/span><\/span><\/p>\n<p class=\"added-to-list1\" data-pf_style_display=\"block\" data-pf_style_visibility=\"visible\"><a href=\"https:\/\/www.ihu.unisinos.br\/categorias\/606751-o-odio-nao-e-algo-natural-e-inevitavel-entrevista-com-juan-jose-tamayo\" data-pf_style_display=\"inline\" data-pf_style_visibility=\"visible\"><b data-pf_style_display=\"inline\" data-pf_style_visibility=\"visible\"><span class=\"text-node\">Juan<\/span><\/b>\u00a0<b data-pf_style_display=\"inline\" data-pf_style_visibility=\"visible\"><span class=\"text-node\">Jos\u00e9<\/span><\/b>\u00a0<b data-pf_style_display=\"inline\" data-pf_style_visibility=\"visible\"><span class=\"text-node\">Tamayo<\/span><\/b><\/a><span class=\"text-node\">, secret\u00e1rio-geral da Associa\u00e7\u00e3o de Te\u00f3logos Jo\u00e3o XXIII,\u00a0<\/span><a href=\"https:\/\/www.ihu.unisinos.br\/651021-trump-e-francisco-dois-modelos-de-cristianismo-em-confronto-artigo-de-juan-jose-tamayo\" target=\"_blank\" rel=\"noopener noreferrer\" data-pf_style_display=\"inline\" data-pf_style_visibility=\"visible\"><span class=\"text-node\">comentou a visita do vice-presidente dos EUA, J.D. Vance<\/span><\/a><span class=\"text-node\">, ao Papa, um dia antes do falecimento do pont\u00edfice, e esclareceu que \u201ca\u00a0mensagem pascal de Francisco no domingo da ressurrei\u00e7\u00e3o e as pol\u00edticas adotadas por Trump durante os tr\u00eas primeiros meses de seu segundo mandato tornam evidentes dois modelos de cristianismo em confronto: o de\u00a0<\/span><b data-pf_style_display=\"inline\" data-pf_style_visibility=\"visible\"><span class=\"text-node\">Francisco<\/span><\/b><span class=\"text-node\">, identificado com as ra\u00edzes evang\u00e9licas do movimento de Jesus de Nazar\u00e9, e o de\u00a0<\/span><b data-pf_style_display=\"inline\" data-pf_style_visibility=\"visible\"><span class=\"text-node\">Trump<\/span><\/b><span class=\"text-node\">, a servi\u00e7o de seus pr\u00f3prios interesses, dos interesses do Imp\u00e9rio e dos oligarcas tecnol\u00f3gicos, cujo principal expoente \u00e9\u00a0<\/span><b data-pf_style_display=\"inline\" data-pf_style_visibility=\"visible\"><span class=\"text-node\">Elon Musk<\/span><\/b><span class=\"text-node\">. Vance n\u00e3o encontrou em sua visita ao Vaticano a legitimidade religiosa que esperava, pois seus projetos crist\u00e3os, morais, pol\u00edticos, econ\u00f4micos e sociais est\u00e3o nas ant\u00edpodas dos de Francisco\u201d.<\/span><\/p>\n<p class=\"added-to-list1\" data-pf_style_display=\"block\" data-pf_style_visibility=\"visible\"><a class=\"youtube-replace-link\" href=\"https:\/\/youtu.be\/gvoDn7PNxCo\" data-pf-allow-empty=\"1\"><img data-recalc-dims=\"1\" decoding=\"async\" class=\"youtube-replace-img flex-width pf-size-full blockImage\" src=\"https:\/\/i0.wp.com\/img.youtube.com\/vi\/gvoDn7PNxCo\/hqdefault.jpg?w=600&#038;ssl=1\" \/><span class=\"text-node\">https:\/\/youtu.be\/gvoDn7PNxCo<\/span><\/a><\/p>\n<p class=\"added-to-list1\" data-pf_style_display=\"block\" data-pf_style_visibility=\"visible\"><b data-pf_style_display=\"inline\" data-pf_style_visibility=\"visible\"><span class=\"text-node\">Nicoletta Biglietti<\/span><\/b><span class=\"text-node\">, jornalista, curadora e cr\u00edtica de arte,\u00a0<\/span><a href=\"https:\/\/www.ihu.unisinos.br\/651027-arte-como-luz-adeus-ao-papa-francisco-artigo-de-nicoletta-biglietti\" target=\"_blank\" rel=\"noopener noreferrer\" data-pf_style_display=\"inline\" data-pf_style_visibility=\"visible\"><span class=\"text-node\">destacou a sensibilidade e a perspic\u00e1cia do Papa Francisco<\/span><\/a><span class=\"text-node\">\u00a0em \u201creconhecer o poder da arte como uma linguagem universal\u201d que orienta olhares e cora\u00e7\u00f5es para a beleza. \u201cQuando\u00a0<\/span><a href=\"https:\/\/ihu.unisinos.br\/noticias\/541226-museus-vaticanos-abertos-gratuitamente-para-sem-tetos-de-roma%20\" data-pf_style_display=\"inline\" data-pf_style_visibility=\"visible\"><span class=\"text-node\">abriu as portas dos Museus do Vaticano para um grupo de moradores de rua<\/span><\/a><span class=\"text-node\">, permitindo que admirassem a\u00a0<\/span><b data-pf_style_display=\"inline\" data-pf_style_visibility=\"visible\"><span class=\"text-node\">Capela Sistina<\/span><\/b><span class=\"text-node\">\u00a0em completa tranquilidade,\u00a0<\/span><b data-pf_style_display=\"inline\" data-pf_style_visibility=\"visible\"><span class=\"text-node\">Francisco<\/span><\/b><span class=\"text-node\">\u00a0n\u00e3o fez apenas um gesto simb\u00f3lico, mas afirmou uma verdade radical: a beleza \u00e9 para todos, n\u00e3o para quem pode pagar o ingresso, porque a arte n\u00e3o pode ser um sal\u00e3o exclusivo, um c\u00f3digo para poucos\u201d, afirmou. \u201c\u2018Os artistas s\u00e3o um pouco como profetas\u2019, disse ele, \u2018sentinelas que perscrutam o horizonte e a profundidade das coisas\u2019. E justamente por perturbarem a ordem aparente, tornam-se aliados na luta contra a indiferen\u00e7a, o consumismo, a superficialidade\u201d, menciona, relembrando as palavras do pont\u00edfice.<\/span><\/p>\n<p class=\"news-citacao-right added-to-list1\"><span class=\"twitter-quote\" data-pf_style_display=\"inline\" data-pf_style_visibility=\"visible\"><span class=\"text-node\">Quando abriu as portas dos Museus do Vaticano para um grupo de moradores de rua, permitindo que admirassem a Capela Sistina em completa tranquilidade, Francisco n\u00e3o fez apenas um gesto simb\u00f3lico, mas afirmou uma verdade radical: a beleza \u00e9 para todos \u2013 Nicoletta Biglietti<\/span><\/span><\/p>\n<p class=\"added-to-list1\" data-pf_style_display=\"block\" data-pf_style_visibility=\"visible\"><a href=\"https:\/\/www.ihu.unisinos.br\/categorias\/648091-trump-e-o-big-bang-do-mundo-novo-artigo-de-ezio-mauro\" data-pf_style_display=\"inline\" data-pf_style_visibility=\"visible\"><span class=\"text-node\">Ezio Mauro<\/span><\/a><span class=\"text-node\">, ex-diretor dos jornais\u00a0<\/span><strong data-pf_style_display=\"inline\" data-pf_style_visibility=\"visible\"><span class=\"text-node\">La Stampa<\/span><\/strong><span class=\"text-node\">\u00a0e\u00a0<\/span><strong data-pf_style_display=\"inline\" data-pf_style_visibility=\"visible\"><span class=\"text-node\">La Repubblica<\/span><\/strong><span class=\"text-node\">, assinalou\u00a0n\u00e3o s\u00f3 a capacidade do Papa Francisco dialogar com crentes e n\u00e3o crentes, mas a\u00a0<\/span><a href=\"https:\/\/www.ihu.unisinos.br\/650984-o-manifesto-do-papa-francisco-o-reformador-que-deu-um-coracao-a-crise-da-modernidade\" target=\"_blank\" rel=\"noopener noreferrer\" data-pf_style_display=\"inline\" data-pf_style_visibility=\"visible\"><span class=\"text-node\">aten\u00e7\u00e3o do Papa aos n\u00e3o crentes<\/span><\/a><span class=\"text-node\">, como ao jornalista italiano\u00a0<\/span><a href=\"https:\/\/www.ihu.unisinos.br\/categorias\/620397-scalfari-o-papa-recordo-com-afeto-as-nossas-conversacoes\" data-pf_style_display=\"inline\" data-pf_style_visibility=\"visible\"><span class=\"text-node\">Eugenio Scalfari<\/span><\/a><span class=\"text-node\">, com quem Francisco estabeleceu uma rela\u00e7\u00e3o de amizade e conversas que ajudaram a iluminar todos aqueles que, como Scalfari, buscam compreender o sentido da exist\u00eancia. Por ocasi\u00e3o da morte do jornalista, em<\/span><span class=\"Apple-converted-space\" data-pf_style_display=\"inline\" data-pf_style_visibility=\"visible\">\u00a0<\/span><span class=\"text-node\">2022, aos 98 anos, o\u00a0<\/span><a href=\"https:\/\/www.ihu.unisinos.br\/categorias\/620461-sempre-buscou-deus-na-escuridao-do-homem\" target=\"_blank\" rel=\"noopener noreferrer\" data-pf_style_display=\"inline\" data-pf_style_visibility=\"visible\"><span class=\"text-node\">Papa Francisco registrou algumas mem\u00f3rias<\/span><\/a><span class=\"text-node\">:<\/span><\/p>\n<p class=\"added-to-list1\" data-pf_style_display=\"block\" data-pf_style_visibility=\"visible\"><span class=\"text-node\">\u201cLembro que em nossos encontros na\u00a0<\/span><b data-pf_style_display=\"inline\" data-pf_style_visibility=\"visible\"><span class=\"text-node\">Casa Santa Marta<\/span><\/b><span class=\"text-node\">\u00a0ele me contava como estava tentando apreender, investigando o cotidiano e o futuro atrav\u00e9s da medita\u00e7\u00e3o sobre as experi\u00eancias e sobre grandes leituras, o\u00a0<\/span><a href=\"https:\/\/www.ihu.unisinos.br\/noticias\/505739-o-sentido-da-vida-nas-palavras-de-jesus-entrevista-com-carlo-maria-martini\" data-pf_style_display=\"inline\" data-pf_style_visibility=\"visible\"><span class=\"text-node\">sentido da exist\u00eancia e da vida<\/span><\/a><span class=\"text-node\">. Ele se declarava um n\u00e3o crente, embora nos anos em que o conheci, tamb\u00e9m refletia profundamente sobre o\u00a0<\/span><b data-pf_style_display=\"inline\" data-pf_style_visibility=\"visible\"><span class=\"text-node\">significado da f\u00e9<\/span><\/b><span class=\"text-node\">. Sempre se questionava sobre a presen\u00e7a de Deus, sobre as coisas \u00faltimas e sobre a vida ap\u00f3s esta vida.<\/span><\/p>\n<p class=\"added-to-list1\" data-pf_style_display=\"block\" data-pf_style_visibility=\"visible\"><span class=\"text-node\">As nossas conversas eram agrad\u00e1veis e intensas, os minutos com ele passavam voando pontuados pelo sereno confronto das respectivas opini\u00f5es e pela partilha dos nossos pensamentos e das nossas ideias, e tamb\u00e9m de momentos de alegria. Fal\u00e1vamos de\u00a0<\/span><a href=\"https:\/\/ihu.unisinos.br\/188-noticias\/noticias-2018\/580403-o-conceito-de-secularismo-enquanto-sinonimo-de-neutralidade-ja-nao-funciona\" data-pf_style_display=\"inline\" data-pf_style_visibility=\"visible\"><span class=\"text-node\">f\u00e9 e secularismo<\/span><\/a><span class=\"text-node\">, de vida quotidiana e dos\u00a0<\/span><b data-pf_style_display=\"inline\" data-pf_style_visibility=\"visible\"><span class=\"text-node\">grandes horizontes da humanidade<\/span><\/b><span class=\"text-node\">\u00a0do presente e do futuro, da escurid\u00e3o que pode envolver o homem e da luz divina que pode iluminar o seu caminho\u201d.<\/span><\/p>\n<h2 data-pf_style_display=\"block\" data-pf_style_visibility=\"visible\"><span class=\"text-node\">O pontificado de Francisco no IHU<\/span><\/h2>\n<p class=\"added-to-list1\" data-pf_style_display=\"block\" data-pf_style_visibility=\"visible\"><span class=\"text-node\">Dois anos depois da elei\u00e7\u00e3o de Francisco, ap\u00f3s noticiar amplamente as rea\u00e7\u00f5es aos primeiros meses do papado em sua p\u00e1gina eletr\u00f4nica, o\u00a0<\/span><strong data-pf_style_display=\"inline\" data-pf_style_visibility=\"visible\"><span class=\"text-node\">IHU<\/span><\/strong><span class=\"text-node\">\u00a0publicou a primeira das quatro edi\u00e7\u00f5es da\u00a0<\/span><strong data-pf_style_display=\"inline\" data-pf_style_visibility=\"visible\"><span class=\"text-node\">Revista IHU On-Line<\/span><\/strong><span class=\"text-node\">\u00a0dedicadas \u00e0 an\u00e1lise do pontificado. O editorial da edi\u00e7\u00e3o n\u00famero 465, intitulada,\u00a0<\/span><a href=\"https:\/\/www.ihuonline.unisinos.br\/edicao\/465\" target=\"_blank\" rel=\"noopener noreferrer\" data-pf_style_display=\"inline\" data-pf_style_visibility=\"visible\"><span class=\"text-node\">\u201c<\/span><strong data-pf_style_display=\"inline\" data-pf_style_visibility=\"visible\"><span class=\"text-node\">E sopra um vento de ar puro\u2026 os dois anos de Papa Francisco<\/span><\/strong><span class=\"text-node\">\u201d<\/span><\/a><span class=\"text-node\">, constatava: \u201cO jesu\u00edta argentino que chegou ao Vaticano com ares de novidade tem conquistado fi\u00e9is do mundo todo, caiu nas gra\u00e7as da imprensa, mas tamb\u00e9m tem mexido com a Igreja, suscitando resist\u00eancias e contrariedades\u201d.<\/span><span class=\"Apple-converted-space\" data-pf_style_display=\"inline\" data-pf_style_visibility=\"visible\">\u00a0<\/span><\/p>\n<p class=\"added-to-list1\" data-pf_style_display=\"block\" data-pf_style_visibility=\"visible\"><span class=\"text-node\">Naquela edi\u00e7\u00e3o, destacou-se a\u00a0<\/span><a href=\"https:\/\/www.ihuonline.unisinos.br\/artigo\/5919-juan-carlos-scannone-3\" target=\"_blank\" rel=\"noopener noreferrer\" data-pf_style_display=\"inline\" data-pf_style_visibility=\"visible\"><span class=\"text-node\">entrevista do jesu\u00edta\u00a0<\/span><b data-pf_style_display=\"inline\" data-pf_style_visibility=\"visible\"><span class=\"text-node\">Juan Carlos Scannone<\/span><\/b><\/a><span class=\"text-node\">, te\u00f3logo e fil\u00f3sofo argentino, um dos mais importantes te\u00f3ricos da chamada\u00a0<\/span><a href=\"https:\/\/www.ihu.unisinos.br\/categorias\/188-noticias-2018\/576106-teologia-do-povo-ponto-fundamental-para-entender-francisco\" target=\"_blank\" rel=\"noopener noreferrer\" data-pf_style_display=\"inline\" data-pf_style_visibility=\"visible\"><span class=\"text-node\">Teologia do Povo<\/span><\/a><span class=\"text-node\">.\u00a0<\/span><strong data-pf_style_display=\"inline\" data-pf_style_visibility=\"visible\"><span class=\"text-node\">Scannone<\/span><\/strong><span class=\"text-node\">\u00a0foi bastante requisitado nos primeiros anos do pontificado por todos aqueles que queriam compreender melhor o pensamento de Francisco. Foi professor de grego cl\u00e1ssico e de literatura de Bergoglio e conviveu com ele dez anos.<\/span><\/p>\n<p class=\"added-to-list1\" data-pf_style_display=\"block\" data-pf_style_visibility=\"visible\"><strong data-pf_style_display=\"inline\" data-pf_style_visibility=\"visible\"><span class=\"text-node\">Scannone<\/span><\/strong><span class=\"text-node\">\u00a0sintetizou o que seriam os doze anos do pontificado de Francisco. \u201cO novo Papa, desde a escolha do seu nome, colocou de manifesto sua acentua\u00e7\u00e3o do amor preferencial pelo pobre, marginalizado, exclu\u00eddo, desempregado, doente, incapacitado, \u2018descartado\u2019, \u2018sobrante\u2019, tanto que alguns disseram que suas primeiras visitas fora de Roma, a\u00a0<\/span><strong data-pf_style_display=\"inline\" data-pf_style_visibility=\"visible\"><span class=\"text-node\">Lampedusa<\/span><\/strong><span class=\"text-node\">\u00a0e\u00a0<\/span><strong data-pf_style_display=\"inline\" data-pf_style_visibility=\"visible\"><span class=\"text-node\">Sardenha<\/span><\/strong><span class=\"text-node\">, e\u00a0<\/span><a href=\"https:\/\/www.ihu.unisinos.br\/noticias\/523984-da-enciclica-de-lampedusa-a-de-sardenha\" target=\"_blank\" rel=\"noopener noreferrer\" data-pf_style_display=\"inline\" data-pf_style_visibility=\"visible\"><span class=\"text-node\">seu encontro ali com os migrantes refugiados e com os desempregados<\/span><\/a><span class=\"text-node\">, operaram simbolicamente como verdadeiras enc\u00edclicas. N\u00e3o somente declara que \u2018a solidariedade \u00e9 uma rea\u00e7\u00e3o espont\u00e2nea de quem reconhece a fun\u00e7\u00e3o social da propriedade e o destino universal dos bens como realidades anteriores \u00e0 propriedade privada\u2019 (EG 189), de acordo com a doutrina cat\u00f3lica, mas que depois afirma: \u2018Para a Igreja, a\u00a0<\/span><a href=\"https:\/\/www.ihu.unisinos.br\/categorias\/603673-opcao-pelos-pobres-unico-caminho-para-seguir-jesus-de-nazare#:~:text=A%20Op%C3%A7%C3%A3o%20pelos%20Pobres%20%C3%A9%20uma%20Op%C3%A7%C3%A3o%20de%20vida%2C%20uma,(Jo%2010%2C10).\" target=\"_blank\" rel=\"noopener noreferrer\" data-pf_style_display=\"inline\" data-pf_style_visibility=\"visible\"><span class=\"text-node\">op\u00e7\u00e3o pelos pobres<\/span><\/a><span class=\"text-node\">\u00a0\u00e9 mais uma categoria teol\u00f3gica que cultural, sociol\u00f3gica, pol\u00edtica ou filos\u00f3fica\u201d (EG 198).<\/span><\/p>\n<p class=\"added-to-list1\" data-pf_style_display=\"block\" data-pf_style_visibility=\"visible\"><span class=\"text-node\">Da\u00ed que volte a expressar o que j\u00e1 havia dito em outras ocasi\u00f5es: \u201cPor isso, desejo uma Igreja pobre para os pobres. Estes t\u00eam muito para nos ensinar. Al\u00e9m de participar do\u00a0<\/span><em data-pf_style_display=\"inline\" data-pf_style_visibility=\"visible\"><span class=\"text-node\">sensus fidei<\/span><\/em><span class=\"text-node\">, nas suas pr\u00f3prias dores conhecem Cristo sofredor. \u00c9 necess\u00e1rio que todos nos deixemos evangelizar por eles\u2019 (ib)\u201d.<\/span><\/p>\n<div data-pf_style_display=\"block\" data-pf_style_visibility=\"visible\">\n<p class=\"added-to-list1\">\n<\/div>\n<p class=\"added-to-list1\" data-pf_style_display=\"block\" data-pf_style_visibility=\"visible\"><span class=\"text-node\">Ainda em 2015, o\u00a0<\/span><strong data-pf_style_display=\"inline\" data-pf_style_visibility=\"visible\"><span class=\"text-node\">IHU<\/span><\/strong><span class=\"text-node\">\u00a0repercutiu a publica\u00e7\u00e3o da segunda enc\u00edclica do\u00a0<\/span><strong data-pf_style_display=\"inline\" data-pf_style_visibility=\"visible\"><span class=\"text-node\">Papa Francisco<\/span><\/strong><span class=\"text-node\">,\u00a0<\/span><em data-pf_style_display=\"inline\" data-pf_style_visibility=\"visible\"><span class=\"text-node\">Laudato si\u2019:\u00a0sobre o cuidado da Casa Comum<\/span><\/em><span class=\"text-node\">, tema de in\u00fameros artigos e entrevistas\u00a0<\/span><a href=\"https:\/\/www.ihu.unisinos.br\/categorias\/618968-laudato-si-aprender-a-cuidar-do-que-que-e-comum-da-nossa-casa\" target=\"_blank\" rel=\"noopener noreferrer\" data-pf_style_display=\"inline\" data-pf_style_visibility=\"visible\"><span class=\"text-node\">publicados na p\u00e1gina eletr\u00f4nica posteriormente<\/span><\/a><span class=\"text-node\">. A edi\u00e7\u00e3o\u00a0<\/span><a href=\"https:\/\/www.ihuonline.unisinos.br\/edicao\/469\" target=\"_blank\" rel=\"noopener noreferrer\" data-pf_style_display=\"inline\" data-pf_style_visibility=\"visible\"><span class=\"text-node\">\u201cO ECOmenismo da\u00a0<\/span><em data-pf_style_display=\"inline\" data-pf_style_visibility=\"visible\"><span class=\"text-node\">Laudato si\u2019<\/span><\/em><span class=\"text-node\">. Da Crise Ecol\u00f3gica \u00e0 Ecologia Integral\u201d<\/span><\/a><span class=\"text-node\">\u00a0da\u00a0<\/span><strong data-pf_style_display=\"inline\" data-pf_style_visibility=\"visible\"><span class=\"text-node\">IHU On-Line<\/span><\/strong><span class=\"text-node\">\u00a0analisou as rela\u00e7\u00f5es entre o texto papal, as ci\u00eancias econ\u00f4micas, sociais e naturais.\u00a0<\/span><a href=\"https:\/\/www.ihuonline.unisinos.br\/artigo\/6036-partha-dasgupta\" target=\"_blank\" rel=\"noopener noreferrer\" data-pf_style_display=\"inline\" data-pf_style_visibility=\"visible\"><span class=\"text-node\">Partha Dasgupta<\/span><\/a><span class=\"text-node\">, economista indiano, professor em\u00e9rito de Economia na Universidade de Cambridge e pesquisador na Universidade de Manchester, foi enf\u00e1tico nas respostas. \u201cEu n\u00e3o acredito que haja qualquer coisa na Enc\u00edclica que n\u00e3o seja coerente com a compreens\u00e3o cient\u00edfica contempor\u00e2nea dos fen\u00f4menos que o Papa levanta. Claro, existem diferen\u00e7as terminol\u00f3gicas, mas elas n\u00e3o chegam a constituir diferen\u00e7as em rela\u00e7\u00e3o \u00e0 sua leitura das intera\u00e7\u00f5es entre o ser humano e a natureza\u201d, acentuou.\u00a0E acrescentou: \u201cA Enc\u00edclica est\u00e1 apontando para a necessidade de que fa\u00e7amos a coisa certa ao natural, mesmo quando ningu\u00e9m esteja olhando. \u00c9 por isso que h\u00e1 necessidade de mudar nossa cultura. A natureza n\u00e3o \u00e9 apenas mais uma mercadoria, assim como seres humanos n\u00e3o s\u00e3o meras commodities\u201d.<\/span><\/p>\n<p class=\"added-to-list1\" data-pf_style_display=\"block\" data-pf_style_visibility=\"visible\"><span class=\"text-node\">Um m\u00eas depois da publica\u00e7\u00e3o da Exorta\u00e7\u00e3o Apost\u00f3lica\u00a0<\/span><em data-pf_style_display=\"inline\" data-pf_style_visibility=\"visible\"><span class=\"text-node\">Amoris Laetitia:\u00a0sobre o amor na fam\u00edlia<\/span><\/em><span class=\"text-node\">, a\u00a0<\/span><strong data-pf_style_display=\"inline\" data-pf_style_visibility=\"visible\"><span class=\"text-node\">Revista IHU On-Line<\/span><\/strong><span class=\"text-node\">\u00a0publicou a edi\u00e7\u00e3o\u00a0<\/span><a href=\"https:\/\/www.ihuonline.unisinos.br\/edicao\/483\" target=\"_blank\" rel=\"noopener noreferrer\" data-pf_style_display=\"inline\" data-pf_style_visibility=\"visible\"><span class=\"text-node\">\u201c<\/span><em data-pf_style_display=\"inline\" data-pf_style_visibility=\"visible\"><span class=\"text-node\">Amoris Laetitia<\/span><\/em><span class=\"text-node\">\u00a0e a \u2018\u00e9tica do poss\u00edvel\u2019. Limites e possibilidades de um documento sobre \u2018a fam\u00edlia\u2019, hoje\u201d<\/span><\/a><span class=\"text-node\">. \u201cO documento foi amplamente debatido, comentado, enaltecido por uns, e criticado, dura ou suavemente, por outros, nas\u00a0<\/span><strong data-pf_style_display=\"inline\" data-pf_style_visibility=\"visible\"><span class=\"text-node\">Not\u00edcias do Dia<\/span><\/strong><span class=\"text-node\">, diariamente atualizadas e publicadas pela p\u00e1gina eletr\u00f4nica do\u00a0<\/span><strong data-pf_style_display=\"inline\" data-pf_style_visibility=\"visible\"><span class=\"text-node\">Instituto Humanitas Unisinos \u2013 IHU<\/span><\/strong><span class=\"text-node\">\u00a0e agora \u00e9 discutido nas p\u00e1ginas da presente edi\u00e7\u00e3o da revista\u00a0<\/span><strong data-pf_style_display=\"inline\" data-pf_style_visibility=\"visible\"><span class=\"text-node\">IHU On-Line<\/span><\/strong><span class=\"text-node\">\u201d, informava o editorial da edi\u00e7\u00e3o.<\/span><\/p>\n<p class=\"added-to-list1\" data-pf_style_display=\"block\" data-pf_style_visibility=\"visible\"><span class=\"text-node\">Em 2018, a publica\u00e7\u00e3o analisou os cinco anos do pontificado, na edi\u00e7\u00e3o intitulada\u00a0<\/span><a href=\"https:\/\/www.ihuonline.unisinos.br\/edicao\/522\" target=\"_blank\" rel=\"noopener noreferrer\" data-pf_style_display=\"inline\" data-pf_style_visibility=\"visible\"><span class=\"text-node\">\u201cA virada prof\u00e9tica de Francisco \u2013 Uma \u2018Igreja em sa\u00edda\u2019 e os desafios do mundo contempor\u00e2neo\u201d<\/span><\/a><span class=\"text-node\">. Naquela \u00e9poca, a sinodalidade j\u00e1 era apontada como \u201ca grande novidade e tamb\u00e9m o desafio de Francisco\u201d, tal como expressou\u00a0<\/span><a href=\"https:\/\/www.ihuonline.unisinos.br\/artigo\/7282-sinodalidade-e-a-grande-novidade-e-tambem-o-desafio-de-francisco\" target=\"_blank\" rel=\"noopener noreferrer\" data-pf_style_display=\"inline\" data-pf_style_visibility=\"visible\"><span class=\"text-node\">Peter H\u00fcnermann<\/span><\/a><span class=\"text-node\">, te\u00f3logo alem\u00e3o e professor aposentado de Dogm\u00e1tica Cat\u00f3lica na Universidade Eberhard Karls de T\u00fcbingen. \u201cO papa Francisco deu impulsos espirituais, pastorais e teol\u00f3gicos substanciais e reavivou o esp\u00edrito do evangelho. Isso se mostra bem claramente na atua\u00e7\u00e3o p\u00fablica do Papa, como nos documentos publicados. Menciono apenas\u00a0<\/span><em data-pf_style_display=\"inline\" data-pf_style_visibility=\"visible\"><span class=\"text-node\">Evangelii gaudium<\/span><\/em><span class=\"text-node\">,\u00a0<\/span><em data-pf_style_display=\"inline\" data-pf_style_visibility=\"visible\"><span class=\"text-node\">Amoris laetitia<\/span><\/em><span class=\"text-node\">,\u00a0<\/span><em data-pf_style_display=\"inline\" data-pf_style_visibility=\"visible\"><span class=\"text-node\">Laudato si&#8217;<\/span><\/em><span class=\"text-node\">, a grande alocu\u00e7\u00e3o por ocasi\u00e3o do jubileu do S\u00ednodo dos Bispos em Roma sobre o tema da sinodalidade como caminho da Igreja no terceiro mil\u00eanio, o texto recente sobre a santidade. A isso se acrescentam decis\u00f5es pr\u00e1ticas: a nomea\u00e7\u00e3o do conselho de nove cardeais, a consulta ao povo de Deus sobre o S\u00ednodo dos Bispos em Roma etc. Aconteceu muit\u00edssima coisa, e o papel do Papa assumiu uma outra forma\u201d, destacou.<\/span><span class=\"Apple-converted-space\" data-pf_style_display=\"inline\" data-pf_style_visibility=\"visible\">\u00a0<\/span><\/p>\n<p class=\"added-to-list1\" data-pf_style_display=\"block\" data-pf_style_visibility=\"visible\"><span class=\"text-node\">O\u00a0<\/span><strong data-pf_style_display=\"inline\" data-pf_style_visibility=\"visible\"><span class=\"text-node\">IHU<\/span><\/strong><span class=\"text-node\">\u00a0repercutiu amplamente as rea\u00e7\u00f5es \u00e0s enc\u00edclicas\u00a0<\/span><em data-pf_style_display=\"inline\" data-pf_style_visibility=\"visible\"><span class=\"text-node\">Lumen fidei<\/span><\/em><span class=\"text-node\">, publicada em 2013,\u00a0<\/span><em data-pf_style_display=\"inline\" data-pf_style_visibility=\"visible\"><span class=\"text-node\">Fratelli tutti<\/span><\/em><span class=\"text-node\">, em 2020 e\u00a0<\/span><em data-pf_style_display=\"inline\" data-pf_style_visibility=\"visible\"><span class=\"text-node\">Dilexit nos<\/span><\/em><span class=\"text-node\">, de outubro de 2024, assim como as exorta\u00e7\u00f5es apost\u00f3licas &#8220;<\/span><em data-pf_style_display=\"inline\" data-pf_style_visibility=\"visible\"><span class=\"text-node\">Evangelii gaudium<\/span><\/em><span class=\"text-node\">&#8220;:\u00a0sobre o an\u00fancio do Evangelho no mundo atual;\u00a0<\/span><a href=\"https:\/\/www.vatican.va\/content\/francesco\/pt\/apost_exhortations\/documents\/papa-francesco_esortazione-ap_20160319_amoris-laetitia.html\" data-pf_style_display=\"inline\" data-pf_style_visibility=\"visible\"><span class=\"text-node\">&#8220;<\/span><\/a><em data-pf_style_display=\"inline\" data-pf_style_visibility=\"visible\"><span class=\"text-node\">Amoris laetitia<\/span><\/em><span class=\"text-node\">&#8220;:\u00a0sobre o amor na fam\u00edlia;<\/span><a href=\"https:\/\/www.vatican.va\/content\/francesco\/pt\/apost_exhortations\/documents\/papa-francesco_esortazione-ap_20180319_gaudete-et-exsultate.html\" data-pf_style_display=\"inline\" data-pf_style_visibility=\"visible\"><span class=\"text-node\">\u00a0&#8220;<\/span><\/a><em data-pf_style_display=\"inline\" data-pf_style_visibility=\"visible\"><span class=\"text-node\">Gaudete et exsultate<\/span><\/em><span class=\"text-node\">&#8220;:\u00a0sobre a chamada \u00e0 santidade no mundo atual; &#8220;<\/span><em data-pf_style_display=\"inline\" data-pf_style_visibility=\"visible\"><span class=\"text-node\">Christus vivit<\/span><\/em><span class=\"text-node\">&#8220;:\u00a0aos jovens e a todo o povo de Deus;\u00a0<\/span><a href=\"https:\/\/www.vatican.va\/content\/francesco\/pt\/apost_exhortations\/documents\/papa-francesco_esortazione-ap_20200202_querida-amazonia.html\" data-pf_style_display=\"inline\" data-pf_style_visibility=\"visible\"><span class=\"text-node\">&#8220;<\/span><\/a><em data-pf_style_display=\"inline\" data-pf_style_visibility=\"visible\"><span class=\"text-node\">Querida Amazonia<\/span><\/em><span class=\"text-node\">&#8220;;\u00a0<\/span><a href=\"https:\/\/www.vatican.va\/content\/francesco\/pt\/apost_exhortations\/documents\/20231004-laudate-deum.html\" data-pf_style_display=\"inline\" data-pf_style_visibility=\"visible\"><span class=\"text-node\">&#8220;<\/span><\/a><em data-pf_style_display=\"inline\" data-pf_style_visibility=\"visible\"><span class=\"text-node\">Laudate Deum<\/span><\/em><span class=\"text-node\">&#8220;: sobre a crise clim\u00e1tica; e\u00a0<\/span><a href=\"https:\/\/www.vatican.va\/content\/francesco\/pt\/apost_exhortations\/documents\/20231015-santateresa-delbambinogesu.html\" data-pf_style_display=\"inline\" data-pf_style_visibility=\"visible\"><span class=\"text-node\">&#8220;<\/span><\/a><em data-pf_style_display=\"inline\" data-pf_style_visibility=\"visible\"><span class=\"text-node\">C&#8217;est la confiance<\/span><\/em><span class=\"text-node\">&#8220;:\u00a0sobre a confian\u00e7a no amor misericordioso de Deus por ocasi\u00e3o do 150\u00b0 anivers\u00e1rio do nascimento de Santa Teresa do Menino Jesus e da Santa Face.\u00a0<\/span><\/p>\n<div class=\"news-image-credits\" data-pf_style_display=\"block\" data-pf_style_visibility=\"visible\"><img data-recalc-dims=\"1\" decoding=\"async\" class=\"flex-width pf-size-full\" src=\"https:\/\/i0.wp.com\/www.ihu.unisinos.br\/images\/ihu\/2016\/ESCOLHER_A_FOTO.jpg?w=600&#038;ssl=1\" alt=\"\" data-pf_style_display=\"inline\" data-pf_style_visibility=\"visible\" data-pf_rect_width=\"0\" data-pf_rect_height=\"0\" \/><img data-recalc-dims=\"1\" decoding=\"async\" class=\"flex-width pf-size-full blockImage\" src=\"https:\/\/i0.wp.com\/www.ihu.unisinos.br\/images\/ihu\/2025\/04_gifs\/25_04_enciclicas_gif.gif?w=600&#038;ssl=1\" alt=\"\" data-pf_style_display=\"inline\" data-pf_style_visibility=\"visible\" data-pf_rect_width=\"0\" data-pf_rect_height=\"0\" \/><\/p>\n<p class=\"added-to-list1\" data-pf_style_display=\"block\" data-pf_style_visibility=\"visible\"><span class=\"text-node\">Capas das Cartas Enc\u00edclicas do Papa Francisco\u00a0(Arte: Marcelo Zanotti)<\/span><\/p>\n<\/div>\n<div class=\"news-image-credits\" data-pf_style_display=\"block\" data-pf_style_visibility=\"visible\"><img data-recalc-dims=\"1\" decoding=\"async\" class=\"flex-width pf-size-full\" src=\"https:\/\/i0.wp.com\/www.ihu.unisinos.br\/images\/ihu\/2016\/ESCOLHER_A_FOTO.jpg?w=600&#038;ssl=1\" alt=\"\" data-pf_style_display=\"inline\" data-pf_style_visibility=\"visible\" data-pf_rect_width=\"0\" data-pf_rect_height=\"0\" \/><img data-recalc-dims=\"1\" decoding=\"async\" class=\"flex-width pf-size-full blockImage\" src=\"https:\/\/i0.wp.com\/www.ihu.unisinos.br\/images\/ihu\/2025\/04_gifs\/25_04_exortacoes_gif.gif?w=600&#038;ssl=1\" alt=\"\" data-pf_style_display=\"inline\" data-pf_style_visibility=\"visible\" data-pf_rect_width=\"0\" data-pf_rect_height=\"0\" \/><\/p>\n<p class=\"added-to-list1\" data-pf_style_display=\"block\" data-pf_style_visibility=\"visible\"><span class=\"text-node\">Capas das Exorta\u00e7\u00f5es Apost\u00f3licas do Papa Francisco\u00a0(Arte: Marcelo Zanotti)<\/span><\/p>\n<\/div>\n<p class=\"added-to-list1\" data-pf_style_display=\"block\" data-pf_style_visibility=\"visible\"><span class=\"text-node\">O\u00a0<\/span><strong data-pf_style_display=\"inline\" data-pf_style_visibility=\"visible\"><span class=\"text-node\">IHU<\/span><\/strong><span class=\"text-node\">\u00a0tamb\u00e9m deu \u00eanfase \u00e0s cr\u00edticas do Papa Francisco ao modelo econ\u00f4mico atual, abordando o tema com economistas, soci\u00f3logos e fil\u00f3sofos nacionais e estrangeiros em entrevistas e confer\u00eancias, como as ministradas nos ciclos de estudos\u00a0<\/span><a href=\"https:\/\/www.ihu.unisinos.br\/evento\/renda-basica-universal\" data-pf_style_display=\"inline\" data-pf_style_visibility=\"visible\"><span class=\"text-node\">Renda B\u00e1sica Universal. Para al\u00e9m da justi\u00e7a social<\/span><\/a><span class=\"text-node\">\u00a0e\u00a0<\/span><strong data-pf_style_display=\"inline\" data-pf_style_visibility=\"visible\"><a href=\"https:\/\/www.ihu.unisinos.br\/evento\/emergencia-climatica\" data-pf_style_display=\"inline\" data-pf_style_visibility=\"visible\"><span class=\"text-node\">Emerg\u00eancia Clim\u00e1tica. Ecologia integral e o cuidado da casa comum<\/span><\/a><\/strong><span class=\"text-node\">, realizados no per\u00edodo da pandemia de Covid-19. &#8220;\u00c9 preciso transformar uma economia que mata em uma economia da vida&#8221;, repetia o Papa.<\/span><\/p>\n<p class=\"added-to-list1\" data-pf_style_display=\"block\" data-pf_style_visibility=\"visible\"><span class=\"text-node\">Na videoconfer\u00eancia \u201cPapa Francisco e a cr\u00edtica ao dogma de f\u00e9 neoliberal. Limites e possibilidades de uma outra economia\u201d, o economista\u00a0<\/span><a href=\"https:\/\/www.ihu.unisinos.br\/categorias\/159-entrevistas\/647435-os-rentistas-estao-promovendo-a-morte-da-economia-no-mundo-inteiro-em-especial-no-caso-brasileiro-entrevista-especial-com-luiz-gonzaga-belluzzo\" target=\"_blank\" rel=\"noopener noreferrer\" data-pf_style_display=\"inline\" data-pf_style_visibility=\"visible\"><span class=\"text-node\">Luiz Gonzaga Belluzzo<\/span><\/a><span class=\"text-node\">\u00a0endossou as observa\u00e7\u00f5es do pont\u00edfice. \u201cAs pol\u00edticas tradicionais, inspiradas numa vis\u00e3o completamente inadequada do capitalismo atual, n\u00e3o podem mais subsistir porque elas n\u00e3o s\u00e3o suficientes para abrigar os anseios e as ang\u00fastias das popula\u00e7\u00f5es que tentam sobreviver nas sociedades. Diria que estamos vivendo num momento de transi\u00e7\u00e3o porque as transforma\u00e7\u00f5es que ocorreram na economia mundial e nas economias capitalistas ao longo dos \u00faltimos 40 anos foram produzindo metamorfoses nesse sistema e\u00a0mudaram a sua forma de funcionamento, aquela forma de funcionamento que presidiu as sociedades no p\u00f3s-guerra\u201d, pontuou.<\/span><\/p>\n<p class=\"added-to-list1\" data-pf_style_display=\"block\" data-pf_style_visibility=\"visible\"><a class=\"youtube-replace-link\" href=\"https:\/\/youtu.be\/2MjssAl-oWM\" data-pf-allow-empty=\"1\"><img data-recalc-dims=\"1\" decoding=\"async\" class=\"youtube-replace-img flex-width pf-size-full blockImage\" src=\"https:\/\/i0.wp.com\/img.youtube.com\/vi\/2MjssAl-oWM\/hqdefault.jpg?w=600&#038;ssl=1\" \/><span class=\"text-node\">https:\/\/youtu.be\/2MjssAl-oWM<\/span><\/a><a class=\"youtube-replace-link\" href=\"https:\/\/youtu.be\/WJSbGLg3GKw\" data-pf-allow-empty=\"1\"><img data-recalc-dims=\"1\" decoding=\"async\" class=\"youtube-replace-img flex-width pf-size-full blockImage\" src=\"https:\/\/i0.wp.com\/img.youtube.com\/vi\/WJSbGLg3GKw\/hqdefault.jpg?w=600&#038;ssl=1\" \/><span class=\"text-node\">https:\/\/youtu.be\/WJSbGLg3GKw<\/span><\/a><\/p>\n<p class=\"added-to-list1\" data-pf_style_display=\"block\" data-pf_style_visibility=\"visible\"><a href=\"https:\/\/www.ihu.unisinos.br\/categorias\/159-entrevistas\/597371-o-problema-e-que-simplesmente-nao-existe-um-sistema-para-evitar-e-combater-pandemias-entrevista-especial-com-rubens-ricupero\" target=\"_blank\" rel=\"noopener noreferrer\" data-pf_style_display=\"inline\" data-pf_style_visibility=\"visible\"><span class=\"text-node\">Rubens Ricupero<\/span><\/a><span class=\"text-node\">, diplomata brasileiro e ex-ministro da Fazenda do Brasil, comentou a rela\u00e7\u00e3o do\u00a0<\/span><strong data-pf_style_display=\"inline\" data-pf_style_visibility=\"visible\"><span class=\"text-node\">Papa Francisco<\/span><\/strong><span class=\"text-node\">\u00a0com o ent\u00e3o presidente\u00a0<\/span><strong data-pf_style_display=\"inline\" data-pf_style_visibility=\"visible\"><span class=\"text-node\">Biden<\/span><\/strong><span class=\"text-node\">\u00a0no combate ao populismo na videoconfer\u00eancia\u00a0\u201cA ordem mundial para Francisco. A crise do multilateralismo e o apelo pela fraternidade universal&#8221;.\u00a0O Papa Francisco, observou, \u201c\u00e0s vezes, \u00e9 chamado de populista. Tem gente que diz que ele teve muita influ\u00eancia, como teve de fato, no justicialismo peronista, aquele movimento que dominou a inf\u00e2ncia e a juventude dele na Argentina. O peronismo n\u00e3o deixa de ser uma variante do populismo. (\u2026) N\u00f3s todos queremos ter uma economia que seja voltada \u00e0quilo que a Igreja chamava, no passado, de\u00a0<\/span><a href=\"https:\/\/www.ihu.unisinos.br\/categorias\/622118-o-bem-comum-e-a-politica#:~:text=%22Bem%20comum%22%20n%C3%A3o%20%C3%A9%2C,a%20beleza%20s%C3%A3o%20bens%20comuns.\" target=\"_blank\" rel=\"noopener noreferrer\" data-pf_style_display=\"inline\" data-pf_style_visibility=\"visible\"><span class=\"text-node\">bem comum<\/span><\/a><span class=\"text-node\">, o bem da maior parte, o bem da coletividade, que \u00e9 o bem do povo. O Papa mesmo diz que o mundo espera que n\u00f3s sejamos povo de Deus, n\u00e3o elite de Deus. N\u00f3s n\u00e3o somos elite. Ent\u00e3o, nesse sentido, se n\u00f3s entendermos populismo como uma ideologia do\u00a0<\/span><strong data-pf_style_display=\"inline\" data-pf_style_visibility=\"visible\"><span class=\"text-node\">Trump<\/span><\/strong><span class=\"text-node\">\u00a0ou do\u00a0<\/span><strong data-pf_style_display=\"inline\" data-pf_style_visibility=\"visible\"><span class=\"text-node\">Bolsonaro<\/span><\/strong><span class=\"text-node\">, a\u00ed sim, eu diria que o Papa Francisco representa uma supera\u00e7\u00e3o disso. Mas por isso \u00e9 preciso tomar cuidado com o uso da express\u00e3o populismo, que \u00e9 uma express\u00e3o que serve a duzentas ou trezentas defini\u00e7\u00f5es diferentes e pode conduzir a muitos equ\u00edvocos\u201d.<\/span><span class=\"Apple-converted-space\" data-pf_style_display=\"inline\" data-pf_style_visibility=\"visible\">\u00a0<\/span><\/p>\n<p class=\"news-citacao-right added-to-list1\"><span class=\"twitter-quote\" data-pf_style_display=\"inline\" data-pf_style_visibility=\"visible\"><span class=\"text-node\">N\u00f3s todos queremos ter uma economia que seja voltada \u00e0quilo que a Igreja chamava de bem comum, o bem da coletividade, que \u00e9 o bem do povo. O Papa mesmo diz que o mundo espera que n\u00f3s sejamos povo de Deus, n\u00e3o elite de Deus \u2013 Rubens Ricupero<\/span><\/span><\/p>\n<p class=\"added-to-list1\" data-pf_style_display=\"block\" data-pf_style_visibility=\"visible\"><a class=\"youtube-replace-link\" href=\"https:\/\/youtu.be\/nqzAo9aUIuM\" data-pf-allow-empty=\"1\"><img data-recalc-dims=\"1\" decoding=\"async\" class=\"youtube-replace-img flex-width pf-size-full blockImage\" src=\"https:\/\/i0.wp.com\/img.youtube.com\/vi\/nqzAo9aUIuM\/hqdefault.jpg?w=600&#038;ssl=1\" \/><span class=\"text-node\">https:\/\/youtu.be\/nqzAo9aUIuM<\/span><\/a><\/p>\n<p class=\"added-to-list1\" data-pf_style_display=\"block\" data-pf_style_visibility=\"visible\"><span class=\"text-node\">Por ocasi\u00e3o dos cinco anos do pontificado de Francisco, o\u00a0<\/span><strong data-pf_style_display=\"inline\" data-pf_style_visibility=\"visible\"><span class=\"text-node\">IHU<\/span><\/strong><span class=\"text-node\">\u00a0promoveu o\u00a0<\/span><strong data-pf_style_display=\"inline\" data-pf_style_visibility=\"visible\"><span class=\"text-node\">XVIII Simp\u00f3sio Internacional IHU. A virada prof\u00e9tica de Francisco. Possibilidades e limites para o futuro da Igreja no mundo contempor\u00e2neo<\/span><\/strong><span class=\"text-node\">. O evento aconteceu no Teatro Unisinos,\u00a0<\/span><em data-pf_style_display=\"inline\" data-pf_style_visibility=\"visible\"><span class=\"text-node\">campus<\/span><\/em><span class=\"text-node\">\u00a0de Porto Alegre, em 2018, com o \u201cobjetivo de analisar as principais caracter\u00edsticas da virada prof\u00e9tica do Papa Francisco e refletir cr\u00edtica e transdisciplinarmente sobre o papel da Igreja e seus impactos no mundo contempor\u00e2neo a partir da sua vis\u00e3o social, econ\u00f4mica, (geo)pol\u00edtica, ecol\u00f3gica, cultural e teol\u00f3gica\u201d.\u00a0Uma das palestrantes\u00a0foi\u00a0<\/span><a href=\"https:\/\/www.ihu.unisinos.br\/644977-emilce-cuda-america-latina-ainda-nao-perdeu-a-capacidade-de-sentir-o-sofrimento-dos-outros\" target=\"_blank\" rel=\"noopener noreferrer\" data-pf_style_display=\"inline\" data-pf_style_visibility=\"visible\"><span class=\"text-node\">Emilce Cuda<\/span><\/a><span class=\"text-node\">, te\u00f3loga argentina, especialista em ensino social cat\u00f3lico, que trabalhou com o Papa Francisco no Vaticano. Ela explicou a Teologia do Povo, desenvolvida no contexto argentino, e assinalou que &#8220;um dos temas principais de\u00a0<\/span><a href=\"https:\/\/www.ihu.unisinos.br\/categorias\/625011-um-imposto-global-por-favor-artigo-de-thomas-piketty\" target=\"_blank\" rel=\"noopener noreferrer\" data-pf_style_display=\"inline\" data-pf_style_visibility=\"visible\"><span class=\"text-node\">Thomas Piketty<\/span><\/a><span class=\"text-node\">\u00a0n\u00e3o \u00e9 a pobreza, mas a riqueza. Os pobres n\u00e3o conhecem as riquezas. Os pobres est\u00e3o t\u00e3o marginalizados que nem sequer podem perceber isso.\u00a0(\u2026) Para entender os pobres, temos que nos fazer um com eles, estar ao lado deles. O te\u00f3logo n\u00e3o \u00e9 algu\u00e9m de escrit\u00f3rio; o te\u00f3logo \u00e9 um sacerdote, um padre, algu\u00e9m que est\u00e1 trabalhando com os jovens nas ruas. O te\u00f3logo do povo \u00e9 isso\u201d.\u00a0A palestra\u00a0est\u00e1 dispon\u00edvel abaixo. A\u00a0<\/span><em data-pf_style_display=\"inline\" data-pf_style_visibility=\"visible\"><span class=\"text-node\">playlist<\/span><\/em><span class=\"text-node\">\u00a0completa com todas as confer\u00eancias do\u00a0evento est\u00e1 dispon\u00edvel\u00a0<\/span><a href=\"https:\/\/www.youtube.com\/playlist?list=PLP1euMMJK39TRCd9eMN2PpW3_vw0ZHBy2\" target=\"_blank\" rel=\"noopener noreferrer\" data-pf_style_display=\"inline\" data-pf_style_visibility=\"visible\"><span class=\"text-node\">aqui<\/span><\/a><span class=\"text-node\">.<\/span><\/p>\n<p class=\"news-citacao-right added-to-list1\"><span class=\"twitter-quote\" data-pf_style_display=\"inline\" data-pf_style_visibility=\"visible\"><span class=\"text-node\">Para entender os pobres, temos que nos fazer um com eles, estar ao lado deles. O te\u00f3logo n\u00e3o \u00e9 algu\u00e9m de escrit\u00f3rio; o te\u00f3logo \u00e9 um sacerdote, um padre, algu\u00e9m que est\u00e1 trabalhando com os jovens nas ruas\u00a0\u2013 Emilce Cuda<\/span><\/span><\/p>\n<p class=\"added-to-list1\" data-pf_style_display=\"block\" data-pf_style_visibility=\"visible\"><a class=\"youtube-replace-link\" href=\"https:\/\/youtu.be\/bWIQEGQ_lwo\" data-pf-allow-empty=\"1\"><img data-recalc-dims=\"1\" decoding=\"async\" class=\"youtube-replace-img flex-width pf-size-full blockImage\" src=\"https:\/\/i0.wp.com\/img.youtube.com\/vi\/bWIQEGQ_lwo\/hqdefault.jpg?w=600&#038;ssl=1\" \/><span class=\"text-node\">https:\/\/youtu.be\/bWIQEGQ_lwo<\/span><\/a><\/p>\n<p class=\"added-to-list1\" data-pf_style_display=\"block\" data-pf_style_visibility=\"visible\"><b data-pf_style_display=\"inline\" data-pf_style_visibility=\"visible\"><span class=\"text-node\">Juan Carlos Scannone<\/span><\/b><span class=\"text-node\">, um dos conferencistas do evento, abordou o tema da\u00a0<\/span><a href=\"https:\/\/www.ihu.unisinos.br\/categorias\/635846-o-foco-do-papa-francisco-na-biblia-e-na-misericordia-e-por-que-tantos-catolicos-se-sentem-desconfortaveis-com-isso#:~:text=A%20miseric%C3%B3rdia%20de%20Deus%20%C3%A9,que%20come%C3%A7amos%20a%20ter%20miseric%C3%B3rdia.\" target=\"_blank\" rel=\"noopener noreferrer\" data-pf_style_display=\"inline\" data-pf_style_visibility=\"visible\"><span class=\"text-node\">miseric\u00f3rdia<\/span><\/a><span class=\"text-node\">,\u00a0a chave-hermen\u00eautica do pontificado de Francisco. A miseric\u00f3rdia, disse, &#8220;<\/span><span data-pf_style_display=\"inline\" data-pf_style_visibility=\"visible\"><span class=\"text-node\">desemboca em uma Igreja para os pobres, dos pobres e uma Igreja cujo cora\u00e7\u00e3o est\u00e1 nos pobres, como vimos. \u00c9 a\u00ed que [o Papa Francisco] vai reafirmar o valor protagonista\u00a0n\u00e3o s\u00f3 da Igreja, mas tamb\u00e9m da sociedade global dos pobres, especialmente no seu di\u00e1logo com os movimentos populares. O m\u00e9todo com o qual est\u00e1 tentando levar isso a cabo, na minha opini\u00e3o, \u00e9 o\u00a0<\/span><a href=\"https:\/\/www.ihu.unisinos.br\/categorias\/609351-discernimento-e-para-todos-os-cristaos-nao-apenas-jesuitas-entrevista-com-arturo-sosa-superior-geral-da-companhia-de-jesus#:~:text=Discernimento%20%C3%A9%20uma%20habilidade%20que,que%20a%20espiritualidade%20inaciana%20aponta.\" target=\"_blank\" rel=\"noopener noreferrer\" data-pf_style_display=\"inline\" data-pf_style_visibility=\"visible\"><span class=\"text-node\">discernimento inaciano<\/span><\/a><span class=\"text-node\">, aplicado n\u00e3o somente na Igreja, mas tamb\u00e9m nas orienta\u00e7\u00f5es que ele d\u00e1 na\u00a0pol\u00edtica global, buscando a paz, a justi\u00e7a, a solidariedade e o amor\u201d.<\/span><\/span><\/p>\n<p class=\"added-to-list1\" data-pf_style_display=\"block\" data-pf_style_visibility=\"visible\"><a class=\"youtube-replace-link\" href=\"https:\/\/youtu.be\/mQJbg7_6tYU\" data-pf-allow-empty=\"1\"><img data-recalc-dims=\"1\" decoding=\"async\" class=\"youtube-replace-img flex-width pf-size-full blockImage\" src=\"https:\/\/i0.wp.com\/img.youtube.com\/vi\/mQJbg7_6tYU\/hqdefault.jpg?w=600&#038;ssl=1\" \/><span class=\"text-node\">https:\/\/youtu.be\/mQJbg7_6tYU<\/span><\/a><\/p>\n<p class=\"added-to-list1\" data-pf_style_display=\"block\" data-pf_style_visibility=\"visible\"><span class=\"text-node\">Em 2023, o\u00a0<\/span><strong data-pf_style_display=\"inline\" data-pf_style_visibility=\"visible\"><span class=\"text-node\">IHU<\/span><\/strong><span class=\"text-node\">\u00a0promoveu duas edi\u00e7\u00f5es do Ciclo de Estudos\u00a0<\/span><a href=\"https:\/\/www.ihu.unisinos.br\/evento\/opcao-francisco\" target=\"_blank\" rel=\"noopener noreferrer\" data-pf_style_display=\"inline\" data-pf_style_visibility=\"visible\"><span class=\"text-node\">\u201cA\u00a0Op\u00e7\u00e3o Francisco. A Igreja e a mudan\u00e7a epocal\u201d<\/span><\/a><span class=\"text-node\">. O evento partiu de \u201cum pressuposto fundamental: est\u00e1 curso uma grande crise do cristianismo e da\u00a0<\/span><b data-pf_style_display=\"inline\" data-pf_style_visibility=\"visible\"><span class=\"text-node\">Igreja<\/span><\/b><span class=\"text-node\">, a qual se desdobra sob o impulso de diversos fen\u00f4menos e acontecimentos que caracterizam as transforma\u00e7\u00f5es do mundo contempor\u00e2neo\u201d. Para aprofundar a reflex\u00e3o sobre o tema, foram realizadas confer\u00eancias ministradas por especialistas de renome internacional, acompanhadas pela publica\u00e7\u00e3o de textos e v\u00eddeos das confer\u00eancias, not\u00edcias e entrevistas relacionadas com os assuntos abordados. Numa das confer\u00eancias,\u00a0<\/span><a href=\"https:\/\/www.ihu.unisinos.br\/categorias\/625198-opcao-francisco-precisamos-de-um-sonho-artigo-de-armando-matteo\" target=\"_blank\" rel=\"noopener noreferrer\" data-pf_style_display=\"inline\" data-pf_style_visibility=\"visible\"><span class=\"text-node\">Armando Matteo<\/span><\/a><span class=\"text-node\">, professor da Pontif\u00edcia Universidade Urbaniana e membro da Congrega\u00e7\u00e3o para Doutrina da F\u00e9, alertou para a urg\u00eancia de uma \u201crenova\u00e7\u00e3o da mentalidade pastoral\u201d, defendida pelo Papa Francisco. \u201cImaginar o cristianismo de novo \u2013 esta \u00e9 a tarefa que, no fim das contas, nos \u00e9 atribu\u00edda pela assun\u00e7\u00e3o da\u00a0<\/span><b data-pf_style_display=\"inline\" data-pf_style_visibility=\"visible\"><span class=\"text-node\">Op\u00e7\u00e3o Francisco<\/span><\/b><span class=\"text-node\">\u201d. A\u00a0<\/span><a href=\"https:\/\/www.ihu.unisinos.br\/627543-a-mensagem-de-francisco-o-cristianismo-da-alegria-entrevista-com-dom-armando-matteo\" data-pf_style_display=\"inline\" data-pf_style_visibility=\"visible\"><span class=\"text-node\">Op\u00e7\u00e3o Francisco<\/span><\/a><span class=\"text-node\">, segundo\u00a0<\/span><strong data-pf_style_display=\"inline\" data-pf_style_visibility=\"visible\"><span class=\"text-node\">Matteo<\/span><\/strong><span class=\"text-node\">, nada mais \u00e9 do que &#8220;a tarefa de credenciar junto aos adultos e \u00e0s adultas de hoje uma nova imagem do cristianismo e precisamente a imagem daquele cristianismo e daquela Igreja da\u00a0<\/span><a href=\"https:\/\/www.ihu.unisinos.br\/categorias\/171-noticias-2013\/526339-um-estilo-evangelizador-o-horizonte-eclesial-da-evangelii-gaudium\" data-pf_style_display=\"inline\" data-pf_style_visibility=\"visible\"><em data-pf_style_display=\"inline\" data-pf_style_visibility=\"visible\"><span class=\"text-node\">Evangelii gaudium<\/span><\/em><\/a><span class=\"text-node\">\u00a0que \u00e9 o cora\u00e7\u00e3o do magist\u00e9rio do Papa Francisco&#8221;. As demais confer\u00eancias do evento est\u00e3o dispon\u00edveis\u00a0<\/span><a href=\"https:\/\/www.youtube.com\/playlist?list=PLP1euMMJK39SvH0MtIkTxxrWaR7MsXoco\" target=\"_blank\" rel=\"noopener noreferrer\" data-pf_style_display=\"inline\" data-pf_style_visibility=\"visible\"><span class=\"text-node\">aqui<\/span><\/a><span class=\"text-node\">.<\/span><\/p>\n<p class=\"added-to-list1\" data-pf_style_display=\"block\" data-pf_style_visibility=\"visible\"><a class=\"youtube-replace-link\" href=\"https:\/\/youtu.be\/ZKPb03-K6W0\" data-pf-allow-empty=\"1\"><img data-recalc-dims=\"1\" decoding=\"async\" class=\"youtube-replace-img flex-width pf-size-full blockImage\" src=\"https:\/\/i0.wp.com\/img.youtube.com\/vi\/ZKPb03-K6W0\/hqdefault.jpg?w=600&#038;ssl=1\" \/><span class=\"text-node\">https:\/\/youtu.be\/ZKPb03-K6W0<\/span><\/a><\/p>\n<p class=\"added-to-list1\" data-pf_style_display=\"block\" data-pf_style_visibility=\"visible\"><span class=\"text-node\">O\u00a0<\/span><strong data-pf_style_display=\"inline\" data-pf_style_visibility=\"visible\"><span class=\"text-node\">IHU<\/span><\/strong><span class=\"text-node\">, em parceria com a\u00a0<\/span><a href=\"https:\/\/www.ihu.unisinos.br\/643622-10-anos-da-repam-uma-ferramenta-vital-para-a-amazonia\" target=\"_blank\" rel=\"noopener noreferrer\" data-pf_style_display=\"inline\" data-pf_style_visibility=\"visible\"><span class=\"text-node\">Rede Eclesial Pan-Amaz\u00f4nica (<\/span><strong data-pf_style_display=\"inline\" data-pf_style_visibility=\"visible\"><span class=\"text-node\">REPAM<\/span><\/strong><span class=\"text-node\">)<\/span><\/a><span class=\"text-node\">,\u00a0deu visibilidade \u00e0s diferentes vis\u00f5es sobre o\u00a0<\/span><a href=\"https:\/\/www.ihu.unisinos.br\/190-sinodo\/593216-o-sinodo-da-amazonia-um-sopro-de-fe-das-periferias-2\" target=\"_blank\" rel=\"noopener noreferrer\" data-pf_style_display=\"inline\" data-pf_style_visibility=\"visible\"><span class=\"text-node\">S\u00ednodo Pan-Amaz\u00f4nico<\/span><\/a><span class=\"text-node\">, realizado de 6 a 27 de outubro de 2019 no\u00a0<\/span><strong data-pf_style_display=\"inline\" data-pf_style_visibility=\"visible\"><span class=\"text-node\">Vaticano<\/span><\/strong><span class=\"text-node\">. Uma\u00a0<\/span><a href=\"https:\/\/www.ihu.unisinos.br\/espiritualidade\/sinodo-pan-amazonico#:~:text=O%20S%C3%ADnodo%20Pan%2DAmaz%C3%B4nico.,sopro%20de%20f%C3%A9%20das%20periferias&amp;text=O%20evento%20traz%20uma%20lufada,vida%20em%20toda%20sua%20biodiversidade.\" target=\"_blank\" rel=\"noopener noreferrer\" data-pf_style_display=\"inline\" data-pf_style_visibility=\"visible\"><span class=\"text-node\">p\u00e1gina especial reuniu m\u00faltiplos conte\u00fados sobre o evento<\/span><\/a><span class=\"text-node\">, produzidos no cora\u00e7\u00e3o da\u00a0<\/span><strong data-pf_style_display=\"inline\" data-pf_style_visibility=\"visible\"><span class=\"text-node\">Amaz\u00f4nia<\/span><\/strong><span class=\"text-node\">, com an\u00e1lises e expectativas de diferentes pessoas, ind\u00edgenas, mission\u00e1rios, bispos e cardeais.<\/span><span class=\"Apple-converted-space\" data-pf_style_display=\"inline\" data-pf_style_visibility=\"visible\"><span class=\"text-node\">\u00a0Opini\u00f5es sobre a\u00a0<\/span><a href=\"https:\/\/www.ihu.unisinos.br\/categorias\/596272-cinco-destaques-de-querida-amazonia#:~:text=Nesta%20quarta%2Dfeira%2C%2012%20de,em%20outubro%20do%20ano%20passado.\" target=\"_blank\" rel=\"noopener noreferrer\" data-pf_style_display=\"inline\" data-pf_style_visibility=\"visible\"><span class=\"text-node\">Exorta\u00e7\u00e3o Apost\u00f3lica P\u00f3s-sinodal\u00a0<\/span><em data-pf_style_display=\"inline\" data-pf_style_visibility=\"visible\"><span class=\"text-node\">Querida Amazonia<\/span><\/em><\/a><span class=\"text-node\">, documento s\u00edntese do Papa Francisco sobre o\u00a0<\/span><strong data-pf_style_display=\"inline\" data-pf_style_visibility=\"visible\"><span class=\"text-node\">S\u00ednodo dos Bispos para a Regi\u00e3o Pan-amaz\u00f4nica<\/span><\/strong><span class=\"text-node\">, tamb\u00e9m foram publicizadas.<\/span><\/span><\/p>\n<p class=\"added-to-list1\" data-pf_style_display=\"block\" data-pf_style_visibility=\"visible\"><span class=\"Apple-converted-space\" data-pf_style_display=\"inline\" data-pf_style_visibility=\"visible\"><span class=\"text-node\">Uma delas foi a do te\u00f3logo\u00a0<\/span><a href=\"https:\/\/www.ihu.unisinos.br\/categorias\/159-entrevistas\/580145-entrevista-especial-com-paulo-suess\" target=\"_blank\" rel=\"noopener noreferrer\" data-pf_style_display=\"inline\" data-pf_style_visibility=\"visible\"><span class=\"text-node\">Paulo Suess<\/span><\/a><span class=\"text-node\">,\u00a0<\/span><\/span><span class=\"text-node\">fundador do curso de p\u00f3s-gradua\u00e7\u00e3o em Missiologia na ent\u00e3o Pontif\u00edcia Faculdade Nossa Senhora da Assun\u00e7\u00e3o, em S\u00e3o Paulo, e assessor teol\u00f3gico do\u00a0<\/span><strong data-pf_style_display=\"inline\" data-pf_style_visibility=\"visible\"><span class=\"text-node\">CIMI<\/span><\/strong><span class=\"text-node\">. &#8220;<\/span><span class=\"Apple-converted-space\" data-pf_style_display=\"inline\" data-pf_style_visibility=\"visible\"><span class=\"text-node\">Depois da leitura da &#8216;Querida Amaz\u00f4nia&#8217;, tamb\u00e9m eu tive um sonho. Me encontrei com o papa Francisco, agradeci a sua carta p\u00f3s-sinodal, mencionei algumas p\u00e9rolas do texto e apontei com aquela &#8216;aud\u00e1cia mission\u00e1ria&#8217; (n. 95), que ele pediu na sua Exorta\u00e7\u00e3o e em visitas anteriores para algumas esperan\u00e7as, aparentemente, frustradas. Pacientemente, o papa escutou as minhas perplexidades&#8221;, disse.<\/span><\/span><\/p>\n<p class=\"added-to-list1\" data-pf_style_display=\"block\" data-pf_style_visibility=\"visible\"><a class=\"youtube-replace-link\" href=\"https:\/\/youtu.be\/ccmFUpVULGc\" data-pf-allow-empty=\"1\"><img data-recalc-dims=\"1\" decoding=\"async\" class=\"youtube-replace-img flex-width pf-size-full blockImage\" src=\"https:\/\/i0.wp.com\/img.youtube.com\/vi\/ccmFUpVULGc\/hqdefault.jpg?w=600&#038;ssl=1\" \/><span class=\"text-node\">https:\/\/youtu.be\/ccmFUpVULGc<\/span><\/a><a class=\"youtube-replace-link\" href=\"https:\/\/youtu.be\/EY8EZi1cmuo\" data-pf-allow-empty=\"1\"><img data-recalc-dims=\"1\" decoding=\"async\" class=\"youtube-replace-img flex-width pf-size-full blockImage\" src=\"https:\/\/i0.wp.com\/img.youtube.com\/vi\/EY8EZi1cmuo\/hqdefault.jpg?w=600&#038;ssl=1\" \/><span class=\"text-node\">https:\/\/youtu.be\/EY8EZi1cmuo<\/span><\/a><\/p>\n<p class=\"added-to-list1\" data-pf_style_display=\"block\" data-pf_style_visibility=\"visible\"><span class=\"text-node\">Em 2024, o\u00a0<\/span><strong data-pf_style_display=\"inline\" data-pf_style_visibility=\"visible\"><span class=\"text-node\">IHU<\/span><\/strong><span class=\"text-node\">\u00a0repercutiu as rea\u00e7\u00f5es ao\u00a0<\/span><a href=\"https:\/\/ihu.unisinos.br\/categorias\/649030-minhas-conclusoes-sobre-o-sinodo-sobre-a-sinodalidade\" target=\"_blank\" rel=\"noopener noreferrer\" data-pf_style_display=\"inline\" data-pf_style_visibility=\"visible\"><span class=\"text-node\">S\u00ednodo sobre a Sinodalidade<\/span><\/a><span class=\"text-node\">\u00a0e a\u00a0proposta do Papa Francisco \u00e0 Comiss\u00e3o Teol\u00f3gica Internacional (<\/span><strong data-pf_style_display=\"inline\" data-pf_style_visibility=\"visible\"><span class=\"text-node\">CTI<\/span><\/strong><span class=\"text-node\">) na tarefa de desmasculinzar a Igreja. O Ciclo de Estudos\u00a0\u201c<\/span><b data-pf_style_display=\"inline\" data-pf_style_visibility=\"visible\"><span class=\"text-node\">O (n\u00e3o) lugar das mulheres: o desafio de desmasculinizar a Igreja<\/span><\/b><span class=\"text-node\">\u201d\u00a0abordou o assunto. O evento teve como \u201cobjetivo analisar transdisciplinarmente os desafios e possibilidades de um processo de desmaculiniza\u00e7\u00e3o da Igreja tendo em vista o reconhecimento e protagonismo das mulheres na vida eclesial\u201d. As confer\u00eancias podem ser\u00a0<\/span><a href=\"https:\/\/www.youtube.com\/playlist?list=PLP1euMMJK39SLHp29oVJipg6J1HNEICtt\" target=\"_blank\" rel=\"noopener noreferrer\" data-pf_style_display=\"inline\" data-pf_style_visibility=\"visible\"><span class=\"text-node\">acessadas no canal do IHU no YouTube<\/span><\/a><span class=\"text-node\">.<\/span><\/p>\n<p class=\"added-to-list1\" data-pf_style_display=\"block\" data-pf_style_visibility=\"visible\"><a class=\"youtube-replace-link\" href=\"https:\/\/youtu.be\/xUSemkiflnw\" data-pf-allow-empty=\"1\"><img data-recalc-dims=\"1\" decoding=\"async\" class=\"youtube-replace-img flex-width pf-size-full blockImage\" src=\"https:\/\/i0.wp.com\/img.youtube.com\/vi\/xUSemkiflnw\/hqdefault.jpg?w=600&#038;ssl=1\" \/><span class=\"text-node\">https:\/\/youtu.be\/xUSemkiflnw<\/span><\/a><a class=\"youtube-replace-link\" href=\"https:\/\/youtu.be\/octqi_vYlUY\" data-pf-allow-empty=\"1\"><img data-recalc-dims=\"1\" decoding=\"async\" class=\"youtube-replace-img flex-width pf-size-full blockImage\" src=\"https:\/\/i0.wp.com\/img.youtube.com\/vi\/octqi_vYlUY\/hqdefault.jpg?w=600&#038;ssl=1\" \/><span class=\"text-node\">https:\/\/youtu.be\/octqi_vYlUY<\/span><\/a><\/p>\n<p class=\"added-to-list1\" data-pf_style_display=\"block\" data-pf_style_visibility=\"visible\"><a class=\"youtube-replace-link\" href=\"https:\/\/youtu.be\/upUU8ZWPiS8\" data-pf-allow-empty=\"1\"><img data-recalc-dims=\"1\" decoding=\"async\" class=\"youtube-replace-img flex-width pf-size-full blockImage\" src=\"https:\/\/i0.wp.com\/img.youtube.com\/vi\/upUU8ZWPiS8\/hqdefault.jpg?w=600&#038;ssl=1\" \/><span class=\"text-node\">https:\/\/youtu.be\/upUU8ZWPiS8<\/span><\/a><\/p>\n<p class=\"added-to-list1\" data-pf_style_display=\"block\" data-pf_style_visibility=\"visible\"><span class=\"text-node\">Nas demais publica\u00e7\u00f5es do\u00a0<\/span><strong data-pf_style_display=\"inline\" data-pf_style_visibility=\"visible\"><span class=\"text-node\">IHU<\/span><\/strong><span class=\"text-node\">, como no\u00a0<\/span><a href=\"https:\/\/ihu.unisinos.br\/publicacoes\/mais-publicacoes\" target=\"_blank\" rel=\"noopener noreferrer\" data-pf_style_display=\"inline\" data-pf_style_visibility=\"visible\"><span class=\"text-node\">Cadernos Teologia P\u00fablica<\/span><\/a><span class=\"text-node\">\u00a0e no\u00a0<\/span><a href=\"https:\/\/ihu.unisinos.br\/publicacoes\/mais-publicacoes\" target=\"_blank\" rel=\"noopener noreferrer\" data-pf_style_display=\"inline\" data-pf_style_visibility=\"visible\"><span class=\"text-node\">Cadernos IHU ideias<\/span><\/a><span class=\"text-node\">, est\u00e3o dispon\u00edveis\u00a0reflex\u00f5es variadas sobre o pontificado de Francisco, como as destacadas abaixo. Nas\u00a0<\/span><a href=\"https:\/\/ihu.unisinos.br\/maisnoticias\/noticias\" target=\"_blank\" rel=\"noopener noreferrer\" data-pf_style_display=\"inline\" data-pf_style_visibility=\"visible\"><span class=\"text-node\">Not\u00edcias do Dia<\/span><\/a><span class=\"text-node\">, publicadas diariamente, foi poss\u00edvel acompanhar a autenticidade do primeiro papa jesu\u00edta, cujo valor hist\u00f3rico, simb\u00f3lico e prof\u00e9tico continuar\u00e1 sendo\u00a0estudado e compreendido ao longo da hist\u00f3ria.<\/span><\/p>\n","protected":false},"excerpt":{"rendered":"<p>Humanitas Unisinos, por Patr\u00edcia Fachin &#8211; Pessoas de diferentes credos, culturas e posi\u00e7\u00f5es pol\u00edticas manifestaram homenagens ao Papa Francisco\u00a0nesta semana. O pont\u00edfice faleceu na manh\u00e3 da \u00faltima segunda-feira, 21-04-2025, aos 88 anos, na Casa Santa Marta, onde residia desde o in\u00edcio do pontificado, em 2013. As causas da morte foram um acidente vascular cerebral (AVC)&#8230;<a class=\"more-link\" href=\"http:\/\/blogdalucianaoliveira.com.br\/blog\/2025\/04\/27\/um-pastor-papa-francisco-tocou-milhoes-de-pessoas-catolicas-e-nao-catolicas\/\">Continue a leitura <span class=\"meta-nav\">&raquo;<\/span><\/a><\/p>\n","protected":false},"author":1,"featured_media":0,"comment_status":"closed","ping_status":"open","sticky":false,"template":"","format":"standard","meta":{"_exactmetrics_skip_tracking":false,"_exactmetrics_sitenote_active":false,"_exactmetrics_sitenote_note":"","_exactmetrics_sitenote_category":0,"jetpack_post_was_ever_published":false,"_jetpack_newsletter_access":"","_jetpack_dont_email_post_to_subs":false,"_jetpack_newsletter_tier_id":0,"_jetpack_memberships_contains_paywalled_content":false,"_jetpack_memberships_contains_paid_content":false,"footnotes":"","jetpack_publicize_message":"","jetpack_publicize_feature_enabled":true,"jetpack_social_post_already_shared":true,"jetpack_social_options":{"image_generator_settings":{"template":"highway","enabled":false},"version":2}},"categories":[1],"tags":[1317,1316,1310],"class_list":["post-36747","post","type-post","status-publish","format-standard","hentry","category-notas","tag-credos","tag-francisco","tag-papa"],"jetpack_publicize_connections":[],"jetpack_sharing_enabled":true,"jetpack_featured_media_url":"","jetpack_shortlink":"https:\/\/wp.me\/p7wKYW-9yH","jetpack-related-posts":[],"_links":{"self":[{"href":"http:\/\/blogdalucianaoliveira.com.br\/blog\/wp-json\/wp\/v2\/posts\/36747","targetHints":{"allow":["GET"]}}],"collection":[{"href":"http:\/\/blogdalucianaoliveira.com.br\/blog\/wp-json\/wp\/v2\/posts"}],"about":[{"href":"http:\/\/blogdalucianaoliveira.com.br\/blog\/wp-json\/wp\/v2\/types\/post"}],"author":[{"embeddable":true,"href":"http:\/\/blogdalucianaoliveira.com.br\/blog\/wp-json\/wp\/v2\/users\/1"}],"replies":[{"embeddable":true,"href":"http:\/\/blogdalucianaoliveira.com.br\/blog\/wp-json\/wp\/v2\/comments?post=36747"}],"version-history":[{"count":2,"href":"http:\/\/blogdalucianaoliveira.com.br\/blog\/wp-json\/wp\/v2\/posts\/36747\/revisions"}],"predecessor-version":[{"id":36750,"href":"http:\/\/blogdalucianaoliveira.com.br\/blog\/wp-json\/wp\/v2\/posts\/36747\/revisions\/36750"}],"wp:attachment":[{"href":"http:\/\/blogdalucianaoliveira.com.br\/blog\/wp-json\/wp\/v2\/media?parent=36747"}],"wp:term":[{"taxonomy":"category","embeddable":true,"href":"http:\/\/blogdalucianaoliveira.com.br\/blog\/wp-json\/wp\/v2\/categories?post=36747"},{"taxonomy":"post_tag","embeddable":true,"href":"http:\/\/blogdalucianaoliveira.com.br\/blog\/wp-json\/wp\/v2\/tags?post=36747"}],"curies":[{"name":"wp","href":"https:\/\/api.w.org\/{rel}","templated":true}]}}