{"id":36751,"date":"2025-04-27T10:22:27","date_gmt":"2025-04-27T14:22:27","guid":{"rendered":"http:\/\/blogdalucianaoliveira.com.br\/blog\/?p=36751"},"modified":"2025-04-27T10:22:27","modified_gmt":"2025-04-27T14:22:27","slug":"dia-da-trabalhadora-domestica-combate-a-informalidade-ainda-e-desafio","status":"publish","type":"post","link":"http:\/\/blogdalucianaoliveira.com.br\/blog\/2025\/04\/27\/dia-da-trabalhadora-domestica-combate-a-informalidade-ainda-e-desafio\/","title":{"rendered":"Dia da Trabalhadora Dom\u00e9stica: combate \u00e0 informalidade ainda \u00e9 desafio"},"content":{"rendered":"<p><img data-recalc-dims=\"1\" decoding=\"async\" src=\"https:\/\/i0.wp.com\/imagens.ebc.com.br\/CPW5eXrfuohfG5LwMF2vBdj5XI8%3D\/1170x700\/smart\/https%3A\/\/agenciabrasil.ebc.com.br\/sites\/default\/files\/atoms\/image\/domestica.jpg?w=600&#038;ssl=1\" alt=\"dom\u00e9stica\" \/><\/p>\n<p><strong>Ag\u00eancia Brasil<\/strong> &#8211; Neste domingo (27) \u00e9 o Dia Nacional da Trabalhadora Dom\u00e9stica. Mas, apesar de ser uma data de celebra\u00e7\u00e3o de algumas conquistas, a categoria tem ainda uma s\u00e9rie de reivindica\u00e7\u00f5es. <strong>Trata-se de um contingente de mais de 6\u00a0milh\u00f5es de profissionais no pa\u00eds, conforme a Pesquisa Nacional por Amostragem de Domic\u00edlios (Pnad) de 2023.<\/strong><img data-recalc-dims=\"1\" decoding=\"async\" src=\"https:\/\/i0.wp.com\/agenciabrasil.ebc.com.br\/ebc.png?w=600&#038;ssl=1\" \/><img data-recalc-dims=\"1\" decoding=\"async\" src=\"https:\/\/i0.wp.com\/agenciabrasil.ebc.com.br\/ebc.gif?w=600&#038;ssl=1\" \/><!--more--><\/p>\n<p>Historicamente marginalizada nas rela\u00e7\u00f5es trabalhistas,\u00a0<strong>a categoria teve conquistas fundamentais como a promulga\u00e7\u00e3o, h\u00e1 12 anos, da\u00a0<a href=\"https:\/\/www.planalto.gov.br\/ccivil_03\/constituicao\/emendas\/emc\/emc72.htm\" target=\"_blank\" rel=\"noopener\">Proposta de Emenda \u00e0 Constitui\u00e7\u00e3o (PEC) das Dom\u00e9sticas (72\/2013)<\/a>, assim como os dez anos da\u00a0<a href=\"https:\/\/www.planalto.gov.br\/ccivil_03\/leis\/lcp\/lcp150.htm\" target=\"_blank\" rel=\"noopener\">Lei Complementar 150\/2015<\/a>, que regulamentou seus direitos.<\/strong><\/p>\n<p><a href=\"https:\/\/agenciabrasil.ebc.com.br\/geral\/noticia\/2024-04\/saiba-quais-sao-os-direitos-das-trabalhadoras-domesticas\" target=\"_blank\" rel=\"noopener\"><b>&gt;&gt;\u00a0Saiba quais s\u00e3o os direitos das trabalhadoras dom\u00e9sticas<\/b><\/a><\/p>\n<p>A escolha do dia da trabalhadora dom\u00e9stica deve-se a Santa Zita, nascida em Lucca, na It\u00e1lia, em 1218 e falecida em 27 de abril em 1278. A santa\u00a0trabalhou desde os 12 anos para uma fam\u00edlia da regi\u00e3o, sendo reconhecida por sua generosidade com os pobres. A &#8220;santa das empregadas dom\u00e9sticas\u201d foi canonizada pelo papa Inoc\u00eancio XII em 1696.<\/p>\n<p>Para marcar o m\u00eas, representantes da Federa\u00e7\u00e3o Nacional das Trabalhadoras Dom\u00e9sticas (Fenatrad) percorreram a Esplanada dos Minist\u00e9rios, em Bras\u00edlia, com uma pauta de reivindica\u00e7\u00f5es entregue aos minist\u00e9rios do Trabalho e Emprego, do Desenvolvimento Social e Combate \u00e0 Fome, da Previd\u00eancia Social e o das Mulheres.<\/p>\n<p><strong>Entre as demandas da categoria est\u00e3o o combate \u00e0 informalidade, \u00e0\u00a0precariza\u00e7\u00e3o das condi\u00e7\u00f5es de trabalho, \u00e0\u00a0desvaloriza\u00e7\u00e3o da profiss\u00e3o e \u00e0\u00a0falta de informa\u00e7\u00e3o.<\/strong><\/p>\n<p>A secret\u00e1ria de Forma\u00e7\u00e3o da Fenatrad, Chirlene dos Santos Brito, disse que h\u00e1 muito desinforma\u00e7\u00e3o entre a categoria. \u201cMuitas trabalhadoras ainda acreditam que, ao serem registradas, perdem o direito ao Bolsa Fam\u00edlia. Com isso, deixam de ter acesso ao FGTS, seguro-desemprego, f\u00e9rias e outros direitos garantidos por lei\u201d, disse a dirigente sindical.<\/p>\n<p>&nbsp;<\/p>\n<div class=\"dnd-widget-wrapper context-cheio_8colunas type-image\">\n<div class=\"dnd-atom-rendered\"><img data-recalc-dims=\"1\" decoding=\"async\" title=\"Luis Nova\/Fenatrad\" src=\"https:\/\/i0.wp.com\/imagens.ebc.com.br\/MPKarbkOll9n2ijIlN11nk3UURo%3D\/754x0\/smart\/https%3A\/\/agenciabrasil.ebc.com.br\/sites\/default\/files\/thumbnails\/image\/2025\/04\/25\/whatsapp_image_2025-04-25_at_17.18.32.jpeg?w=600&#038;ssl=1\" alt=\"Bras\u00edlia (DF), 25\/04\/2025 - Ministro do Trabalho e Emprego, Luiz Marinho, durante reuni\u00e3o com representantes da Fenatrad que entregam pauta de reivindica\u00e7\u00e3o. Foto: Luis Nova\/Fenatrad\" \/><\/div>\n<div class=\"dnd-caption-wrapper\">\n<h6 class=\"meta\">Representantes da Fenatrad entregam pauta de reivindica\u00e7\u00f5es ao ministro do Trabalho e Emprego, Luiz Marinho\u00a0&#8211;\u00a0<strong>Foto:\u00a0Luis Nova\/Fenatrad<\/strong><\/h6>\n<\/div>\n<\/div>\n<p>Mas n\u00e3o \u00e9 verdade que o registro na carteira profissional elimina o direito ao Bolsa Fam\u00edlia. O recebimento do benef\u00edcio depende da renda<em>\u00a0per capita<\/em>\u00a0da fam\u00edlia, que n\u00e3o pode ser superior a meio sal\u00e1rio m\u00ednimo.<\/p>\n<p>\u201cO Bolsa Fam\u00edlia est\u00e1 vinculado \u00e0 renda por pessoa da fam\u00edlia, e a inscri\u00e7\u00e3o no Cad\u00danico garante o acesso ao aux\u00edlio. Muitos empregadores usam dessa desinforma\u00e7\u00e3o para n\u00e3o cumprirem com suas obriga\u00e7\u00f5es de pagar os encargos. Por isso, \u00e9 necess\u00e1rio que o governo apoie uma campanha de conscientiza\u00e7\u00e3o sobre os direitos garantidos\u201d, explicou Chirlene.<\/p>\n<p><strong>Entre os problemas centrais que precisam ser superados, a\u00a0secret\u00e1ria destacou ainda as\u00a0quest\u00f5es da falta de acesso a creches.<\/strong><\/p>\n<blockquote><p>\u201cAs nossas reivindica\u00e7\u00f5es s\u00e3o ainda por direitos b\u00e1sicos, que, mesmo adquiridos, ainda n\u00e3o s\u00e3o respeitados. Hoje n\u00f3s lutamos ainda contra o trabalho escravo, pela desagrega\u00e7\u00e3o da nossa categoria, por uma fiscaliza\u00e7\u00e3o justa do mercado de trabalho\u201d, disse\u00a0Chirlene dos Santos Brito.<\/p><\/blockquote>\n<p>Pernambucana de Afr\u00e2nio, a trabalhadora dom\u00e9stica Maria Hilza Dias da Silva que chegou a S\u00e3o Paulo em 1991. Desde 1992, ela\u00a0trabalha com registro em carteira de trabalho. Para Maria Hilza, a\u00a0conquista dos direitos b\u00e1sicos faz toda a diferen\u00e7a na rotina de trabalho.<\/p>\n<p>\u201c\u00c9 uma situa\u00e7\u00e3o muito melhor, pois a gente sabe que todo m\u00eas vai ter aquele dinheiro certo. Tamb\u00e9m tem a vantagem de contar com o dinheiro do FGTS e depois a renda na aposentadoria\u201d, ressaltou.<\/p>\n<p>O ministro do Trabalho e Emprego, Luiz Marinho, disse que \u201co governo do presidente Lula tem trabalhado muito para garantir trabalho decente para todos as trabalhadoras e trabalhadores e a categoria dos trabalhadores dom\u00e9sticos merece especial aten\u00e7\u00e3o\u201d.<\/p>\n<p>Segundo o ministro, \u201cas reivindica\u00e7\u00f5es da categoria ser\u00e3o analisadas com todo carinho&#8221;. &#8220;Precisamos realizar um trabalho de consci\u00eancia na sociedade brasileira sobre a import\u00e2ncia da garantia dos direitos dos trabalhadores dom\u00e9sticos\u201d.<\/p>\n<p><strong>Na \u00faltima quarta-feira (23), \u00e0s v\u00e9speras do Dia Nacional da Trabalhadora Dom\u00e9stica, o minist\u00e9rio lan\u00e7ou, no Recife, a\u00a0<a href=\"https:\/\/agenciabrasil.ebc.com.br\/direitos-humanos\/noticia\/2025-04\/avancos-legais-ainda-contrastam-com-exploracao-do-trabalho-domestico\" target=\"_blank\" rel=\"noopener\">Campanha Nacional pelo Trabalho Dom\u00e9stico Decente<\/a>, com o tema\u00a0\u201cO controle da jornada das trabalhadoras dom\u00e9sticas como direito essencial ao trabalho decente\u201d.<\/strong><\/p>\n<p>Segundo a auditora Carla Galv\u00e3o de Souza,\u00a0a campanha busca mobilizar e sensibilizar a sociedade, promover di\u00e1logo com entidades de empregadores e da categoria, e tamb\u00e9m ampliar a fiscaliza\u00e7\u00e3o para averiguar se h\u00e1 cumprimento das obriga\u00e7\u00f5es trabalhistas que est\u00e3o na Lei Complementar 150 e na Constitui\u00e7\u00e3o.<\/p>\n<div class=\"noticias-relacionadas rel-position rowflex\"><\/div>\n","protected":false},"excerpt":{"rendered":"<p>Ag\u00eancia Brasil &#8211; Neste domingo (27) \u00e9 o Dia Nacional da Trabalhadora Dom\u00e9stica. Mas, apesar de ser uma data de celebra\u00e7\u00e3o de algumas conquistas, a categoria tem ainda uma s\u00e9rie de reivindica\u00e7\u00f5es. Trata-se de um contingente de mais de 6\u00a0milh\u00f5es de profissionais no pa\u00eds, conforme a Pesquisa Nacional por Amostragem de Domic\u00edlios (Pnad) de 2023.<\/p>\n","protected":false},"author":1,"featured_media":0,"comment_status":"closed","ping_status":"open","sticky":false,"template":"","format":"standard","meta":{"_exactmetrics_skip_tracking":false,"_exactmetrics_sitenote_active":false,"_exactmetrics_sitenote_note":"","_exactmetrics_sitenote_category":0,"jetpack_post_was_ever_published":false,"_jetpack_newsletter_access":"","_jetpack_dont_email_post_to_subs":false,"_jetpack_newsletter_tier_id":0,"_jetpack_memberships_contains_paywalled_content":false,"_jetpack_memberships_contains_paid_content":false,"footnotes":"","jetpack_publicize_message":"","jetpack_publicize_feature_enabled":true,"jetpack_social_post_already_shared":true,"jetpack_social_options":{"image_generator_settings":{"template":"highway","enabled":false},"version":2}},"categories":[1],"tags":[335,1319,1318],"class_list":["post-36751","post","type-post","status-publish","format-standard","hentry","category-notas","tag-direitos","tag-domestica","tag-trabalhadora"],"jetpack_publicize_connections":[],"jetpack_sharing_enabled":true,"jetpack_featured_media_url":"","jetpack_shortlink":"https:\/\/wp.me\/p7wKYW-9yL","jetpack-related-posts":[],"_links":{"self":[{"href":"http:\/\/blogdalucianaoliveira.com.br\/blog\/wp-json\/wp\/v2\/posts\/36751","targetHints":{"allow":["GET"]}}],"collection":[{"href":"http:\/\/blogdalucianaoliveira.com.br\/blog\/wp-json\/wp\/v2\/posts"}],"about":[{"href":"http:\/\/blogdalucianaoliveira.com.br\/blog\/wp-json\/wp\/v2\/types\/post"}],"author":[{"embeddable":true,"href":"http:\/\/blogdalucianaoliveira.com.br\/blog\/wp-json\/wp\/v2\/users\/1"}],"replies":[{"embeddable":true,"href":"http:\/\/blogdalucianaoliveira.com.br\/blog\/wp-json\/wp\/v2\/comments?post=36751"}],"version-history":[{"count":1,"href":"http:\/\/blogdalucianaoliveira.com.br\/blog\/wp-json\/wp\/v2\/posts\/36751\/revisions"}],"predecessor-version":[{"id":36752,"href":"http:\/\/blogdalucianaoliveira.com.br\/blog\/wp-json\/wp\/v2\/posts\/36751\/revisions\/36752"}],"wp:attachment":[{"href":"http:\/\/blogdalucianaoliveira.com.br\/blog\/wp-json\/wp\/v2\/media?parent=36751"}],"wp:term":[{"taxonomy":"category","embeddable":true,"href":"http:\/\/blogdalucianaoliveira.com.br\/blog\/wp-json\/wp\/v2\/categories?post=36751"},{"taxonomy":"post_tag","embeddable":true,"href":"http:\/\/blogdalucianaoliveira.com.br\/blog\/wp-json\/wp\/v2\/tags?post=36751"}],"curies":[{"name":"wp","href":"https:\/\/api.w.org\/{rel}","templated":true}]}}