{"id":36754,"date":"2025-04-28T18:16:25","date_gmt":"2025-04-28T22:16:25","guid":{"rendered":"https:\/\/blogdalucianaoliveira.com.br\/blog\/?p=36754"},"modified":"2025-04-28T18:16:25","modified_gmt":"2025-04-28T22:16:25","slug":"o-que-se-sabe-sobre-enorme-apagao-que-causa-caos-em-portugal-espanha-e-outros-paises-da-europa","status":"publish","type":"post","link":"http:\/\/blogdalucianaoliveira.com.br\/blog\/2025\/04\/28\/o-que-se-sabe-sobre-enorme-apagao-que-causa-caos-em-portugal-espanha-e-outros-paises-da-europa\/","title":{"rendered":"O que se sabe sobre enorme apag\u00e3o que causa caos em Portugal, Espanha e outros pa\u00edses da Europa"},"content":{"rendered":"<p><img data-recalc-dims=\"1\" loading=\"lazy\" decoding=\"async\" data-attachment-id=\"36755\" data-permalink=\"http:\/\/blogdalucianaoliveira.com.br\/blog\/2025\/04\/28\/o-que-se-sabe-sobre-enorme-apagao-que-causa-caos-em-portugal-espanha-e-outros-paises-da-europa\/img_1315-2\/\" data-orig-file=\"https:\/\/i0.wp.com\/blogdalucianaoliveira.com.br\/blog\/wp-content\/uploads\/2025\/04\/IMG_1315.webp?fit=800%2C450\" data-orig-size=\"800,450\" data-comments-opened=\"0\" data-image-meta=\"{&quot;aperture&quot;:&quot;0&quot;,&quot;credit&quot;:&quot;&quot;,&quot;camera&quot;:&quot;&quot;,&quot;caption&quot;:&quot;&quot;,&quot;created_timestamp&quot;:&quot;0&quot;,&quot;copyright&quot;:&quot;&quot;,&quot;focal_length&quot;:&quot;0&quot;,&quot;iso&quot;:&quot;0&quot;,&quot;shutter_speed&quot;:&quot;0&quot;,&quot;title&quot;:&quot;&quot;,&quot;orientation&quot;:&quot;0&quot;}\" data-image-title=\"IMG_1315\" data-image-description=\"\" data-image-caption=\"\" data-medium-file=\"https:\/\/i0.wp.com\/blogdalucianaoliveira.com.br\/blog\/wp-content\/uploads\/2025\/04\/IMG_1315.webp?fit=300%2C169\" data-large-file=\"https:\/\/i0.wp.com\/blogdalucianaoliveira.com.br\/blog\/wp-content\/uploads\/2025\/04\/IMG_1315.webp?fit=600%2C338\" class=\"alignnone size-medium wp-image-36755\" src=\"https:\/\/i0.wp.com\/blogdalucianaoliveira.com.br\/blog\/wp-content\/uploads\/2025\/04\/IMG_1315.webp?resize=300%2C169\" alt=\"\" width=\"300\" height=\"169\" srcset=\"https:\/\/i0.wp.com\/blogdalucianaoliveira.com.br\/blog\/wp-content\/uploads\/2025\/04\/IMG_1315.webp?resize=300%2C169 300w, https:\/\/i0.wp.com\/blogdalucianaoliveira.com.br\/blog\/wp-content\/uploads\/2025\/04\/IMG_1315.webp?resize=768%2C432 768w, https:\/\/i0.wp.com\/blogdalucianaoliveira.com.br\/blog\/wp-content\/uploads\/2025\/04\/IMG_1315.webp?resize=533%2C300 533w, https:\/\/i0.wp.com\/blogdalucianaoliveira.com.br\/blog\/wp-content\/uploads\/2025\/04\/IMG_1315.webp?w=800 800w\" sizes=\"auto, (max-width: 300px) 100vw, 300px\" \/><\/p>\n<div class=\"bbc-19j92fr ebmt73l0\" dir=\"ltr\">\n<p class=\"bbc-hhl7in e17g058b0\" dir=\"ltr\">BBC &#8211; Um <a class=\"focusIndicatorReducedWidth bbc-n8oauk e1p3sufg0\" href=\"https:\/\/www.bbc.com\/portuguese\/articles\/ce8my4r25zeo\">enorme apag\u00e3o<\/a> atingiu Portugal e Espanha nesta segunda-feira (28\/4), provocando confus\u00e3o e problemas em diversos servi\u00e7os. Andorra e partes da Fran\u00e7a tamb\u00e9m <a class=\"focusIndicatorReducedWidth bbc-n8oauk e1p3sufg0\" href=\"https:\/\/www.bbc.com\/portuguese\/brasil-57647243\">relataram cortes de energia<\/a>.<\/p>\n<\/div>\n<p><!--more--><\/p>\n<div class=\"bbc-19j92fr ebmt73l0\" dir=\"ltr\">\n<p class=\"bbc-hhl7in e17g058b0\" dir=\"ltr\">Na Espanha, restaurantes e lojas <a class=\"focusIndicatorReducedWidth bbc-n8oauk e1p3sufg0\" href=\"https:\/\/www.bbc.com\/portuguese\/articles\/c3gwzqe3287o\">ficaram sem luz<\/a>, e o Aberto de T\u00eanis de Madri foi suspenso. Da mesma forma como em Portugal, o metr\u00f4 parou de funcionar, assim como os sem\u00e1foros, causando grande caos no tr\u00e2nsito. Nas redes sociais, circularam v\u00eddeos de passageiros caminhando pelas esta\u00e7\u00f5es escuras de metr\u00f4.<\/p>\n<\/div>\n<div class=\"bbc-19j92fr ebmt73l0\" dir=\"ltr\">\n<p class=\"bbc-hhl7in e17g058b0\" dir=\"ltr\">Os aeroportos tamb\u00e9m registraram cancelamento de diversos voos: ao menos 96 voos partindo de Portugal foram cancelados, sendo Lisboa o aeroporto mais afetado (30% das partidas canceladas). E a companhia a\u00e9rea portuguesa TAP chegou a fazer um alerta para que passageiros n\u00e3o se dirijam ao aeroporto. Na Espanha, 45 partidas foram canceladas.<\/p>\n<\/div>\n<div class=\"bbc-19j92fr ebmt73l0\" dir=\"ltr\">\n<p class=\"bbc-hhl7in e17g058b0\" dir=\"ltr\">A causa do apag\u00e3o que deixou milhares de pessoas sem luz, telefone, internet e transporte, ainda n\u00e3o foi divulgada, mas o primeiro-ministro de Portugal e tamb\u00e9m presidente do Conselho Europeu, Luis Montenegro, disse que &#8220;n\u00e3o h\u00e1 ind\u00edcios&#8221; de que um ataque cibern\u00e9tico esteja por tr\u00e1s do corte de energia.<\/p>\n<p dir=\"ltr\">Mais tarde, a entidade comercial que representa o setor el\u00e9trico na Europa informou ao programa The World Tonight, da BBC, que ocorreu um problema com a conex\u00e3o de energia entre a Fran\u00e7a e a Espanha.<\/p>\n<div class=\"bbc-19j92fr ebmt73l0\" dir=\"ltr\">\n<p class=\"bbc-hhl7in e17g058b0\" dir=\"ltr\">Kristian Ruby, secret\u00e1rio-geral da EURELECTRIC, tamb\u00e9m descreveu a interrup\u00e7\u00e3o como &#8220;algo muito, muito raro&#8221;.<\/p>\n<\/div>\n<div class=\"bbc-19j92fr ebmt73l0\" dir=\"ltr\">\n<p class=\"bbc-hhl7in e17g058b0\" dir=\"ltr\">&#8220;Houve um problema t\u00e9cnico espec\u00edfico que surgiu e, portanto, a rede espanhola foi desconectada da rede europeia mais ampla hoje mais cedo&#8221;, afirmou Ruby. &#8220;Agora, a julgar apenas por essa situa\u00e7\u00e3o, n\u00e3o se poderia imaginar que isso causaria um corte de energia em toda a Pen\u00ednsula Ib\u00e9rica, ent\u00e3o minha avalia\u00e7\u00e3o \u00e9 que provavelmente houve outros elementos nessa equa\u00e7\u00e3o que causaram essa situa\u00e7\u00e3o.&#8221;<\/p>\n<div class=\"bbc-19j92fr ebmt73l0\" dir=\"ltr\">\n<p class=\"bbc-hhl7in e17g058b0\" dir=\"ltr\">Nos dois pa\u00edses, centenas de pessoas correram para os caixas eletr\u00f4nicos para saques em dinheiro, j\u00e1 que muitas lojas n\u00e3o conseguiam receber pagamentos com cart\u00f5es.<\/p>\n<\/div>\n<div class=\"bbc-19j92fr ebmt73l0\" dir=\"ltr\">\n<p class=\"bbc-hhl7in e17g058b0\" dir=\"ltr\">&#8220;Um amigo disse que os caixas eletr\u00f4nicos est\u00e3o cheios, todos est\u00e3o sacando dinheiro f\u00edsico por seguran\u00e7a&#8221;, relatou \u00e0 BBC News Brasil a professora brasileira Laura Beatriz Faleiro Diniz, que vive no Porto, em Portugal.<\/p>\n<div class=\"bbc-19j92fr ebmt73l0\" dir=\"ltr\">\n<p class=\"bbc-hhl7in e17g058b0\" dir=\"ltr\">A brasileira Nina Alves, que vive em Barcelona, conta que precisou caminhar por quase cinco quil\u00f4metros para voltar para casa. &#8220;Tive que andar mais de 1 hora para chegar em casa, porque n\u00e3o tinha metr\u00f4, nem t\u00e1xi livre, os \u00f4nibus estavam todos apinhados de gente e o tr\u00e2nsito um caos&#8221;, relatou \u00e0 BBC News Brasil.<\/p>\n<\/div>\n<div class=\"bbc-19j92fr ebmt73l0\" dir=\"ltr\">\n<p class=\"bbc-hhl7in e17g058b0\" dir=\"ltr\">Ap\u00f3s chegar em casa, ela conta que foi at\u00e9 a escola dos filhos, muito preocupada, pois al\u00e9m da eletricidade, eles estavam sem telefone tamb\u00e9m. &#8220;Mas estava tudo bem, porque a escola tem gerador.&#8221;<\/p>\n<\/div>\n<div class=\"bbc-19j92fr ebmt73l0\" dir=\"ltr\">\n<p class=\"bbc-hhl7in e17g058b0\" dir=\"ltr\">&#8220;Depois come\u00e7amos a andar pelo bairro, para tentar comprar comida que n\u00e3o precisasse ser cozida, porque nosso apartamento s\u00f3 tem forno e fog\u00e3o el\u00e9tricos. Mas todos os mercados estavam fechados. Achamos uma padaria aberta, mas que s\u00f3 vendia com dinheiro em esp\u00e9cie. E quem anda com dinheiro hoje em dia? Eu, pelo menos, n\u00e3o&#8221;, conta.<\/p>\n<\/div>\n<div class=\"bbc-19j92fr ebmt73l0\" dir=\"ltr\">\n<p class=\"bbc-hhl7in e17g058b0\" dir=\"ltr\">Ela afirma que a fam\u00edlia acabou alimentando com p\u00e3es, biscoitos e sucos que j\u00e1 tinham em casa.<\/p>\n<\/div>\n<figure class=\"bbc-1qn0xuy\">\n<div class=\"bbc-18ywsw9\"><img data-recalc-dims=\"1\" loading=\"lazy\" decoding=\"async\" class=\"bbc-139onq\" src=\"https:\/\/i0.wp.com\/ichef.bbci.co.uk\/ace\/ws\/640\/cpsprodpb\/2ed6\/live\/8c0d5700-2430-11f0-8c2e-77498b1ce297.jpg.webp?resize=600%2C338&#038;ssl=1\" sizes=\"auto, (min-width: 1008px) 760px, 100vw\" srcset=\"https:\/\/ichef.bbci.co.uk\/ace\/ws\/240\/cpsprodpb\/2ed6\/live\/8c0d5700-2430-11f0-8c2e-77498b1ce297.jpg.webp 240w, https:\/\/ichef.bbci.co.uk\/ace\/ws\/320\/cpsprodpb\/2ed6\/live\/8c0d5700-2430-11f0-8c2e-77498b1ce297.jpg.webp 320w, https:\/\/ichef.bbci.co.uk\/ace\/ws\/480\/cpsprodpb\/2ed6\/live\/8c0d5700-2430-11f0-8c2e-77498b1ce297.jpg.webp 480w, https:\/\/ichef.bbci.co.uk\/ace\/ws\/624\/cpsprodpb\/2ed6\/live\/8c0d5700-2430-11f0-8c2e-77498b1ce297.jpg.webp 624w, https:\/\/ichef.bbci.co.uk\/ace\/ws\/800\/cpsprodpb\/2ed6\/live\/8c0d5700-2430-11f0-8c2e-77498b1ce297.jpg.webp 800w\" alt=\"Fila em frente a caixa eletr\u00f4nico\" width=\"600\" height=\"338\" \/><\/p>\n<p class=\"bbc-by8ykd\" role=\"text\"><span class=\"bbc-m04vo2\">CR\u00c9DITO, <\/span><span lang=\"en-GB\">EMILY LANSDOWN<\/span><\/p>\n<\/div><figcaption class=\"bbc-15f1ujd\" dir=\"ltr\"><span role=\"text\"><span class=\"bbc-m04vo2\">Legenda da foto, <\/span><span data-testid=\"caption-paragraph\">Portugueses est\u00e3o fazendo filas para sacar dinheiro<\/span><\/span><\/figcaption><\/figure>\n<div class=\"bbc-19j92fr ebmt73l0\" dir=\"ltr\">\n<p class=\"bbc-hhl7in e17g058b0\" dir=\"ltr\">A Espanha havia declarou estado de emerg\u00eancia para as regi\u00f5es que o solicitarem. At\u00e9 o momento, Madri, Andaluzia e Extremadura solicitaram que o governo central assuma a ordem p\u00fablica e outras fun\u00e7\u00f5es.<\/p>\n<\/div>\n<div class=\"bbc-19j92fr ebmt73l0\" dir=\"ltr\">\n<p class=\"bbc-hhl7in e17g058b0\" dir=\"ltr\">Por volta das 21h em Madri (16h em Bras\u00edlia), o primeiro-ministro espanhol, Pedro S\u00e1nchez, afirmou que a eletricidade foi restabelecida em algumas \u00e1reas do norte e do sul do pa\u00eds.<\/p>\n<\/div>\n<div class=\"bbc-19j92fr ebmt73l0\" dir=\"ltr\">\n<p class=\"bbc-hhl7in e17g058b0\" dir=\"ltr\">Em seguida, a operadora de energia espanhola Red Electrica afirmou que mais de 20% da capacidade de energia afetada do pa\u00eds havia sido restaurada.<\/p>\n<\/div>\n<div class=\"bbc-19j92fr ebmt73l0\" dir=\"ltr\">\n<p class=\"bbc-hhl7in e17g058b0\" dir=\"ltr\">O fornecimento de energia el\u00e9trica est\u00e1 sendo &#8220;restaurado progressivamente&#8221;, afirmou a operadora em uma publica\u00e7\u00e3o na plataforma de m\u00eddia social X.<\/p>\n<\/div>\n<div class=\"bbc-19j92fr ebmt73l0\" dir=\"ltr\">\n<p class=\"bbc-hhl7in e17g058b0\" dir=\"ltr\">Parte desse fornecimento vem de fontes nacionais e parte da Fran\u00e7a, acrescentou a publica\u00e7\u00e3o.<\/p>\n<\/div>\n<div class=\"bbc-19j92fr ebmt73l0\" dir=\"ltr\">\n<p class=\"bbc-hhl7in e17g058b0\" dir=\"ltr\">Em Madri, a energia come\u00e7ou a ser restabelecida aos poucos, come\u00e7ando por algumas lojas e o metr\u00f4, assim como em Portugal.<\/p>\n<\/div>\n<div class=\"bbc-19j92fr ebmt73l0\" dir=\"ltr\">\n<p class=\"bbc-hhl7in e17g058b0\" dir=\"ltr\">Perto das 22h em Lisboa (17h) em Bras\u00edlia, a operadora de energia REN afirmou que a energia el\u00e9trica havia sido restabelecida para 750 mil clientes em Portugal.<\/p>\n<\/div>\n<div class=\"bbc-19j92fr ebmt73l0\" dir=\"ltr\">\n<p class=\"bbc-hhl7in e17g058b0\" dir=\"ltr\">Ainda assim, a interrup\u00e7\u00e3o de energia nos dois pa\u00edses era enorme.<\/p>\n<\/div>\n<div class=\"bbc-19j92fr ebmt73l0\" dir=\"ltr\">\n<p class=\"bbc-hhl7in e17g058b0\" dir=\"ltr\">Os servi\u00e7os de trem continuaram suspensos, com milhares de pessoas presas. Lojas em algumas \u00e1reas relataram prateleiras vazias, \u00e0 medida que as pessoas estocavam suprimentos b\u00e1sicos.<\/p>\n<\/div>\n<div class=\"bbc-19j92fr ebmt73l0\" dir=\"ltr\">\n<p class=\"bbc-hhl7in e17g058b0\" dir=\"ltr\">As autoridades tentaram projetar um clima de calma, mas, ao mesmo tempo, aumentaram a mobiliza\u00e7\u00e3o das for\u00e7as de seguran\u00e7a. Tamb\u00e9m pediram aos cidad\u00e3os que limitem o uso de celulares, com as redes sob press\u00e3o, e que n\u00e3o fa\u00e7am viagens desnecess\u00e1rias.<\/p>\n<\/div>\n<div class=\"bbc-19j92fr ebmt73l0\" dir=\"ltr\">\n<p class=\"bbc-hhl7in e17g058b0\" dir=\"ltr\">&#8220;N\u00e3o sa\u00edmos de casa, s\u00f3 para ir ao mercado, estamos tentando usar o celular com modera\u00e7\u00e3o para poupar bateria e poupando tamb\u00e9m a \u00e1gua que temos para consumo&#8221;, contou Laura Diniz, do Porto.<\/p>\n<\/div>\n<div class=\"bbc-19j92fr ebmt73l0\" dir=\"ltr\">\n<p class=\"bbc-hhl7in e17g058b0\" dir=\"ltr\">&#8220;Nossa casa n\u00e3o tem \u00e1gua porque a maior parte dos pr\u00e9dios aqui contam com caixas subterr\u00e2neas, ou seja, precisa da bomba funcionar para a \u00e1gua subir, e essa bomba precisa de energia&#8221;, disse.<\/p>\n<\/div>\n<figure class=\"bbc-1qn0xuy\">\n<div class=\"bbc-18ywsw9\"><img data-recalc-dims=\"1\" loading=\"lazy\" decoding=\"async\" class=\"bbc-139onq\" src=\"https:\/\/i0.wp.com\/ichef.bbci.co.uk\/ace\/ws\/640\/cpsprodpb\/74b0\/live\/f65de500-2469-11f0-83ff-4bae7116c966.jpg.webp?resize=600%2C338&#038;ssl=1\" sizes=\"auto, (min-width: 1008px) 760px, 100vw\" srcset=\"https:\/\/ichef.bbci.co.uk\/ace\/ws\/240\/cpsprodpb\/74b0\/live\/f65de500-2469-11f0-83ff-4bae7116c966.jpg.webp 240w, https:\/\/ichef.bbci.co.uk\/ace\/ws\/320\/cpsprodpb\/74b0\/live\/f65de500-2469-11f0-83ff-4bae7116c966.jpg.webp 320w, https:\/\/ichef.bbci.co.uk\/ace\/ws\/480\/cpsprodpb\/74b0\/live\/f65de500-2469-11f0-83ff-4bae7116c966.jpg.webp 480w, https:\/\/ichef.bbci.co.uk\/ace\/ws\/624\/cpsprodpb\/74b0\/live\/f65de500-2469-11f0-83ff-4bae7116c966.jpg.webp 624w, https:\/\/ichef.bbci.co.uk\/ace\/ws\/800\/cpsprodpb\/74b0\/live\/f65de500-2469-11f0-83ff-4bae7116c966.jpg.webp 800w\" alt=\"Durante apag\u00e3o na Espanha, muitas pessoas n\u00e3o conseguiram transporte para voltar para casa e tentaram pedir carona nas ruas. \" width=\"600\" height=\"338\" \/><\/p>\n<p class=\"bbc-by8ykd\" role=\"text\"><span class=\"bbc-m04vo2\">CR\u00c9DITO, <\/span><span lang=\"en-GB\">RODRIGO JIMENEZ\/EPA<\/span><\/p>\n<\/div><figcaption class=\"bbc-15f1ujd\" dir=\"ltr\"><span role=\"text\"><span class=\"bbc-m04vo2\">Legenda da foto, <\/span><span data-testid=\"caption-paragraph\">Apag\u00e3o deixou o tr\u00e2nsito ca\u00f3tico e muitas pessoas tentaram voltar para casa pedindo carona em Madri<\/span><\/span><\/figcaption><\/figure>\n<div class=\"bbc-19j92fr ebmt73l0\" dir=\"ltr\">\n<h2 id=\"Kit-guerra\" class=\"bbc-1lgzob2 eglt09e0\" tabindex=\"-1\">&#8216;Kit guerra&#8217;<\/h2>\n<\/div>\n<div class=\"bbc-19j92fr ebmt73l0\" dir=\"ltr\">\n<p class=\"bbc-hhl7in e17g058b0\" dir=\"ltr\">No fim de mar\u00e7o, a Comiss\u00e3o Europeia prop\u00f4s que os europeus mantenham em casa &#8220;kits de sobreviv\u00eancia&#8221; para 72 horas, como medicamentos, lanterna, pilhas, alimentos e dinheiro.<\/p>\n<\/div>\n<div class=\"bbc-19j92fr ebmt73l0\" dir=\"ltr\">\n<p class=\"bbc-hhl7in e17g058b0\" dir=\"ltr\">A iniciativa faz parte de uma estrat\u00e9gia para enfrentar desastres naturais, pandemias, ciberataques ou at\u00e9 mesmo uma guerra.<\/p>\n<\/div>\n<div class=\"bbc-19j92fr ebmt73l0\" dir=\"ltr\">\n<p class=\"bbc-hhl7in e17g058b0\" dir=\"ltr\">&#8220;Eu achei um exagero&#8221;, conta o brasileiro Marcelo Casarini, que vive em Caxias, a cerca de 20 minutos de Lisboa. &#8220;Ningu\u00e9m fez esse kit. Agora acabei gastando 98 euros (cerca de R$ 632) em enlatados, porque eu n\u00e3o sabia quando a energia ia voltar.&#8221;<\/p>\n<\/div>\n<div class=\"bbc-19j92fr ebmt73l0\" dir=\"ltr\">\n<p class=\"bbc-hhl7in e17g058b0\" dir=\"ltr\">&#8220;H\u00e1 um tempo atr\u00e1s o governo nos alertou a fazer kits emergenciais para 72h de reclus\u00e3o e todos estamos pensado sobre isso agora&#8221;, contou Laura Diniz, que vive no Porto.<\/p>\n<\/div>\n<div class=\"bbc-19j92fr ebmt73l0\" dir=\"ltr\">\n<p class=\"bbc-hhl7in e17g058b0\" dir=\"ltr\">&#8220;Esse apag\u00e3o aconteceu poucas semanas depois de a Uni\u00e3o Europeia mandar todo mundo comprar um &#8220;kit guerra&#8221;. Tem muita gente assustada&#8221;, afirmou Nina Alves, de Barcelona.<\/p>\n<\/div>\n<figure class=\"bbc-1qn0xuy\">\n<div class=\"bbc-18ywsw9\"><img data-recalc-dims=\"1\" loading=\"lazy\" decoding=\"async\" class=\"bbc-139onq\" src=\"https:\/\/i0.wp.com\/ichef.bbci.co.uk\/ace\/ws\/640\/cpsprodpb\/bb24\/live\/c9b1e900-2457-11f0-90b1-416af4aa598e.jpg.webp?resize=600%2C338&#038;ssl=1\" sizes=\"auto, (min-width: 1008px) 760px, 100vw\" srcset=\"https:\/\/ichef.bbci.co.uk\/ace\/ws\/240\/cpsprodpb\/bb24\/live\/c9b1e900-2457-11f0-90b1-416af4aa598e.jpg.webp 240w, https:\/\/ichef.bbci.co.uk\/ace\/ws\/320\/cpsprodpb\/bb24\/live\/c9b1e900-2457-11f0-90b1-416af4aa598e.jpg.webp 320w, https:\/\/ichef.bbci.co.uk\/ace\/ws\/480\/cpsprodpb\/bb24\/live\/c9b1e900-2457-11f0-90b1-416af4aa598e.jpg.webp 480w, https:\/\/ichef.bbci.co.uk\/ace\/ws\/624\/cpsprodpb\/bb24\/live\/c9b1e900-2457-11f0-90b1-416af4aa598e.jpg.webp 624w, https:\/\/ichef.bbci.co.uk\/ace\/ws\/800\/cpsprodpb\/bb24\/live\/c9b1e900-2457-11f0-90b1-416af4aa598e.jpg.webp 800w\" alt=\"Esta\u00e7\u00e3o de metr\u00f4 Banco de Espa\u00f1a. \" width=\"600\" height=\"338\" \/><\/p>\n<p class=\"bbc-by8ykd\" role=\"text\"><span class=\"bbc-m04vo2\">CR\u00c9DITO, <\/span><span lang=\"en-GB\">SERGIO P\u00c9REZ\/EPA<\/span><\/p>\n<\/div><figcaption class=\"bbc-15f1ujd\" dir=\"ltr\"><span role=\"text\"><span class=\"bbc-m04vo2\">Legenda da foto, <\/span><span data-testid=\"caption-paragraph\">Esta\u00e7\u00e3o de metr\u00f4 fechada em Madri nesta segunda-feira<\/span><\/span><\/figcaption><\/figure>\n<div class=\"bbc-19j92fr ebmt73l0\" dir=\"ltr\">\n<p class=\"bbc-hhl7in e17g058b0\" dir=\"ltr\">Em Madri, a professora inglesa Hannah Lowney disse que estava no meio da compra do supermercado quando a luz caiu.<\/p>\n<\/div>\n<div class=\"bbc-19j92fr ebmt73l0\" dir=\"ltr\">\n<p class=\"bbc-hhl7in e17g058b0\" dir=\"ltr\">&#8220;Os sem\u00e1foros se apagaram. As pessoas est\u00e3o deixando seus escrit\u00f3rios e indo a p\u00e9 para casa, porque n\u00e3o sabem que horas os \u00f4nibus v\u00e3o passar. Parece que ningu\u00e9m tem ideia de quando a luz vai voltar. \u00c9 um pouco preocupante que esteja assim no pa\u00eds todo, nunca passei por algo assim antes&#8221;, contou \u00e0 rep\u00f3rter Barbara Tasch, da BBC News.<\/p>\n<\/div>\n<div class=\"bbc-19j92fr ebmt73l0\" dir=\"ltr\">\n<p class=\"bbc-hhl7in e17g058b0\" dir=\"ltr\">&#8220;\u00c9 uma loucura, estamos tentando pagar por nosso almo\u00e7o, mas est\u00e1 tudo desligado&#8221;, disse Emily Lansdown, uma turista na cidade.<\/p>\n<\/div>\n<div class=\"bbc-19j92fr ebmt73l0\" dir=\"ltr\">\n<p class=\"bbc-hhl7in e17g058b0\" dir=\"ltr\">Fotos circulando na internet mostraram grandes filas em caixas eletr\u00f4nicos. Uma imagem mostrava um chef de cozinha usando a lanterna de seu telefone para conseguir trabalhar.<\/p>\n<\/div>\n<div class=\"bbc-19j92fr ebmt73l0\" dir=\"ltr\">\n<p class=\"bbc-hhl7in e17g058b0\" dir=\"ltr\">Os apag\u00f5es come\u00e7aram pouco depois do meio-dia no hor\u00e1rio da Espanha (8h no hor\u00e1rio de Bras\u00edlia), atingindo diversas cidades nos dois pa\u00edses. A operadora nacional de trens, Renfe, disse que toda a eletricidade foi cortada \u00e0s 12h30, e todos os trens pararam.<\/p>\n<\/div>\n<div class=\"bbc-19j92fr ebmt73l0\" dir=\"ltr\">\n<p class=\"bbc-hhl7in e17g058b0\" dir=\"ltr\">O prefeito de Madri, Jos\u00e9 Luis Mart\u00ednez-Almeida, publicou um v\u00eddeo nas redes sociais pedindo que as pessoas se deslocassem o m\u00ednimo poss\u00edvel.<\/p>\n<\/div>\n<div class=\"bbc-19j92fr ebmt73l0\" dir=\"ltr\">\n<p class=\"bbc-hhl7in e17g058b0\" dir=\"ltr\">&#8220;Eu pe\u00e7o a todos os residentes de Madri que mantenham seus movimentos ao m\u00ednimo absoluto e, se poss\u00edvel, que fiquem onde est\u00e3o. Queremos manter todas as estradas livres&#8221;, disse o prefeito.<\/p>\n<\/div>\n<div class=\"bbc-19j92fr ebmt73l0\" dir=\"ltr\">\n<p class=\"bbc-hhl7in e17g058b0\" dir=\"ltr\">Ele tamb\u00e9m pediu que as pessoas s\u00f3 entrassem em contato com servi\u00e7os de emerg\u00eancia em casos de extrema necessidade. Quem n\u00e3o conseguir contato e ainda assim precisava de ajuda deveria se dirigir a delegacias, esta\u00e7\u00f5es de bombeiro ou hospitais.<\/p>\n<\/div>\n<div class=\"bbc-19j92fr ebmt73l0\" dir=\"ltr\">\n<p class=\"bbc-hhl7in e17g058b0\" dir=\"ltr\">Em novembro de 2006, cerca de 10 milh\u00f5es de pessoas ficaram sem energia el\u00e9trica ap\u00f3s uma s\u00e9rie de panes na rede da Alemanha, que atingiu diversos pa\u00edses do continente, chegando ao Marrocos e norte da \u00c1frica.<\/p>\n<\/div>\n<div class=\"bbc-19j92fr ebmt73l0\" dir=\"ltr\">\n<p class=\"bbc-hhl7in e17g058b0\" dir=\"ltr\">Na \u00e9poca, a empresa alem\u00e3 de energia E.On apresentou um relat\u00f3rio afirmando que se tratou de falha humana na rede.<\/p>\n<\/div>\n<figure class=\"bbc-1qn0xuy\">\n<div class=\"bbc-18ywsw9\"><img data-recalc-dims=\"1\" loading=\"lazy\" decoding=\"async\" class=\"bbc-139onq\" src=\"https:\/\/i0.wp.com\/ichef.bbci.co.uk\/ace\/ws\/640\/cpsprodpb\/5d86\/live\/9ee0be20-245e-11f0-b3d9-a14a03335dc5.jpg.webp?resize=600%2C337&#038;ssl=1\" sizes=\"auto, (min-width: 1008px) 760px, 100vw\" srcset=\"https:\/\/ichef.bbci.co.uk\/ace\/ws\/240\/cpsprodpb\/5d86\/live\/9ee0be20-245e-11f0-b3d9-a14a03335dc5.jpg.webp 240w, https:\/\/ichef.bbci.co.uk\/ace\/ws\/320\/cpsprodpb\/5d86\/live\/9ee0be20-245e-11f0-b3d9-a14a03335dc5.jpg.webp 320w, https:\/\/ichef.bbci.co.uk\/ace\/ws\/480\/cpsprodpb\/5d86\/live\/9ee0be20-245e-11f0-b3d9-a14a03335dc5.jpg.webp 480w, https:\/\/ichef.bbci.co.uk\/ace\/ws\/624\/cpsprodpb\/5d86\/live\/9ee0be20-245e-11f0-b3d9-a14a03335dc5.jpg.webp 624w, https:\/\/ichef.bbci.co.uk\/ace\/ws\/800\/cpsprodpb\/5d86\/live\/9ee0be20-245e-11f0-b3d9-a14a03335dc5.jpg.webp 800w\" alt=\"Aeroporto de Lisboa no apag\u00e3o desta segunda. \" width=\"600\" height=\"337\" \/><\/p>\n<p class=\"bbc-by8ykd\" role=\"text\"><span class=\"bbc-m04vo2\">CR\u00c9DITO, <\/span><span lang=\"en-GB\">PEDRO NUNES\/REUTERS<\/span><\/p>\n<\/div><figcaption class=\"bbc-15f1ujd\" dir=\"ltr\"><span role=\"text\"><span class=\"bbc-m04vo2\">Legenda da foto, <\/span><span data-testid=\"caption-paragraph\">Quase 100 voos partindo de Portu<\/span><\/span><\/figcaption><\/figure>\n<\/div>\n<\/div>\n<\/div>\n","protected":false},"excerpt":{"rendered":"<p>BBC &#8211; Um enorme apag\u00e3o atingiu Portugal e Espanha nesta segunda-feira (28\/4), provocando confus\u00e3o e problemas em diversos servi\u00e7os. Andorra e partes da Fran\u00e7a tamb\u00e9m relataram cortes de energia.<\/p>\n","protected":false},"author":1,"featured_media":0,"comment_status":"closed","ping_status":"open","sticky":false,"template":"","format":"standard","meta":{"_exactmetrics_skip_tracking":false,"_exactmetrics_sitenote_active":false,"_exactmetrics_sitenote_note":"","_exactmetrics_sitenote_category":0,"jetpack_post_was_ever_published":false,"_jetpack_newsletter_access":"","_jetpack_dont_email_post_to_subs":false,"_jetpack_newsletter_tier_id":0,"_jetpack_memberships_contains_paywalled_content":false,"_jetpack_memberships_contains_paid_content":false,"footnotes":"","jetpack_publicize_message":"","jetpack_publicize_feature_enabled":true,"jetpack_social_post_already_shared":true,"jetpack_social_options":{"image_generator_settings":{"template":"highway","enabled":false},"version":2}},"categories":[1],"tags":[1320,1323,1321,1322],"class_list":["post-36754","post","type-post","status-publish","format-standard","hentry","category-notas","tag-apagao","tag-espanha","tag-europa","tag-portugal"],"jetpack_publicize_connections":[],"jetpack_sharing_enabled":true,"jetpack_featured_media_url":"","jetpack_shortlink":"https:\/\/wp.me\/p7wKYW-9yO","jetpack-related-posts":[],"_links":{"self":[{"href":"http:\/\/blogdalucianaoliveira.com.br\/blog\/wp-json\/wp\/v2\/posts\/36754","targetHints":{"allow":["GET"]}}],"collection":[{"href":"http:\/\/blogdalucianaoliveira.com.br\/blog\/wp-json\/wp\/v2\/posts"}],"about":[{"href":"http:\/\/blogdalucianaoliveira.com.br\/blog\/wp-json\/wp\/v2\/types\/post"}],"author":[{"embeddable":true,"href":"http:\/\/blogdalucianaoliveira.com.br\/blog\/wp-json\/wp\/v2\/users\/1"}],"replies":[{"embeddable":true,"href":"http:\/\/blogdalucianaoliveira.com.br\/blog\/wp-json\/wp\/v2\/comments?post=36754"}],"version-history":[{"count":1,"href":"http:\/\/blogdalucianaoliveira.com.br\/blog\/wp-json\/wp\/v2\/posts\/36754\/revisions"}],"predecessor-version":[{"id":36756,"href":"http:\/\/blogdalucianaoliveira.com.br\/blog\/wp-json\/wp\/v2\/posts\/36754\/revisions\/36756"}],"wp:attachment":[{"href":"http:\/\/blogdalucianaoliveira.com.br\/blog\/wp-json\/wp\/v2\/media?parent=36754"}],"wp:term":[{"taxonomy":"category","embeddable":true,"href":"http:\/\/blogdalucianaoliveira.com.br\/blog\/wp-json\/wp\/v2\/categories?post=36754"},{"taxonomy":"post_tag","embeddable":true,"href":"http:\/\/blogdalucianaoliveira.com.br\/blog\/wp-json\/wp\/v2\/tags?post=36754"}],"curies":[{"name":"wp","href":"https:\/\/api.w.org\/{rel}","templated":true}]}}