{"id":36757,"date":"2025-04-28T18:24:18","date_gmt":"2025-04-28T22:24:18","guid":{"rendered":"https:\/\/blogdalucianaoliveira.com.br\/blog\/?p=36757"},"modified":"2025-04-28T18:24:18","modified_gmt":"2025-04-28T22:24:18","slug":"obra-da-cop30-vai-levar-esgoto-de-area-nobre-em-belem-para-comunidade-de-palafitas","status":"publish","type":"post","link":"http:\/\/blogdalucianaoliveira.com.br\/blog\/2025\/04\/28\/obra-da-cop30-vai-levar-esgoto-de-area-nobre-em-belem-para-comunidade-de-palafitas\/","title":{"rendered":"Obra da COP30 vai levar esgoto de \u00e1rea nobre em Bel\u00e9m para comunidade de palafitas"},"content":{"rendered":"<p style=\"text-align: left;\"><img data-recalc-dims=\"1\" loading=\"lazy\" decoding=\"async\" data-attachment-id=\"36758\" data-permalink=\"http:\/\/blogdalucianaoliveira.com.br\/blog\/2025\/04\/28\/obra-da-cop30-vai-levar-esgoto-de-area-nobre-em-belem-para-comunidade-de-palafitas\/img_1315-3\/\" data-orig-file=\"https:\/\/i0.wp.com\/blogdalucianaoliveira.com.br\/blog\/wp-content\/uploads\/2025\/04\/IMG_1315-1.webp?fit=800%2C450\" data-orig-size=\"800,450\" data-comments-opened=\"0\" data-image-meta=\"{&quot;aperture&quot;:&quot;0&quot;,&quot;credit&quot;:&quot;&quot;,&quot;camera&quot;:&quot;&quot;,&quot;caption&quot;:&quot;&quot;,&quot;created_timestamp&quot;:&quot;0&quot;,&quot;copyright&quot;:&quot;&quot;,&quot;focal_length&quot;:&quot;0&quot;,&quot;iso&quot;:&quot;0&quot;,&quot;shutter_speed&quot;:&quot;0&quot;,&quot;title&quot;:&quot;&quot;,&quot;orientation&quot;:&quot;0&quot;}\" data-image-title=\"IMG_1315\" data-image-description=\"\" data-image-caption=\"\" data-medium-file=\"https:\/\/i0.wp.com\/blogdalucianaoliveira.com.br\/blog\/wp-content\/uploads\/2025\/04\/IMG_1315-1.webp?fit=300%2C169\" data-large-file=\"https:\/\/i0.wp.com\/blogdalucianaoliveira.com.br\/blog\/wp-content\/uploads\/2025\/04\/IMG_1315-1.webp?fit=600%2C338\" class=\"alignnone size-medium wp-image-36758\" src=\"https:\/\/i0.wp.com\/blogdalucianaoliveira.com.br\/blog\/wp-content\/uploads\/2025\/04\/IMG_1315-1.webp?resize=300%2C169\" alt=\"\" width=\"300\" height=\"169\" srcset=\"https:\/\/i0.wp.com\/blogdalucianaoliveira.com.br\/blog\/wp-content\/uploads\/2025\/04\/IMG_1315-1.webp?resize=300%2C169 300w, https:\/\/i0.wp.com\/blogdalucianaoliveira.com.br\/blog\/wp-content\/uploads\/2025\/04\/IMG_1315-1.webp?resize=768%2C432 768w, https:\/\/i0.wp.com\/blogdalucianaoliveira.com.br\/blog\/wp-content\/uploads\/2025\/04\/IMG_1315-1.webp?resize=533%2C300 533w, https:\/\/i0.wp.com\/blogdalucianaoliveira.com.br\/blog\/wp-content\/uploads\/2025\/04\/IMG_1315-1.webp?w=800 800w\" sizes=\"auto, (max-width: 300px) 100vw, 300px\" \/><\/p>\n<h2 class=\"jeg_post_subtitle\">Moradores da Vila da Barca n\u00e3o foram consultados e apontam caso de racismo ambiental<\/h2>\n<p><!--more--><\/p>\n<p>BDF &#8211; Entre os cerca de 5 bilh\u00f5es em investimentos de infraestrutura destinados a Bel\u00e9m (PA) para sediar a Confer\u00eancia das Na\u00e7\u00f5es Unidas sobre Mudan\u00e7a do Clima (COP30) est\u00e1 a constru\u00e7\u00e3o de uma esta\u00e7\u00e3o elevat\u00f3ria para tratamento de esgoto na Vila da Barca, uma das maiores comunidades sobre palafitas da Am\u00e9rica Latina.<\/p>\n<p>A obra, no entanto, tem sido questionada pela comunidade por ser destinada ao tratamento de esgoto da regi\u00e3o do Parque Linear da Nova Doca, especialmente planejado para receber cerca de 40 mil visitantes no per\u00edodo da Confer\u00eancia em \u00e1rea nobre da capital paraense, o mesmo local que recebeu as chamadas<a href=\"https:\/\/www.brasildefato.com.br\/2025\/04\/04\/paisagismo-em-belem-para-cop30-gera-criticas-e-reforca-debate-sobre-racismo-ambiental\/\"> \u201c\u00e1rvores artificiais\u201d.<\/a><\/p>\n<div class=\"jeg_ad jeg_ad_article jnews_content_inline_ads  \">\n<div class=\"ads-wrapper align-center \">\n<div class=\"ads_shortcode\">\n<div class=\"ads-region-container\" data-slot=\"artigos-leaderboard-incontent-1-mobile\" data-region=\"br\" data-slot-name=\"artigos-leaderboard-incontent-1-mobile-br\" data-agent=\"Mozilla\/5.0 (Linux; Android 10; K) AppleWebKit\/537.36 (KHTML, like Gecko) Chrome\/125.0.0.0 Mobile Safari\/537.36\">\n<div id=\"div-gpt-ad-artigos-mobile_rectangle_mobile_1\" class=\"ad-slot\"><\/div>\n<\/div>\n<\/div>\n<\/div>\n<\/div>\n<p>Al\u00e9m disso, a \u00e1rea da Vila da Barca onde est\u00e1 sendo constru\u00edda a esta\u00e7\u00e3o de esgoto, um pr\u00e9dio centen\u00e1rio abandonado, j\u00e1 foi reivindicado pela comunidade para uso social e coletivo, mas os pedidos n\u00e3o foram atendidos, como explica o morador e historiador Kelvin Gomes.<\/p>\n<p>\u201cO pr\u00e9dio que est\u00e1 sendo demolido agora para dar lugar \u00e0 esta\u00e7\u00e3o de bombeamento de esgoto poderia servir como escola, creche, que n\u00e3o existe na comunidade, [servir para] a amplia\u00e7\u00e3o da unidade de sa\u00fade ou o pr\u00f3prio programa de amplia\u00e7\u00e3o da sa\u00fade, que foi anunciado pelo atual prefeito nas campanhas eleitorais. Mas infelizmente preferiram dar lugar a uma esta\u00e7\u00e3o de esgoto que n\u00e3o vai beneficiar a comunidade, at\u00e9 onde se sabe, e a comunidade continua padecendo de necessidades\u201d, pontua Kelvin.<\/p>\n<div class=\"jeg_ad jeg_ad_article jnews_content_inline_2_ads  \">\n<div class=\"ads-wrapper align-center \">\n<div class=\"ads_shortcode\">\n<div class=\"ads-region-container\" data-slot=\"artigos-leaderboard-incontent-2-mobile\" data-region=\"br\" data-slot-name=\"artigos-leaderboard-incontent-2-mobile-br\" data-agent=\"Mozilla\/5.0 (Linux; Android 10; K) AppleWebKit\/537.36 (KHTML, like Gecko) Chrome\/125.0.0.0 Mobile Safari\/537.36\">\n<div id=\"div-gpt-ad-artigos-mobile_rectangle_mobile_2\" class=\"ad-slot\"><\/div>\n<\/div>\n<\/div>\n<\/div>\n<\/div>\n<p>&nbsp;<\/p>\n<p>&nbsp;<\/p>\n<p><iframe loading=\"lazy\" title=\"YouTube video player\" src=\"https:\/\/www.youtube.com\/embed\/bNYdXlZHe7A?si=XFkBcf68L2EcOL01\" width=\"560\" height=\"315\" frameborder=\"0\" allowfullscreen=\"allowfullscreen\" data-mce-fragment=\"1\"><\/iframe><\/p>\n<p>&nbsp;<\/p>\n<p>Em meio ao contraste entre os pr\u00e9dios de luxo, que chegam a custar cerca de 18 milh\u00f5es, e a comunidade de palafitas, o historiador explica que apesar da precariedade no fornecimento de \u00e1gua do local ser um problema hist\u00f3rico, a situa\u00e7\u00e3o ficou ainda pior a partir do in\u00edcio das obras.<\/p>\n<div class=\"jeg_ad jeg_ad_article jnews_content_inline_3_ads  \">\n<div class=\"ads-wrapper align-center \">\n<div class=\"ads_shortcode\">\n<div class=\"ads-region-container\" data-slot=\"artigos-leaderboard-incontent-3-mobile\" data-region=\"br\" data-slot-name=\"artigos-leaderboard-incontent-3-mobile-br\" data-agent=\"Mozilla\/5.0 (Linux; Android 10; K) AppleWebKit\/537.36 (KHTML, like Gecko) Chrome\/125.0.0.0 Mobile Safari\/537.36\">\n<div id=\"div-gpt-ad-artigos-mobile_rectangle_mobile_3\" class=\"ad-slot\"><\/div>\n<\/div>\n<\/div>\n<\/div>\n<\/div>\n<p>\u201cEssa tubula\u00e7\u00e3o j\u00e1 tem, pelos nossos c\u00e1lculos, pelo menos 20, 30 anos. E est\u00e1 defasada, j\u00e1 n\u00e3o comporta mais o n\u00famero de moradores que vivem na comunidade. O que alguns moradores t\u00eam observado, e a\u00ed a gente n\u00e3o tem estudo t\u00e9cnico para provar, \u00e9 uma observa\u00e7\u00e3o\u2026 \u00e9 que a partir do in\u00edcio das obras da Doca a \u00e1gua come\u00e7ou a piorar de qualidade, ela ficou mais turva, mais barrenta, com v\u00e1rios res\u00edduos, fora a falta\u201d.<\/p>\n<p>Ap\u00f3s o in\u00edcio das obras, moradores temem acumular ainda mais preju\u00edzos al\u00e9m da precariedade da \u00e1gua, como explica a aposentada Francisca Lobato.<\/p>\n<p>\u201cA \u00e1gua \u00e9 suja, muito amarela. Eu j\u00e1 estou at\u00e9 com coceira no meu corpo. Se tomar banho com essa \u00e1gua, a gente n\u00e3o consegue nem dormir, est\u00e1 imunda. N\u00e3o d\u00e1 mais nem para cozinhar, tem que comprar \u00e1gua mineral para fazer comida, fazer caf\u00e9, fazer tudo. N\u00e3o presta mais a \u00e1gua. Para lavar roupa ent\u00e3o, nem se fala, est\u00e1 horr\u00edvel. At\u00e9 agora n\u00e3o vejo nada, s\u00f3 vejo preju\u00edzo at\u00e9 na \u00e1gua, imagina depois, n\u00e9?\u201d.<\/p>\n<figure class=\"wp-block-image size-full is-resized\"><img data-recalc-dims=\"1\" loading=\"lazy\" decoding=\"async\" class=\"wp-image-680971 lazy loaded\" src=\"https:\/\/i0.wp.com\/assets.brasildefato.com.br\/2025\/04\/Vila-da-Barca-geral-1000x570.png?resize=600%2C450&#038;ssl=1\" sizes=\"auto, (max-width: 1000px) 100vw, 1000px\" srcset=\"https:\/\/assets.brasildefato.com.br\/2025\/04\/Vila-da-Barca-geral-300x225.png 300w, https:\/\/assets.brasildefato.com.br\/2025\/04\/Vila-da-Barca-geral-768x576.png 768w, https:\/\/assets.brasildefato.com.br\/2025\/04\/Vila-da-Barca-geral-750x536.png 750w, https:\/\/assets.brasildefato.com.br\/2025\/04\/Vila-da-Barca-geral-1000x570.png 1000w\" alt=\"\" width=\"600\" height=\"450\" data-src=\"https:\/\/assets.brasildefato.com.br\/2025\/04\/Vila-da-Barca-geral-1000x570.png\" data-srcset=\"https:\/\/assets.brasildefato.com.br\/2025\/04\/Vila-da-Barca-geral-300x225.png 300w, https:\/\/assets.brasildefato.com.br\/2025\/04\/Vila-da-Barca-geral-768x576.png 768w, https:\/\/assets.brasildefato.com.br\/2025\/04\/Vila-da-Barca-geral-750x536.png 750w, https:\/\/assets.brasildefato.com.br\/2025\/04\/Vila-da-Barca-geral-1000x570.png 1000w\" data-sizes=\"(max-width: 1000px) 100vw, 1000px\" data-pin-no-hover=\"true\" data-was-processed=\"true\" \/><figcaption class=\"wp-element-caption\">A obra milion\u00e1ria contrasta com o abandono do poder p\u00fablico \u00e0 comunidade, que carece de aten\u00e7\u00e3o a necessidades b\u00e1sicas. Foto: Mariana Castro\/Brasil de Fato<\/figcaption><\/figure>\n<h4 class=\"wp-block-heading\">Racismo ambiental<\/h4>\n<p>Desde o an\u00fancio da capital do Par\u00e1 como cidade sede da COP30, a popula\u00e7\u00e3o recebeu a not\u00edcia com expectativa de investimentos voltados ao combate \u00e0 desigualdade, onde 55,5% dos domic\u00edlios est\u00e3o em \u00e1reas de favela, segundo o Mapa da Desigualdade, no entanto, entre as principais obras est\u00e3o a constru\u00e7\u00e3o e revitaliza\u00e7\u00e3o de avenidas, constru\u00e7\u00e3o de viadutos, parques e outras atra\u00e7\u00f5es tur\u00edsticas em \u00e1reas nobres.<\/p>\n<p>\u201cIsso \u00e9 um contrassenso porque a cidade de Bel\u00e9m vai receber, para a COP, algo em torno de 4 bilh\u00f5es de investimentos e essas obras est\u00e3o concentradas em locais j\u00e1 urbanizados, que j\u00e1 tinham uma estrutura pr\u00e9via na cidade e que s\u00e3o supervalorizadas do ponto de vista financeiro\u201d, explica Kelvin.<\/p>\n<p>A comunidade da Vila da Barca aponta o caso como expl\u00edcito racismo ambiental, que vai ainda al\u00e9m da escolha da periferia para tratar o esgoto de uma \u00e1rea nobre da cidade, como explica a educadora popular Suane Barreirinhas.<\/p>\n<p>\u201cO que a gente est\u00e1 denunciando como racismo ambiental \u00e9 muito mais do que a esta\u00e7\u00e3o elevat\u00f3ria, que vai trazer o esgoto da Doca, vai tratar na Vila da Barca e jogar para a bacia do Una. O estado insiste em dizer que esse esgoto n\u00e3o vai ficar na vila, mas se ele vai ser tratado, ele vai ficar um tempo ali. Desde 2024 a Vila da Barca j\u00e1 recebe a lama que vem da obra da Doca, ent\u00e3o nossa den\u00fancia de caso de racismo ambiental vai para al\u00e9m da esta\u00e7\u00e3o elevat\u00f3ria\u201d, explica Suane.<\/p>\n<figure class=\"wp-block-image size-full\"><img data-recalc-dims=\"1\" loading=\"lazy\" decoding=\"async\" class=\"wp-image-680974 lazy loading\" src=\"https:\/\/i0.wp.com\/assets.brasildefato.com.br\/2025\/04\/Obra-COP30-1000x570.png?resize=600%2C450&#038;ssl=1\" sizes=\"auto, (max-width: 1000px) 100vw, 1000px\" srcset=\"https:\/\/assets.brasildefato.com.br\/2025\/04\/Obra-COP30-300x225.png 300w, https:\/\/assets.brasildefato.com.br\/2025\/04\/Obra-COP30-768x576.png 768w, https:\/\/assets.brasildefato.com.br\/2025\/04\/Obra-COP30-750x536.png 750w, https:\/\/assets.brasildefato.com.br\/2025\/04\/Obra-COP30-1000x570.png 1000w\" alt=\"\" width=\"600\" height=\"450\" data-src=\"https:\/\/assets.brasildefato.com.br\/2025\/04\/Obra-COP30-1000x570.png\" data-srcset=\"https:\/\/assets.brasildefato.com.br\/2025\/04\/Obra-COP30-300x225.png 300w, https:\/\/assets.brasildefato.com.br\/2025\/04\/Obra-COP30-768x576.png 768w, https:\/\/assets.brasildefato.com.br\/2025\/04\/Obra-COP30-750x536.png 750w, https:\/\/assets.brasildefato.com.br\/2025\/04\/Obra-COP30-1000x570.png 1000w\" data-sizes=\"(max-width: 1000px) 100vw, 1000px\" data-pin-no-hover=\"true\" data-was-processed=\"true\" \/><figcaption class=\"wp-element-caption\">Fluxo de caminh\u00f5es \u00e9 intenso no local desde o in\u00edcio das obras, mas comunidade aponta falta de informa\u00e7\u00f5es. Foto: Mariana Castro\/Brasil de Fato<\/figcaption><\/figure>\n<p>O decreto de desapropria\u00e7\u00e3o do pr\u00e9dio para dar lugar \u00e0 obra foi assinado no dia 17 de dezembro de 2024 pelo governador Helder Barbalho (MDB), mas a comunidade n\u00e3o foi consultada ou mesmo comunicada, e alerta para a falta de planejamento e informa\u00e7\u00f5es sobre os impactos.<\/p>\n<p>\u201cEles [o Estado] nunca entregaram nenhum documento de licenciamento ambiental, impacto ambiental, nenhum estudo sobre o que \u00e9 de fato o projeto. S\u00f3 apresentam o que \u00e9 uma esta\u00e7\u00e3o elevat\u00f3ria. Por que eles n\u00e3o escolheram fazer essa esta\u00e7\u00e3o em uma \u00e1rea da \u00e1rea da Doca ou do bairro Umarizal, que se tem ainda terrenos?\u201d, questiona a educadora popular.<\/p>\n<p>No in\u00edcio do m\u00eas de abril, um protesto dos moradores da Vila da Barca chamou aten\u00e7\u00e3o nacional por desafiar o diretor da Companhia de Saneamento do Par\u00e1 (Cosanpa) a tomar a \u00e1gua que sai das torneiras da regi\u00e3o. A partir de ent\u00e3o, o governo passou a informar que a comunidade tamb\u00e9m ser\u00e1 beneficiada pelas obras.<\/p>\n<p>\u201cEles nunca esperaram que a gente fosse entender o que \u00e9 essa obra, eles nunca imaginaram que a gente fosse confront\u00e1-los e estamos fazendo isso e denunciando esse caso de racismo ambiental na cidade da COP30, o maior evento clim\u00e1tico do planeta\u201d, destaca Suane.<\/p>\n<p>O <strong>Brasil de Fato<\/strong> questionou a Companhia de Saneamento do Par\u00e1 (Cosanpa) e o Governo do Estado do Par\u00e1 sobre as obras, mas n\u00e3o obteve resposta at\u00e9 a conclus\u00e3o desta reportagem. O espa\u00e7o segue aberto e o texto ser\u00e1 atualizado caso haja manifesta\u00e7\u00e3o.<\/p>\n<p>&nbsp;<\/p>\n<div class=\"jeg_meta_post_footer\">\n<div class=\"jeg_meta_editors\">Editado por: Nathallia Fonseca<\/div>\n<\/div>\n","protected":false},"excerpt":{"rendered":"<p>Moradores da Vila da Barca n\u00e3o foram consultados e apontam caso de racismo ambiental<\/p>\n","protected":false},"author":1,"featured_media":0,"comment_status":"closed","ping_status":"open","sticky":false,"template":"","format":"standard","meta":{"_exactmetrics_skip_tracking":false,"_exactmetrics_sitenote_active":false,"_exactmetrics_sitenote_note":"","_exactmetrics_sitenote_category":0,"jetpack_post_was_ever_published":false,"_jetpack_newsletter_access":"","_jetpack_dont_email_post_to_subs":false,"_jetpack_newsletter_tier_id":0,"_jetpack_memberships_contains_paywalled_content":false,"_jetpack_memberships_contains_paid_content":false,"footnotes":"","jetpack_publicize_message":"","jetpack_publicize_feature_enabled":true,"jetpack_social_post_already_shared":true,"jetpack_social_options":{"image_generator_settings":{"template":"highway","enabled":false},"version":2}},"categories":[1],"tags":[1274,1324,1325],"class_list":["post-36757","post","type-post","status-publish","format-standard","hentry","category-notas","tag-cop30","tag-esgoto","tag-obras"],"jetpack_publicize_connections":[],"jetpack_sharing_enabled":true,"jetpack_featured_media_url":"","jetpack_shortlink":"https:\/\/wp.me\/p7wKYW-9yR","jetpack-related-posts":[],"_links":{"self":[{"href":"http:\/\/blogdalucianaoliveira.com.br\/blog\/wp-json\/wp\/v2\/posts\/36757","targetHints":{"allow":["GET"]}}],"collection":[{"href":"http:\/\/blogdalucianaoliveira.com.br\/blog\/wp-json\/wp\/v2\/posts"}],"about":[{"href":"http:\/\/blogdalucianaoliveira.com.br\/blog\/wp-json\/wp\/v2\/types\/post"}],"author":[{"embeddable":true,"href":"http:\/\/blogdalucianaoliveira.com.br\/blog\/wp-json\/wp\/v2\/users\/1"}],"replies":[{"embeddable":true,"href":"http:\/\/blogdalucianaoliveira.com.br\/blog\/wp-json\/wp\/v2\/comments?post=36757"}],"version-history":[{"count":1,"href":"http:\/\/blogdalucianaoliveira.com.br\/blog\/wp-json\/wp\/v2\/posts\/36757\/revisions"}],"predecessor-version":[{"id":36759,"href":"http:\/\/blogdalucianaoliveira.com.br\/blog\/wp-json\/wp\/v2\/posts\/36757\/revisions\/36759"}],"wp:attachment":[{"href":"http:\/\/blogdalucianaoliveira.com.br\/blog\/wp-json\/wp\/v2\/media?parent=36757"}],"wp:term":[{"taxonomy":"category","embeddable":true,"href":"http:\/\/blogdalucianaoliveira.com.br\/blog\/wp-json\/wp\/v2\/categories?post=36757"},{"taxonomy":"post_tag","embeddable":true,"href":"http:\/\/blogdalucianaoliveira.com.br\/blog\/wp-json\/wp\/v2\/tags?post=36757"}],"curies":[{"name":"wp","href":"https:\/\/api.w.org\/{rel}","templated":true}]}}