{"id":36760,"date":"2025-04-29T08:34:10","date_gmt":"2025-04-29T12:34:10","guid":{"rendered":"https:\/\/blogdalucianaoliveira.com.br\/blog\/?p=36760"},"modified":"2025-04-29T08:34:10","modified_gmt":"2025-04-29T12:34:10","slug":"camara-aprova-corte-na-lei-aldir-blanc-e-prorroga-incentivos-fiscais-para-setor-audiovisual","status":"publish","type":"post","link":"http:\/\/blogdalucianaoliveira.com.br\/blog\/2025\/04\/29\/camara-aprova-corte-na-lei-aldir-blanc-e-prorroga-incentivos-fiscais-para-setor-audiovisual\/","title":{"rendered":"C\u00e2mara aprova corte na Lei Aldir Blanc e prorroga incentivos fiscais para setor audiovisual"},"content":{"rendered":"<p><img data-recalc-dims=\"1\" loading=\"lazy\" decoding=\"async\" data-attachment-id=\"36761\" data-permalink=\"http:\/\/blogdalucianaoliveira.com.br\/blog\/2025\/04\/29\/camara-aprova-corte-na-lei-aldir-blanc-e-prorroga-incentivos-fiscais-para-setor-audiovisual\/img_1321\/\" data-orig-file=\"https:\/\/i0.wp.com\/blogdalucianaoliveira.com.br\/blog\/wp-content\/uploads\/2025\/04\/IMG_1321.jpeg?fit=689%2C445\" data-orig-size=\"689,445\" data-comments-opened=\"0\" data-image-meta=\"{&quot;aperture&quot;:&quot;0&quot;,&quot;credit&quot;:&quot;&quot;,&quot;camera&quot;:&quot;&quot;,&quot;caption&quot;:&quot;&quot;,&quot;created_timestamp&quot;:&quot;0&quot;,&quot;copyright&quot;:&quot;&quot;,&quot;focal_length&quot;:&quot;0&quot;,&quot;iso&quot;:&quot;0&quot;,&quot;shutter_speed&quot;:&quot;0&quot;,&quot;title&quot;:&quot;&quot;,&quot;orientation&quot;:&quot;0&quot;}\" data-image-title=\"IMG_1321\" data-image-description=\"\" data-image-caption=\"\" data-medium-file=\"https:\/\/i0.wp.com\/blogdalucianaoliveira.com.br\/blog\/wp-content\/uploads\/2025\/04\/IMG_1321.jpeg?fit=300%2C194\" data-large-file=\"https:\/\/i0.wp.com\/blogdalucianaoliveira.com.br\/blog\/wp-content\/uploads\/2025\/04\/IMG_1321.jpeg?fit=600%2C388\" class=\"alignnone size-medium wp-image-36761\" src=\"https:\/\/i0.wp.com\/blogdalucianaoliveira.com.br\/blog\/wp-content\/uploads\/2025\/04\/IMG_1321.jpeg?resize=300%2C194\" alt=\"\" width=\"300\" height=\"194\" srcset=\"https:\/\/i0.wp.com\/blogdalucianaoliveira.com.br\/blog\/wp-content\/uploads\/2025\/04\/IMG_1321.jpeg?resize=300%2C194 300w, https:\/\/i0.wp.com\/blogdalucianaoliveira.com.br\/blog\/wp-content\/uploads\/2025\/04\/IMG_1321.jpeg?resize=464%2C300 464w, https:\/\/i0.wp.com\/blogdalucianaoliveira.com.br\/blog\/wp-content\/uploads\/2025\/04\/IMG_1321.jpeg?w=689 689w\" sizes=\"auto, (max-width: 300px) 100vw, 300px\" \/><\/p>\n<p data-pf_style_display=\"block\" data-pf_style_visibility=\"visible\"><span class=\"text-node\">FSP &#8211; A <\/span><a href=\"https:\/\/www1.folha.uol.com.br\/folha-topicos\/camara-dos-deputados\/\" data-pf_style_display=\"inline\" data-pf_style_visibility=\"visible\"><span class=\"text-node\">C\u00e2mara dos Deputados<\/span><\/a><span class=\"text-node\"> aprovou nesta segunda-feira (28) a prorroga\u00e7\u00e3o de benef\u00edcios tribut\u00e1rios para o setor audiovisual e a possibilidade de redu\u00e7\u00e3o dos repasses federais para fomento \u00e0 cultura em estados e munic\u00edpios, caso as prefeituras e governos estaduais ainda tenham dinheiro n\u00e3o utilizado do ano anterior.<\/span><!--more--><\/p>\n<p data-pf_style_display=\"block\" data-pf_style_visibility=\"visible\"><span class=\"text-node\">O projeto de lei do l\u00edder do governo na C\u00e2mara, Jos\u00e9 Guimar\u00e3es (<\/span><a href=\"https:\/\/www1.folha.uol.com.br\/folha-topicos\/pt\/\" data-pf_style_display=\"inline\" data-pf_style_visibility=\"visible\"><span class=\"text-node\">PT<\/span><\/a><span class=\"text-node\">-CE), incorporou duas MPs (medidas provis\u00f3rias) editadas pelo governo Lula (PT) e que perder\u00e3o a validade se n\u00e3o forem aprovadas pelo Congresso at\u00e9 1\u00ba de maio. A inten\u00e7\u00e3o \u00e9 que o texto seja validado pelo Senado nesta ter\u00e7a-feira (29) e enviado para san\u00e7\u00e3o presidencial.<\/span><\/p>\n<p data-pf_style_display=\"block\" data-pf_style_visibility=\"visible\"><span class=\"text-node\">Uma dessas medidas faz <\/span><a href=\"https:\/\/www1.folha.uol.com.br\/mercado\/2024\/11\/governo-desidrata-pacote-de-haddad-mercado-reage-e-congresso-cobra-emendas-para-aprovar-neste-ano.shtml\" target=\"\" rel=\"\" data-pf_style_display=\"inline\" data-pf_style_visibility=\"visible\"><span class=\"text-node\">parte do pacote fiscal<\/span><\/a><span class=\"text-node\">lan\u00e7ado no fim do ano pelo ministro da Fazenda, <\/span><a href=\"https:\/\/www1.folha.uol.com.br\/folha-topicos\/fernando-haddad\/\" data-pf_style_display=\"inline\" data-pf_style_visibility=\"visible\"><span class=\"text-node\">Fernando Haddad<\/span><\/a><span class=\"text-node\">. A proposta permite que o governo federal diminua o repasse da <\/span><a href=\"https:\/\/busca.folha.uol.com.br\/search?q=%22Aldir+Blanc%22+&amp;site=online&amp;src=redacao\" target=\"\" rel=\"\" data-pf_style_display=\"inline\" data-pf_style_visibility=\"visible\"><span class=\"text-node\">Lei Aldir Blanc<\/span><\/a><span class=\"text-node\"> de Fomento \u00e0 Cultura caso estados e munic\u00edpios n\u00e3o tenham utilizado os recursos recebidos nos anos anteriores.<\/span><\/p>\n<div data-clone-component=\"\" data-pf_style_display=\"block\" data-pf_style_visibility=\"visible\">\n<div class=\"widget-image rs_skip\" data-pf_style_display=\"block\" data-pf_style_visibility=\"visible\">\n<figure class=\"pf-caption flex-width mediumImage pf-size-full\" data-pf_style_display=\"block\" data-pf_style_visibility=\"visible\">\n<div class=\"c-image-aspect-ratio c-image-aspect-ratio--3x2\" data-pf_style_display=\"block\" data-pf_style_visibility=\"visible\"><img data-recalc-dims=\"1\" decoding=\"async\" class=\"img-responsive c-lazyload c-image-aspect-ratio__image caption-img flex-width pf-size-full mediumImage\" src=\"https:\/\/i0.wp.com\/f.i.uol.com.br\/fotografia\/2024\/05\/23\/1716501013664fba159056b_1716501013_3x2_md.jpg?w=100&#038;ssl=1\" alt=\"     \"  data-srcset=\" https:\/\/f.i.uol.com.br\/fotografia\/2024\/05\/23\/1716501013664fba159056b_1716501013_3x2_th.jpg 100w,                  https:\/\/f.i.uol.com.br\/fotografia\/2024\/05\/23\/1716501013664fba159056b_1716501013_3x2_xs.jpg 320w,                  https:\/\/f.i.uol.com.br\/fotografia\/2024\/05\/23\/1716501013664fba159056b_1716501013_3x2_sm.jpg 480w,                  https:\/\/f.i.uol.com.br\/fotografia\/2024\/05\/23\/1716501013664fba159056b_1716501013_3x2_md.jpg 768w,                  https:\/\/f.i.uol.com.br\/fotografia\/2024\/05\/23\/1716501013664fba159056b_1716501013_3x2_lg.jpg 1024w,                  https:\/\/f.i.uol.com.br\/fotografia\/2024\/05\/23\/1716501013664fba159056b_1716501013_3x2_xl.jpg 1200w,                 \" data-sizes=\"(min-width: 1024px) 850px, 100vw\" data-pf_style_display=\"inline\" data-pf_style_visibility=\"visible\" data-pf_rect_width=\"16\" data-pf_rect_height=\"16\" \/><\/div><figcaption class=\"widget-image__subtitle\" data-pf_style_display=\"block\" data-pf_style_visibility=\"visible\"><span class=\"text-node\">A deputada Jandira Feghali no plen\u00e1rio da C\u00e2mara dos Deputados, em Bras\u00edlia &#8211; <\/span><span class=\"widget-image__credits\" data-pf_style_display=\"inline\" data-pf_style_visibility=\"visible\"><span class=\"text-node\">Zeca Ribeiro &#8211; 21.mai.2024\/C\u00e2mara dos Deputados<\/span><\/span><\/figcaption><\/figure>\n<\/div>\n<\/div>\n<p data-pf_style_display=\"block\" data-pf_style_visibility=\"visible\"><span class=\"text-node\">Atualmente, a lei obriga o repasse anual de R$ 3 bilh\u00f5es como forma de auxiliar o setor de cultura a se recuperar da pandemia, com gastos m\u00e1ximos de R$ 15 bilh\u00f5es em cinco anos. O projeto autoriza o governo a transferir um valor menor se houver dinheiro n\u00e3o utilizado.<\/span><\/p>\n<div class=\"c-advertising c-advertising--300x250 u-hidden-xs rs_skip\" data-pf_style_display=\"block\" data-pf_style_visibility=\"visible\"><\/div>\n<p data-pf_style_display=\"block\" data-pf_style_visibility=\"visible\"><span class=\"text-node\">A expectativa da Uni\u00e3o, em dezembro, era economizar R$ 2 bilh\u00f5es em 2025 e R$ 1 bilh\u00e3o nos anos seguintes. O corte, no entanto, foi ainda maior e, na Lei Or\u00e7ament\u00e1ria deste ano, a <\/span><a href=\"https:\/\/www1.folha.uol.com.br\/ilustrada\/2025\/03\/lei-aldir-blanc-sofre-corte-de-84-em-orcamento-e-preocupa-setor-cultural.shtml\" target=\"\" rel=\"\" data-pf_style_display=\"inline\" data-pf_style_visibility=\"visible\"><span class=\"text-node\">previs\u00e3o \u00e9 gastar apenas R$ 478 milh\u00f5es<\/span><\/a><span class=\"text-node\"> com a Lei Aldir Blanc.<\/span><\/p>\n<p data-pf_style_display=\"block\" data-pf_style_visibility=\"visible\"><span class=\"text-node\">J\u00e1 a outra medida ter\u00e1 impacto negativo na arrecada\u00e7\u00e3o do governo, com a prorroga\u00e7\u00e3o de desonera\u00e7\u00f5es tribut\u00e1rias para o setor audiovisual que acabariam em dezembro. O impacto ser\u00e1 de R$ 300 milh\u00f5es em 2025, R$ 802,87 milh\u00f5es em 2026 e R$ 848,76 milh\u00f5es em 2027, segundo o governo.<\/span><\/p>\n<p data-pf_style_display=\"block\" data-pf_style_visibility=\"visible\"><span class=\"text-node\">Relatora do projeto, a deputada <\/span><a href=\"https:\/\/www1.folha.uol.com.br\/folha-topicos\/jandira-feghali\/\" target=\"\" rel=\"\" data-pf_style_display=\"inline\" data-pf_style_visibility=\"visible\"><span class=\"text-node\">Jandira Feghali<\/span><\/a><span class=\"text-node\">(<\/span><a href=\"https:\/\/www1.folha.uol.com.br\/folha-topicos\/pcdob\/\" data-pf_style_display=\"inline\" data-pf_style_visibility=\"visible\"><span class=\"text-node\">PCdoB<\/span><\/a><span class=\"text-node\">-RJ) afirmou que os recursos s\u00e3o fundamentais para a continuidade e crescimento da ind\u00fastria cinematogr\u00e1fica no Brasil. &#8220;O setor audiovisual, apesar de sua import\u00e2ncia cultural e econ\u00f4mica, ainda n\u00e3o atingiu a autossustentabilidade financeira&#8221;, disse.<\/span><\/p>\n<p data-pf_style_display=\"block\" data-pf_style_visibility=\"visible\"><span class=\"text-node\">J\u00e1 o deputado Gilson Marques (Novo-SC) defendeu que o governo deveria ter outras prioridades, como melhorar a merenda escolar ou sa\u00fade p\u00fablica. &#8220;Falta dinheiro em hospitais, que n\u00e3o t\u00eam aparelhos de raio-x ou de mamografia. E o Congresso aprova o qu\u00ea? Aprova R$ 3 bilh\u00f5es para a cultura&#8221;, criticou.<\/span><\/p>\n<p data-pf_style_display=\"block\" data-pf_style_visibility=\"visible\"><span class=\"text-node\">Entre os incentivos prorrogados est\u00e1 o Recine (Regime Especial de Tributa\u00e7\u00e3o para Desenvolvimento da Atividade de Exibi\u00e7\u00e3o Cinematogr\u00e1fica), que acabaria em 31 de dezembro de 2025 e agora ser\u00e1 prorrogado at\u00e9 2029. O benef\u00edcio permite que as empresas paguem menos impostos na compra de equipamentos e moderniza\u00e7\u00e3o de salas de cinema.<\/span><\/p>\n<p data-pf_style_display=\"block\" data-pf_style_visibility=\"visible\"><span class=\"text-node\">O projeto tamb\u00e9m adia o fim dos incentivos fiscais da Lei do Audiovisual e autoriza que pessoas f\u00edsicas e jur\u00eddicas deduzam do imposto de renda os gastos com financiamento de projetos audiovisuais e de investimentos nos fundos de financiamento da ind\u00fastria cinematogr\u00e1fica.<\/span><\/p>\n<p data-pf_style_display=\"block\" data-pf_style_visibility=\"visible\"><span class=\"text-node\">A proposta ainda amplia o teto para esses abatimentos, de R$ 7 milh\u00f5es para R$ 21 milh\u00f5es por ano. Desde 2006, R$ 1,2 bilh\u00e3o foi destinado por essa lei para o setor, mediante ren\u00fancia de receita da Uni\u00e3o.<\/span><\/p>\n","protected":false},"excerpt":{"rendered":"<p>FSP &#8211; A C\u00e2mara dos Deputados aprovou nesta segunda-feira (28) a prorroga\u00e7\u00e3o de benef\u00edcios tribut\u00e1rios para o setor audiovisual e a possibilidade de redu\u00e7\u00e3o dos repasses federais para fomento \u00e0 cultura em estados e munic\u00edpios, caso as prefeituras e governos estaduais ainda tenham dinheiro n\u00e3o utilizado do ano anterior.<\/p>\n","protected":false},"author":1,"featured_media":0,"comment_status":"closed","ping_status":"open","sticky":false,"template":"","format":"standard","meta":{"_exactmetrics_skip_tracking":false,"_exactmetrics_sitenote_active":false,"_exactmetrics_sitenote_note":"","_exactmetrics_sitenote_category":0,"jetpack_post_was_ever_published":false,"_jetpack_newsletter_access":"","_jetpack_dont_email_post_to_subs":false,"_jetpack_newsletter_tier_id":0,"_jetpack_memberships_contains_paywalled_content":false,"_jetpack_memberships_contains_paid_content":false,"footnotes":"","jetpack_publicize_message":"","jetpack_publicize_feature_enabled":true,"jetpack_social_post_already_shared":true,"jetpack_social_options":{"image_generator_settings":{"template":"highway","enabled":false},"version":2}},"categories":[1],"tags":[284,77,515],"class_list":["post-36760","post","type-post","status-publish","format-standard","hentry","category-notas","tag-cortes","tag-cultura","tag-lei-aldir-blanc"],"jetpack_publicize_connections":[],"jetpack_sharing_enabled":true,"jetpack_featured_media_url":"","jetpack_shortlink":"https:\/\/wp.me\/p7wKYW-9yU","jetpack-related-posts":[],"_links":{"self":[{"href":"http:\/\/blogdalucianaoliveira.com.br\/blog\/wp-json\/wp\/v2\/posts\/36760","targetHints":{"allow":["GET"]}}],"collection":[{"href":"http:\/\/blogdalucianaoliveira.com.br\/blog\/wp-json\/wp\/v2\/posts"}],"about":[{"href":"http:\/\/blogdalucianaoliveira.com.br\/blog\/wp-json\/wp\/v2\/types\/post"}],"author":[{"embeddable":true,"href":"http:\/\/blogdalucianaoliveira.com.br\/blog\/wp-json\/wp\/v2\/users\/1"}],"replies":[{"embeddable":true,"href":"http:\/\/blogdalucianaoliveira.com.br\/blog\/wp-json\/wp\/v2\/comments?post=36760"}],"version-history":[{"count":1,"href":"http:\/\/blogdalucianaoliveira.com.br\/blog\/wp-json\/wp\/v2\/posts\/36760\/revisions"}],"predecessor-version":[{"id":36762,"href":"http:\/\/blogdalucianaoliveira.com.br\/blog\/wp-json\/wp\/v2\/posts\/36760\/revisions\/36762"}],"wp:attachment":[{"href":"http:\/\/blogdalucianaoliveira.com.br\/blog\/wp-json\/wp\/v2\/media?parent=36760"}],"wp:term":[{"taxonomy":"category","embeddable":true,"href":"http:\/\/blogdalucianaoliveira.com.br\/blog\/wp-json\/wp\/v2\/categories?post=36760"},{"taxonomy":"post_tag","embeddable":true,"href":"http:\/\/blogdalucianaoliveira.com.br\/blog\/wp-json\/wp\/v2\/tags?post=36760"}],"curies":[{"name":"wp","href":"https:\/\/api.w.org\/{rel}","templated":true}]}}