{"id":36763,"date":"2025-04-29T09:51:04","date_gmt":"2025-04-29T13:51:04","guid":{"rendered":"http:\/\/blogdalucianaoliveira.com.br\/blog\/?p=36763"},"modified":"2025-04-29T09:51:04","modified_gmt":"2025-04-29T13:51:04","slug":"o-inimigo-e-o-mesmo-mas-a-comunicacao-se-tornou-a-arma-mais-poderosa-dos-indigenas","status":"publish","type":"post","link":"http:\/\/blogdalucianaoliveira.com.br\/blog\/2025\/04\/29\/o-inimigo-e-o-mesmo-mas-a-comunicacao-se-tornou-a-arma-mais-poderosa-dos-indigenas\/","title":{"rendered":"O inimigo \u00e9 o mesmo, mas a comunica\u00e7\u00e3o se tornou a arma mais poderosa dos ind\u00edgenas"},"content":{"rendered":"<p><img data-recalc-dims=\"1\" decoding=\"async\" src=\"https:\/\/i0.wp.com\/baraodeitarare.org.br\/wp-content\/uploads\/2025\/04\/atl_2025.png?w=600&#038;ssl=1\" \/><\/p>\n<p>H\u00e1 mais de 500 anos os povos ind\u00edgenas lutam para proteger seus territ\u00f3rios contra invas\u00f5es, expuls\u00f5es e apagamento cultural. Da coloniza\u00e7\u00e3o aos dias atuais, os mais de 300 povos que somam quase 1,7 milh\u00e3o de indiv\u00edduos passaram a oferecer mais que resist\u00eancia f\u00edsica.<!--more--><\/p>\n<p><strong><em>Por Luciana Oliveira*, para o Bar\u00e3o de Itarar\u00e9<\/em><\/strong><\/p>\n<p>H\u00e1 uma revolu\u00e7\u00e3o ind\u00edgena em curso, com grandes mobiliza\u00e7\u00f5es sociais, focadas em reivindica\u00e7\u00f5es pol\u00edticas atrav\u00e9s de marchas, protestos, ocupa\u00e7\u00f5es de \u00f3rg\u00e3os p\u00fablicos e maior presen\u00e7a nos parlamentos e espa\u00e7os institucionais.<\/p>\n<p>O inimigo \u00e9 o mesmo, mas o contar da hist\u00f3ria se modificou pra sempre.<\/p>\n<p>A comunica\u00e7\u00e3o independente se tornou a arma mais poderosa no duelo de narrativas.<\/p>\n<p>Na \u00faltima d\u00e9cada o movimento ind\u00edgena investiu na capacita\u00e7\u00e3o ao uso de tecnologias modernas para narrar os acontecimentos e lutar pela prote\u00e7\u00e3o de seus territ\u00f3rios e direitos, sistematicamente violados e mal contados antes da era digital pela chamada \u2018m\u00eddia tradicional\u2019.<\/p>\n<p>Essa nova t\u00e1tica de enfrentamento integrou e fortaleceu o movimento ind\u00edgena, deu visibilidade a narrativas decolonizadoras e ampliou a prote\u00e7\u00e3o dos territ\u00f3rios e povos das terras, \u00e1guas e florestas.<\/p>\n<figure id=\"attachment_9055\" class=\"wp-caption alignright\" aria-describedby=\"caption-attachment-9055\"><img data-recalc-dims=\"1\" loading=\"lazy\" decoding=\"async\" data-attachment-id=\"9055\" data-permalink=\"http:\/\/blogdalucianaoliveira.com.br\/blog\/2017\/03\/10\/e-temer-virou-piada-no-mundo-com-sua-homenagem-as-mulheres\/inter\/\" data-orig-file=\"https:\/\/i0.wp.com\/blogdalucianaoliveira.com.br\/blog\/wp-content\/uploads\/2017\/03\/inter.jpg?fit=600%2C400\" data-orig-size=\"600,400\" data-comments-opened=\"0\" data-image-meta=\"{&quot;aperture&quot;:&quot;0&quot;,&quot;credit&quot;:&quot;&quot;,&quot;camera&quot;:&quot;&quot;,&quot;caption&quot;:&quot;&quot;,&quot;created_timestamp&quot;:&quot;0&quot;,&quot;copyright&quot;:&quot;&quot;,&quot;focal_length&quot;:&quot;0&quot;,&quot;iso&quot;:&quot;0&quot;,&quot;shutter_speed&quot;:&quot;0&quot;,&quot;title&quot;:&quot;&quot;,&quot;orientation&quot;:&quot;0&quot;}\" data-image-title=\"inter\" data-image-description=\"\" data-image-caption=\"\" data-medium-file=\"https:\/\/i0.wp.com\/blogdalucianaoliveira.com.br\/blog\/wp-content\/uploads\/2017\/03\/inter.jpg?fit=300%2C200\" data-large-file=\"https:\/\/i0.wp.com\/blogdalucianaoliveira.com.br\/blog\/wp-content\/uploads\/2017\/03\/inter.jpg?fit=600%2C400\" class=\" wp-image-9055\" src=\"https:\/\/i0.wp.com\/baraodeitarare.org.br\/wp-content\/uploads\/2025\/04\/atl_2025_2.png?resize=425%2C566&#038;ssl=1\" sizes=\"auto, (max-width: 425px) 100vw, 425px\" srcset=\"https:\/\/baraodeitarare.org.br\/wp-content\/uploads\/2025\/04\/atl_2025_2.png 529w, https:\/\/baraodeitarare.org.br\/wp-content\/uploads\/2025\/04\/atl_2025_2-225x300.png 225w\" alt=\"\" width=\"425\" height=\"566\" \/><figcaption id=\"caption-attachment-9055\" class=\"wp-caption-text\">Foto: Thiago Karitiana<\/figcaption><\/figure>\n<p>N\u00e3o se trata s\u00f3 de acesso \u00e0 internet, celulares e controle de narrativas, mas de dom\u00ednio de tecnologias como o uso de drones, sat\u00e9lites e intelig\u00eancia artificial para monitorar e denunciar invas\u00f5es e crimes ambientais.<\/p>\n<p>Eles possuem sistemas pr\u00f3prios com bancos de dados via sat\u00e9lite para monitoramento de desmatamentos e degrada\u00e7\u00e3o que emitem alertas di\u00e1rios.<\/p>\n<p>Na emerg\u00eancia clim\u00e1tica que amea\u00e7a o planeta, as vozes e pr\u00e1ticas dos guardi\u00f5es das florestas ecoaram.<\/p>\n<p>\u201cHoje o clima est\u00e1 esquentando, os animais est\u00e3o desparecendo, os rios est\u00e3o morrendo, nossas planta\u00e7\u00f5es n\u00e3o florescem como antes. A terra est\u00e1 falando. Ela nos diz que n\u00e3o temos mais tempo\u201d, disse Txai Suru\u00ed, jovem ativista e lideran\u00e7a ind\u00edgena do Povo Suru\u00ed, na abertura da COP26 na ONU, em 2021.<\/p>\n<p>O alerta repercutiu no mundo e atraiu mais que aten\u00e7\u00e3o, investimentos em filmes e document\u00e1rios e na constru\u00e7\u00e3o do primeiro Centro Cultural e de M\u00eddia Jupa\u00fa, em Rond\u00f4nia.<\/p>\n<p>O document\u00e1rio\u00a0<em>O Territ\u00f3rio<\/em>, dirigido por Alex Pritz, contou com produ\u00e7\u00e3o e imagens de ind\u00edgenas, furou a bolha e conquistou mais de trinta pr\u00eamios, entre eles, o\u00a0<em>Emmy Awards<\/em>.<\/p>\n<p>Esses s\u00e3o apenas dois recortes de qu\u00e3o longe o movimento ind\u00edgena ainda pode chegar por meio da comunica\u00e7\u00e3o independente que brota nas aldeias e avan\u00e7a nas redes sociais.<\/p>\n<p>S\u00e3o comunicadores ind\u00edgenas que fazem a cobertura da maior mobiliza\u00e7\u00e3o ind\u00edgena do Brasil, o Acampamento Terra Livre \u2013 ATL, realizado este m\u00eas em Bras\u00edlia.<\/p>\n<p>Mais de nove mil ind\u00edgenas, de 200 povos e das cinco regi\u00f5es do pa\u00eds se uniram em luta contra a tese do Marco Temporal que nega suas exist\u00eancias e resist\u00eancias, pela demarca\u00e7\u00e3o de seus territ\u00f3rios e em defesa do meio ambiente e da vida.<\/p>\n<figure id=\"attachment_9057\" class=\"wp-caption aligncenter\" aria-describedby=\"caption-attachment-9057\"><img data-recalc-dims=\"1\" loading=\"lazy\" decoding=\"async\" class=\"wp-image-9057\" src=\"https:\/\/i0.wp.com\/baraodeitarare.org.br\/wp-content\/uploads\/2025\/04\/atl_2025_3.png?resize=498%2C544&#038;ssl=1\" sizes=\"auto, (max-width: 498px) 100vw, 498px\" srcset=\"https:\/\/baraodeitarare.org.br\/wp-content\/uploads\/2025\/04\/atl_2025_3.png 632w, https:\/\/baraodeitarare.org.br\/wp-content\/uploads\/2025\/04\/atl_2025_3-274x300.png 274w\" alt=\"\" width=\"498\" height=\"544\" \/><figcaption id=\"caption-attachment-9057\" class=\"wp-caption-text\">Foto: Thiago Karitiana<\/figcaption><\/figure>\n<p>As fotos que acompanham este texto foram feitas por ind\u00edgenas que despontam como influenciadores digitais de milhares de seguidores e o que perseguem \u00e9 justamente mais e mais engajamento nas lutas que travam por seus direitos.<\/p>\n<p>No que depender dos comunica\u00e7\u00e3o ind\u00edgena, a hist\u00f3ria nunca mais ser\u00e1 contada s\u00f3 pelos vencedores.<\/p>\n<p><em>*Luciana Oliveira \u00e9 de Porto Velho, bacharel em Direito, especialista em G\u00eanero e Diversidade na Escola, jornalista independente, rep\u00f3rter do Brasil 247 e membro da Coordena\u00e7\u00e3o do Centro de Estudos da M\u00eddia Alternativa Bar\u00e3o de Itarar\u00e9. Mant\u00e9m o Blog da Luciana Oliveira como canal de defesa da democracia e dos direitos humanos e colabora com v\u00e1rios portais progressistas.<\/em><\/p>\n<p><em>A\u00a0<strong>Coluna do Bar\u00e3o<\/strong>\u00a0\u00e9 um espa\u00e7o dedicado \u00e0 publica\u00e7\u00e3o de an\u00e1lises e reflex\u00f5es sobre a comunica\u00e7\u00e3o e quest\u00f5es como a pol\u00edtica, a economia, a cultura e sociedade brasileira em geral. A coluna traz textos exclusivos de autores e autoras diversos, em sua ampla maioria, membros a Coordena\u00e7\u00e3o Executiva ou do Conselho Consultivo do Centro de Estudos da M\u00eddia Alternativa Bar\u00e3o de Itarar\u00e9. O conte\u00fado dos artigos n\u00e3o expressam, necessariamente, a vis\u00e3o da organiza\u00e7\u00e3o.<\/em><\/p>\n<div class=\"relpost-thumb-wrapper\">\n<div class=\"relpost-thumb-container\"><\/div>\n<\/div>\n","protected":false},"excerpt":{"rendered":"<p>H\u00e1 mais de 500 anos os povos ind\u00edgenas lutam para proteger seus territ\u00f3rios contra invas\u00f5es, expuls\u00f5es e apagamento cultural. Da coloniza\u00e7\u00e3o aos dias atuais, os mais de 300 povos que somam quase 1,7 milh\u00e3o de indiv\u00edduos passaram a oferecer mais que resist\u00eancia f\u00edsica.<\/p>\n","protected":false},"author":1,"featured_media":0,"comment_status":"closed","ping_status":"open","sticky":false,"template":"","format":"standard","meta":{"_exactmetrics_skip_tracking":false,"_exactmetrics_sitenote_active":false,"_exactmetrics_sitenote_note":"","_exactmetrics_sitenote_category":0,"jetpack_post_was_ever_published":false,"_jetpack_newsletter_access":"","_jetpack_dont_email_post_to_subs":false,"_jetpack_newsletter_tier_id":0,"_jetpack_memberships_contains_paywalled_content":false,"_jetpack_memberships_contains_paid_content":false,"footnotes":"","jetpack_publicize_message":"","jetpack_publicize_feature_enabled":true,"jetpack_social_post_already_shared":true,"jetpack_social_options":{"image_generator_settings":{"template":"highway","enabled":false},"version":2}},"categories":[1],"tags":[832,306,627],"class_list":["post-36763","post","type-post","status-publish","format-standard","hentry","category-notas","tag-comunicacao","tag-indigenas","tag-resistencia"],"jetpack_publicize_connections":[],"jetpack_sharing_enabled":true,"jetpack_featured_media_url":"","jetpack_shortlink":"https:\/\/wp.me\/p7wKYW-9yX","jetpack-related-posts":[],"_links":{"self":[{"href":"http:\/\/blogdalucianaoliveira.com.br\/blog\/wp-json\/wp\/v2\/posts\/36763","targetHints":{"allow":["GET"]}}],"collection":[{"href":"http:\/\/blogdalucianaoliveira.com.br\/blog\/wp-json\/wp\/v2\/posts"}],"about":[{"href":"http:\/\/blogdalucianaoliveira.com.br\/blog\/wp-json\/wp\/v2\/types\/post"}],"author":[{"embeddable":true,"href":"http:\/\/blogdalucianaoliveira.com.br\/blog\/wp-json\/wp\/v2\/users\/1"}],"replies":[{"embeddable":true,"href":"http:\/\/blogdalucianaoliveira.com.br\/blog\/wp-json\/wp\/v2\/comments?post=36763"}],"version-history":[{"count":1,"href":"http:\/\/blogdalucianaoliveira.com.br\/blog\/wp-json\/wp\/v2\/posts\/36763\/revisions"}],"predecessor-version":[{"id":36764,"href":"http:\/\/blogdalucianaoliveira.com.br\/blog\/wp-json\/wp\/v2\/posts\/36763\/revisions\/36764"}],"wp:attachment":[{"href":"http:\/\/blogdalucianaoliveira.com.br\/blog\/wp-json\/wp\/v2\/media?parent=36763"}],"wp:term":[{"taxonomy":"category","embeddable":true,"href":"http:\/\/blogdalucianaoliveira.com.br\/blog\/wp-json\/wp\/v2\/categories?post=36763"},{"taxonomy":"post_tag","embeddable":true,"href":"http:\/\/blogdalucianaoliveira.com.br\/blog\/wp-json\/wp\/v2\/tags?post=36763"}],"curies":[{"name":"wp","href":"https:\/\/api.w.org\/{rel}","templated":true}]}}