{"id":36765,"date":"2025-04-30T10:27:58","date_gmt":"2025-04-30T14:27:58","guid":{"rendered":"http:\/\/blogdalucianaoliveira.com.br\/blog\/?p=36765"},"modified":"2025-04-30T10:27:58","modified_gmt":"2025-04-30T14:27:58","slug":"governo-ve-com-simpatia-reducao-de-jornada-de-trabalho-diz-ministro","status":"publish","type":"post","link":"http:\/\/blogdalucianaoliveira.com.br\/blog\/2025\/04\/30\/governo-ve-com-simpatia-reducao-de-jornada-de-trabalho-diz-ministro\/","title":{"rendered":"Governo v\u00ea com simpatia redu\u00e7\u00e3o de jornada de trabalho, diz ministro"},"content":{"rendered":"<p><img data-recalc-dims=\"1\" decoding=\"async\" src=\"https:\/\/i0.wp.com\/imagens.ebc.com.br\/nj-sgdfoQ8sRYaKdQTIFTIDf2og%3D\/1170x700\/smart\/https%3A\/\/agenciabrasil.ebc.com.br\/sites\/default\/files\/thumbnails\/image\/17342982700_9f14892dc8_o.jpg?w=600&#038;ssl=1\" alt=\"Ind\u00fastria Wirth Cal\u00e7ados\nDois Irm\u00e3os (RS) 14.04.2006 - Foto: Miguel \u00c2ngelo\" \/><\/p>\n<div class=\"autor-noticia\"><strong>Ag\u00eancia Brasil, por Paula Laboissi\u00e8re <\/strong>&#8211; Ao comentar o encontro com centrais sindicais nessa ter\u00e7a-feira (29), no Pal\u00e1cio do Planalto, o ministro do Trabalho e Emprego, Luiz Marinho, disse que o governo federal v\u00ea com simpatia a proposta de redu\u00e7\u00e3o de jornada m\u00e1xima de 44 horas para 40 horas semanais.<img data-recalc-dims=\"1\" decoding=\"async\" src=\"https:\/\/i0.wp.com\/agenciabrasil.ebc.com.br\/ebc.png?w=600&#038;ssl=1\" \/><img data-recalc-dims=\"1\" decoding=\"async\" src=\"https:\/\/i0.wp.com\/agenciabrasil.ebc.com.br\/ebc.gif?w=600&#038;ssl=1\" \/><\/div>\n<p><!--more--><\/p>\n<p>\u201cEsse \u00e9 um debate extremamente importante. O governo v\u00ea com muita simpatia a necessidade e a possibilidade de reduzir a jornada m\u00e1xima do pa\u00eds para 40 horas. Acho que o pa\u00eds est\u00e1 preparado para isso. Mas o ambiente de debate n\u00e3o \u00e9 com o governo. O debate \u00e9 com o Congresso Nacional porque \u00e9 por emenda constitucional\u201d, explicou.<\/p>\n<p>Em entrevista a emissoras de r\u00e1dio durante o programa\u00a0<strong>Bom Dia, Ministro<\/strong>, produzido pela\u00a0<strong>Empresa Brasil de Comunica\u00e7\u00e3o (EBC)<\/strong>, Marinho lembrou que diversos projetos que tratam da redu\u00e7\u00e3o da jornada de trabalho tramitam no Congresso Nacional, inclusive o da jornada 6&#215;1. \u00c9 um \u201coutro debate que casa com a redu\u00e7\u00e3o da jornada m\u00e1xima no pa\u00eds\u201d, observou.<\/p>\n<h2>Jornada<\/h2>\n<blockquote><p>\u201cSempre chamo a aten\u00e7\u00e3o para o seguinte: o fim da escala 6&#215;1 \u00e9 uma discuss\u00e3o importante. \u00c9 o turno mais cruel para os trabalhadores, em especial, para as trabalhadoras. Ter s\u00f3 um dia de folga na semana acaba sacrificando demais as m\u00e3es. Portanto, h\u00e1 uma necessidade de debate\u201d, analisou.<\/p><\/blockquote>\n<p><strong>E prosseguiu: \u201cO tema, l\u00e1 no Congresso Nacional, tem a simpatia do governo, tem muita resist\u00eancia, especialmente do empresariado do com\u00e9rcio e do servi\u00e7o tamb\u00e9m. Agora, \u00e9 preciso ter maturidade e seriedade no debate. Espero que no Congresso os deputados e senadores possam estar sens\u00edveis para enfrentar esse debate com trabalhadores e empregadores.\u201d<\/strong><\/p>\n<p>O ministro do Trabalho acrescentou que \u201c\u00e9 importante a gente ter a vis\u00e3o da previsibilidade e da sustentabilidade da economia para n\u00e3o gerar um transtorno. Mas acredito eu, sinceramente, que \u00e9 plenamente poss\u00edvel falar em redu\u00e7\u00e3o da jornada de trabalho para 40 horas semanais e um processo de negocia\u00e7\u00e3o em conven\u00e7\u00f5es coletivas que busque estabelecer as necessidades da economia\u201d, concluiu.<\/p>\n<div class=\"noticias-relacionadas rel-position rowflex\"><\/div>\n","protected":false},"excerpt":{"rendered":"<p>Ag\u00eancia Brasil, por Paula Laboissi\u00e8re &#8211; Ao comentar o encontro com centrais sindicais nessa ter\u00e7a-feira (29), no Pal\u00e1cio do Planalto, o ministro do Trabalho e Emprego, Luiz Marinho, disse que o governo federal v\u00ea com simpatia a proposta de redu\u00e7\u00e3o de jornada m\u00e1xima de 44 horas para 40 horas semanais.<\/p>\n","protected":false},"author":1,"featured_media":0,"comment_status":"closed","ping_status":"open","sticky":false,"template":"","format":"standard","meta":{"_exactmetrics_skip_tracking":false,"_exactmetrics_sitenote_active":false,"_exactmetrics_sitenote_note":"","_exactmetrics_sitenote_category":0,"jetpack_post_was_ever_published":false,"_jetpack_newsletter_access":"","_jetpack_dont_email_post_to_subs":false,"_jetpack_newsletter_tier_id":0,"_jetpack_memberships_contains_paywalled_content":false,"_jetpack_memberships_contains_paid_content":false,"footnotes":"","jetpack_publicize_message":"","jetpack_publicize_feature_enabled":true,"jetpack_social_post_already_shared":true,"jetpack_social_options":{"image_generator_settings":{"template":"highway","enabled":false},"version":2}},"categories":[1],"tags":[1326,1187,330],"class_list":["post-36765","post","type-post","status-publish","format-standard","hentry","category-notas","tag-escala-6x1","tag-jornada","tag-reducao"],"jetpack_publicize_connections":[],"jetpack_sharing_enabled":true,"jetpack_featured_media_url":"","jetpack_shortlink":"https:\/\/wp.me\/p7wKYW-9yZ","jetpack-related-posts":[],"_links":{"self":[{"href":"http:\/\/blogdalucianaoliveira.com.br\/blog\/wp-json\/wp\/v2\/posts\/36765","targetHints":{"allow":["GET"]}}],"collection":[{"href":"http:\/\/blogdalucianaoliveira.com.br\/blog\/wp-json\/wp\/v2\/posts"}],"about":[{"href":"http:\/\/blogdalucianaoliveira.com.br\/blog\/wp-json\/wp\/v2\/types\/post"}],"author":[{"embeddable":true,"href":"http:\/\/blogdalucianaoliveira.com.br\/blog\/wp-json\/wp\/v2\/users\/1"}],"replies":[{"embeddable":true,"href":"http:\/\/blogdalucianaoliveira.com.br\/blog\/wp-json\/wp\/v2\/comments?post=36765"}],"version-history":[{"count":1,"href":"http:\/\/blogdalucianaoliveira.com.br\/blog\/wp-json\/wp\/v2\/posts\/36765\/revisions"}],"predecessor-version":[{"id":36766,"href":"http:\/\/blogdalucianaoliveira.com.br\/blog\/wp-json\/wp\/v2\/posts\/36765\/revisions\/36766"}],"wp:attachment":[{"href":"http:\/\/blogdalucianaoliveira.com.br\/blog\/wp-json\/wp\/v2\/media?parent=36765"}],"wp:term":[{"taxonomy":"category","embeddable":true,"href":"http:\/\/blogdalucianaoliveira.com.br\/blog\/wp-json\/wp\/v2\/categories?post=36765"},{"taxonomy":"post_tag","embeddable":true,"href":"http:\/\/blogdalucianaoliveira.com.br\/blog\/wp-json\/wp\/v2\/tags?post=36765"}],"curies":[{"name":"wp","href":"https:\/\/api.w.org\/{rel}","templated":true}]}}