{"id":36767,"date":"2025-04-30T10:44:16","date_gmt":"2025-04-30T14:44:16","guid":{"rendered":"http:\/\/blogdalucianaoliveira.com.br\/blog\/?p=36767"},"modified":"2025-04-30T10:44:16","modified_gmt":"2025-04-30T14:44:16","slug":"justica-faz-levar-de-condenacoes-de-empresas-por-assedio-pro-bolsonaro","status":"publish","type":"post","link":"http:\/\/blogdalucianaoliveira.com.br\/blog\/2025\/04\/30\/justica-faz-levar-de-condenacoes-de-empresas-por-assedio-pro-bolsonaro\/","title":{"rendered":"Justi\u00e7a faz levar de condena\u00e7\u00f5es de empresas por ass\u00e9dio pr\u00f3-Bolsonaro"},"content":{"rendered":"<div data-metric-area=\"topo-noticia\" data-v-0413e3c7=\"\" data-pf_style_display=\"block\" data-pf_style_visibility=\"visible\">\n<div class=\"mt-100 container grid pf-candidate\" data-v-0413e3c7=\"\" data-pf_style_display=\"grid\" data-pf_style_visibility=\"visible\">\n<div class=\"central-column col-lg-6 g-start-lg-4\" data-v-0413e3c7=\"\" data-pf_style_display=\"block\" data-pf_style_visibility=\"visible\">\n<div class=\"jupiter-paragraph-fragment pf-candidate\" data-v-232111b4=\"\" data-v-0413e3c7=\"\" data-pf_style_display=\"block\" data-pf_style_visibility=\"visible\">\n<p data-v-232111b4=\"\" data-pf_style_display=\"block\" data-pf_style_visibility=\"visible\"><img data-recalc-dims=\"1\" decoding=\"async\" src=\"https:\/\/i0.wp.com\/conteudo.imguol.com.br\/c\/noticias\/33\/2021\/09\/23\/o-empresario-e-presidente-da-varejista-havan-luciano-hang-ao-lado-do-presidente-jair-bolsonaro-1632414528274_v2_615x300.jpg?w=600&#038;ssl=1\" \/><\/p>\n<p class=\"bullet mt-0 added-to-list1\" data-v-232111b4=\"\" data-pf_style_display=\"block\" data-pf_style_visibility=\"visible\"><span class=\"text-node\"><span><strong>Uol, por Rog\u00e9rio Gentile<\/strong> &#8211; Levantamento feito pela coluna revela que pelo menos 10 empresas foram condenadas somente neste ano pela Justi\u00e7a do Trabalho, em v\u00e1rios Estados do pa\u00eds, por ass\u00e9dio eleitoral contra seus funcion\u00e1rios na disputa presidencial de 2022.<\/span><\/span><\/p>\n<div data-metric-slot=\"text-1\" data-nosnippet=\"\" data-v-232111b4=\"\" data-pf_style_display=\"block\" data-pf_style_visibility=\"visible\">\n<p class=\"my-250 added-to-list1\"><span class=\"text-node\">Em todas as a\u00e7\u00f5es, as empresas pressionaram seus funcion\u00e1rios, de alguma forma, para que votassem no ent\u00e3o presidente <\/span><a href=\"https:\/\/noticias.uol.com.br\/politica\/governo-bolsonaro\/\" data-pf_style_display=\"inline\" data-pf_style_visibility=\"visible\"><span class=\"text-node\">Jair Bolsonaro<\/span><\/a><span class=\"text-node\">\u00a0(PL), que disputava a reelei\u00e7\u00e3o contra\u00a0<\/span><a href=\"https:\/\/noticias.uol.com.br\/politica\/lula\/\" data-pf_style_display=\"inline\" data-pf_style_visibility=\"visible\"><span class=\"text-node\">Lula (PT)<\/span><\/a><span class=\"text-node\">\u00a0.<\/span><\/p>\n<\/div>\n<div data-metric-slot=\"text-2\" data-nosnippet=\"\" data-v-232111b4=\"\" data-pf_style_display=\"block\" data-pf_style_visibility=\"visible\">\n<p class=\"my-250 added-to-list1\">H\u00e1 casos em que funcion\u00e1rios foram obrigados a vestir uma camiseta amarela com o n\u00famero de campanha de Bolsonaro, amea\u00e7as de demiss\u00f5es e at\u00e9 a mesma promessa de folga em caso de vit\u00f3ria bolsonarista.<\/p>\n<\/div>\n<div data-metric-slot=\"text-3\" data-nosnippet=\"\" data-v-232111b4=\"\" data-pf_style_display=\"block\" data-pf_style_visibility=\"visible\">\n<div class=\"my-250\" data-cp-id=\"123123123asfads\" data-v-0794dd0c=\"\" data-v-232111b4=\"\" data-pf_style_display=\"block\" data-pf_style_visibility=\"visible\">\n<div data-v-0794dd0c=\"\" data-pf_style_display=\"block\" data-pf_style_visibility=\"visible\">\n<div data-v-9112c28d=\"\" data-v-0794dd0c=\"\" data-pf_style_display=\"block\" data-pf_style_visibility=\"visible\">A Stara Ind\u00fastria de Implementos Agr\u00edcolas, por exemplo, foi condenada em segunda inst\u00e2ncia pela Justi\u00e7a do Trabalho do Rio Grande do Sul a pagar uma indeniza\u00e7\u00e3o de R$ 30 mil a uma funcion\u00e1ria que relatou \u00e0 Justi\u00e7a ter sofrido coa\u00e7\u00e3o eleitoral por parte da empresa.<\/div>\n<\/div>\n<\/div>\n<\/div>\n<\/div>\n<\/div>\n<\/div>\n<\/div>\n<p><!--more--><\/p>\n<div class=\"pf-candidate\" data-metric-area=\"texto-noticia\" data-v-0413e3c7=\"\" data-pf_style_display=\"block\" data-pf_style_visibility=\"visible\">\n<div data-v-0413e3c7=\"\" data-pf_style_display=\"block\" data-pf_style_visibility=\"visible\">\n<div class=\"container grid pf-candidate\" data-v-0413e3c7=\"\" data-pf_style_display=\"grid\" data-pf_style_visibility=\"visible\">\n<div class=\"central-column col-lg-6\" data-v-0413e3c7=\"\" data-pf_style_display=\"block\" data-pf_style_visibility=\"visible\">\n<div class=\"jupiter-paragraph-fragment pf-candidate\" data-v-232111b4=\"\" data-v-0413e3c7=\"\" data-pf_style_display=\"block\" data-pf_style_visibility=\"visible\">\n<div data-metric-slot=\"text-4\" data-nosnippet=\"\" data-v-232111b4=\"\" data-pf_style_display=\"block\" data-pf_style_visibility=\"visible\">\n<p class=\"my-250 added-to-list1\">De acordo com a a\u00e7\u00e3o, a Stara divulgou que, se Bolsonaro n\u00e3o vencer o segundo turno, cortaria 30% do seu or\u00e7amento, em uma clara amea\u00e7a de realizar demiss\u00f5es.<\/p>\n<\/div>\n<div data-metric-slot=\"text-5\" data-nosnippet=\"\" data-v-232111b4=\"\" data-pf_style_display=\"block\" data-pf_style_visibility=\"visible\">\n<p class=\"my-250 added-to-list1\">\u201cO empregador tinha a inten\u00e7\u00e3o deliberada de interferir no voto dos seus empregados, que, em raz\u00e3o da subordina\u00e7\u00e3o hier\u00e1rquica e da depend\u00eancia financeira em rela\u00e7\u00e3o \u00e0 empresa, estava vulner\u00e1vel \u00e0 press\u00e3o para atender exclusivamente aos seus interesses ideol\u00f3gicos\u201d, afirmou na decis\u00e3o o desembargador Mar\u00e7al Figueiredo.<\/p>\n<\/div>\n<div data-metric-slot=\"text-6\" data-nosnippet=\"\" data-v-232111b4=\"\" data-pf_style_display=\"block\" data-pf_style_visibility=\"visible\">\n<p class=\"my-250 added-to-list1\">A empresa, que ainda pode recorrer, disse que apenas exerceu sua liberdade de express\u00e3o e que em nenhum momento houve amea\u00e7as ou press\u00e3o pol\u00edtica sobre os funcion\u00e1rios. Afirmou que o comunicado sobre a possibilidade de cortes or\u00e7ament\u00e1rios foi direcionado aos fornecedores, &#8220;sendo uma pr\u00e1tica empresarial comum, baseada em proje\u00e7\u00f5es de mercado&#8221;.<\/p>\n<\/div>\n<h2 class=\"bullet\" data-v-232111b4=\"\" data-pf_style_display=\"block\" data-pf_style_visibility=\"visible\"><span class=\"text-node\">Funcion\u00e1ria obrigada a assistir a v\u00eddeos de Bolsonaro<\/span><\/h2>\n<p class=\"bullet added-to-list1\" data-v-232111b4=\"\" data-pf_style_display=\"block\" data-pf_style_visibility=\"visible\"><span class=\"text-node\">Em Nil\u00f3polis, no Rio de Janeiro, a Justi\u00e7a do Trabalho condenou a JMR Manuten\u00e7\u00e3o e Com\u00e9rcio a pagar R$ 10 mil a uma funcion\u00e1ria que foi obrigada a assistir v\u00eddeos com propaganda em favor de Bolsonaro, al\u00e9m de sofrer amea\u00e7as de demiss\u00e3o em caso de vit\u00f3ria do PT.<\/span><\/p>\n<\/div>\n<\/div>\n<aside class=\"col-custom col-lg-3\" data-v-0413e3c7=\"\" data-pf_style_display=\"block\" data-pf_style_visibility=\"visible\">\n<aside class=\"stick campaign-container\" data-metric-slot=\"vertical-2-right\" data-v-0413e3c7=\"\" data-pf_style_display=\"block\" data-pf_style_visibility=\"visible\">\n<div class=\"pb-100\" data-cp-id=\"asdf8a9787sdf897sdf871223\" data-nosnippet=\"\" data-v-0794dd0c=\"\" data-pf_style_display=\"block\" data-pf_style_visibility=\"visible\">\n<div data-v-0794dd0c=\"\" data-pf_style_display=\"block\" data-pf_style_visibility=\"visible\">\n<div class=\"jupiter-ads\" data-v-747d976a=\"\" data-v-e0422815=\"\" data-v-0794dd0c=\"\" data-pf_style_display=\"block\" data-pf_style_visibility=\"visible\">\n<section class=\"solar-ads main\" data-v-5f58468e=\"\" data-v-747d976a=\"\" data-pf_style_display=\"block\" data-pf_style_visibility=\"visible\">\n<p class=\"ads-content no-center added-to-list1\">\u201cTal conduta extrapola o poder do empregador, representando verdadeiro abuso de direito\u201d, declarou na senten\u00e7a o juiz Fernando Abreu.<\/p>\n<\/section>\n<\/div>\n<\/div>\n<\/div>\n<\/aside>\n<\/aside>\n<\/div>\n<\/div>\n<div data-v-0413e3c7=\"\" data-pf_style_display=\"block\" data-pf_style_visibility=\"visible\">\n<div class=\"mt-50-lg mb-250-lg mb-50-xs jupiter-ads\" data-v-747d976a=\"\" data-v-e0422815=\"\" data-v-0413e3c7=\"\" data-pf_style_display=\"block\" data-pf_style_visibility=\"visible\">\n<div data-v-0413e3c7=\"\" data-pf_style_display=\"block\" data-pf_style_visibility=\"visible\">\n<div class=\"container grid pf-candidate\" data-v-0413e3c7=\"\" data-pf_style_display=\"grid\" data-pf_style_visibility=\"visible\">\n<div class=\"central-column col-lg-6\" data-v-0413e3c7=\"\" data-pf_style_display=\"block\" data-pf_style_visibility=\"visible\">\n<div class=\"jupiter-paragraph-fragment pf-candidate\" data-v-232111b4=\"\" data-v-0413e3c7=\"\" data-pf_style_display=\"block\" data-pf_style_visibility=\"visible\">\n<p class=\"bullet added-to-list1\" data-v-232111b4=\"\" data-pf_style_display=\"block\" data-pf_style_visibility=\"visible\"><span class=\"text-node\">A empresa, que ainda pode recorrer, disse que n\u00e3o houve ass\u00e9dio e que a funcion\u00e1ria n\u00e3o foi v\u00edtima de qualquer conduta abusiva.<\/span><\/p>\n<h2 class=\"bullet\" data-v-232111b4=\"\" data-pf_style_display=\"block\" data-pf_style_visibility=\"visible\"><span class=\"text-node\">Camisas da sele\u00e7\u00e3o com o n\u00famero 22 nas costas<\/span><\/h2>\n<p class=\"bullet added-to-list1\" data-v-232111b4=\"\" data-pf_style_display=\"block\" data-pf_style_visibility=\"visible\"><span class=\"text-node\">Em Pinhais, no Paran\u00e1, de acordo com a Justi\u00e7a, a LGK Transporte de Cargas obrigou seus funcion\u00e1rios a usarem camisetas amarelas com o n\u00famero 22 [da campanha de Bolsonaro] numa ocasi\u00e3o em houve jogo da Sele\u00e7\u00e3o Brasileira de futebol.<\/span><\/p>\n<p class=\"bullet added-to-list1\" data-v-232111b4=\"\" data-pf_style_display=\"block\" data-pf_style_visibility=\"visible\"><span class=\"text-node\">A empresa disse \u00e0 Justi\u00e7a que o autor do processo n\u00e3o foi obrigado a pegar uma camiseta e que n\u00e3o houve qualquer tipo de coa\u00e7\u00e3o, mas a desembargadora Cl\u00e1udia Pereira a condenou a pagar uma indeniza\u00e7\u00e3o de R$ 10 mil ao funcion\u00e1rio.<\/span><\/p>\n<p class=\"bullet added-to-list1\" data-v-232111b4=\"\" data-pf_style_display=\"block\" data-pf_style_visibility=\"visible\"><span class=\"text-node\">\u201cConstitui ato il\u00edcito toda conduta que se destina a interferir de forma indevida no exerc\u00edcio leg\u00edtimo do direito de escolha de representantes durante o processo eleitoral, pois resulta em viola\u00e7\u00e3o a direitos pol\u00edticos\u201d, afirmou na a\u00e7\u00e3o.<\/span><\/p>\n<\/div>\n<\/div>\n<aside class=\"col-custom col-lg-3\" data-v-0413e3c7=\"\" data-pf_style_display=\"block\" data-pf_style_visibility=\"visible\">\n<aside class=\"stick campaign-container\" data-metric-slot=\"vertical-3-right\" data-v-0413e3c7=\"\" data-pf_style_display=\"block\" data-pf_style_visibility=\"visible\">\n<div class=\"pb-100\" data-cp-id=\"asdf8a9787sdf897sdf871qwew\" data-nosnippet=\"\" data-v-0794dd0c=\"\" data-pf_style_display=\"block\" data-pf_style_visibility=\"visible\">\n<div data-v-0794dd0c=\"\" data-pf_style_display=\"block\" data-pf_style_visibility=\"visible\">\n<div class=\"jupiter-ads\" data-v-747d976a=\"\" data-v-e0422815=\"\" data-v-0794dd0c=\"\" data-pf_style_display=\"block\" data-pf_style_visibility=\"visible\">\n<section class=\"solar-ads main\" data-v-5f58468e=\"\" data-v-747d976a=\"\" data-pf_style_display=\"block\" data-pf_style_visibility=\"visible\">\n<p class=\"ads-content no-center added-to-list1\"><strong>Folga s\u00f3 se Bolsonaro eleito fosse<\/strong><\/p>\n<\/section>\n<\/div>\n<\/div>\n<\/div>\n<\/aside>\n<\/aside>\n<\/div>\n<\/div>\n<div data-v-0413e3c7=\"\" data-pf_style_display=\"block\" data-pf_style_visibility=\"visible\">\n<div class=\"mt-50-lg mb-250-lg mb-50-xs jupiter-ads\" data-v-747d976a=\"\" data-v-e0422815=\"\" data-v-0413e3c7=\"\" data-pf_style_display=\"block\" data-pf_style_visibility=\"visible\">\n<div data-v-0413e3c7=\"\" data-pf_style_display=\"block\" data-pf_style_visibility=\"visible\">\n<div class=\"container grid pf-candidate\" data-v-0413e3c7=\"\" data-pf_style_display=\"grid\" data-pf_style_visibility=\"visible\">\n<div class=\"central-column col-lg-6\" data-v-0413e3c7=\"\" data-pf_style_display=\"block\" data-pf_style_visibility=\"visible\">\n<div class=\"jupiter-paragraph-fragment pf-candidate\" data-v-232111b4=\"\" data-v-0413e3c7=\"\" data-pf_style_display=\"block\" data-pf_style_visibility=\"visible\">\n<p class=\"bullet added-to-list1\" data-v-232111b4=\"\" data-pf_style_display=\"block\" data-pf_style_visibility=\"visible\"><span class=\"text-node\">Em Rio Verde, Goi\u00e1s, a Videplast Ind\u00fastria de Embalagens vai pagar uma indeniza\u00e7\u00e3o de R$ 261 mil para 327 funcion\u00e1rios ap\u00f3s serem condenados em segunda inst\u00e2ncia por ass\u00e9dio eleitoral em um processo movido pelo sindicato dos trabalhadores. Cada funcion\u00e1rio receber\u00e1 R$ 800,00.<\/span><\/p>\n<p class=\"bullet added-to-list1\" data-v-232111b4=\"\" data-pf_style_display=\"block\" data-pf_style_visibility=\"visible\"><span class=\"text-node\">De acordo com o processo, a empresa prometeu folgas aos trabalhadores no dia seguinte da elei\u00e7\u00e3o caso Bolsonaro fosse reeleito. A empresa alegou \u00e0 Justi\u00e7a que n\u00e3o houve indica\u00e7\u00e3o de candidato para votar, nem promessa de benef\u00edcio, mas desistiu de recorrer e assinou uma peti\u00e7\u00e3o comprometendo-se a fazer o pagamento da indeniza\u00e7\u00e3o.<\/span><\/p>\n<h2 class=\"bullet\" data-v-232111b4=\"\" data-pf_style_display=\"block\" data-pf_style_visibility=\"visible\"><span class=\"text-node\">Amea\u00e7a de demiss\u00e3o<\/span><\/h2>\n<p class=\"bullet added-to-list1\" data-v-232111b4=\"\" data-pf_style_display=\"block\" data-pf_style_visibility=\"visible\"><span class=\"text-node\">Em Itapevi, S\u00e3o Paulo, a Justi\u00e7a do Trabalho condenou a CFCAB-R a pagar R$ 20 mil a um funcion\u00e1rio que em 2022 declarou ter sido pressionado pelo propriet\u00e1rio da empresa a eleitor em Bolsonaro. &#8220;Quem n\u00e3o votar vai ser demitido&#8221;, teria dito o respons\u00e1vel, segundo o relato feito no processo.<\/span><\/p>\n<p class=\"bullet added-to-list1\" data-v-232111b4=\"\" data-pf_style_display=\"block\" data-pf_style_visibility=\"visible\"><span class=\"text-node\">Ap\u00f3s a elei\u00e7\u00e3o, em um post ele escreveu: &#8220;Estamos contratando. Quem fez o L n\u00e3o h\u00e1 vagas, obrigado&#8221;. \u00c0 Justi\u00e7a, a empresa alegou n\u00e3o haver provas que sustentem uma acusa\u00e7\u00e3o de ass\u00e9dio eleitoral. O processo j\u00e1 transitou em julgado, ou seja, n\u00e3o cabe mais recurso.<\/span><\/p>\n<\/div>\n<\/div>\n<aside class=\"col-custom col-lg-3\" data-v-0413e3c7=\"\" data-pf_style_display=\"block\" data-pf_style_visibility=\"visible\">\n<aside class=\"stick campaign-container\" data-metric-slot=\"vertical-4-right\" data-v-0413e3c7=\"\" data-pf_style_display=\"block\" data-pf_style_visibility=\"visible\">\n<div class=\"pb-100\" data-cp-id=\"asdf8a9787sdf897sdf87154trrty\" data-nosnippet=\"\" data-v-0794dd0c=\"\" data-pf_style_display=\"block\" data-pf_style_visibility=\"visible\">\n<div data-v-0794dd0c=\"\" data-pf_style_display=\"block\" data-pf_style_visibility=\"visible\">\n<div class=\"jupiter-ads\" data-v-747d976a=\"\" data-v-e0422815=\"\" data-v-0794dd0c=\"\" data-pf_style_display=\"block\" data-pf_style_visibility=\"visible\">\n<section class=\"solar-ads main\" data-v-5f58468e=\"\" data-v-747d976a=\"\" data-pf_style_display=\"block\" data-pf_style_visibility=\"visible\">\n<p class=\"ads-content no-center added-to-list1\">Havan teria dito que fecharia as portas se Bolsonaro n\u00e3o ganhasse<\/p>\n<\/section>\n<\/div>\n<\/div>\n<\/div>\n<\/aside>\n<\/aside>\n<\/div>\n<\/div>\n<div data-v-0413e3c7=\"\" data-pf_style_display=\"block\" data-pf_style_visibility=\"visible\">\n<div class=\"mt-50-lg mb-250-lg mb-50-xs jupiter-ads\" data-v-747d976a=\"\" data-v-e0422815=\"\" data-v-0413e3c7=\"\" data-pf_style_display=\"block\" data-pf_style_visibility=\"visible\">\n<div data-v-0413e3c7=\"\" data-pf_style_display=\"block\" data-pf_style_visibility=\"visible\">\n<div class=\"container grid pf-candidate\" data-v-0413e3c7=\"\" data-pf_style_display=\"grid\" data-pf_style_visibility=\"visible\">\n<div class=\"central-column col-lg-6\" data-v-0413e3c7=\"\" data-pf_style_display=\"block\" data-pf_style_visibility=\"visible\">\n<div class=\"jupiter-paragraph-fragment pf-candidate\" data-v-232111b4=\"\" data-v-0413e3c7=\"\" data-pf_style_display=\"block\" data-pf_style_visibility=\"visible\">\n<p class=\"bullet added-to-list1\" data-v-232111b4=\"\" data-pf_style_display=\"block\" data-pf_style_visibility=\"visible\"><span class=\"text-node\">Na cidade de Jacare\u00ed, tamb\u00e9m em S\u00e3o Paulo, a empresa Havan, de Luciano Hang, foi punida em um processo aberto por uma funcion\u00e1ria que relatou \u00e0 Justi\u00e7a que sua supervisora \u200b\u200bn\u00e3o aceitou conversas com Bolsonaro. Ela disse que um colega foi despedido por essa raz\u00e3o, e que um gerente disse que uma loja fecharia as portas caso o PT ganhasse uma disputa.<\/span><\/p>\n<p class=\"bullet added-to-list1\" data-v-232111b4=\"\" data-pf_style_display=\"block\" data-pf_style_visibility=\"visible\"><span class=\"text-node\">O juiz Fabr\u00edcio Martins Veloso declarou a senten\u00e7a que ficou demonstrada a press\u00e3o sobre os funcion\u00e1rios para que n\u00e3o houvesse voto em partido contr\u00e1rio ao governo de Luciano Hang. Ele condenou a empresa a pagar uma indeniza\u00e7\u00e3o de cerca de R$ 6 mil.<\/span><\/p>\n<p class=\"bullet added-to-list1\" data-v-232111b4=\"\" data-pf_style_display=\"block\" data-pf_style_visibility=\"visible\"><span class=\"text-node\">A Havan, que j\u00e1 recorreu \u00e0 senten\u00e7a, se defendeu no processo alegando que a funcion\u00e1ria nunca foi exposta \u00e0 press\u00e3o ou constrangimento.<\/span><\/p>\n<p class=\"bullet added-to-list1\" data-v-232111b4=\"\" data-pf_style_display=\"block\" data-pf_style_visibility=\"visible\"><span class=\"text-node\">Afirmou que as testemunhas confirmaram em audi\u00eancia que nunca houve ass\u00e9dio ou persegui\u00e7\u00e3o. A Havan declarou que a a\u00e7\u00e3o foi eleita uma das melhores empresas para trabalhar no pa\u00eds e que a posi\u00e7\u00e3o pessoal de Luciano Hang sempre inspirou seu direito de livre express\u00e3o, nunca representando qualquer amea\u00e7a sobre seus funcion\u00e1rios.<\/span><\/p>\n<h2 class=\"bullet\" data-v-232111b4=\"\" data-pf_style_display=\"block\" data-pf_style_visibility=\"visible\"><span class=\"text-node\">Cobran\u00e7a no WhatsApp por votos em Bolsonaro<\/span><\/h2>\n<p class=\"bullet added-to-list1\" data-v-232111b4=\"\" data-pf_style_display=\"block\" data-pf_style_visibility=\"visible\"><span class=\"text-node\">Em outro caso no Estado de S\u00e3o Paulo, na cidade de Jundia\u00ed, de acordo com a decis\u00e3o da ju\u00edza Camila Moura de Carvalho, a Comercial de M\u00f3veis Jordan\u00e9sia criou um grupo de WhatsApp para os funcion\u00e1rios n\u00e3o qual impunha a todos o dever de votar em Bolsonaro. Ningu\u00e9m podia sair do grupo e a press\u00e3o psicol\u00f3gica era enorme e constrangedora, citou a magistrada ao determinar o pagamento de uma indeniza\u00e7\u00e3o de R$ 10 mil.<\/span><\/p>\n<div data-v-0413e3c7=\"\" data-pf_style_display=\"block\" data-pf_style_visibility=\"visible\">\n<div class=\"container grid pf-candidate\" data-v-0413e3c7=\"\" data-pf_style_display=\"grid\" data-pf_style_visibility=\"visible\">\n<div class=\"central-column col-lg-6\" data-v-0413e3c7=\"\" data-pf_style_display=\"block\" data-pf_style_visibility=\"visible\">\n<div class=\"jupiter-paragraph-fragment pf-candidate\" data-v-232111b4=\"\" data-v-0413e3c7=\"\" data-pf_style_display=\"block\" data-pf_style_visibility=\"visible\">\n<p class=\"bullet mt-0 added-to-list1\" data-v-232111b4=\"\" data-pf_style_display=\"block\" data-pf_style_visibility=\"visible\"><span class=\"text-node\"><span>A empresa, que j\u00e1 recorreu, disse que os documentos juntados ao processo n\u00e3o comprovaram que houve indica\u00e7\u00e3o de voto em Bolsonaro. Disse que a acusa\u00e7\u00e3o \u00e9 leviana.<\/span><\/span><\/p>\n<p class=\"bullet added-to-list1\" data-v-232111b4=\"\" data-pf_style_display=\"block\" data-pf_style_visibility=\"visible\"><span class=\"text-node\"><span>Na cidade de Itaja\u00ed, em Santa Catarina, uma distribuidora\u00a0<\/span><\/span><span data-pf_style_display=\"inline\" data-pf_style_visibility=\"visible\"><span class=\"text-node\">CPX<\/span><\/span><span class=\"text-node\"><span>\u00a0foi condenada em segunda inst\u00e2ncia por ter usado um grupo de WhatsApp interno para fazer campanha pr\u00f3-Bolsonaro. Uma das mensagens anexadas ao processo dizia: &#8220;Ex-presidi\u00e1rio ladr\u00e3o, n\u00e3o era nem para ter o direito de se candidatar&#8221;.<\/span><\/span><\/p>\n<p class=\"bullet added-to-list1\" data-v-232111b4=\"\" data-pf_style_display=\"block\" data-pf_style_visibility=\"visible\"><span class=\"text-node\"><span>A empresa, que ainda pode recorrer novamente, disse \u00e0 Justi\u00e7a que o grupo de WhatsApp n\u00e3o era institucional e foi criado pelos pr\u00f3prios funcion\u00e1rios. Afirmou que nunca houve amea\u00e7as ou determina\u00e7\u00e3o para que os trabalhadores votassem em determinado candidato.<\/span><\/span><\/p>\n<p class=\"bullet added-to-list1\" data-v-232111b4=\"\" data-pf_style_display=\"block\" data-pf_style_visibility=\"visible\"><span class=\"text-node\"><span>O desembargador Garibaldi Ferreira, relator do processo, afirmou na decis\u00e3o que a sequ\u00eancia de mensagens de cunho eleitoral constrangia os que n\u00e3o concordavam com aquele tipo de opini\u00e3o. O autor do processo vai receber, pela decis\u00e3o, uma indeniza\u00e7\u00e3o de R$ 5 mil.<\/span><\/span><\/p>\n<h2 class=\"bullet\" data-v-232111b4=\"\" data-pf_style_display=\"block\" data-pf_style_visibility=\"visible\"><span class=\"text-node\"><span>Discurso pol\u00edtico a funcion\u00e1rios dias antes do primeiro turno<\/span><\/span><\/h2>\n<p class=\"bullet added-to-list1\" data-v-232111b4=\"\" data-pf_style_display=\"block\" data-pf_style_visibility=\"visible\"><span class=\"text-node\"><span>Outras observa\u00e7\u00f5es ocorreram no munic\u00edpio de Aracruz, no Esp\u00edrito Santo. Em setembro de 2022, o propriet\u00e1rio da Imetame Metalmec\u00e2nica reuniu seus funcion\u00e1rios e fez um discurso pol\u00edtico, incitando-os a votar em Bolsonaro.<\/span><\/span><\/p>\n<\/div>\n<\/div>\n<\/div>\n<\/div>\n<div data-v-0413e3c7=\"\" data-pf_style_display=\"block\" data-pf_style_visibility=\"visible\">\n<div class=\"mt-50-lg mb-250-lg mb-50-xs jupiter-ads\" data-v-747d976a=\"\" data-v-e0422815=\"\" data-v-0413e3c7=\"\" data-pf_style_display=\"block\" data-pf_style_visibility=\"visible\">\n<div class=\"jupiter-paragraph-fragment\" data-v-232111b4=\"\" data-v-0413e3c7=\"\" data-pf_style_display=\"block\" data-pf_style_visibility=\"visible\">\n<p class=\"bullet mt-0 added-to-list1\" data-v-232111b4=\"\" data-pf_style_display=\"block\" data-pf_style_visibility=\"visible\"><span class=\"text-node\"><span>Ao determinar que a empresa pague uma indeniza\u00e7\u00e3o de R$ 2 mil a cada um de seus funcion\u00e1rios, o juiz Geraldo Wandenkolken disse que ficou caracterizado o ass\u00e9dio eleitoral. Citando v\u00eddeos anexados ao processo, afirmou que a conduta da empresa configurou uma grave viola\u00e7\u00e3o aos direitos pol\u00edticos dos funcion\u00e1rios e um atentado aos princ\u00edpios democr\u00e1ticos.<\/span><\/span><\/p>\n<p class=\"bullet added-to-list1\" data-v-232111b4=\"\" data-pf_style_display=\"block\" data-pf_style_visibility=\"visible\"><span class=\"text-node\"><span>A empresa, que ainda pode recorrer, disse na defesa apresentar no processo n\u00e3o houve ass\u00e9dio, argumentando que a fala do propriet\u00e1rio, mesmo com conte\u00fado pol\u00edtico, &#8220;n\u00e3o configurou amea\u00e7a ou coa\u00e7\u00e3o aos empregados, respeitando sua liberdade de express\u00e3o e de voto&#8221;.<\/span><\/span><\/p>\n<h2 class=\"bullet\" data-v-232111b4=\"\" data-pf_style_display=\"block\" data-pf_style_visibility=\"visible\"><span class=\"text-node\"><span>Funcion\u00e1rio tempor\u00e1rio foi amea\u00e7ado de n\u00e3o ser efetivado<\/span><\/span><\/h2>\n<p class=\"bullet added-to-list1\" data-v-232111b4=\"\" data-pf_style_display=\"block\" data-pf_style_visibility=\"visible\"><span class=\"text-node\"><span>A d\u00e9cima relatada em Santo Andr\u00e9 (SP). A empresa Betel ter\u00e1 de pagar uma indeniza\u00e7\u00e3o de R$ 6 mil a um funcion\u00e1rio tempor\u00e1rio que foi pressionado por seu supervisor a votar em Bolsonaro, sob amea\u00e7a de n\u00e3o ser efetivado. \u201cA conduta afronta aos direitos ao voto e \u00e0 liberdade pol\u00edtica, configurando ataque direto \u00e0 democracia no ambiente de trabalho, local que deveria ter sido preservado das disputas pol\u00edticas\u201d, diz a decis\u00e3o.<\/span><\/span><\/p>\n<p class=\"bullet added-to-list1\" data-v-232111b4=\"\" data-pf_style_display=\"block\" data-pf_style_visibility=\"visible\"><span class=\"text-node\"><span>A empresa, que ainda pode recorrer, disse \u00e0 Justi\u00e7a que sempre pautou sua atua\u00e7\u00e3o por preceitos \u00e9ticos e que jamais soube de san\u00e7\u00f5es a respeito da atua\u00e7\u00e3o do supervisor. Afirmou que a dispensa do trabalhador, tr\u00eas meses antes da elei\u00e7\u00e3o, n\u00e3o tem nenhuma rela\u00e7\u00e3o com sua posi\u00e7\u00e3o pol\u00edtica.<\/span><\/span><\/p>\n<\/div>\n<div class=\"solar-box-message mb-200-lg mt-200-lg mb-100-xs mt-100-xs\" data-v-8771fb73=\"\" data-v-0413e3c7=\"\" data-pf_style_display=\"block\" data-pf_style_visibility=\"visible\">\n<div class=\"solar-box-message-main\" data-v-8771fb73=\"\" data-pf_style_display=\"block\" data-pf_style_visibility=\"visible\">\n<div class=\"solar-box-message-main-content\" data-v-8771fb73=\"\" data-pf_style_display=\"block\" data-pf_style_visibility=\"visible\">\n<p class=\"solar-box-message-main-title added-to-list1\">\n<\/div>\n<\/div>\n<\/div>\n<\/div>\n<\/div>\n<\/div>\n<\/div>\n<\/div>\n<\/div>\n<div data-v-0413e3c7=\"\" data-pf_style_display=\"block\" data-pf_style_visibility=\"visible\">\n<div class=\"mt-50-lg mb-250-lg mb-50-xs jupiter-ads\" data-v-747d976a=\"\" data-v-e0422815=\"\" data-v-0413e3c7=\"\" data-pf_style_display=\"block\" data-pf_style_visibility=\"visible\"><\/div>\n<\/div>\n<\/div>\n<\/div>\n<\/div>\n<\/div>\n<\/div>\n<\/div>\n<\/div>\n","protected":false},"excerpt":{"rendered":"<p>Uol, por Rog\u00e9rio Gentile &#8211; Levantamento feito pela coluna revela que pelo menos 10 empresas foram condenadas somente neste ano pela Justi\u00e7a do Trabalho, em v\u00e1rios Estados do pa\u00eds, por ass\u00e9dio eleitoral contra seus funcion\u00e1rios na disputa presidencial de 2022. Em todas as a\u00e7\u00f5es, as empresas pressionaram seus funcion\u00e1rios, de alguma forma, para que votassem&#8230;<a class=\"more-link\" href=\"http:\/\/blogdalucianaoliveira.com.br\/blog\/2025\/04\/30\/justica-faz-levar-de-condenacoes-de-empresas-por-assedio-pro-bolsonaro\/\">Continue a leitura <span class=\"meta-nav\">&raquo;<\/span><\/a><\/p>\n","protected":false},"author":1,"featured_media":0,"comment_status":"closed","ping_status":"open","sticky":false,"template":"","format":"standard","meta":{"_exactmetrics_skip_tracking":false,"_exactmetrics_sitenote_active":false,"_exactmetrics_sitenote_note":"","_exactmetrics_sitenote_category":0,"jetpack_post_was_ever_published":false,"_jetpack_newsletter_access":"","_jetpack_dont_email_post_to_subs":false,"_jetpack_newsletter_tier_id":0,"_jetpack_memberships_contains_paywalled_content":false,"_jetpack_memberships_contains_paid_content":false,"footnotes":"","jetpack_publicize_message":"","jetpack_publicize_feature_enabled":true,"jetpack_social_post_already_shared":true,"jetpack_social_options":{"image_generator_settings":{"template":"highway","enabled":false},"version":2}},"categories":[1],"tags":[560,53,347,180],"class_list":["post-36767","post","type-post","status-publish","format-standard","hentry","category-notas","tag-assedio","tag-bolsonaro","tag-justica","tag-trabalhador"],"jetpack_publicize_connections":[],"jetpack_sharing_enabled":true,"jetpack_featured_media_url":"","jetpack_shortlink":"https:\/\/wp.me\/p7wKYW-9z1","jetpack-related-posts":[],"_links":{"self":[{"href":"http:\/\/blogdalucianaoliveira.com.br\/blog\/wp-json\/wp\/v2\/posts\/36767","targetHints":{"allow":["GET"]}}],"collection":[{"href":"http:\/\/blogdalucianaoliveira.com.br\/blog\/wp-json\/wp\/v2\/posts"}],"about":[{"href":"http:\/\/blogdalucianaoliveira.com.br\/blog\/wp-json\/wp\/v2\/types\/post"}],"author":[{"embeddable":true,"href":"http:\/\/blogdalucianaoliveira.com.br\/blog\/wp-json\/wp\/v2\/users\/1"}],"replies":[{"embeddable":true,"href":"http:\/\/blogdalucianaoliveira.com.br\/blog\/wp-json\/wp\/v2\/comments?post=36767"}],"version-history":[{"count":1,"href":"http:\/\/blogdalucianaoliveira.com.br\/blog\/wp-json\/wp\/v2\/posts\/36767\/revisions"}],"predecessor-version":[{"id":36768,"href":"http:\/\/blogdalucianaoliveira.com.br\/blog\/wp-json\/wp\/v2\/posts\/36767\/revisions\/36768"}],"wp:attachment":[{"href":"http:\/\/blogdalucianaoliveira.com.br\/blog\/wp-json\/wp\/v2\/media?parent=36767"}],"wp:term":[{"taxonomy":"category","embeddable":true,"href":"http:\/\/blogdalucianaoliveira.com.br\/blog\/wp-json\/wp\/v2\/categories?post=36767"},{"taxonomy":"post_tag","embeddable":true,"href":"http:\/\/blogdalucianaoliveira.com.br\/blog\/wp-json\/wp\/v2\/tags?post=36767"}],"curies":[{"name":"wp","href":"https:\/\/api.w.org\/{rel}","templated":true}]}}