{"id":36773,"date":"2025-05-08T11:41:28","date_gmt":"2025-05-08T15:41:28","guid":{"rendered":"https:\/\/blogdalucianaoliveira.com.br\/blog\/?p=36773"},"modified":"2025-05-08T11:41:28","modified_gmt":"2025-05-08T15:41:28","slug":"mais-pobres-tem-salto-de-17-na-renda-e-desigualdade-cai-ao-menor-nivel-desde-2012-no-brasil-diz-ibge","status":"publish","type":"post","link":"http:\/\/blogdalucianaoliveira.com.br\/blog\/2025\/05\/08\/mais-pobres-tem-salto-de-17-na-renda-e-desigualdade-cai-ao-menor-nivel-desde-2012-no-brasil-diz-ibge\/","title":{"rendered":"Mais pobres t\u00eam salto de 17% na renda e desigualdade cai ao menor n\u00edvel desde 2012 no Brasil, diz IBGE"},"content":{"rendered":"<p><img data-recalc-dims=\"1\" loading=\"lazy\" decoding=\"async\" data-attachment-id=\"36774\" data-permalink=\"http:\/\/blogdalucianaoliveira.com.br\/blog\/2025\/05\/08\/mais-pobres-tem-salto-de-17-na-renda-e-desigualdade-cai-ao-menor-nivel-desde-2012-no-brasil-diz-ibge\/img_1537\/\" data-orig-file=\"https:\/\/i0.wp.com\/blogdalucianaoliveira.com.br\/blog\/wp-content\/uploads\/2025\/05\/IMG_1537.jpeg?fit=1200%2C771\" data-orig-size=\"1200,771\" data-comments-opened=\"0\" data-image-meta=\"{&quot;aperture&quot;:&quot;0&quot;,&quot;credit&quot;:&quot;&quot;,&quot;camera&quot;:&quot;&quot;,&quot;caption&quot;:&quot;&quot;,&quot;created_timestamp&quot;:&quot;0&quot;,&quot;copyright&quot;:&quot;&quot;,&quot;focal_length&quot;:&quot;0&quot;,&quot;iso&quot;:&quot;0&quot;,&quot;shutter_speed&quot;:&quot;0&quot;,&quot;title&quot;:&quot;&quot;,&quot;orientation&quot;:&quot;1&quot;}\" data-image-title=\"IMG_1537\" data-image-description=\"\" data-image-caption=\"\" data-medium-file=\"https:\/\/i0.wp.com\/blogdalucianaoliveira.com.br\/blog\/wp-content\/uploads\/2025\/05\/IMG_1537.jpeg?fit=300%2C193\" data-large-file=\"https:\/\/i0.wp.com\/blogdalucianaoliveira.com.br\/blog\/wp-content\/uploads\/2025\/05\/IMG_1537.jpeg?fit=600%2C386\" class=\"alignnone size-medium wp-image-36774\" src=\"https:\/\/i0.wp.com\/blogdalucianaoliveira.com.br\/blog\/wp-content\/uploads\/2025\/05\/IMG_1537.jpeg?resize=300%2C193\" alt=\"\" width=\"300\" height=\"193\" srcset=\"https:\/\/i0.wp.com\/blogdalucianaoliveira.com.br\/blog\/wp-content\/uploads\/2025\/05\/IMG_1537.jpeg?resize=300%2C193 300w, https:\/\/i0.wp.com\/blogdalucianaoliveira.com.br\/blog\/wp-content\/uploads\/2025\/05\/IMG_1537.jpeg?resize=1024%2C658 1024w, https:\/\/i0.wp.com\/blogdalucianaoliveira.com.br\/blog\/wp-content\/uploads\/2025\/05\/IMG_1537.jpeg?resize=768%2C493 768w, https:\/\/i0.wp.com\/blogdalucianaoliveira.com.br\/blog\/wp-content\/uploads\/2025\/05\/IMG_1537.jpeg?resize=467%2C300 467w, https:\/\/i0.wp.com\/blogdalucianaoliveira.com.br\/blog\/wp-content\/uploads\/2025\/05\/IMG_1537.jpeg?w=1200 1200w\" sizes=\"auto, (max-width: 300px) 100vw, 300px\" \/><\/p>\n<div class=\"mc-column content-text active-extra-styles active-capital-letter\" data-block-type=\"unstyled\" data-block-weight=\"42\" data-pf_style_display=\"block\" data-pf_style_visibility=\"visible\">\n<p class=\"content-text__container theme-color-primary-first-letter added-to-list1\" data-track-category=\"Link no Texto\" data-track-links=\"\" data-pf_style_display=\"block\" data-pf_style_visibility=\"visible\"><span class=\"text-node\">O Globo &#8211; O rendimento m\u00e9dio das fam\u00edlias brasileiras chegou a um n\u00edvel recorde em 2024. Mas, dessa vez, diferentemente do que ocorreu em 2023, o avan\u00e7o na renda veio acompanhado de uma queda na desigualdade social, segundo dados divulgados pelo <\/span><a class=\"\" href=\"https:\/\/oglobo.globo.com\/tudo-sobre\/instituicao-governamental\/ibge\" data-pf_style_display=\"inline\" data-pf_style_visibility=\"visible\"><span class=\"text-node\">IBGE<\/span><\/a><span class=\"text-node\"> nesta quinta-feira. <\/span><\/p>\n<\/div>\n<p><!--more--><\/p>\n<div class=\"wall protected-content pf-candidate\" data-pf_style_display=\"block\" data-pf_style_visibility=\"visible\">\n<div class=\"mc-column content-text active-extra-styles\" data-block-type=\"raw\" data-block-weight=\"32\" data-pf_style_display=\"block\" data-pf_style_visibility=\"visible\">\n<ul class=\"content-unordered-list added-to-list1\" data-pf_style_display=\"block\" data-pf_style_visibility=\"visible\">\n<li data-pf_style_display=\"list-item\" data-pf_style_visibility=\"visible\"><strong data-pf_style_display=\"inline\" data-pf_style_visibility=\"visible\"><span class=\"text-node\">Renda familiar: <\/span><\/strong><a class=\"\" href=\"https:\/\/oglobo.globo.com\/economia\/noticia\/2025\/05\/08\/onde-a-renda-das-familias-e-mais-baixa-e-mais-alta-no-brasil-veja-mapa.ghtml\" data-pf_style_display=\"inline\" data-pf_style_visibility=\"visible\"><span class=\"text-node\">em quais regi\u00f5es as fam\u00edlias ganham menos e mais no Brasil? Confira o mapa<\/span><\/a><\/li>\n<li data-pf_style_display=\"list-item\" data-pf_style_visibility=\"visible\"><strong data-pf_style_display=\"inline\" data-pf_style_visibility=\"visible\"><span class=\"text-node\">Programas sociais ganham espa\u00e7o:<\/span><\/strong><a class=\"\" href=\"https:\/\/oglobo.globo.com\/economia\/noticia\/2025\/05\/08\/programas-sociais-ganham-espaco-e-ja-sao-38percent-da-renda-das-familias-com-avanco-do-bpc.ghtml\" data-pf_style_display=\"inline\" data-pf_style_visibility=\"visible\"><span class=\"text-node\">aux\u00edlios j\u00e1 s\u00e3o 3,8% da renda das fam\u00edlias, com avan\u00e7o do BPC<\/span><\/a><\/li>\n<\/ul>\n<\/div>\n<div class=\"mc-column content-text active-extra-styles \" data-block-type=\"unstyled\" data-block-weight=\"40\" data-pf_style_display=\"block\" data-pf_style_visibility=\"visible\">\n<p class=\"content-text__container added-to-list1\" data-track-category=\"Link no Texto\" data-track-links=\"\" data-pf_style_display=\"block\" data-pf_style_visibility=\"visible\"><span class=\"text-node\">Ap\u00f3s ter ficado estagnada em 2023, a concentra\u00e7\u00e3o de renda caiu em 2024, para o menor n\u00edvel da s\u00e9rie hist\u00f3rica da Pesquisa Nacional por Amostra de Domic\u00edlios Cont\u00ednua (Pnad-C), iniciada em 2012, renovando a m\u00ednima registrada em 2022.<\/span><\/p>\n<\/div>\n<div class=\"mc-column content-text active-extra-styles \" data-block-type=\"unstyled\" data-block-weight=\"40\" data-pf_style_display=\"block\" data-pf_style_visibility=\"visible\">\n<p class=\"content-text__container added-to-list1\" data-track-category=\"Link no Texto\" data-track-links=\"\" data-pf_style_display=\"block\" data-pf_style_visibility=\"visible\"><span class=\"text-node\">O \u00cdndice de Gini (que mede a desigualdade de renda numa escala de 0 a 1, sendo 0 a igualdade absoluta) do Brasil ficou em 0,506 em 2024, abaixo dos 0,518, registrados tanto em 2022 quanto em 2023.<\/span><\/p>\n<\/div>\n<div class=\"mc-column content-text active-extra-styles \" data-block-type=\"unstyled\" data-block-weight=\"25\" data-pf_style_display=\"block\" data-pf_style_visibility=\"visible\">\n<p class=\"content-text__container added-to-list1\" data-track-category=\"Link no Texto\" data-track-links=\"\" data-pf_style_display=\"block\" data-pf_style_visibility=\"visible\"><span class=\"text-node\">A desigualdade caiu porque o rendimento domiciliar dos mais pobres cresceu mais do que entre os mais ricos, explicou Gustavo Fontes, analista da Pnad-C: <\/span><\/p>\n<\/div>\n<div class=\"mc-column content-text active-extra-styles \" data-block-type=\"unstyled\" data-block-weight=\"21\" data-pf_style_display=\"block\" data-pf_style_visibility=\"visible\">\n<p class=\"content-text__container added-to-list1\" data-track-category=\"Link no Texto\" data-track-links=\"\" data-pf_style_display=\"block\" data-pf_style_visibility=\"visible\"><span class=\"text-node\">\u2014 As classes mais baixas da distribui\u00e7\u00e3o de renda tiveram um crescimento do rendimento domiciliar per capita acima da m\u00e9dia. <\/span><\/p>\n<\/div>\n<div class=\"mc-column content-text active-extra-styles\" data-block-type=\"raw\" data-block-weight=\"13\" data-pf_style_display=\"block\" data-pf_style_visibility=\"visible\">\n<ul class=\"content-unordered-list added-to-list1\" data-pf_style_display=\"block\" data-pf_style_visibility=\"visible\">\n<li data-pf_style_display=\"list-item\" data-pf_style_visibility=\"visible\"><strong data-pf_style_display=\"inline\" data-pf_style_visibility=\"visible\"><span class=\"text-node\">Renda dos brasileiros sobe 4,7%: <\/span><\/strong><a class=\"\" href=\"https:\/\/oglobo.globo.com\/economia\/noticia\/2025\/05\/08\/renda-dos-brasileiros-sobe-47percent-em-2024-e-renova-recorde-puxada-por-salarios-e-beneficios-sociais.ghtml\" data-pf_style_display=\"inline\" data-pf_style_visibility=\"visible\"><span class=\"text-node\">recorde \u00e9 puxado por sal\u00e1rios e benef\u00edcios sociais<\/span><\/a><\/li>\n<\/ul>\n<\/div>\n<div class=\"mc-column content-text active-extra-styles \" data-block-type=\"unstyled\" data-block-weight=\"35\" data-pf_style_display=\"block\" data-pf_style_visibility=\"visible\">\n<p class=\"content-text__container added-to-list1\" data-track-category=\"Link no Texto\" data-track-links=\"\" data-pf_style_display=\"block\" data-pf_style_visibility=\"visible\"><span class=\"text-node\">Enquanto, na m\u00e9dia nacional, a renda por pessoa da fam\u00edlia cresceu 4,7% em 2024 ante 2023, para os 5% da popula\u00e7\u00e3o que recebem os menores rendimentos, o valor saltou 17,6% no ano passado. <\/span><\/p>\n<\/div>\n<div class=\"mc-column content-text active-extra-styles\" data-block-type=\"raw\" data-block-weight=\"12\" data-pf_style_display=\"block\" data-pf_style_visibility=\"visible\">\n<h2 data-pf_style_display=\"block\" data-pf_style_visibility=\"visible\"><span class=\"text-node\">5% que ganham menos t\u00eam rendimento m\u00e9dio de R$ 154 por pessoa<\/span><\/h2>\n<div class=\"mc-column content-text active-extra-styles \" data-block-type=\"unstyled\" data-block-weight=\"42\" data-pf_style_display=\"block\" data-pf_style_visibility=\"visible\">\n<p class=\"content-text__container added-to-list1\" data-track-category=\"Link no Texto\" data-track-links=\"\" data-pf_style_display=\"block\" data-pf_style_visibility=\"visible\"><span class=\"text-node\">Ainda assim, o rendimento domiciliar m\u00e9dio dos que ganham menos foi de R$ 154 mensais por pessoa \u2014 \u00e9 a situa\u00e7\u00e3o de uma fam\u00edlia formada por um casal e dois filhos que sobrevive com pouco mais de R$ 600 por m\u00eas. <\/span><\/p>\n<\/div>\n<div class=\"mc-column content-text active-extra-styles \" data-block-type=\"unstyled\" data-block-weight=\"27\" data-pf_style_display=\"block\" data-pf_style_visibility=\"visible\">\n<p class=\"content-text__container added-to-list1\" data-track-category=\"Link no Texto\" data-track-links=\"\" data-pf_style_display=\"block\" data-pf_style_visibility=\"visible\"><span class=\"text-node\">J\u00e1 entre os 10% da popula\u00e7\u00e3o que est\u00e3o no topo de pir\u00e2mide de distribui\u00e7\u00e3o de renda, o rendimento domiciliar m\u00e9dio cresceu apenas 1,5% em 2024 ante 2023.<\/span><\/p>\n<\/div>\n<div class=\"mc-column content-text active-extra-styles \" data-block-type=\"unstyled\" data-block-weight=\"49\" data-pf_style_display=\"block\" data-pf_style_visibility=\"visible\">\n<p class=\"content-text__container added-to-list1\" data-track-category=\"Link no Texto\" data-track-links=\"\" data-pf_style_display=\"block\" data-pf_style_visibility=\"visible\"><span class=\"text-node\">Est\u00e3o nesse grupo todos os brasileiros que ganham mais de R$ 4.040 mensais por pessoa do domic\u00edlio, mas como h\u00e1 muita desigualdade tamb\u00e9m no topo, que contabiliza as rendas mais elevadas do pa\u00eds, o rendimento m\u00e9dio dos 10% mais rico \u00e9 praticamente o dobro desse valor de corte. <\/span><\/p>\n<\/div>\n<div class=\"mc-column content-text active-extra-styles\" data-block-type=\"raw\" data-block-weight=\"12\" data-pf_style_display=\"block\" data-pf_style_visibility=\"visible\">\n<p class=\"content-intertitle added-to-list1\"><strong>10% que ganham mais t\u00eam rendimento m\u00e9dio de R$ 8.034 por pessoa<\/strong><\/p>\n<div class=\"mc-column content-text active-extra-styles \" data-block-type=\"unstyled\" data-block-weight=\"35\" data-pf_style_display=\"block\" data-pf_style_visibility=\"visible\">\n<p class=\"content-text__container added-to-list1\" data-track-category=\"Link no Texto\" data-track-links=\"\" data-pf_style_display=\"block\" data-pf_style_visibility=\"visible\"><span class=\"text-node\">Ano passado, foi de R$ 8.034 mensais por pessoa \u2014 nessa situa\u00e7\u00e3o, a mesma fam\u00edlia formada por um casal e dois filhos em idade escolar vive com pouco mais de R$ 32.100 por m\u00eas. <\/span><\/p>\n<\/div>\n<div class=\"mc-column content-text active-extra-styles \" data-block-type=\"unstyled\" data-block-weight=\"51\" data-pf_style_display=\"block\" data-pf_style_visibility=\"visible\">\n<p class=\"content-text__container added-to-list1\" data-track-category=\"Link no Texto\" data-track-links=\"\" data-pf_style_display=\"block\" data-pf_style_visibility=\"visible\"><span class=\"text-node\">Segundo o IBGE, a desigualdade de renda caiu em 2024 n\u00e3o apenas por causa do avan\u00e7o dos programas sociais de transfer\u00eancia. Al\u00e9m deles, o mercado de trabalho tamb\u00e9m teve comportamento menos desigual ano passado, com o rendimento m\u00e9dio de todos os trabalhos subindo mais fortemente para quem ganha menos. <\/span><\/p>\n<\/div>\n<div class=\"mc-column content-text active-extra-styles \" data-block-type=\"unstyled\" data-block-weight=\"31\" data-pf_style_display=\"block\" data-pf_style_visibility=\"visible\">\n<p class=\"content-text__container added-to-list1\" data-track-category=\"Link no Texto\" data-track-links=\"\" data-pf_style_display=\"block\" data-pf_style_visibility=\"visible\"><span class=\"text-node\">\u2014 Nos tr\u00eas \u00faltimos anos, o mercado de trabalho se apresentou de forma din\u00e2mica, com aumento do rendimento m\u00e9dio, beneficiando essas classes de menor rendimento \u2014 afirmou Fontes, do IBGE.<\/span><\/p>\n<\/div>\n<div class=\"mc-column content-text active-extra-styles \" data-block-type=\"unstyled\" data-block-weight=\"36\" data-pf_style_display=\"block\" data-pf_style_visibility=\"visible\">\n<p class=\"content-text__container added-to-list1\" data-track-category=\"Link no Texto\" data-track-links=\"\" data-pf_style_display=\"block\" data-pf_style_visibility=\"visible\"><span class=\"text-node\">E esse movimento foi impulsionado tanto pela gera\u00e7\u00e3o de empregos quanto pela pol\u00edtica de reajuste do sal\u00e1rio m\u00ednimo, j\u00e1 que ambos aquecem os aumentos das remunera\u00e7\u00f5es. O piso das remunera\u00e7\u00f5es tamb\u00e9m impulsiona os programas sociais. <\/span><\/p>\n<\/div>\n<div class=\"mc-column content-text active-extra-styles \" data-block-type=\"unstyled\" data-block-weight=\"61\" data-pf_style_display=\"block\" data-pf_style_visibility=\"visible\">\n<p class=\"content-text__container added-to-list1\" data-track-category=\"Link no Texto\" data-track-links=\"\" data-pf_style_display=\"block\" data-pf_style_visibility=\"visible\"><span class=\"text-node\">\u2014 Os reajustes do sal\u00e1rio m\u00ednimo t\u00eam um efeito n\u00e3o s\u00f3 no mercado de trabalho, mas tamb\u00e9m em outros tipos de rendimento, por exemplo, aposentadorias e pens\u00f5es, e o pr\u00f3prio BPC. Na compara\u00e7\u00e3o com 2019, destaca-se a expans\u00e3o dos domic\u00edlios abrangidos pelo programa Bolsa Fam\u00edlia e os maiores valores m\u00e9dios pagos com o benef\u00edcio \u2014 completou o pesquisador do IBGE.<\/span><\/p>\n<\/div>\n<\/div>\n<\/div>\n<\/div>\n","protected":false},"excerpt":{"rendered":"<p>O Globo &#8211; O rendimento m\u00e9dio das fam\u00edlias brasileiras chegou a um n\u00edvel recorde em 2024. Mas, dessa vez, diferentemente do que ocorreu em 2023, o avan\u00e7o na renda veio acompanhado de uma queda na desigualdade social, segundo dados divulgados pelo IBGE nesta quinta-feira.<\/p>\n","protected":false},"author":1,"featured_media":0,"comment_status":"closed","ping_status":"open","sticky":false,"template":"","format":"standard","meta":{"_exactmetrics_skip_tracking":false,"_exactmetrics_sitenote_active":false,"_exactmetrics_sitenote_note":"","_exactmetrics_sitenote_category":0,"jetpack_post_was_ever_published":false,"_jetpack_newsletter_access":"","_jetpack_dont_email_post_to_subs":false,"_jetpack_newsletter_tier_id":0,"_jetpack_memberships_contains_paywalled_content":false,"_jetpack_memberships_contains_paid_content":false,"footnotes":"","jetpack_publicize_message":"","jetpack_publicize_feature_enabled":true,"jetpack_social_post_already_shared":true,"jetpack_social_options":{"image_generator_settings":{"template":"highway","enabled":false},"version":2}},"categories":[1],"tags":[459,1329,1328],"class_list":["post-36773","post","type-post","status-publish","format-standard","hentry","category-notas","tag-aumento","tag-ibge","tag-renda"],"jetpack_publicize_connections":[],"jetpack_sharing_enabled":true,"jetpack_featured_media_url":"","jetpack_shortlink":"https:\/\/wp.me\/p7wKYW-9z7","jetpack-related-posts":[],"_links":{"self":[{"href":"http:\/\/blogdalucianaoliveira.com.br\/blog\/wp-json\/wp\/v2\/posts\/36773","targetHints":{"allow":["GET"]}}],"collection":[{"href":"http:\/\/blogdalucianaoliveira.com.br\/blog\/wp-json\/wp\/v2\/posts"}],"about":[{"href":"http:\/\/blogdalucianaoliveira.com.br\/blog\/wp-json\/wp\/v2\/types\/post"}],"author":[{"embeddable":true,"href":"http:\/\/blogdalucianaoliveira.com.br\/blog\/wp-json\/wp\/v2\/users\/1"}],"replies":[{"embeddable":true,"href":"http:\/\/blogdalucianaoliveira.com.br\/blog\/wp-json\/wp\/v2\/comments?post=36773"}],"version-history":[{"count":1,"href":"http:\/\/blogdalucianaoliveira.com.br\/blog\/wp-json\/wp\/v2\/posts\/36773\/revisions"}],"predecessor-version":[{"id":36775,"href":"http:\/\/blogdalucianaoliveira.com.br\/blog\/wp-json\/wp\/v2\/posts\/36773\/revisions\/36775"}],"wp:attachment":[{"href":"http:\/\/blogdalucianaoliveira.com.br\/blog\/wp-json\/wp\/v2\/media?parent=36773"}],"wp:term":[{"taxonomy":"category","embeddable":true,"href":"http:\/\/blogdalucianaoliveira.com.br\/blog\/wp-json\/wp\/v2\/categories?post=36773"},{"taxonomy":"post_tag","embeddable":true,"href":"http:\/\/blogdalucianaoliveira.com.br\/blog\/wp-json\/wp\/v2\/tags?post=36773"}],"curies":[{"name":"wp","href":"https:\/\/api.w.org\/{rel}","templated":true}]}}