{"id":36776,"date":"2025-05-08T17:41:11","date_gmt":"2025-05-08T21:41:11","guid":{"rendered":"https:\/\/blogdalucianaoliveira.com.br\/blog\/?p=36776"},"modified":"2025-05-08T17:41:11","modified_gmt":"2025-05-08T21:41:11","slug":"papa-leao-14-quem-e-robert-prevost-1o-pontifice-americano-e-defensor-do-legado-de-francisco","status":"publish","type":"post","link":"http:\/\/blogdalucianaoliveira.com.br\/blog\/2025\/05\/08\/papa-leao-14-quem-e-robert-prevost-1o-pontifice-americano-e-defensor-do-legado-de-francisco\/","title":{"rendered":"Papa Le\u00e3o 14: quem \u00e9 Robert Prevost, 1\u00ba pont\u00edfice americano e defensor do legado de Francisco"},"content":{"rendered":"<p><img data-recalc-dims=\"1\" loading=\"lazy\" decoding=\"async\" data-attachment-id=\"36777\" data-permalink=\"http:\/\/blogdalucianaoliveira.com.br\/blog\/2025\/05\/08\/papa-leao-14-quem-e-robert-prevost-1o-pontifice-americano-e-defensor-do-legado-de-francisco\/img_1546\/\" data-orig-file=\"https:\/\/i0.wp.com\/blogdalucianaoliveira.com.br\/blog\/wp-content\/uploads\/2025\/05\/IMG_1546.webp?fit=800%2C450\" data-orig-size=\"800,450\" data-comments-opened=\"0\" data-image-meta=\"{&quot;aperture&quot;:&quot;0&quot;,&quot;credit&quot;:&quot;&quot;,&quot;camera&quot;:&quot;&quot;,&quot;caption&quot;:&quot;&quot;,&quot;created_timestamp&quot;:&quot;0&quot;,&quot;copyright&quot;:&quot;&quot;,&quot;focal_length&quot;:&quot;0&quot;,&quot;iso&quot;:&quot;0&quot;,&quot;shutter_speed&quot;:&quot;0&quot;,&quot;title&quot;:&quot;&quot;,&quot;orientation&quot;:&quot;0&quot;}\" data-image-title=\"IMG_1546\" data-image-description=\"\" data-image-caption=\"\" data-medium-file=\"https:\/\/i0.wp.com\/blogdalucianaoliveira.com.br\/blog\/wp-content\/uploads\/2025\/05\/IMG_1546.webp?fit=300%2C169\" data-large-file=\"https:\/\/i0.wp.com\/blogdalucianaoliveira.com.br\/blog\/wp-content\/uploads\/2025\/05\/IMG_1546.webp?fit=600%2C338\" class=\"alignnone size-medium wp-image-36777\" src=\"https:\/\/i0.wp.com\/blogdalucianaoliveira.com.br\/blog\/wp-content\/uploads\/2025\/05\/IMG_1546.webp?resize=300%2C169\" alt=\"\" width=\"300\" height=\"169\" srcset=\"https:\/\/i0.wp.com\/blogdalucianaoliveira.com.br\/blog\/wp-content\/uploads\/2025\/05\/IMG_1546.webp?resize=300%2C169 300w, https:\/\/i0.wp.com\/blogdalucianaoliveira.com.br\/blog\/wp-content\/uploads\/2025\/05\/IMG_1546.webp?resize=768%2C432 768w, https:\/\/i0.wp.com\/blogdalucianaoliveira.com.br\/blog\/wp-content\/uploads\/2025\/05\/IMG_1546.webp?resize=533%2C300 533w, https:\/\/i0.wp.com\/blogdalucianaoliveira.com.br\/blog\/wp-content\/uploads\/2025\/05\/IMG_1546.webp?w=800 800w\" sizes=\"auto, (max-width: 300px) 100vw, 300px\" \/><\/p>\n<div class=\"bbc-19j92fr ebmt73l0\" dir=\"ltr\">\n<p class=\"bbc-hhl7in e17g058b0\" dir=\"ltr\">BBC &#8211; Antes mesmo de seu <a class=\"focusIndicatorReducedWidth bbc-n8oauk e1p3sufg0\" href=\"https:\/\/www.bbc.com\/portuguese\/articles\/cly14e8p6y2o\">nome ser anunciado<\/a> na sacada da Bas\u00edlica de S\u00e3o Pedro, a multid\u00e3o abaixo gritava &#8220;<i class=\"bbc-h1y5j7 eih42320\">Viva il papa<\/i>&#8221; (Viva o papa).<\/p>\n<\/div>\n<div class=\"bbc-19j92fr ebmt73l0\" dir=\"ltr\">\n<p class=\"bbc-hhl7in e17g058b0\" dir=\"ltr\">Robert Prevost, de 69 anos, ser\u00e1 o <a class=\"focusIndicatorReducedWidth bbc-n8oauk e1p3sufg0\" href=\"https:\/\/www.bbc.com\/portuguese\/articles\/c365n51rrj8o\">267\u00ba ocupante do trono de S\u00e3o Pedro<\/a> e ser\u00e1 conhecido como Le\u00e3o 14.<\/p>\n<\/div>\n<p><!--more--><\/p>\n<div class=\"bbc-19j92fr ebmt73l0\" dir=\"ltr\">\n<p class=\"bbc-hhl7in e17g058b0\" dir=\"ltr\">Ele ser\u00e1 o <a class=\"focusIndicatorReducedWidth bbc-n8oauk e1p3sufg0\" href=\"https:\/\/www.bbc.com\/portuguese\/articles\/cx28933e0v2o\">primeiro americano<\/a> a ocupar o posto de papa, embora tamb\u00e9m seja considerado um cardeal latino-americano devido aos muitos anos que passou como mission\u00e1rio no Peru, antes de se tornar arcebispo.<\/p>\n<\/div>\n<div class=\"bbc-19j92fr ebmt73l0\" dir=\"ltr\">\n<p class=\"bbc-hhl7in e17g058b0\" dir=\"ltr\">Le\u00e3o 14 disse \u00e0 multid\u00e3o que o ouvia na Bas\u00edlica de S\u00e3o Pedro que \u00e9 membro da Ordem Agostiniana, a primeira da Igreja Cat\u00f3lica Romana a combinar a posi\u00e7\u00e3o clerical com uma vida comunit\u00e1ria plena. A \u00eanfase moderna tem sido na miss\u00e3o, na educa\u00e7\u00e3o e no trabalho hospitalar.<\/p>\n<p dir=\"ltr\">Na juventude, ele frequentou um semin\u00e1rio da Ordem de Santo Agostinho em St. Louis antes de se formar em matem\u00e1tica na Filad\u00e9lfia.<\/p>\n<div class=\"bbc-19j92fr ebmt73l0\" dir=\"ltr\">\n<p class=\"bbc-hhl7in e17g058b0\" dir=\"ltr\">O novo papa ser\u00e1 o <a class=\"focusIndicatorReducedWidth bbc-n8oauk e1p3sufg0\" href=\"https:\/\/www.bbc.com\/portuguese\/articles\/cz703l3yq92o\">primeiro papa agostiniano a comandar a Igreja Cat\u00f3lic<\/a>a.<\/p>\n<\/div>\n<div class=\"bbc-19j92fr ebmt73l0\" dir=\"ltr\">\n<p class=\"bbc-hhl7in e17g058b0\" dir=\"ltr\">Le\u00e3o 14 tinha 30 anos quando se mudou para o Peru justamente como parte de uma miss\u00e3o agostiniana.<\/p>\n<\/div>\n<p dir=\"ltr\"><iframe loading=\"lazy\" id=\"flourish-id-4ece75a8\" class=\"bbc-axsk9o\" title=\"Interactive or visual content\" src=\"https:\/\/flo.uri.sh\/visualisation\/23078569\/embed?auto=1\" width=\"700\" height=\"575\" frameborder=\"0\" scrolling=\"no\" data-mce-fragment=\"1\"><\/iframe><\/p>\n<div class=\"bbc-19j92fr ebmt73l0\" dir=\"ltr\">\n<p class=\"bbc-hhl7in e17g058b0\" dir=\"ltr\">Poliglota, ele tem nacionalidade peruana e \u00e9 lembrado com carinho como uma figura que trabalhou com comunidades marginalizadas e ajudou a construir pontes na Igreja local.<\/p>\n<\/div>\n<div class=\"bbc-19j92fr ebmt73l0\" dir=\"ltr\">\n<p class=\"bbc-hhl7in e17g058b0\" dir=\"ltr\">Nascido em Chicago em 1955, Prevost \u00e9 filho de m\u00e3e espanhola e pai americano, Tem dois irm\u00e3os, Louis Mart\u00edn e John Joseph.<\/p>\n<\/div>\n<div class=\"bbc-19j92fr ebmt73l0\" dir=\"ltr\">\n<p class=\"bbc-hhl7in e17g058b0\" dir=\"ltr\">Ele serviu com coroinha e passou a inf\u00e2ncia e a adolesc\u00eancia como estudante no Semin\u00e1rio Menor dos Padres Agostinianos, em sua cidade natal, e mais tarde na Universidade Villanova, na Pensilv\u00e2nia, onde estudou matem\u00e1tica.<\/p>\n<div class=\"bbc-19j92fr ebmt73l0\" dir=\"ltr\">\n<p class=\"bbc-hhl7in e17g058b0\" dir=\"ltr\">Aos 22 anos, ingressou no noviciado da Ordem de Santo Agostinho de S\u00e3o Lu\u00eds e se formou em Teologia. Foi ordenado sacerdote em 1982.<\/p>\n<\/div>\n<div class=\"bbc-19j92fr ebmt73l0\" dir=\"ltr\">\n<p class=\"bbc-hhl7in e17g058b0\" dir=\"ltr\">Ele foi ent\u00e3o enviado para Roma, onde estudou direito can\u00f4nico. Em 1987, obteve seu doutorado e nesse mesmo ano foi eleito diretor de voca\u00e7\u00f5es e diretor de miss\u00f5es da prov\u00edncia agostiniana &#8220;M\u00e3e do Bom Conselho&#8221; em Illinois, Estados Unidos.<\/p>\n<\/div>\n<div class=\"bbc-19j92fr ebmt73l0\" dir=\"ltr\">\n<p class=\"bbc-hhl7in e17g058b0\" dir=\"ltr\">Embora tenha se mudado para o Peru tr\u00eas anos depois, ele retornava regularmente aos Estados Unidos para servir como p\u00e1roco e prior em sua cidade natal.<\/p>\n<\/div>\n<div class=\"bbc-19j92fr ebmt73l0\" dir=\"ltr\">\n<p class=\"bbc-hhl7in e17g058b0\" dir=\"ltr\">Ao retornar a Chicago em 1999, foi nomeado prior provincial dos agostinianos naquela regi\u00e3o americana e, posteriormente, prior geral da ordem em todo o mundo.<\/p>\n<\/div>\n<div class=\"bbc-19j92fr ebmt73l0\" dir=\"ltr\">\n<p class=\"bbc-hhl7in e17g058b0\" dir=\"ltr\">O presidente dos Estados Unidos, Donald Trump, parabenizou o novo papa em sua plataforma Truth Social.<\/p>\n<\/div>\n<div class=\"bbc-19j92fr ebmt73l0\" dir=\"ltr\">\n<p class=\"bbc-hhl7in e17g058b0\" dir=\"ltr\">&#8220;\u00c9 uma grande honra saber que ele \u00e9 o primeiro papa americano. Que emo\u00e7\u00e3o e que grande honra para o nosso pa\u00eds! Estou ansioso para conhecer o Papa Le\u00e3o XIV. Ser\u00e1 um momento muito significativo!&#8221;, afirmou Trump, que j\u00e1 <a class=\"focusIndicatorReducedWidth bbc-n8oauk e1p3sufg0\" href=\"https:\/\/www.bbc.com\/portuguese\/articles\/cx28933e0v2o\">havia manifestado grande interesse nos rumos do conclave que consagrou Le\u00e3o 14<\/a>.<\/p>\n<p><main class=\"bbc-fa0wmp\" role=\"main\"><\/p>\n<div class=\"bbc-19j92fr ebmt73l0\" dir=\"ltr\">\n<p class=\"bbc-hhl7in e17g058b0\" dir=\"ltr\">O papa Francisco, de quem era muito pr\u00f3ximo, o levou para Roma em 2023 para chefiar o Dicast\u00e9rio, um dos escrit\u00f3rios mais influentes da C\u00faria, respons\u00e1vel pela sele\u00e7\u00e3o da pr\u00f3xima gera\u00e7\u00e3o de bispos.<\/p>\n<\/div>\n<div class=\"bbc-19j92fr ebmt73l0\" dir=\"ltr\">\n<p class=\"bbc-hhl7in e17g058b0\" dir=\"ltr\">Isso o tornou bem conhecido pelos cardeais de toda a Am\u00e9rica Latina.<\/p>\n<\/div>\n<div class=\"bbc-19j92fr ebmt73l0\" dir=\"ltr\">\n<p class=\"bbc-hhl7in e17g058b0\" dir=\"ltr\">No mesmo ano, ele o nomeou cardeal e lhe atribuiu a igreja romana de Santa M\u00f4nica.<\/p>\n<\/div>\n<div class=\"bbc-19j92fr ebmt73l0\" dir=\"ltr\">\n<p class=\"bbc-hhl7in e17g058b0\" dir=\"ltr\">Em fevereiro de 2025, ele foi promovido a Cardeal-Bispo de Albano, uma das sedes suburbic\u00e1rias de Roma, reservada aos membros de mais alto escal\u00e3o do Col\u00e9gio Cardinal\u00edcio.<\/p>\n<\/div>\n<div class=\"bbc-19j92fr ebmt73l0\" dir=\"ltr\">\n<p class=\"bbc-hhl7in e17g058b0\" dir=\"ltr\">Ele tamb\u00e9m foi at\u00e9 agora presidente da Pontif\u00edcia Comiss\u00e3o para a Am\u00e9rica Latina.<\/p>\n<\/div>\n<div class=\"bbc-19j92fr ebmt73l0\" dir=\"ltr\">\n<p class=\"bbc-hhl7in e17g058b0\" dir=\"ltr\">Como 80% dos cardeais que participaram do conclave foram nomeados por Francisco, n\u00e3o \u00e9 de se surpreender que algu\u00e9m como Prevost tenha sido eleito.<\/p>\n<\/div>\n<div class=\"bbc-19j92fr ebmt73l0\" dir=\"ltr\">\n<p class=\"bbc-hhl7in e17g058b0\" dir=\"ltr\">Seu nome figurava entre os <a class=\"focusIndicatorReducedWidth bbc-n8oauk e1p3sufg0\" href=\"https:\/\/www.bbc.com\/portuguese\/articles\/c3r8r2lld5eo\">favoritos a se tornar o novo papa<\/a>.<\/p>\n<\/div>\n<p><iframe loading=\"lazy\" id=\"flourish-id-97acdebf\" class=\"bbc-axsk9o\" title=\"Interactive or visual content\" src=\"https:\/\/flo.uri.sh\/visualisation\/23078798\/embed?auto=1\" width=\"700\" height=\"575\" frameborder=\"0\" scrolling=\"no\" data-mce-fragment=\"1\"><\/iframe><\/p>\n<div class=\"bbc-19j92fr ebmt73l0\" dir=\"ltr\">\n<p class=\"bbc-hhl7in e17g058b0\" dir=\"ltr\">Dos cardeais americanos, ele era visto como o que tinha mais chances de se tornar papa devido \u00e0 sua inclina\u00e7\u00e3o pastoral, perspectiva global e capacidade de governar a C\u00faria Romana, segundo os especialistas.<\/p>\n<\/div>\n<div class=\"bbc-19j92fr ebmt73l0\" dir=\"ltr\">\n<p class=\"bbc-hhl7in e17g058b0\" dir=\"ltr\">Mas, ao mesmo tempo, sua s\u00f3lida forma\u00e7\u00e3o em direito can\u00f4nico tranquilizava os c\u00edrculos da Igreja que buscam uma abordagem mais focada na teologia.<\/p>\n<\/div>\n<div class=\"bbc-19j92fr ebmt73l0\" dir=\"ltr\">\n<p class=\"bbc-hhl7in e17g058b0\" dir=\"ltr\">Como cardeal, ele n\u00e3o hesitou em contestar as opini\u00f5es do vice-presidente dos EUA, J.D. Vance.<\/p>\n<\/div>\n<div class=\"bbc-19j92fr ebmt73l0\" dir=\"ltr\">\n<p class=\"bbc-hhl7in e17g058b0\" dir=\"ltr\">Ele republicou numa rede social X uma postagem cr\u00edtica \u00e0 deporta\u00e7\u00e3o de um residente americano para El Salvador, realizada pelo governo Trump, e compartilhou um artigo de opini\u00e3o cr\u00edtico a uma entrevista concedida por Vance \u00e0 Fox News.<\/p>\n<\/div>\n<div class=\"bbc-19j92fr ebmt73l0\" dir=\"ltr\">\n<p class=\"bbc-hhl7in e17g058b0\" dir=\"ltr\">&#8220;J.D. Vance est\u00e1 equivocado: Jesus n\u00e3o nos pede para hierarquizar nosso amor pelos outros&#8221;, dizia a postagem, repetindo a manchete do coment\u00e1rio no site National Catholic Reporter.<\/p>\n<\/div>\n<figure class=\"bbc-1qn0xuy\">\n<div class=\"bbc-18ywsw9\"><img data-recalc-dims=\"1\" loading=\"lazy\" decoding=\"async\" class=\"bbc-139onq\" src=\"https:\/\/i0.wp.com\/ichef.bbci.co.uk\/ace\/ws\/640\/cpsprodpb\/0c02\/live\/4519b290-2c3b-11f0-8ff1-59f5dcf8e9f5.jpg.webp?resize=600%2C338&#038;ssl=1\" sizes=\"auto, (min-width: 1008px) 760px, 100vw\" srcset=\"https:\/\/ichef.bbci.co.uk\/ace\/ws\/240\/cpsprodpb\/0c02\/live\/4519b290-2c3b-11f0-8ff1-59f5dcf8e9f5.jpg.webp 240w, https:\/\/ichef.bbci.co.uk\/ace\/ws\/320\/cpsprodpb\/0c02\/live\/4519b290-2c3b-11f0-8ff1-59f5dcf8e9f5.jpg.webp 320w, https:\/\/ichef.bbci.co.uk\/ace\/ws\/480\/cpsprodpb\/0c02\/live\/4519b290-2c3b-11f0-8ff1-59f5dcf8e9f5.jpg.webp 480w, https:\/\/ichef.bbci.co.uk\/ace\/ws\/624\/cpsprodpb\/0c02\/live\/4519b290-2c3b-11f0-8ff1-59f5dcf8e9f5.jpg.webp 624w, https:\/\/ichef.bbci.co.uk\/ace\/ws\/800\/cpsprodpb\/0c02\/live\/4519b290-2c3b-11f0-8ff1-59f5dcf8e9f5.jpg.webp 800w\" alt=\"Le\u00e3o 14 com Francisco\" width=\"600\" height=\"338\" \/><\/p>\n<p class=\"bbc-by8ykd\" role=\"text\"><span class=\"bbc-m04vo2\">CR\u00c9DITO, <\/span><span lang=\"en-GB\">GETTY IMAGES<\/span><\/p>\n<\/div><figcaption class=\"bbc-15f1ujd\" dir=\"ltr\"><span role=\"text\"><span class=\"bbc-m04vo2\">Legenda da foto, <\/span><span data-testid=\"caption-paragraph\">\u00c9 esperado que Le\u00e3o 14 d\u00ea continuidade \u00e0s reformas de Francisco<\/span><\/span><\/figcaption><\/figure>\n<div class=\"bbc-19j92fr ebmt73l0\" dir=\"ltr\">\n<p class=\"bbc-hhl7in e17g058b0\" dir=\"ltr\">Le\u00e3o 14 \u00e9 considerado um reformista e visto como uma figura que favorece a continuidade das mudan\u00e7as que Francisco promoveu na Igreja Cat\u00f3lica.<\/p>\n<\/div>\n<div class=\"bbc-19j92fr ebmt73l0\" dir=\"ltr\">\n<p class=\"bbc-hhl7in e17g058b0\" dir=\"ltr\">Acredita-se que Prevost compartilhasse as vis\u00f5es de Francisco sobre migrantes, os pobres e o meio ambiente.<\/p>\n<\/div>\n<div class=\"bbc-19j92fr ebmt73l0\" dir=\"ltr\">\n<p class=\"bbc-hhl7in e17g058b0\" dir=\"ltr\">Ap\u00f3s a morte de Francisco, ele disse em uma entrevista que ainda havia &#8220;muito a fazer&#8221; na transforma\u00e7\u00e3o da Igreja: &#8220;N\u00e3o podemos parar, n\u00e3o podemos retroceder. Temos que ver como o Esp\u00edrito Santo quer que a Igreja seja hoje e amanh\u00e3, porque o mundo de hoje, em que a Igreja vive, n\u00e3o \u00e9 o mesmo que o mundo de 10 ou 20 anos atr\u00e1s&#8221;.<\/p>\n<\/div>\n<div class=\"bbc-19j92fr ebmt73l0\" dir=\"ltr\">\n<p class=\"bbc-hhl7in e17g058b0\" dir=\"ltr\">Embora seja americano e esteja plenamente ciente das divis\u00f5es dentro da Igreja Cat\u00f3lica, sua origem latino-americana tamb\u00e9m representa a continuidade de um papa que veio da Argentina.<\/p>\n<\/div>\n<div class=\"bbc-19j92fr ebmt73l0\" dir=\"ltr\">\n<p class=\"bbc-hhl7in e17g058b0\" dir=\"ltr\">O reverendo Mark Francis, amigo de Prevost desde a d\u00e9cada de 1970, disse \u00e0 Reuters que o cardeal era um firme defensor do papado de seu antecessor e, em particular, do compromisso do falecido pont\u00edfice com a justi\u00e7a social.<\/p>\n<\/div>\n<div class=\"bbc-19j92fr ebmt73l0\" dir=\"ltr\">\n<p class=\"bbc-hhl7in e17g058b0\" dir=\"ltr\">&#8220;Ele sempre foi gentil e afetuoso, e continuou sendo uma voz de bom senso e preocupa\u00e7\u00e3o pr\u00e1tica com o trabalho da Igreja em prol dos pobres&#8221;, disse Francis, que frequentou o semin\u00e1rio com Prevost e mais tarde o conheceu quando ambos moravam em Roma nos anos 2000.<\/p>\n<\/div>\n<div class=\"bbc-19j92fr ebmt73l0\" dir=\"ltr\">\n<p class=\"bbc-hhl7in e17g058b0\" dir=\"ltr\">&#8220;Ele tinha um senso de humor ir\u00f4nico, mas n\u00e3o buscava os holofotes&#8221;, acrescentou Francis.<\/p>\n<\/div>\n<div class=\"bbc-19j92fr ebmt73l0\" dir=\"ltr\">\n<p class=\"bbc-hhl7in e17g058b0\" dir=\"ltr\">Antes do conclave, o porta-voz do Vaticano, Matteo Bruni, disse que, durante as reuni\u00f5es do Col\u00e9gio Cardinal\u00edcio nos dias que antecederam o conclave, foi enfatizada a necessidade de um papa com &#8220;um esp\u00edrito prof\u00e9tico capaz de liderar uma Igreja que n\u00e3o se fecha em si mesma, mas sabe como sair e trazer luz a um mundo marcado pelo desespero&#8221;.<\/p>\n<\/div>\n<div class=\"bbc-19j92fr ebmt73l0\" dir=\"ltr\">\n<p class=\"bbc-hhl7in e17g058b0\" dir=\"ltr\">Em suas primeiras palavras como papa, Le\u00e3o 14 falou com carinho de seu antecessor, diante das mais de 40 mil pessoas presentes ali na Pra\u00e7a de S\u00e3o Pedro.<\/p>\n<\/div>\n<div class=\"bbc-19j92fr ebmt73l0\" dir=\"ltr\">\n<p class=\"bbc-hhl7in e17g058b0\" dir=\"ltr\">&#8220;Ainda ouvimos em nossos ouvidos a voz fraca, mas sempre corajosa, do papa Francisco, que nos aben\u00e7oou&#8221;, disse ele.<\/p>\n<\/div>\n<div class=\"bbc-19j92fr ebmt73l0\" dir=\"ltr\">\n<p class=\"bbc-hhl7in e17g058b0\" dir=\"ltr\">&#8220;Unidos e de m\u00e3os dadas com Deus, avancemos juntos&#8221;, afirmou diante de uma multid\u00e3o em festa.<\/p>\n<\/div>\n<div class=\"bbc-19j92fr ebmt73l0\" dir=\"ltr\">\n<p class=\"bbc-hhl7in e17g058b0\" dir=\"ltr\">&#8220;A humanidade precisa de Cristo como ponte para ser alcan\u00e7ada por Deus e seu amor. Ajudem-nos e ajudem-nos uns aos outros a construir pontes.&#8221;<\/p>\n<\/div>\n<div class=\"bbc-19j92fr ebmt73l0\" dir=\"ltr\">\n<p class=\"bbc-hhl7in e17g058b0\" dir=\"ltr\">A met\u00e1fora das pontas era cara tamb\u00e9m a Francisco e <a class=\"focusIndicatorReducedWidth bbc-n8oauk e1p3sufg0\" href=\"https:\/\/www.bbc.com\/portuguese\/articles\/cj45p9j0jdxo\">foi lembrada no funeral do falecido pont\u00edfice<\/a>.<\/p>\n<\/div>\n<div class=\"bbc-19j92fr ebmt73l0\" dir=\"ltr\">\n<h2 id=\"Fortes-la\u00e7os-com-o-Peru-e-apoio-aos-migrantes\" class=\"bbc-1lgzob2 eglt09e0\" tabindex=\"-1\">Fortes la\u00e7os com o Peru e apoio aos migrantes<\/h2>\n<\/div>\n<div class=\"bbc-19j92fr ebmt73l0\" dir=\"ltr\">\n<p class=\"bbc-hhl7in e17g058b0\" dir=\"ltr\">O novo papa mudou ent\u00e3o do italiano para o espanhol para agradecer \u00e0 sua antiga diocese no Peru, &#8220;onde um povo leal compartilhou sua f\u00e9 e doou muito&#8221;.<\/p>\n<\/div>\n<div class=\"bbc-19j92fr ebmt73l0\" dir=\"ltr\">\n<p class=\"bbc-hhl7in e17g058b0\" dir=\"ltr\">Le\u00e3o 14 tamb\u00e9m insistiu na necessidade de unidade e, no final de seu discurso, convidou todos a se unirem em ora\u00e7\u00e3o.<\/p>\n<\/div>\n<div class=\"bbc-19j92fr ebmt73l0\" dir=\"ltr\">\n<p class=\"bbc-hhl7in e17g058b0\" dir=\"ltr\">Ele tem nacionalidade peruana desde 2015, tendo passado grande parte de sua vida religiosa no pa\u00eds andino.<\/p>\n<\/div>\n<div class=\"bbc-19j92fr ebmt73l0\" dir=\"ltr\">\n<p class=\"bbc-hhl7in e17g058b0\" dir=\"ltr\">Durante seus anos no Peru, atuou como p\u00e1roco, professor de semin\u00e1rio, prefeito de estudos, juiz eclesi\u00e1stico e membro do conselho consultivo da Diocese de Trujillo, al\u00e9m de dirigir o semin\u00e1rio agostiniano naquela cidade por uma d\u00e9cada.<\/p>\n<\/div>\n<div class=\"bbc-19j92fr ebmt73l0\" dir=\"ltr\">\n<p class=\"bbc-hhl7in e17g058b0\" dir=\"ltr\">Ele foi membro da Confer\u00eancia Episcopal Peruana (CEP) de 2018 a 2023, atuando como segundo vice-presidente, e atuou como administrador apost\u00f3lico de Callao de 2020 a 2021.<\/p>\n<\/div>\n<div class=\"bbc-19j92fr ebmt73l0\" dir=\"ltr\">\n<p class=\"bbc-hhl7in e17g058b0\" dir=\"ltr\">Em 2014, foi nomeado bispo de Chiclayo, cargo que ocupou at\u00e9 sua transfer\u00eancia definitiva para o Vaticano, em 2023.<\/p>\n<\/div>\n<div class=\"bbc-19j92fr ebmt73l0\" dir=\"ltr\">\n<p class=\"bbc-hhl7in e17g058b0\" dir=\"ltr\">Embora, durante seu mandato como arcebispo no Peru, ele n\u00e3o tenha escapado dos esc\u00e2ndalos de abuso sexual que obscureceram a Igreja, sua diocese negou veementemente que ele tenha se envolvido em qualquer tentativa de encobrimento.<\/p>\n<\/div>\n<div class=\"bbc-19j92fr ebmt73l0\" dir=\"ltr\">\n<p class=\"bbc-hhl7in e17g058b0\" dir=\"ltr\">Em seu primeiro discurso como papa, Le\u00e3o 14 disse em espanhol: &#8220;Uma sauda\u00e7\u00e3o especial \u00e0 minha amada diocese de Chiclayo, no Peru, onde um povo fiel acompanhou seu bispo, compartilhou sua f\u00e9 e deu muito, muito, para continuar sendo a Igreja fiel de Jesus Cristo&#8221;.<\/p>\n<\/div>\n<div class=\"bbc-19j92fr ebmt73l0\" dir=\"ltr\">\n<p class=\"bbc-hhl7in e17g058b0\" dir=\"ltr\">Jes\u00fas Le\u00f3n \u00c1ngeles, coordenador de um grupo cat\u00f3lico em Chiclayo que conhece Prevost desde 2018, o descreveu como uma pessoa &#8220;muito humilde&#8221; que se esfor\u00e7ava para ajudar os outros.<\/p>\n<\/div>\n<div class=\"bbc-19j92fr ebmt73l0\" dir=\"ltr\">\n<p class=\"bbc-hhl7in e17g058b0\" dir=\"ltr\">Le\u00f3n \u00c1ngeles enfatizou que Prevost demonstrou preocupa\u00e7\u00e3o especial com os imigrantes venezuelanos no Peru.<\/p>\n<\/div>\n<div class=\"bbc-19j92fr ebmt73l0\" dir=\"ltr\">\n<p class=\"bbc-hhl7in e17g058b0\" dir=\"ltr\">A presidente peruana Dina Boluarte descreveu a elei\u00e7\u00e3o do primeiro papa com nacionalidade peruana como &#8220;um momento hist\u00f3rico para o Peru e o mundo&#8221;.<\/p>\n<\/div>\n<div class=\"bbc-19j92fr ebmt73l0\" dir=\"ltr\">\n<p class=\"bbc-hhl7in e17g058b0\" dir=\"ltr\">Boluarte afirmou que o novo Papa era &#8220;um cidad\u00e3o peruano por escolha e de cora\u00e7\u00e3o&#8221;.<\/p>\n<\/div>\n<div class=\"bbc-19j92fr ebmt73l0\" dir=\"ltr\">\n<p class=\"bbc-hhl7in e17g058b0\" dir=\"ltr\">&#8220;Ele escolheu ser um de n\u00f3s, viver entre n\u00f3s e carregar a f\u00e9 e a cultura desta na\u00e7\u00e3o em seu cora\u00e7\u00e3o&#8221;, disse ele.<\/p>\n<\/div>\n<div class=\"bbc-19j92fr ebmt73l0\" dir=\"ltr\">\n<h2 id=\"Um-conclave-r\u00e1pido\" class=\"bbc-1lgzob2 eglt09e0\" tabindex=\"-1\">Um conclave r\u00e1pido<\/h2>\n<\/div>\n<figure class=\"bbc-1qn0xuy\">\n<div class=\"bbc-18ywsw9\"><img data-recalc-dims=\"1\" loading=\"lazy\" decoding=\"async\" class=\"bbc-139onq\" src=\"https:\/\/i0.wp.com\/ichef.bbci.co.uk\/ace\/ws\/640\/cpsprodpb\/9188\/live\/e6269100-2c48-11f0-b26b-ab62c890638b.jpg.webp?resize=600%2C338&#038;ssl=1\" sizes=\"auto, (min-width: 1008px) 760px, 100vw\" srcset=\"https:\/\/ichef.bbci.co.uk\/ace\/ws\/240\/cpsprodpb\/9188\/live\/e6269100-2c48-11f0-b26b-ab62c890638b.jpg.webp 240w, https:\/\/ichef.bbci.co.uk\/ace\/ws\/320\/cpsprodpb\/9188\/live\/e6269100-2c48-11f0-b26b-ab62c890638b.jpg.webp 320w, https:\/\/ichef.bbci.co.uk\/ace\/ws\/480\/cpsprodpb\/9188\/live\/e6269100-2c48-11f0-b26b-ab62c890638b.jpg.webp 480w, https:\/\/ichef.bbci.co.uk\/ace\/ws\/624\/cpsprodpb\/9188\/live\/e6269100-2c48-11f0-b26b-ab62c890638b.jpg.webp 624w, https:\/\/ichef.bbci.co.uk\/ace\/ws\/800\/cpsprodpb\/9188\/live\/e6269100-2c48-11f0-b26b-ab62c890638b.jpg.webp 800w\" alt=\"Fuma\u00e7a branca no Vaticano\" width=\"600\" height=\"338\" \/><\/p>\n<p class=\"bbc-by8ykd\" role=\"text\"><span class=\"bbc-m04vo2\">CR\u00c9DITO, <\/span><span lang=\"en-GB\">GETTY IMAGES<\/span><\/p>\n<\/div><figcaption class=\"bbc-15f1ujd\" dir=\"ltr\"><span role=\"text\"><span class=\"bbc-m04vo2\">Legenda da foto, <\/span><span data-testid=\"caption-paragraph\">Elei\u00e7\u00e3o r\u00e1pida de novo papa \u00e9 sinal de unidade da Igreja, disse o cardeal italiano Giuseppe Versaldi <\/span><\/span><\/figcaption><\/figure>\n<div class=\"bbc-19j92fr ebmt73l0\" dir=\"ltr\">\n<p class=\"bbc-hhl7in e17g058b0\" dir=\"ltr\">Um total de 133 cardeais, todos com menos de 80 anos, se reuniram na Cidade do Vaticano, um Estado independente no cora\u00e7\u00e3o de Roma, para eleger o 267\u00ba Papa.<\/p>\n<\/div>\n<div class=\"bbc-19j92fr ebmt73l0\" dir=\"ltr\">\n<p class=\"bbc-hhl7in e17g058b0\" dir=\"ltr\">Para escolher o novo pont\u00edfice, os diferentes grupos de cardeais \u2014 cada um com seus interesses particulares \u2014 tiveram que formar alian\u00e7as e acordos ao longo do processo, chamado de conclave.<\/p>\n<\/div>\n<div class=\"bbc-19j92fr ebmt73l0\" dir=\"ltr\">\n<p class=\"bbc-hhl7in e17g058b0\" dir=\"ltr\">Pela primeira vez, cardeais de lugares da &#8220;periferia&#8221;, como Francisco os chamou, fizeram parte do conclave, ent\u00e3o representantes de lugares como Mong\u00f3lia, Papua Nova Guin\u00e9, Paquist\u00e3o, China e Ruanda votaram.<\/p>\n<\/div>\n<div class=\"bbc-19j92fr ebmt73l0\" dir=\"ltr\">\n<p class=\"bbc-hhl7in e17g058b0\" dir=\"ltr\">Dois ter\u00e7os dos eleitores deviam concordar com o mesmo nome para que o papa fosse eleito.<\/p>\n<\/div>\n<div class=\"bbc-19j92fr ebmt73l0\" dir=\"ltr\">\n<p class=\"bbc-hhl7in e17g058b0\" dir=\"ltr\">Ap\u00f3s a decis\u00e3o, a fuma\u00e7a branca subiu da chamin\u00e9 da Capela Sistina para anunciar que h\u00e1 um novo Papa, e ele foi questionado se aceita o cargo e qual nome deseja adotar.<\/p>\n<\/div>\n<div class=\"bbc-19j92fr ebmt73l0\" dir=\"ltr\">\n<p class=\"bbc-hhl7in e17g058b0\" dir=\"ltr\">Desta vez, os cardeais tomaram a decis\u00e3o em um \u00fanico dia e ap\u00f3s apenas quatro rodadas de vota\u00e7\u00e3o, o que \u00e9 considerado relativamente r\u00e1pido em compara\u00e7\u00e3o a ocasi\u00f5es anteriores.<\/p>\n<\/div>\n<div class=\"bbc-19j92fr ebmt73l0\" dir=\"ltr\">\n<p class=\"bbc-hhl7in e17g058b0\" dir=\"ltr\">&#8220;\u00c9 um sinal claro da unidade da Igreja&#8221;, disse o cardeal italiano Giuseppe Versaldi na sala de imprensa do Vaticano.<\/p>\n<\/div>\n<div class=\"bbc-19j92fr ebmt73l0\" dir=\"ltr\">\n<p class=\"bbc-hhl7in e17g058b0\" dir=\"ltr\">Enquanto a fuma\u00e7a branca subia e os sinos tocavam alto, os fi\u00e9is na Pra\u00e7a de S\u00e3o Pedro, no Vaticano, irromperam em aplausos e vivas.<\/p>\n<\/div>\n<div class=\"bbc-19j92fr ebmt73l0\" dir=\"ltr\">\n<p class=\"bbc-hhl7in e17g058b0\" dir=\"ltr\">Muitos dos que estavam ali se abra\u00e7aram e agitaram bandeiras de diferentes pa\u00edses ao redor do mundo.<\/p>\n<\/div>\n<p><\/main><\/p>\n<aside class=\"bbc-1l5nxv5 e5jcirq1\" role=\"complementary\" data-testid=\"related-topics\" aria-labelledby=\"related-topics\">\n<div class=\"e5jcirq0 bbc-1f2ds04 e1m6nvxw1\">\n<h2 id=\"section-label-heading-related-topics\" class=\"bbc-a5e1ct e1m6nvxw0\" tabindex=\"-1\"><\/h2>\n<\/div>\n<\/aside>\n<\/div>\n<\/div>\n<\/div>\n","protected":false},"excerpt":{"rendered":"<p>BBC &#8211; Antes mesmo de seu nome ser anunciado na sacada da Bas\u00edlica de S\u00e3o Pedro, a multid\u00e3o abaixo gritava &#8220;Viva il papa&#8221; (Viva o papa). Robert Prevost, de 69 anos, ser\u00e1 o 267\u00ba ocupante do trono de S\u00e3o Pedro e ser\u00e1 conhecido como Le\u00e3o 14.<\/p>\n","protected":false},"author":1,"featured_media":0,"comment_status":"closed","ping_status":"open","sticky":false,"template":"","format":"standard","meta":{"_exactmetrics_skip_tracking":false,"_exactmetrics_sitenote_active":false,"_exactmetrics_sitenote_note":"","_exactmetrics_sitenote_category":0,"jetpack_post_was_ever_published":false,"_jetpack_newsletter_access":"","_jetpack_dont_email_post_to_subs":false,"_jetpack_newsletter_tier_id":0,"_jetpack_memberships_contains_paywalled_content":false,"_jetpack_memberships_contains_paid_content":false,"footnotes":"","jetpack_publicize_message":"","jetpack_publicize_feature_enabled":true,"jetpack_social_post_already_shared":true,"jetpack_social_options":{"image_generator_settings":{"template":"highway","enabled":false},"version":2}},"categories":[1],"tags":[1330,1310,1331],"class_list":["post-36776","post","type-post","status-publish","format-standard","hentry","category-notas","tag-leao","tag-papa","tag-sucessao"],"jetpack_publicize_connections":[],"jetpack_sharing_enabled":true,"jetpack_featured_media_url":"","jetpack_shortlink":"https:\/\/wp.me\/p7wKYW-9za","jetpack-related-posts":[],"_links":{"self":[{"href":"http:\/\/blogdalucianaoliveira.com.br\/blog\/wp-json\/wp\/v2\/posts\/36776","targetHints":{"allow":["GET"]}}],"collection":[{"href":"http:\/\/blogdalucianaoliveira.com.br\/blog\/wp-json\/wp\/v2\/posts"}],"about":[{"href":"http:\/\/blogdalucianaoliveira.com.br\/blog\/wp-json\/wp\/v2\/types\/post"}],"author":[{"embeddable":true,"href":"http:\/\/blogdalucianaoliveira.com.br\/blog\/wp-json\/wp\/v2\/users\/1"}],"replies":[{"embeddable":true,"href":"http:\/\/blogdalucianaoliveira.com.br\/blog\/wp-json\/wp\/v2\/comments?post=36776"}],"version-history":[{"count":1,"href":"http:\/\/blogdalucianaoliveira.com.br\/blog\/wp-json\/wp\/v2\/posts\/36776\/revisions"}],"predecessor-version":[{"id":36778,"href":"http:\/\/blogdalucianaoliveira.com.br\/blog\/wp-json\/wp\/v2\/posts\/36776\/revisions\/36778"}],"wp:attachment":[{"href":"http:\/\/blogdalucianaoliveira.com.br\/blog\/wp-json\/wp\/v2\/media?parent=36776"}],"wp:term":[{"taxonomy":"category","embeddable":true,"href":"http:\/\/blogdalucianaoliveira.com.br\/blog\/wp-json\/wp\/v2\/categories?post=36776"},{"taxonomy":"post_tag","embeddable":true,"href":"http:\/\/blogdalucianaoliveira.com.br\/blog\/wp-json\/wp\/v2\/tags?post=36776"}],"curies":[{"name":"wp","href":"https:\/\/api.w.org\/{rel}","templated":true}]}}