{"id":36780,"date":"2025-05-12T09:06:52","date_gmt":"2025-05-12T13:06:52","guid":{"rendered":"https:\/\/blogdalucianaoliveira.com.br\/blog\/?p=36780"},"modified":"2025-05-12T09:06:52","modified_gmt":"2025-05-12T13:06:52","slug":"midia-publica-deve-se-contrapor-a-jornalismo-de-agencias-estrangeiras","status":"publish","type":"post","link":"http:\/\/blogdalucianaoliveira.com.br\/blog\/2025\/05\/12\/midia-publica-deve-se-contrapor-a-jornalismo-de-agencias-estrangeiras\/","title":{"rendered":"M\u00eddia p\u00fablica deve se contrapor a jornalismo de ag\u00eancias estrangeiras"},"content":{"rendered":"<p><img data-recalc-dims=\"1\" loading=\"lazy\" decoding=\"async\" data-attachment-id=\"36781\" data-permalink=\"http:\/\/blogdalucianaoliveira.com.br\/blog\/2025\/05\/12\/midia-publica-deve-se-contrapor-a-jornalismo-de-agencias-estrangeiras\/img_1643\/\" data-orig-file=\"https:\/\/i0.wp.com\/blogdalucianaoliveira.com.br\/blog\/wp-content\/uploads\/2025\/05\/IMG_1643.webp?fit=1170%2C700\" data-orig-size=\"1170,700\" data-comments-opened=\"0\" data-image-meta=\"{&quot;aperture&quot;:&quot;0&quot;,&quot;credit&quot;:&quot;&quot;,&quot;camera&quot;:&quot;&quot;,&quot;caption&quot;:&quot;&quot;,&quot;created_timestamp&quot;:&quot;0&quot;,&quot;copyright&quot;:&quot;&quot;,&quot;focal_length&quot;:&quot;0&quot;,&quot;iso&quot;:&quot;0&quot;,&quot;shutter_speed&quot;:&quot;0&quot;,&quot;title&quot;:&quot;&quot;,&quot;orientation&quot;:&quot;0&quot;}\" data-image-title=\"IMG_1643\" data-image-description=\"\" data-image-caption=\"\" data-medium-file=\"https:\/\/i0.wp.com\/blogdalucianaoliveira.com.br\/blog\/wp-content\/uploads\/2025\/05\/IMG_1643.webp?fit=300%2C179\" data-large-file=\"https:\/\/i0.wp.com\/blogdalucianaoliveira.com.br\/blog\/wp-content\/uploads\/2025\/05\/IMG_1643.webp?fit=600%2C359\" class=\"alignnone size-medium wp-image-36781\" src=\"https:\/\/i0.wp.com\/blogdalucianaoliveira.com.br\/blog\/wp-content\/uploads\/2025\/05\/IMG_1643.webp?resize=300%2C179\" alt=\"\" width=\"300\" height=\"179\" srcset=\"https:\/\/i0.wp.com\/blogdalucianaoliveira.com.br\/blog\/wp-content\/uploads\/2025\/05\/IMG_1643.webp?resize=300%2C179 300w, https:\/\/i0.wp.com\/blogdalucianaoliveira.com.br\/blog\/wp-content\/uploads\/2025\/05\/IMG_1643.webp?resize=1024%2C613 1024w, https:\/\/i0.wp.com\/blogdalucianaoliveira.com.br\/blog\/wp-content\/uploads\/2025\/05\/IMG_1643.webp?resize=768%2C459 768w, https:\/\/i0.wp.com\/blogdalucianaoliveira.com.br\/blog\/wp-content\/uploads\/2025\/05\/IMG_1643.webp?resize=501%2C300 501w, https:\/\/i0.wp.com\/blogdalucianaoliveira.com.br\/blog\/wp-content\/uploads\/2025\/05\/IMG_1643.webp?w=1170 1170w\" sizes=\"auto, (max-width: 300px) 100vw, 300px\" \/><\/p>\n<p>Avalia\u00e7\u00e3o \u00e9 de especialistas em especial de 35 anos da Ag\u00eancia Brasil<!--more--><strong>EBC &#8211; A m\u00eddia p\u00fablica brasileira, que inclui a Ag\u00eancia Brasil, da Empresa Brasil de Comunica\u00e7\u00e3o (EBC), deve contribuir como contraponto \u00e0 vis\u00e3o dominante na cobertura jornal\u00edstica das principais ag\u00eancias internacionais de not\u00edcias, que acaba sendo reproduzida pela m\u00eddia empresarial do Brasil. <\/strong><img data-recalc-dims=\"1\" decoding=\"async\" src=\"https:\/\/i0.wp.com\/agenciabrasil.ebc.com.br\/ebc.png?w=600&#038;ssl=1\" \/><img data-recalc-dims=\"1\" decoding=\"async\" src=\"https:\/\/i0.wp.com\/agenciabrasil.ebc.com.br\/ebc.gif?w=600&#038;ssl=1\" \/><\/p>\n<p>A avalia\u00e7\u00e3o \u00e9 de professores e especialistas em comunica\u00e7\u00e3o que avaliaram a import\u00e2ncia da <strong>Ag\u00eancia Brasil <\/strong>na cobertura internacional em meio ao aumento das tens\u00f5es geopol\u00edticas no mundo.<\/p>\n<p><strong>A principal ag\u00eancia p\u00fablica de not\u00edcias do pa\u00eds <a href=\"https:\/\/agenciabrasil.ebc.com.br\/geral\/noticia\/2025-05\/agencia-brasil-35-anos-com-informacao-de-qualidade-para-o-cidadao\" target=\"_blank\" rel=\"noopener\">completou 35 anos no \u00faltimo dia 10 de maio<\/a>.\u00a0\u00a0\u00a0<\/strong><\/p>\n<div class=\"dnd-widget-wrapper context-medio_4colunas type-image atom-align-left\"><strong>Para os analistas, o papel da m\u00eddia p\u00fablica nacional \u00e9 reportar os acontecimentos globais sob o ponto de vista do Brasil enquanto um pa\u00eds da periferia do sistema global, tamb\u00e9m chamado de Sul Global.<\/strong><\/div>\n<div>\n<p>O professor Andr\u00e9 Buonani Pasti, que pesquisa ag\u00eancias de not\u00edcias internacionais, ressalta que as principais empresas jornal\u00edsticas do mundo mant\u00eam v\u00ednculos com os Estados a que pertencem.<\/p>\n<blockquote><p>\u201cA gente est\u00e1 falando de interesses geopol\u00edticos vinculados aos Estados a quais essas empresas pertencem. Esses empres\u00e1rios s\u00e3o mobilizados nos momentos de contexto pol\u00edtico tenso que movimentam o cen\u00e1rio internacional e est\u00e3o conectados diretamente com alguns Estados-na\u00e7\u00e3o\u201d, diz o professor da Universidade Federal do ABC (UFABC).<\/p><\/blockquote>\n<p>Pasti cita, por exemplo, a cobertura \u201camplamente pr\u00f3-Israel, no conflito Israel-Palestina, assim como uma cobertura quase de propaganda da <a href=\"https:\/\/agenciabrasil.ebc.com.br\/internacional\/noticia\/2025-02\/guerra-da-ucrania-completa-3-anos-entenda-reviravolta-no-conflito-pos-trump\">Guerra da Ucr\u00e2nia<\/a>. Isso n\u00e3o ajuda a informar. \u00c9 um problema\u201d.<\/p>\n<p>Essa avalia\u00e7\u00e3o \u00e9 refor\u00e7ada pelo jornalista brasileiro Matias M. Molina, em seu livro Os Melhores Jornais Do Mundo, no qual destaca o papel dos principais jornais dos Estados Unidos (EUA) &#8211; como o New York Times e o The Washington Post &#8211; no apoio \u00e0s guerras do Vietn\u00e3 e do Iraque. Segundo ele, esses peri\u00f3dicos reproduziram a vis\u00e3o oficial da Casa Branca, inclusive sustentando a falsa acusa\u00e7\u00e3o de que o Iraque mantinha armas de destrui\u00e7\u00e3o em massa.<\/p>\n<h2>Jornalismo empresarial<\/h2>\n<p><strong>O professor de jornalismo da Pontif\u00edcia Universidade Cat\u00f3lica de S\u00e3o Paulo (PUC-SP) Jos\u00e9 Arbex Junior avalia que a cobertura internacional da m\u00eddia empresarial do Brasil utiliza as \u201clentes\u201d das principais ag\u00eancias estrangeiras de not\u00edcias, em especial, dos Estados Unidos e da Europa.<\/strong><\/p>\n<blockquote><p>\u201cCom essas lentes, eu, como brasileiro, estou olhando o mundo de uma forma completamente distorcida porque uso \u00f3culos que n\u00e3o servem para mim. O que eu, como brasileiro, tenho que entender sobre o mundo? Essa \u00e9 a quest\u00e3o central colocada do ponto de vista de uma cobertura internacional\u201d, destacou.<\/p>\n<div class=\"dnd-widget-wrapper context-medio_4colunas type-image atom-align-right\">\n<div class=\"dnd-atom-rendered\"><img data-recalc-dims=\"1\" decoding=\"async\" title=\"Arquivo pessoal\" src=\"https:\/\/i0.wp.com\/imagens.ebc.com.br\/QzMLH7SPhZ3koQCOJz341YG-pfU%3D\/365x0\/smart\/https%3A\/\/agenciabrasil.ebc.com.br\/sites\/default\/files\/thumbnails\/image\/2025\/05\/09\/ivan_arquivo_pessoal.jpg?w=600&#038;ssl=1\" alt=\"Bras\u00edlia (DF) 09\/05\/2025 -  Professor de jornalismo da Universidade Estadual de Ponta Grossa (UEPG) e coordenador da Rede de Investigadores em Comunica\u00e7\u00e3o Internacional (RICI). Ivan Bomfim. Cr\u00e9dito: Arquivo Pessoal\" \/><\/div>\n<div class=\"dnd-caption-wrapper\">\n<h6 class=\"meta\">Professor de jornalismo da Universidade Estadual de Ponta Grossa (UEPG) Ivan Bomfim. Foto: <strong>Arquivo pessoal<\/strong><\/h6>\n<\/div>\n<\/div>\n<p>&nbsp;<\/p><\/blockquote>\n<p>O professor de jornalismo da Universidade Estadual de Ponta Grossa (UEPG)\u00a0Ivan Bomfim\u00a0destacou que o jornalismo n\u00e3o \u00e9 neutro e que ele vem carregado de valores constru\u00eddos a partir de compreens\u00f5es de mundo das empresas que o patrocinam.<\/p>\n<blockquote><p>\u201cNossa vis\u00e3o do mundo acaba sendo moldada pela m\u00eddia empresarial a partir do que vem das ag\u00eancias estrangeiras. \u00c9 claro que esse material \u00e9 retrabalhado nas empresas brasileiras. S\u00f3 que esse conte\u00fado informativo \u00e9 retrabalhado a partir de interesses econ\u00f4micos e pol\u00edticos\u201d, destacou o tamb\u00e9m coordenador da Rede de Investigadores em Comunica\u00e7\u00e3o Internacional (RICI).<\/p><\/blockquote>\n<p>Segundo o professor Jos\u00e9 Arbex, a m\u00eddia empresarial do Brasil est\u00e1 comprometida com interesses de corpora\u00e7\u00f5es econ\u00f4micas e financeiras internacionais, o que influencia sua cobertura.<\/p>\n<blockquote><p>\u201cO interesse dessa grande m\u00eddia est\u00e1 voltado para essas grandes corpora\u00e7\u00f5es, que s\u00e3o empresas com as quais a Rede Globo, para citar um exemplo, mant\u00e9m rela\u00e7\u00f5es comerciais, financeiras, pol\u00edticas e ideol\u00f3gicas. \u00c9 em cima dessas rela\u00e7\u00f5es que ela vai fazer a cobertura\u201d, disse.<\/p><\/blockquote>\n<h2>Jornalismo p\u00fablico<\/h2>\n<div class=\"dnd-widget-wrapper context-medio_4colunas type-image atom-align-left\">\n<div class=\"dnd-atom-rendered\"><img data-recalc-dims=\"1\" decoding=\"async\" title=\"Flickr\/Dami\u00e3o A. Francisco\" src=\"https:\/\/i0.wp.com\/imagens.ebc.com.br\/pUOeuVbfGr71KuHwh8DSppbg_9Q%3D\/365x0\/smart\/https%3A\/\/agenciabrasil.ebc.com.br\/sites\/default\/files\/thumbnails\/image\/alta_4580727747_0f12b25965_o_jv.jpg?w=600&#038;ssl=1\" alt=\"Entenda a origem do Hamas, grupo isl\u00e2mico palestino que controla Gaza. Jornalista Jos\u00e9 Arbex. Foto: Flickr\/Dami\u00e3o A. Francisco\" \/><\/div>\n<div class=\"dnd-caption-wrapper\">\n<h6 class=\"meta\">Professor de Jornalismo Jos\u00e9 Arbex. Foto: <strong>Flickr\/Dami\u00e3o A. Francisco<\/strong><\/h6>\n<\/div>\n<\/div>\n<p><strong>Para o professor de jornalismo Jos\u00e9 Arbex, a m\u00eddia p\u00fablica tem condi\u00e7\u00f5es de fazer uma cobertura diferente por n\u00e3o estar\u00a0vinculada diretamente a interesses econ\u00f4micos e estrangeiros.<\/strong><\/p>\n<blockquote><p>\u201cA m\u00eddia p\u00fablica, exatamente porque ela n\u00e3o est\u00e1 comprometida com nenhuma grande empresa, tem muito mais independ\u00eancia e capacidade para fazer coberturas que n\u00e3o interessam do ponto de vista empresarial, mas que t\u00eam um grande interesse do ponto de vista nacional e popular\u201d, comentou.<\/p><\/blockquote>\n<p>Segundo ele, a\u00a0m\u00eddia p\u00fablica tem condi\u00e7\u00f5es, por exemplo, de <a href=\"https:\/\/agenciabrasil.ebc.com.br\/internacional\/noticia\/2025-05\/pesquisador-critica-cobertura-latino-americana-sobre-conflito-em-gazaa\">apresentar o conflito de Gaza<\/a>como um massacre perpetrado por Israel e uma limpeza \u00e9tnica contra o povo palestino. &#8220;Os grandes ve\u00edculos empresariais n\u00e3o reconhecem o genoc\u00eddio na Palestina\u201d, diz.<\/p>\n<p><strong>Para o especialista, \u00e9 importante ter uma vis\u00e3o brasileira do cen\u00e1rio internacional, o que \u201cn\u00e3o \u00e9 a mesma cobertura que o europeu vai ter, nem a mesma cobertura de um ve\u00edculo estadunidense\u201d.<\/strong><\/p>\n<p>O fato de os demais ve\u00edculos do Brasil, em especial os jornais\u00a0locais, poderem reproduzir, gratuitamente, o conte\u00fado jornal\u00edstico da m\u00eddia p\u00fablica refor\u00e7a o papel central de uma cobertura internacional diferenciada, avalia o pesquisador da UFABC Andr\u00e9 Pasti.<\/p>\n<blockquote><p>\u201cO essencial seria ter um bom investimento em uma ag\u00eancia p\u00fablica forte para cobertura internacional conectada com redes de ag\u00eancias do Sul do mundo que tivessem esse contraponto em rela\u00e7\u00e3o \u00e0s ag\u00eancias estrangeiras\u201d, acrescentou.<\/p><\/blockquote>\n<p>Em 2023, a <strong>EBC<\/strong> fechou acordo para parceria com <a href=\"https:\/\/agenciabrasil.ebc.com.br\/radioagencia-nacional\/geral\/audio\/2023-04\/ebc-fecha-acordo-de-parceria-com-agencia-de-noticias-chinesa\">Ag\u00eancia de Not\u00edcias Xinhua<\/a>, da China, para troca de conte\u00fado, al\u00e9m de ter acordo com a China M\u00e9dia Group e a TeleSur, da Venezuela. H\u00e1 ainda negocia\u00e7\u00f5es para acordos <a href=\"https:\/\/www.ebc.com.br\/imprensa\/2023\/ebc-e-veiculos-de-comunicacao-da-angola-preparam-acordo-de\">com m\u00eddias de Angola<\/a>.<\/p>\n<div class=\"dnd-widget-wrapper context-cheio_8colunas type-image atom-align-center\">\n<div class=\"dnd-atom-rendered\"><img data-recalc-dims=\"1\" decoding=\"async\" title=\"REUTERS\/Leah Millis \/Proibida reprodu\u00e7\u00e3o\" src=\"https:\/\/i0.wp.com\/imagens.ebc.com.br\/0DmEdTNxzE739EleZZBaWxXfX2A%3D\/754x0\/smart\/https%3A\/\/agenciabrasil.ebc.com.br\/sites\/default\/files\/thumbnails\/image\/2025\/04\/02\/2025-04-02t203323z_23778333_rc2rpdae34bj_rtrmadp_3_usa-trump-tariffs.jpg?w=600&#038;ssl=1\" alt=\"U.S. President Donald Trump gestures, ahead of delivering remarks on tariffs, in the Rose Garden at the White House in Washington, D.C., U.S., April 2, 2025. REUTERS\/Leah Millis     TPX IMAGES OF THE DAY\" \/><\/div>\n<div class=\"dnd-caption-wrapper\">\n<h6 class=\"meta rtecenter\">Especialistas avaliamo cobertura jornal\u00edstica do governo do presidente Donald Trump\u00a0<strong>REUTERS\/Leah Millis \/Proibida reprodu\u00e7\u00e3o<\/strong><\/h6>\n<\/div>\n<\/div>\n<h2>Trump<\/h2>\n<p><strong>O professor de jornalismo Jos\u00e9 Arbex citou, como exemplo de cobertura jornal\u00edstica, <a href=\"http:\/\/agenciabrasil.ebc.com.br\/economia\/noticia\/2025-04\/entenda-tarifaco-de-trump-e-capaz-de-reindustrializar-estados-unidos\">o novo governo de Donald Trump<\/a>,<\/strong> que tem amea\u00e7ado anexar o canal do Panam\u00e1, o Canad\u00e1, a Groenl\u00e2ndia, al\u00e9m de defender a expuls\u00e3o dos palestinos da Faixa de Gaza.<\/p>\n<blockquote><p>\u201cO que isso significa para o Brasil? Como eu, brasileiro, devo conduzir ou apoiar as medidas de pol\u00edtica externa do pa\u00eds nesse contexto? Nossas alternativas, para isso, s\u00e3o o Mercosul, os Brics, temos como fazer parceria com a China, que quer fazer a Nova Rota da Seda\u201d, afirmou.<\/p><\/blockquote>\n<p>O professor da UFGD Ivan Bomfim argumentou que, do ponto de vista do Brasil, como uma pot\u00eancia m\u00e9dia sem grande poder militar e tecnol\u00f3gico, \u00e9 mais interessante defender regras internacionais que sejam respeitadas por todos, e n\u00e3o que o mais forte prevale\u00e7a no cen\u00e1rio global, como tenta impor o presidente Trump.<\/p>\n<blockquote><p>\u201cQuando a gente deixa essa compreens\u00e3o de lado e passa a reproduzir que um pa\u00eds, por ser mais forte, pode se impor sobre os outros, estamos abrindo m\u00e3o de uma vis\u00e3o que \u00e9 de nosso interesse\u201d, disse.<\/p><\/blockquote>\n<h2>Controle social<\/h2>\n<p><strong>A possibilidade de a sociedade exercer alguma influ\u00eancia sobre a cobertura jornal\u00edstica \u00e9, para o professor UFABC Andr\u00e9 Buonani Pasti, uma das principais diferen\u00e7as entre a m\u00eddia p\u00fablica e a empresarial.<\/strong><\/p>\n<blockquote><p>\u201cUma m\u00eddia p\u00fablica implica abrir o debate para participa\u00e7\u00e3o da sociedade sobre os rumos da cobertura jornal\u00edstica. Isso \u00e9 fundamental. A diferen\u00e7a entre a m\u00eddia p\u00fablica e a privada \u00e9 essa possibilidade de ter algum n\u00edvel de controle social sobre o debate\u201d, destacou.<\/p><\/blockquote>\n<p>Segundo o especialista, o controle \u00e9 no sentido de poder acompanhar, opinar e contribuir com a cobertura jornal\u00edstica, a exemplo do que ocorria por meio do extinto Conselho Curador da <strong>Empresa Brasil de Comunica\u00e7\u00e3o (EBC)<\/strong>, empresa da qual a <strong>Ag\u00eancia Brasil <\/strong>faz parte, junto com a <strong>TV Brasil<\/strong> e as r\u00e1dios EBC, como a<strong> R\u00e1dio Nacional<\/strong>.<\/p>\n<p>Em 2016, o presidente Michel Temer <a href=\"https:\/\/agenciabrasil.ebc.com.br\/politica\/noticia\/2017-02\/senado-aprova-mp-que-reestrutura-empresa-brasil-de-comunicacao\">extinguiu o Conselho Curador<\/a> com representantes da sociedade que opinavam, emitiam recomenda\u00e7\u00f5es e faziam exig\u00eancias \u00e0 dire\u00e7\u00e3o da EBC. No lugar, foi criado um Comit\u00ea Editorial que nunca foi instalado.<\/p>\n<p>Em 2024, a<strong> EBC<\/strong> criou o <a href=\"https:\/\/agenciabrasil.ebc.com.br\/geral\/noticia\/2024-08\/ebc-cria-comite-de-participacao-social-diversidade-e-inclusao\">Comit\u00ea de Participa\u00e7\u00e3o Social<\/a> e elegeu os representantes da sociedade. O novo colegiado e o Comit\u00ea Editorial <a href=\"https:\/\/agenciabrasil.ebc.com.br\/geral\/noticia\/2024-12\/ebc-anuncia-representantes-da-sociedade-para-comite-de-participacao\">aguardam a nomea\u00e7\u00e3o<\/a> dos conselheiros pela Secretaria de Comunica\u00e7\u00e3o (Secom) da Presid\u00eancia da Rep\u00fablica.<\/p>\n<div class=\"noticias-relacionadas rel-position rowflex\"><\/div>\n<\/div>\n","protected":false},"excerpt":{"rendered":"<p>Avalia\u00e7\u00e3o \u00e9 de especialistas em especial de 35 anos da Ag\u00eancia Brasil<\/p>\n","protected":false},"author":1,"featured_media":0,"comment_status":"closed","ping_status":"open","sticky":false,"template":"","format":"standard","meta":{"_exactmetrics_skip_tracking":false,"_exactmetrics_sitenote_active":false,"_exactmetrics_sitenote_note":"","_exactmetrics_sitenote_category":0,"jetpack_post_was_ever_published":false,"_jetpack_newsletter_access":"","_jetpack_dont_email_post_to_subs":false,"_jetpack_newsletter_tier_id":0,"_jetpack_memberships_contains_paywalled_content":false,"_jetpack_memberships_contains_paid_content":false,"footnotes":"","jetpack_publicize_message":"","jetpack_publicize_feature_enabled":true,"jetpack_social_post_already_shared":true,"jetpack_social_options":{"image_generator_settings":{"template":"highway","enabled":false},"version":2}},"categories":[1],"tags":[1332,331,1155],"class_list":["post-36780","post","type-post","status-publish","format-standard","hentry","category-notas","tag-comunicacao-publica","tag-ebc","tag-midia"],"jetpack_publicize_connections":[],"jetpack_sharing_enabled":true,"jetpack_featured_media_url":"","jetpack_shortlink":"https:\/\/wp.me\/p7wKYW-9ze","jetpack-related-posts":[],"_links":{"self":[{"href":"http:\/\/blogdalucianaoliveira.com.br\/blog\/wp-json\/wp\/v2\/posts\/36780","targetHints":{"allow":["GET"]}}],"collection":[{"href":"http:\/\/blogdalucianaoliveira.com.br\/blog\/wp-json\/wp\/v2\/posts"}],"about":[{"href":"http:\/\/blogdalucianaoliveira.com.br\/blog\/wp-json\/wp\/v2\/types\/post"}],"author":[{"embeddable":true,"href":"http:\/\/blogdalucianaoliveira.com.br\/blog\/wp-json\/wp\/v2\/users\/1"}],"replies":[{"embeddable":true,"href":"http:\/\/blogdalucianaoliveira.com.br\/blog\/wp-json\/wp\/v2\/comments?post=36780"}],"version-history":[{"count":1,"href":"http:\/\/blogdalucianaoliveira.com.br\/blog\/wp-json\/wp\/v2\/posts\/36780\/revisions"}],"predecessor-version":[{"id":36782,"href":"http:\/\/blogdalucianaoliveira.com.br\/blog\/wp-json\/wp\/v2\/posts\/36780\/revisions\/36782"}],"wp:attachment":[{"href":"http:\/\/blogdalucianaoliveira.com.br\/blog\/wp-json\/wp\/v2\/media?parent=36780"}],"wp:term":[{"taxonomy":"category","embeddable":true,"href":"http:\/\/blogdalucianaoliveira.com.br\/blog\/wp-json\/wp\/v2\/categories?post=36780"},{"taxonomy":"post_tag","embeddable":true,"href":"http:\/\/blogdalucianaoliveira.com.br\/blog\/wp-json\/wp\/v2\/tags?post=36780"}],"curies":[{"name":"wp","href":"https:\/\/api.w.org\/{rel}","templated":true}]}}