{"id":36783,"date":"2025-05-12T10:38:59","date_gmt":"2025-05-12T14:38:59","guid":{"rendered":"https:\/\/blogdalucianaoliveira.com.br\/blog\/?p=36783"},"modified":"2025-05-12T10:38:59","modified_gmt":"2025-05-12T14:38:59","slug":"risco-de-negro-ser-vitima-de-homicidio-e-27-vezes-maior-no-brasil","status":"publish","type":"post","link":"http:\/\/blogdalucianaoliveira.com.br\/blog\/2025\/05\/12\/risco-de-negro-ser-vitima-de-homicidio-e-27-vezes-maior-no-brasil\/","title":{"rendered":"Risco de negro ser v\u00edtima de homic\u00eddio \u00e9 2,7 vezes maior no Brasil"},"content":{"rendered":"<p><img data-recalc-dims=\"1\" loading=\"lazy\" decoding=\"async\" data-attachment-id=\"36784\" data-permalink=\"http:\/\/blogdalucianaoliveira.com.br\/blog\/2025\/05\/12\/risco-de-negro-ser-vitima-de-homicidio-e-27-vezes-maior-no-brasil\/img_1646\/\" data-orig-file=\"https:\/\/i0.wp.com\/blogdalucianaoliveira.com.br\/blog\/wp-content\/uploads\/2025\/05\/IMG_1646.webp?fit=750%2C536\" data-orig-size=\"750,536\" data-comments-opened=\"0\" data-image-meta=\"{&quot;aperture&quot;:&quot;0&quot;,&quot;credit&quot;:&quot;&quot;,&quot;camera&quot;:&quot;&quot;,&quot;caption&quot;:&quot;&quot;,&quot;created_timestamp&quot;:&quot;0&quot;,&quot;copyright&quot;:&quot;&quot;,&quot;focal_length&quot;:&quot;0&quot;,&quot;iso&quot;:&quot;0&quot;,&quot;shutter_speed&quot;:&quot;0&quot;,&quot;title&quot;:&quot;&quot;,&quot;orientation&quot;:&quot;0&quot;}\" data-image-title=\"IMG_1646\" data-image-description=\"\" data-image-caption=\"\" data-medium-file=\"https:\/\/i0.wp.com\/blogdalucianaoliveira.com.br\/blog\/wp-content\/uploads\/2025\/05\/IMG_1646.webp?fit=300%2C214\" data-large-file=\"https:\/\/i0.wp.com\/blogdalucianaoliveira.com.br\/blog\/wp-content\/uploads\/2025\/05\/IMG_1646.webp?fit=600%2C429\" class=\"alignnone size-medium wp-image-36784\" src=\"https:\/\/i0.wp.com\/blogdalucianaoliveira.com.br\/blog\/wp-content\/uploads\/2025\/05\/IMG_1646.webp?resize=300%2C214\" alt=\"\" width=\"300\" height=\"214\" srcset=\"https:\/\/i0.wp.com\/blogdalucianaoliveira.com.br\/blog\/wp-content\/uploads\/2025\/05\/IMG_1646.webp?resize=300%2C214 300w, https:\/\/i0.wp.com\/blogdalucianaoliveira.com.br\/blog\/wp-content\/uploads\/2025\/05\/IMG_1646.webp?resize=420%2C300 420w, https:\/\/i0.wp.com\/blogdalucianaoliveira.com.br\/blog\/wp-content\/uploads\/2025\/05\/IMG_1646.webp?w=750 750w\" sizes=\"auto, (max-width: 300px) 100vw, 300px\" \/><\/p>\n<h2 class=\"jeg_post_subtitle\">Mais de 35 mil foram mortos em 2023, mostra Atlas da Viol\u00eancia<\/h2>\n<p><!--more--><\/p>\n<p>BDF &#8211; Ser uma<strong>\u00a0pessoa negra no Brasil<\/strong>\u00a0faz voc\u00ea enfrentar um\u00a0<strong>risco 2,7 vezes maior de ser v\u00edtima de homic\u00eddio do que uma pessoa n\u00e3o negra<\/strong>. A constata\u00e7\u00e3o faz parte do<em>\u00a0Atlas da Viol\u00eancia<\/em>, divulgado nesta segunda-feira (12), no Rio de Janeiro.<img data-recalc-dims=\"1\" decoding=\"async\" class=\"lazy loaded\" src=\"https:\/\/i0.wp.com\/agenciabrasil.ebc.com.br\/ebc.png?w=600&#038;ssl=1\" data-src=\"https:\/\/agenciabrasil.ebc.com.br\/ebc.png?id=1642225&amp;o=node\" data-pin-no-hover=\"true\" data-was-processed=\"true\" \/><img data-recalc-dims=\"1\" decoding=\"async\" class=\"lazy loaded\" src=\"https:\/\/i0.wp.com\/agenciabrasil.ebc.com.br\/ebc.gif?w=600&#038;ssl=1\" data-src=\"https:\/\/agenciabrasil.ebc.com.br\/ebc.gif?id=1642225&amp;o=node\" data-pin-no-hover=\"true\" data-was-processed=\"true\" \/><\/p>\n<p>O dado foi apurado em 2023. Apesar de ser\u00a0<strong>uma redu\u00e7\u00e3o ante 2022<\/strong>, quando o risco era 2,8 vezes maior, o\u00a0<strong>indicador revela um aumento em rela\u00e7\u00e3o a 2013<\/strong>. Naquele ano, a pessoa negra tinha 2,4 vezes mais chances de ser morta do que uma n\u00e3o negra.<\/p>\n<div class=\"jeg_ad jeg_ad_article jnews_content_inline_ads  \">\n<div class=\"ads-wrapper align-center \">\n<div class=\"ads_shortcode\">\n<div class=\"ads-region-container\" data-slot=\"artigos-leaderboard-incontent-1\" data-region=\"br\" data-slot-name=\"artigos-leaderboard-incontent-1-br\">\n<div id=\"div-gpt-ad-artigos-medium_incontent_1\" class=\"ad-slot\"><\/div>\n<\/div>\n<\/div>\n<\/div>\n<\/div>\n<p>O\u00a0<em>Atlas da Viol\u00eancia<\/em>\u00a0\u00e9 elaborado pelo Instituto de Pesquisa Econ\u00f4mica Aplicada (Ipea), vinculado ao governo federal, e pelo F\u00f3rum Brasileiro de Seguran\u00e7a P\u00fablica (FBSP), uma organiza\u00e7\u00e3o sem fins lucrativos.<\/p>\n<p>O estudo coordenado pelo pesquisador Daniel Cerqueira, do Ipea, e pela diretora executiva do FBSP, Samira Bueno, considera como negros o conjunto de pessoas pretas e pardas, que somam 55,5% da popula\u00e7\u00e3o brasileira e\u00a0<a href=\"https:\/\/agenciabrasil.ebc.com.br\/direitos-humanos\/noticia\/2025-04\/pretos-e-pardos-tem-menos-acesso-infraestrutura-urbana-que-brancos\" target=\"_blank\" rel=\"noreferrer noopener\">enfrentam as piores condi\u00e7\u00f5es socioecon\u00f4micas<\/a>.<\/p>\n<p>O grupo populacional classificado como n\u00e3o negro \u00e9 a soma de pessoas brancas, amarelas e ind\u00edgenas.<\/p>\n<div class=\"jeg_ad jeg_ad_article jnews_content_inline_2_ads  \">\n<div class=\"ads-wrapper align-center \">\n<div class=\"ads_shortcode\">\n<div class=\"ads-region-container\" data-slot=\"artigos-leaderboard-incontent-2\" data-region=\"br\" data-slot-name=\"artigos-leaderboard-incontent-2-br\">\n<div id=\"div-gpt-ad-artigos-medium_incontent_2\" class=\"ad-slot\"><\/div>\n<\/div>\n<\/div>\n<\/div>\n<\/div>\n<p>O documento coleta dados de fontes oficiais, como o Instituto Brasileiro de Geografia e Estat\u00edstica (IBGE), respons\u00e1vel pela contagem da popula\u00e7\u00e3o, e o Sistema de Informa\u00e7\u00f5es sobre Mortalidade (SIM) e Sistema de Informa\u00e7\u00e3o de Agravos de Notifica\u00e7\u00e3o (Sinan), do Minist\u00e9rio da Sa\u00fade.<\/p>\n<h4 class=\"wp-block-heading\">Homic\u00eddios<\/h4>\n<p>Ao apontar que o pa\u00eds teve 45,7 mil homic\u00eddios registrados em 2023 e taxa de homic\u00eddios de 21,2 para cada 100 mil habitantes, o estudo cruza dados com caracter\u00edsticas da popula\u00e7\u00e3o, de forma que consiga apresentar informa\u00e7\u00f5es sobre o risco de ser v\u00edtima de viol\u00eancia.<\/p>\n<div class=\"jeg_ad jeg_ad_article jnews_content_inline_3_ads  \">\n<div class=\"ads-wrapper align-center \">\n<div class=\"ads_shortcode\"><\/div>\n<\/div>\n<\/div>\n<p>Entre\u00a02013 e 2023, o\u00a0n\u00famero de homic\u00eddios caiu 20,3%.<\/p>\n<p>\u201cEmbora os dados apontem para uma redu\u00e7\u00e3o geral dos homic\u00eddios no pa\u00eds, essa tend\u00eancia n\u00e3o se distribui de forma equ\u00e2nime entre os grupos de pessoas negras e n\u00e3o negras\u201d, registra o texto.<\/p>\n<p>Ao analisar os \u00edndices de risco, os pesquisadores apontam que,\u00a0apesar dos avan\u00e7os na diminui\u00e7\u00e3o geral dos homic\u00eddios, \u201ca desigualdade racial associada \u00e0 viol\u00eancia letal n\u00e3o apenas persiste, como se intensifica\u201d.<\/p>\n<p>Dizer que o negro tinha chance de ser v\u00edtima 2,4 vezes maior que o n\u00e3o negro em 2013 e 2,7 vezes maior em 2023 representa que esse risco saltou 15,6% no per\u00edodo.<\/p>\n<h4 class=\"wp-block-heading\">&gt;&gt; Veja os n\u00fameros:<\/h4>\n<ul class=\"wp-block-list\">\n<li>Em\u00a02023, houve\u00a09,9 mil homic\u00eddios de pessoas n\u00e3o negras, equivalendo a uma\u00a0taxa de 10,6 para cada 100 mil habitantes.<\/li>\n<li>Entre\u00a0os pretos e pardos, foram\u00a035.213 homic\u00eddios, representando\u00a0taxa de 28,9 registros para cada grupo de 100 mil habitantes.<\/li>\n<li>Desde\u00a02013, a\u00a0taxa dos negros caiu 21,5%, diminuindo de 36,8 para 28,9.<\/li>\n<li>Taxa dos n\u00e3o negros recuou 32,1%, passando de 15,6 para 10,6.<\/li>\n<\/ul>\n<p>\u201cOs n\u00fameros que trazemos desnudam as desigualdades e o racismo estrutural que t\u00eam atingido a popula\u00e7\u00e3o negra brasileira, traduzidos na viol\u00eancia letal\u201d, escreve o Atlas.<\/p>\n<h4 class=\"wp-block-heading\">Viol\u00eancia e racismo<\/h4>\n<p>Os pesquisadores concluem que\u00a0\u201cas discrep\u00e2ncias observadas nas taxas e no risco relativo de vitimiza\u00e7\u00e3o letal evidenciam que a popula\u00e7\u00e3o negra permanece submetida a um cen\u00e1rio de viol\u00eancia desproporcional\u201d.<\/p>\n<p>Os autores lembram que desde 2013\u00a0houve marcos pol\u00edticos e jur\u00eddicos, como a cria\u00e7\u00e3o da Secretaria de Pol\u00edticas de Promo\u00e7\u00e3o da Igualdade Racial, em 2013, pelo governo federal; a cria\u00e7\u00e3o do Minist\u00e9rio da Igualdade Racial, em 2023; a\u00a0<a href=\"https:\/\/www.planalto.gov.br\/ccivil_03\/_ato2011-2014\/2014\/lei\/l12990.htm\" target=\"_blank\" rel=\"noreferrer noopener\">Lei 12.990<\/a>, de 2014, que reservou 20% de cotas raciais nos concursos da administra\u00e7\u00e3o p\u00fablica federal; e a\u00a0<a href=\"https:\/\/www.planalto.gov.br\/ccivil_03\/_ato2023-2026\/2023\/lei\/l14532.htm\" target=\"_blank\" rel=\"noreferrer noopener\">Lei 14.532<\/a>, de 2023, que igualou o crime de inj\u00faria racial ao de racismo.<\/p>\n<p>Entretanto, refor\u00e7a o\u00a0<em>Atlas da Viol\u00eancia<\/em>, os\u00a0dados demonstram a \u201cperman\u00eancia de uma estrutura racializada [quando a ra\u00e7a ou identidade racial \u00e9 usada para categorizar, discriminar ou conceder privil\u00e9gios]\u00a0da viol\u00eancia, que se expressa de maneira diferenciada nos territ\u00f3rios e resiste mesmo em contextos de avan\u00e7os legislativos e institucionais no campo das pol\u00edticas p\u00fablicas\u201d.<\/p>\n<h4 class=\"wp-block-heading\">Morte de ind\u00edgenas<\/h4>\n<p>A pesquisa do Ipea e do FBSP tamb\u00e9m se debru\u00e7a sobre a\u00a0viol\u00eancia contra ind\u00edgenas. Os dados mostram que, em\u00a02023, foram\u00a0234 homic\u00eddios. Isso indica\u00a0taxa de 22,8 por cada 100 mil habitantes.<\/p>\n<p>Apesar de ser um\u00a0\u00edndice superior ao da popula\u00e7\u00e3o brasileira como um todo (21,2), o estudo identifica uma converg\u00eancia ao longo dos anos, ou seja,\u00a0diminuiu a diferen\u00e7a entre os grupos populacionais.<\/p>\n<p><strong>&gt;&gt; Taxa de homic\u00eddios por cada 100 mil habitantes:<\/strong><\/p>\n<p><strong>2013<\/strong><br \/>\nInd\u00edgenas: 60,5<br \/>\nBrasil: 28,8<\/p>\n<p><strong>2018<\/strong><br \/>\nInd\u00edgenas: 29,5<br \/>\nBrasil: 27,9<\/p>\n<p><strong>2023<\/strong><br \/>\nInd\u00edgenas: 22,8<br \/>\nBrasil: 21,2<\/p>\n<p>Especificamente entre 2022 e 2023, houve comportamento inverso, com aumento da taxa entre ind\u00edgenas (21,5 para 22,8) e redu\u00e7\u00e3o da brasileira (21,7 para 21,2).<\/p>\n<p>Ao observar as informa\u00e7\u00f5es nos estados,\u00a0Roraima apresenta indicador mais de dez vezes o do Brasil: 235,3 homic\u00eddios por 100 mil habitantes. Em seguida figura Mato Grosso do Sul (178,7).<\/p>\n<p>Os pesquisadores descrevem os\u00a0n\u00fameros de homic\u00eddios de ind\u00edgenas como \u201cproblema grave e complexo\u201d, e fazem a ressalva de que os dados do Sistema de Informa\u00e7\u00f5es sobre Mortalidade apresentam \u201caus\u00eancia da caracteriza\u00e7\u00e3o dos povos ind\u00edgenas (ou das etnias)\u201d.<\/p>\n<p>\u201cMais interessante seria se consegu\u00edssemos analisar a viol\u00eancia sofrida por cada povo\u201d, observa.<\/p>\n<p>O documento frisa que sem os dados por etnias, fica impedida a compreens\u00e3o detalhada da viol\u00eancia letal enfrentada por cada povo ind\u00edgena, \u201cn\u00e3o se podendo inferir, por exemplo, os reais riscos de desaparecimento de povos que possuem baixa representatividade demogr\u00e1fica e altas taxas de homic\u00eddio\u201d.<\/p>\n<h4 class=\"wp-block-heading\">Povos agredidos<\/h4>\n<p>A identifica\u00e7\u00e3o dos povos ind\u00edgenas foi poss\u00edvel quando se buscou dados de interna\u00e7\u00e3o hospitalares decorrente de agress\u00f5es. Os dados cobrem de\u00a02013 at\u00e9 2024. Nesse per\u00edodo, foram\u00a0contabilizadas 1.554 interna\u00e7\u00f5es.<\/p>\n<p>Com as informa\u00e7\u00f5es de etnias dispon\u00edveis, o\u00a0<em>Atlas da Viol\u00eancia<\/em>\u00a0afirma que\u00a0\u201cas dimens\u00f5es hist\u00f3ricas da viol\u00eancia sofrida por ind\u00edgenas restam evidentes\u201d.<\/p>\n<p><strong>&gt;&gt; Povos com mais interna\u00e7\u00f5es por agress\u00e3o:<\/strong><\/p>\n<ul class=\"wp-block-list\">\n<li><strong>Guarani-Kaiow\u00e1<\/strong>, no Mato Grosso do Sul, 574 casos (36,9% de todos os casos)<\/li>\n<li><strong>Kaingang<\/strong>\u00a0registrou 142 casos de interna\u00e7\u00f5es nos estados de Santa Catarina, Rio Grande do Sul, Paran\u00e1 e S\u00e3o Paulo<\/li>\n<li><strong>Terena<\/strong>\u00a0(66), maioria no Mato Grosso do Sul<\/li>\n<\/ul>\n<p>Os autores do levantamento acrescentam que o\u00a0contexto da viol\u00eancia contra o povo Guarani-Kaiow\u00e1 \u00e9 marcado pelo avan\u00e7o do agroneg\u00f3cio\u00a0e pela\u00a0piora das condi\u00e7\u00f5es de vida, sobretudo no Mato Grosso do Sul.<\/p>\n<p>\u201cComo resultado, acompanha-se o aumento de conflitos armados e, consequentemente, agress\u00f5es f\u00edsicas diretamente relacionadas \u00e0 defesa de direitos e retomada de territ\u00f3rios tradicionais\u201d, informa.<\/p>\n<div class=\"jeg_meta_post_footer\"><\/div>\n<p>Artigo original publicado em <a href=\"https:\/\/agenciabrasil.ebc.com.br\/direitos-humanos\/noticia\/2025-05\/risco-de-negro-ser-vitima-de-homicidio-e-27-vezes-maior-no-brasil\" target=\"_blank\" rel=\"noopener\">Ag\u00eancia Brasil<\/a>.<\/p>\n","protected":false},"excerpt":{"rendered":"<p>Mais de 35 mil foram mortos em 2023, mostra Atlas da Viol\u00eancia<\/p>\n","protected":false},"author":1,"featured_media":0,"comment_status":"closed","ping_status":"open","sticky":false,"template":"","format":"standard","meta":{"_exactmetrics_skip_tracking":false,"_exactmetrics_sitenote_active":false,"_exactmetrics_sitenote_note":"","_exactmetrics_sitenote_category":0,"jetpack_post_was_ever_published":false,"_jetpack_newsletter_access":"","_jetpack_dont_email_post_to_subs":false,"_jetpack_newsletter_tier_id":0,"_jetpack_memberships_contains_paywalled_content":false,"_jetpack_memberships_contains_paid_content":false,"footnotes":"","jetpack_publicize_message":"","jetpack_publicize_feature_enabled":true,"jetpack_social_post_already_shared":true,"jetpack_social_options":{"image_generator_settings":{"template":"highway","enabled":false},"version":2}},"categories":[1],"tags":[306,1085,34],"class_list":["post-36783","post","type-post","status-publish","format-standard","hentry","category-notas","tag-indigenas","tag-negros","tag-violencia"],"jetpack_publicize_connections":[],"jetpack_sharing_enabled":true,"jetpack_featured_media_url":"","jetpack_shortlink":"https:\/\/wp.me\/p7wKYW-9zh","jetpack-related-posts":[],"_links":{"self":[{"href":"http:\/\/blogdalucianaoliveira.com.br\/blog\/wp-json\/wp\/v2\/posts\/36783","targetHints":{"allow":["GET"]}}],"collection":[{"href":"http:\/\/blogdalucianaoliveira.com.br\/blog\/wp-json\/wp\/v2\/posts"}],"about":[{"href":"http:\/\/blogdalucianaoliveira.com.br\/blog\/wp-json\/wp\/v2\/types\/post"}],"author":[{"embeddable":true,"href":"http:\/\/blogdalucianaoliveira.com.br\/blog\/wp-json\/wp\/v2\/users\/1"}],"replies":[{"embeddable":true,"href":"http:\/\/blogdalucianaoliveira.com.br\/blog\/wp-json\/wp\/v2\/comments?post=36783"}],"version-history":[{"count":1,"href":"http:\/\/blogdalucianaoliveira.com.br\/blog\/wp-json\/wp\/v2\/posts\/36783\/revisions"}],"predecessor-version":[{"id":36785,"href":"http:\/\/blogdalucianaoliveira.com.br\/blog\/wp-json\/wp\/v2\/posts\/36783\/revisions\/36785"}],"wp:attachment":[{"href":"http:\/\/blogdalucianaoliveira.com.br\/blog\/wp-json\/wp\/v2\/media?parent=36783"}],"wp:term":[{"taxonomy":"category","embeddable":true,"href":"http:\/\/blogdalucianaoliveira.com.br\/blog\/wp-json\/wp\/v2\/categories?post=36783"},{"taxonomy":"post_tag","embeddable":true,"href":"http:\/\/blogdalucianaoliveira.com.br\/blog\/wp-json\/wp\/v2\/tags?post=36783"}],"curies":[{"name":"wp","href":"https:\/\/api.w.org\/{rel}","templated":true}]}}