{"id":36786,"date":"2025-05-12T11:28:56","date_gmt":"2025-05-12T15:28:56","guid":{"rendered":"https:\/\/blogdalucianaoliveira.com.br\/blog\/?p=36786"},"modified":"2025-05-12T11:28:56","modified_gmt":"2025-05-12T15:28:56","slug":"relatorio-escancara-os-conflitos-no-campo-em-rondonia","status":"publish","type":"post","link":"http:\/\/blogdalucianaoliveira.com.br\/blog\/2025\/05\/12\/relatorio-escancara-os-conflitos-no-campo-em-rondonia\/","title":{"rendered":"Relat\u00f3rio escancara os conflitos no campo em Rond\u00f4nia"},"content":{"rendered":"<p><img data-recalc-dims=\"1\" loading=\"lazy\" decoding=\"async\" data-attachment-id=\"36787\" data-permalink=\"http:\/\/blogdalucianaoliveira.com.br\/blog\/2025\/05\/12\/relatorio-escancara-os-conflitos-no-campo-em-rondonia\/img_1649-2\/\" data-orig-file=\"https:\/\/i0.wp.com\/blogdalucianaoliveira.com.br\/blog\/wp-content\/uploads\/2025\/05\/IMG_1649-scaled.jpeg?fit=2560%2C1440\" data-orig-size=\"2560,1440\" data-comments-opened=\"0\" data-image-meta=\"{&quot;aperture&quot;:&quot;0&quot;,&quot;credit&quot;:&quot;&quot;,&quot;camera&quot;:&quot;&quot;,&quot;caption&quot;:&quot;&quot;,&quot;created_timestamp&quot;:&quot;0&quot;,&quot;copyright&quot;:&quot;&quot;,&quot;focal_length&quot;:&quot;0&quot;,&quot;iso&quot;:&quot;0&quot;,&quot;shutter_speed&quot;:&quot;0&quot;,&quot;title&quot;:&quot;&quot;,&quot;orientation&quot;:&quot;1&quot;}\" data-image-title=\"IMG_1649\" data-image-description=\"\" data-image-caption=\"\" data-medium-file=\"https:\/\/i0.wp.com\/blogdalucianaoliveira.com.br\/blog\/wp-content\/uploads\/2025\/05\/IMG_1649-scaled.jpeg?fit=300%2C169\" data-large-file=\"https:\/\/i0.wp.com\/blogdalucianaoliveira.com.br\/blog\/wp-content\/uploads\/2025\/05\/IMG_1649-scaled.jpeg?fit=600%2C338\" class=\"alignnone size-medium wp-image-36787\" src=\"https:\/\/i0.wp.com\/blogdalucianaoliveira.com.br\/blog\/wp-content\/uploads\/2025\/05\/IMG_1649.jpeg?resize=300%2C169\" alt=\"\" width=\"300\" height=\"169\" srcset=\"https:\/\/i0.wp.com\/blogdalucianaoliveira.com.br\/blog\/wp-content\/uploads\/2025\/05\/IMG_1649-scaled.jpeg?resize=300%2C169 300w, https:\/\/i0.wp.com\/blogdalucianaoliveira.com.br\/blog\/wp-content\/uploads\/2025\/05\/IMG_1649-scaled.jpeg?resize=1024%2C576 1024w, https:\/\/i0.wp.com\/blogdalucianaoliveira.com.br\/blog\/wp-content\/uploads\/2025\/05\/IMG_1649-scaled.jpeg?resize=768%2C432 768w, https:\/\/i0.wp.com\/blogdalucianaoliveira.com.br\/blog\/wp-content\/uploads\/2025\/05\/IMG_1649-scaled.jpeg?resize=1536%2C864 1536w, https:\/\/i0.wp.com\/blogdalucianaoliveira.com.br\/blog\/wp-content\/uploads\/2025\/05\/IMG_1649-scaled.jpeg?resize=2048%2C1152 2048w, https:\/\/i0.wp.com\/blogdalucianaoliveira.com.br\/blog\/wp-content\/uploads\/2025\/05\/IMG_1649-scaled.jpeg?resize=533%2C300 533w, https:\/\/i0.wp.com\/blogdalucianaoliveira.com.br\/blog\/wp-content\/uploads\/2025\/05\/IMG_1649-scaled.jpeg?w=1200 1200w, https:\/\/i0.wp.com\/blogdalucianaoliveira.com.br\/blog\/wp-content\/uploads\/2025\/05\/IMG_1649-scaled.jpeg?w=1800 1800w\" sizes=\"auto, (max-width: 300px) 100vw, 300px\" \/><\/p>\n<p>Os dados foram publicados pela Comiss\u00e3o Pastoral da Terra (CPT) no caderno de conflitos no campo de 2024.<!--more--><\/p>\n<div><b>Reda\u00e7\u00e3o Voz da Terra<\/b> &#8211; Em Rond\u00f4nia, os conflitos agr\u00e1rios continuam acentuados. Os dados mais recentes da <a href=\"https:\/\/www.vozdaterra.com\/search\/?q=Comiss%C3%A3o%20Pastoral%20da%20Terra%20(CPT)&amp;max-results=6\" target=\"_blank\" rel=\"noopener\">Comiss\u00e3o Pastoral da Terra (CPT)<\/a>, reunidos no <a href=\"https:\/\/www.vozdaterra.com\/search\/?q=Conflitos%20no%20Campo%20Brasil%202024&amp;max-results=6\" target=\"_blank\" rel=\"noopener\">relat\u00f3rio Conflitos no Campo Brasil 2024<\/a>, revelam um cen\u00e1rio marcado por ocupa\u00e7\u00f5es, desrespeito a direitos b\u00e1sicos, aumento das contamina\u00e7\u00f5es por agrot\u00f3xicos e epis\u00f3dios de viol\u00eancia letal.<\/div>\n<div><\/div>\n<div>Em meio a esse retrato, a fala do professor Afonso Chagas, da <a href=\"https:\/\/www.vozdaterra.com\/search\/?q=Universidade%20Federal%20de%20Rond%C3%B4nia%20(UNIR)&amp;max-results=6\" target=\"_blank\" rel=\"noopener\">Universidade Federal de Rond\u00f4nia (UNIR)<\/a>, sintetiza o problema: \u201cEstamos diante de uma engrenagem que devora gente e floresta para alimentar um modelo de desenvolvimento que n\u00e3o nos serve\u201d.<\/div>\n<div><\/div>\n<div>O caderno foi tornado p\u00fablico em Porto Velho na manh\u00e3 da \u00faltima sexta-feira, 09, no audit\u00f3rio do Minist\u00e9rio P\u00fablico do Trabalho. O evento lembrou a morte de dezenas de pessoas no massacre de Corumbiara, que aconteceu em 09 de agosto de 1995 em Rond\u00f4nia.<\/div>\n<div><\/div>\n<div>De acordo com a CPT, Rond\u00f4nia registrou em 2024 um total de 123 conflitos por terra, atingindo mais de 9.400 fam\u00edlias. Foram 3 grandes ocupa\u00e7\u00f5es e 4 acampamentos ao longo do ano, especialmente em \u00e1reas como Nova Brasil\u00e2ndia do Oeste, Porto Velho, Vilhena e Alta Floresta do Oeste.<\/div>\n<div><\/div>\n<div>Povos ind\u00edgenas, sem-terra, posseiros, quilombolas e pequenos agricultores lideraram essas mobiliza\u00e7\u00f5es, enfrentando a resist\u00eancia armada das mil\u00edcias e a omiss\u00e3o do Estado.<\/div>\n<div><\/div>\n<div>&#8220;Os dados trazidos pelo caderno evidenciam que a n\u00e3o realiza\u00e7\u00e3o da reforma agr\u00e1ria e a destina\u00e7\u00e3o de terras para mercado agravam a viol\u00eancia no campo. De um lado, grandes empresas abocanham cada vez mais extensas \u00e1reas de terras agricult\u00e1veis e para as milhares de fam\u00edlias que buscam um peda\u00e7o de terra a resposta \u00e9 a viol\u00eancia e a criminaliza\u00e7\u00e3o&#8221;, diz Welington Lamburgini que faz parte da coordena\u00e7\u00e3o CPT estadual.<\/div>\n<div><\/div>\n<div>\n<table class=\"tr-caption-container\" cellspacing=\"0\" cellpadding=\"0\" align=\"center\">\n<tbody>\n<tr>\n<td><a href=\"https:\/\/i0.wp.com\/blogger.googleusercontent.com\/img\/b\/R29vZ2xl\/AVvXsEhKpU6KF9jzOOWPIYn2JVIR_twCsw1rl7y-TQ-bVfUIUYzAFnNOVMcUaqt35JpCasp_oxm1VnYr_rz0slOCPfsSFG_DsG5bbiQwAD54vYL2HT9Q77lmm2sPxq2yKDCjbA0XtipdV9i6obz-7LsLNCn4x7JBh0BHNwNXk92DZlLkSeP5vUjszReAtntMCY6T\/s8064\/CPT%2520RO%2520Foto%2520de%2520Francisco%2520Costa%2520Voz%2520da%2520Terra%25202.JPG?ssl=1\"><img data-recalc-dims=\"1\" decoding=\"async\" src=\"https:\/\/i0.wp.com\/blogger.googleusercontent.com\/img\/b\/R29vZ2xl\/AVvXsEhKpU6KF9jzOOWPIYn2JVIR_twCsw1rl7y-TQ-bVfUIUYzAFnNOVMcUaqt35JpCasp_oxm1VnYr_rz0slOCPfsSFG_DsG5bbiQwAD54vYL2HT9Q77lmm2sPxq2yKDCjbA0XtipdV9i6obz-7LsLNCn4x7JBh0BHNwNXk92DZlLkSeP5vUjszReAtntMCY6T\/s16000\/CPT%2520RO%2520Foto%2520de%2520Francisco%2520Costa%2520Voz%2520da%2520Terra%25202.JPG?w=600&#038;ssl=1\" border=\"0\" data-original-height=\"4536\" data-original-width=\"8064\" \/><\/a><\/td>\n<\/tr>\n<tr>\n<td class=\"tr-caption\">Lan\u00e7amento do caderno de conflitos 2024 da Comiss\u00e3o Pastoral da Terra de Rond\u00f4nia. (Foto: @ Francisco Costa &#8211; Voz da Terra)<\/td>\n<\/tr>\n<\/tbody>\n<\/table>\n<\/div>\n<div><\/div>\n<div><b>Mortes no campo\u00a0<\/b><\/div>\n<div><\/div>\n<div>Um dos casos mais emblem\u00e1ticos ocorreu no Acampamento Terra Santa, em Nova Mamor\u00e9. Em outubro, o pequeno produtor Jo\u00e3o Teixeira de Souza, conhecido como Jo\u00e3o da Van, foi assassinado. Era uma lideran\u00e7a local envolvida na luta pela regulariza\u00e7\u00e3o fundi\u00e1ria.<\/div>\n<div><\/div>\n<div>A morte de Jo\u00e3o se somou a outras 12 v\u00edtimas em todo o Brasil naquele ano, todas em contexto de disputas agr\u00e1rias. Rond\u00f4nia teve ainda seis registros de tentativas de assassinato em \u00e1reas como Porto Velho, Guajar\u00e1-Mirim e Costa Marques.<\/div>\n<div><\/div>\n<div>\u201cA viol\u00eancia virou ferramenta de silenciamento. Quando n\u00e3o se resolve pela caneta, tenta-se pelo fuzil\u201d, afirmou Afonso Chagas em refer\u00eancia ao aumento da letalidade nos conflitos fundi\u00e1rios em seu artigo publicado no Caderno de Conflitos.<\/div>\n<div><\/div>\n<div><b>Conflitos por \u00e1gua, barragens e invisibilidade<\/b><\/div>\n<div><\/div>\n<div>O avan\u00e7o das usinas hidrel\u00e9tricas continua no foco das tens\u00f5es entre comunidades tradicionais e grandes empreendimentos. Rond\u00f4nia registrou sete grandes conflitos por \u00e1gua em 2024, que atingiram mais de 4 mil fam\u00edlias. Os casos se concentraram em Ji-Paran\u00e1, Porto Velho, Seringueiras e Machadinho D\u2019Oeste.<\/div>\n<div><\/div>\n<div>A principal queixa \u00e9 o \u201cn\u00e3o cumprimento de procedimentos legais\u201d por parte dos empreendedores, especialmente em obras como a Usina Hidrel\u00e9trica Tabajara e os complexos de Jirau e Santo Ant\u00f4nio.<\/div>\n<div><\/div>\n<div>A CPT revelou que terras ind\u00edgenas Karitiana, em Porto Velho, e Purubor\u00e1, no Vale do Guapor\u00e9, foram diretamente impactadas por agressores ambientais.<\/div>\n<div><\/div>\n<div>O professor Afonso chama aten\u00e7\u00e3o para o car\u00e1ter estrutural desses abusos. \u201cOs corredores log\u00edsticos e as hidrel\u00e9tricas se imp\u00f5em como megaprojetos de fora para dentro. O que est\u00e1 em jogo \u00e9 o territ\u00f3rio, n\u00e3o a efici\u00eancia energ\u00e9tica\u201d.<\/div>\n<div><\/div>\n<div>\n<table class=\"tr-caption-container\" cellspacing=\"0\" cellpadding=\"0\" align=\"center\">\n<tbody>\n<tr>\n<td><a href=\"https:\/\/i0.wp.com\/blogger.googleusercontent.com\/img\/b\/R29vZ2xl\/AVvXsEigXcv_P8wD6ozoFPc3tFQUkb7N3n6M6FtO1oflU6u5zwIHWgvozFg6XJLRr_iC4N3Hq8fBdPZ9ziAm6ri9Kx5nKPsq68eGaWvXdeyFvZ90weY-eZZXr2mFNz6ewE_uMzdUfknEeUNbTSCVK_skyAuteZAC8XqxkjUHW1DbPzfwClSDLIimatE-mTiEFZXf\/s4032\/CPT%2520RO%2520Foto%2520Francisco%2520Costa%2520Voz%2520da%2520Terra%25203.JPG?ssl=1\"><img data-recalc-dims=\"1\" decoding=\"async\" src=\"https:\/\/i0.wp.com\/blogger.googleusercontent.com\/img\/b\/R29vZ2xl\/AVvXsEigXcv_P8wD6ozoFPc3tFQUkb7N3n6M6FtO1oflU6u5zwIHWgvozFg6XJLRr_iC4N3Hq8fBdPZ9ziAm6ri9Kx5nKPsq68eGaWvXdeyFvZ90weY-eZZXr2mFNz6ewE_uMzdUfknEeUNbTSCVK_skyAuteZAC8XqxkjUHW1DbPzfwClSDLIimatE-mTiEFZXf\/s16000\/CPT%2520RO%2520Foto%2520Francisco%2520Costa%2520Voz%2520da%2520Terra%25203.JPG?w=600&#038;ssl=1\" border=\"0\" data-original-height=\"2268\" data-original-width=\"4032\" \/><\/a><\/td>\n<\/tr>\n<tr>\n<td class=\"tr-caption\">Advogado e integrante da Comiss\u00e3o Pastoral da Terra Welington Lamburgini apresenta o relat\u00f3rio de conflitos de 2024. (Foto: @ Francisco Costa &#8211; Voz da Terra)<\/td>\n<\/tr>\n<\/tbody>\n<\/table>\n<\/div>\n<div><b>Trabalho escravo no setor pecu\u00e1rio<\/b><\/div>\n<div><\/div>\n<div>Segundo a CPT, houve duas ocorr\u00eancias de trabalho escravo em \u00e1reas rurais em 2024, todas na zona rural de Porto Velho. Quatro trabalhadores, incluindo menores de idade, foram resgatados de fazendas de cria\u00e7\u00e3o de gado bovino de corte situadas pr\u00f3ximas a reservas extrativistas e terras ind\u00edgenas. Os casos seguem a l\u00f3gica j\u00e1 conhecida pela CPT: isolamento, precariedade extrema, e nega\u00e7\u00e3o de direitos b\u00e1sicos.<\/div>\n<div><\/div>\n<div>A impunidade estrutural \u00e9 refor\u00e7ada pela fragilidade da fiscaliza\u00e7\u00e3o. A CPT apontou que a greve dos auditores fiscais do trabalho em 2024 reduziu a atua\u00e7\u00e3o do Estado. Para Afonso Chagas, \u201co trabalho escravo \u00e9 a engrenagem oculta que movimenta o agroneg\u00f3cio competitivo. Sem sal\u00e1rio, sem direitos, sem futuro\u201d.<\/div>\n<div><\/div>\n<div>&#8220;A quest\u00e3o agr\u00e1ria \u00e9 uma quest\u00e3o de pol\u00edtica p\u00fablica urgente, a \u00fanica forma de garantir alimentos saud\u00e1veis para toda a popula\u00e7\u00e3o do campo e da cidade. Ademais, a quest\u00e3o ambiental, principalmente pelo modelo agr\u00edcola do agroneg\u00f3cio baseado no agrot\u00f3xicos em grandes quantidades e na monocultura tem agravado a contamina\u00e7\u00e3o e trazido doen\u00e7as. A terra, presente de Deus, \u00e9 para ser fonte de vida e n\u00e3o de doen\u00e7a como o agroneg\u00f3cio tem feito&#8221;, explica Welington.<\/div>\n<div><\/div>\n<div><b>Contamina\u00e7\u00e3o por agrot\u00f3xicos e minera\u00e7\u00e3o<\/b><\/div>\n<div><\/div>\n<div>Outro dado preocupante \u00e9 o aumento de 54% nos casos de contamina\u00e7\u00e3o por agrot\u00f3xicos entre 2023 e 2024 em Rond\u00f4nia. Isso demonstra o risco a que est\u00e3o expostos trabalhadores rurais, ind\u00edgenas e ribeirinhos em territ\u00f3rios onde se expande o agroneg\u00f3cio.<\/div>\n<div><\/div>\n<div>Em paralelo, a CPT aponta 102 registros de contamina\u00e7\u00e3o por min\u00e9rio, especialmente em \u00e1reas pr\u00f3ximas a garimpos ilegais. Mulheres foram alvo de pelo menos 35 ocorr\u00eancias de intimida\u00e7\u00e3o, revelando tamb\u00e9m a face de g\u00eanero desses conflitos.<\/div>\n<div><\/div>\n<div><b>A resist\u00eancia camponesa<\/b><\/div>\n<div><\/div>\n<div>Apesar da viol\u00eancia, os dados indicam que as popula\u00e7\u00f5es rurais seguem resistindo. Em 2024, Rond\u00f4nia teve 78 ocupa\u00e7\u00f5es e retomadas, al\u00e9m de 10 novos acampamentos.<\/div>\n<div><\/div>\n<div>Em todo o pa\u00eds, mais de 169 mil pessoas participaram de 649 manifesta\u00e7\u00f5es de luta. O estado tamb\u00e9m registrou participa\u00e7\u00e3o em atos contra a destrui\u00e7\u00e3o ambiental e por demarca\u00e7\u00e3o de terras ind\u00edgenas.<\/div>\n<div><\/div>\n<div>\u201cN\u00e3o se trata apenas de sobreviver. O que est\u00e1 em disputa \u00e9 o direito de existir em comunidade, com dignidade, com identidade, com territ\u00f3rio\u201d, afirmou Chagas.<\/div>\n<div><\/div>\n<div><b>Governan\u00e7a ausente, lucro presente<\/b><\/div>\n<div><\/div>\n<div>A l\u00f3gica dos conflitos tamb\u00e9m se conecta diretamente \u00e0 expans\u00e3o dos corredores log\u00edsticos da Bacia do Rio Madeira.<\/div>\n<div><\/div>\n<div>O estudo \u201cProjetos no Corredor Log\u00edstico da Bacia do Rio Madeira\u201d do GT Infraestrutura e Justi\u00e7a Socioambiental aponta que esses empreendimentos, financiados por grandes grupos do agroneg\u00f3cio e da minera\u00e7\u00e3o, ocorrem num contexto de \u201cfr\u00e1gil governan\u00e7a ambiental\u201d.<\/div>\n<div><\/div>\n<div>As decis\u00f5es s\u00e3o tomadas com base em press\u00f5es pol\u00edticas e econ\u00f4micas, sem consulta \u00e0s popula\u00e7\u00f5es afetadas e com riscos ambientais subdimensionados.<\/div>\n<div><\/div>\n<div>O documento da CPT exp\u00f5e uma escalada de conflitos que n\u00e3o \u00e9 pontual, mas estrutural. Os dados da Comiss\u00e3o falam de um estado marcado por um projeto de desenvolvimento pol\u00edtico que avan\u00e7a sobre os direitos de quem mora, planta, pesca e luta na floresta.<\/div>\n<div><\/div>\n<div>A den\u00fancia feita pelos n\u00fameros precisa ser escutada, mas tamb\u00e9m enfrentada. Porque, como diz o professor Afonso Chagas, \u201csem justi\u00e7a no campo, n\u00e3o h\u00e1 paz na cidade\u201d.<\/div>\n<div><\/div>\n<div><a href=\"https:\/\/cptnacional.org.br\/caderno\/conflitos-no-campo-brasil-2024\/\" target=\"_blank\" rel=\"noopener\"><b>CLIQUE AQUI E ACESSE OS OS DADOS DO RELAT\u00d3RIO<\/b><\/a><\/div>\n","protected":false},"excerpt":{"rendered":"<p>Os dados foram publicados pela Comiss\u00e3o Pastoral da Terra (CPT) no caderno de conflitos no campo de 2024.<\/p>\n","protected":false},"author":1,"featured_media":0,"comment_status":"closed","ping_status":"open","sticky":false,"template":"","format":"standard","meta":{"_exactmetrics_skip_tracking":false,"_exactmetrics_sitenote_active":false,"_exactmetrics_sitenote_note":"","_exactmetrics_sitenote_category":0,"jetpack_post_was_ever_published":false,"_jetpack_newsletter_access":"","_jetpack_dont_email_post_to_subs":false,"_jetpack_newsletter_tier_id":0,"_jetpack_memberships_contains_paywalled_content":false,"_jetpack_memberships_contains_paid_content":false,"footnotes":"","jetpack_publicize_message":"","jetpack_publicize_feature_enabled":true,"jetpack_social_post_already_shared":true,"jetpack_social_options":{"image_generator_settings":{"template":"highway","enabled":false},"version":2}},"categories":[1],"tags":[1333,705,564],"class_list":["post-36786","post","type-post","status-publish","format-standard","hentry","category-notas","tag-campo","tag-conflitos","tag-cpt-ro"],"jetpack_publicize_connections":[],"jetpack_sharing_enabled":true,"jetpack_featured_media_url":"","jetpack_shortlink":"https:\/\/wp.me\/p7wKYW-9zk","jetpack-related-posts":[],"_links":{"self":[{"href":"http:\/\/blogdalucianaoliveira.com.br\/blog\/wp-json\/wp\/v2\/posts\/36786","targetHints":{"allow":["GET"]}}],"collection":[{"href":"http:\/\/blogdalucianaoliveira.com.br\/blog\/wp-json\/wp\/v2\/posts"}],"about":[{"href":"http:\/\/blogdalucianaoliveira.com.br\/blog\/wp-json\/wp\/v2\/types\/post"}],"author":[{"embeddable":true,"href":"http:\/\/blogdalucianaoliveira.com.br\/blog\/wp-json\/wp\/v2\/users\/1"}],"replies":[{"embeddable":true,"href":"http:\/\/blogdalucianaoliveira.com.br\/blog\/wp-json\/wp\/v2\/comments?post=36786"}],"version-history":[{"count":1,"href":"http:\/\/blogdalucianaoliveira.com.br\/blog\/wp-json\/wp\/v2\/posts\/36786\/revisions"}],"predecessor-version":[{"id":36788,"href":"http:\/\/blogdalucianaoliveira.com.br\/blog\/wp-json\/wp\/v2\/posts\/36786\/revisions\/36788"}],"wp:attachment":[{"href":"http:\/\/blogdalucianaoliveira.com.br\/blog\/wp-json\/wp\/v2\/media?parent=36786"}],"wp:term":[{"taxonomy":"category","embeddable":true,"href":"http:\/\/blogdalucianaoliveira.com.br\/blog\/wp-json\/wp\/v2\/categories?post=36786"},{"taxonomy":"post_tag","embeddable":true,"href":"http:\/\/blogdalucianaoliveira.com.br\/blog\/wp-json\/wp\/v2\/tags?post=36786"}],"curies":[{"name":"wp","href":"https:\/\/api.w.org\/{rel}","templated":true}]}}