{"id":36789,"date":"2025-05-13T17:28:04","date_gmt":"2025-05-13T21:28:04","guid":{"rendered":"https:\/\/blogdalucianaoliveira.com.br\/blog\/?p=36789"},"modified":"2025-05-13T17:28:04","modified_gmt":"2025-05-13T21:28:04","slug":"pepe-mujica-o-homem-que-nao-se-deslumbrou-com-o-poder","status":"publish","type":"post","link":"http:\/\/blogdalucianaoliveira.com.br\/blog\/2025\/05\/13\/pepe-mujica-o-homem-que-nao-se-deslumbrou-com-o-poder\/","title":{"rendered":"Pepe Mujica, o homem que n\u00e3o se deslumbrou com o poder"},"content":{"rendered":"<p><img data-recalc-dims=\"1\" loading=\"lazy\" decoding=\"async\" data-attachment-id=\"36790\" data-permalink=\"http:\/\/blogdalucianaoliveira.com.br\/blog\/2025\/05\/13\/pepe-mujica-o-homem-que-nao-se-deslumbrou-com-o-poder\/img_1662\/\" data-orig-file=\"https:\/\/i0.wp.com\/blogdalucianaoliveira.com.br\/blog\/wp-content\/uploads\/2025\/05\/IMG_1662.webp?fit=704%2C469\" data-orig-size=\"704,469\" data-comments-opened=\"0\" data-image-meta=\"{&quot;aperture&quot;:&quot;0&quot;,&quot;credit&quot;:&quot;&quot;,&quot;camera&quot;:&quot;&quot;,&quot;caption&quot;:&quot;&quot;,&quot;created_timestamp&quot;:&quot;0&quot;,&quot;copyright&quot;:&quot;&quot;,&quot;focal_length&quot;:&quot;0&quot;,&quot;iso&quot;:&quot;0&quot;,&quot;shutter_speed&quot;:&quot;0&quot;,&quot;title&quot;:&quot;&quot;,&quot;orientation&quot;:&quot;0&quot;}\" data-image-title=\"IMG_1662\" data-image-description=\"\" data-image-caption=\"\" data-medium-file=\"https:\/\/i0.wp.com\/blogdalucianaoliveira.com.br\/blog\/wp-content\/uploads\/2025\/05\/IMG_1662.webp?fit=300%2C200\" data-large-file=\"https:\/\/i0.wp.com\/blogdalucianaoliveira.com.br\/blog\/wp-content\/uploads\/2025\/05\/IMG_1662.webp?fit=600%2C400\" class=\"alignnone size-medium wp-image-36790\" src=\"https:\/\/i0.wp.com\/blogdalucianaoliveira.com.br\/blog\/wp-content\/uploads\/2025\/05\/IMG_1662.webp?resize=300%2C200\" alt=\"\" width=\"300\" height=\"200\" srcset=\"https:\/\/i0.wp.com\/blogdalucianaoliveira.com.br\/blog\/wp-content\/uploads\/2025\/05\/IMG_1662.webp?resize=300%2C200 300w, https:\/\/i0.wp.com\/blogdalucianaoliveira.com.br\/blog\/wp-content\/uploads\/2025\/05\/IMG_1662.webp?resize=450%2C300 450w, https:\/\/i0.wp.com\/blogdalucianaoliveira.com.br\/blog\/wp-content\/uploads\/2025\/05\/IMG_1662.webp?w=704 704w\" sizes=\"auto, (max-width: 300px) 100vw, 300px\" \/><\/p>\n<div class=\"article-content sa_incontent max-w-[718px] pf-candidate\" data-pf_style_display=\"block\" data-pf_style_visibility=\"visible\">\n<div class=\"article-paragraph\" data-pf_style_display=\"block\" data-pf_style_visibility=\"visible\">\n<p class=\"added-to-list1\" data-pf_style_display=\"block\" data-pf_style_visibility=\"visible\"><span class=\"text-node\"><strong>GZH, por Rosane Oliveira<\/strong> &#8211; Para quem gosta de imaginar encontros no Al\u00e9m, \u00e9 tentador <\/span><strong data-pf_style_display=\"inline\" data-pf_style_visibility=\"visible\"><span class=\"text-node\">pensar numa conversa entre Pepe Mujica e o papa Francisco<\/span><\/strong><span class=\"text-node\">. Com quase a mesma idade, vizinhos separados pelo Rio da Prata, o ex-presidente uruguaio e o papa que morreram com poucos duas de diferen\u00e7a, <\/span><span class=\"text-node\">numa dessas coincid\u00eancias que nos fazem lembrar o que tinham em comum na quadra final de suas vidas, j\u00e1 que na juventude trilharam caminhos diferentes.\u00a0<\/span><\/p>\n<\/div>\n<div class=\"article-paragraph\" data-pf_style_display=\"block\" data-pf_style_visibility=\"visible\">\n<p class=\"added-to-list1\" data-pf_style_display=\"block\" data-pf_style_visibility=\"visible\"><span class=\"text-node\">Jorge Mario Bergoglio <\/span><strong data-pf_style_display=\"inline\" data-pf_style_visibility=\"visible\"><span class=\"text-node\">escolheu a religi\u00e3o<\/span><\/strong><span class=\"text-node\">, Jos\u00e9 Mujica <\/span><strong data-pf_style_display=\"inline\" data-pf_style_visibility=\"visible\"><span class=\"text-node\">a pol\u00edtica<\/span><\/strong><span class=\"text-node\">. A seu modo, cada um se rebelou contra a ditadura que assombrou a Am\u00e9rica Latina nos Anos de Chumbo. \u00a0<\/span><\/p>\n<\/div>\n<div class=\"article-paragraph\" data-pf_style_display=\"block\" data-pf_style_visibility=\"visible\">\n<p class=\"added-to-list1\" data-pf_style_display=\"block\" data-pf_style_visibility=\"visible\"><span class=\"text-node\">Mujica foi guerrilheiro, mas quando chegou ao poder pelo voto mostrou-se um dos governantes <\/span><strong data-pf_style_display=\"inline\" data-pf_style_visibility=\"visible\"><span class=\"text-node\">mais pac\u00edficos do planeta<\/span><\/strong><span class=\"text-node\">. Encerrado seu per\u00edodo de mandato, <\/span><strong data-pf_style_display=\"inline\" data-pf_style_visibility=\"visible\"><span class=\"text-node\">voltou para a ch\u00e1cara simples onde vivia como um simples campon\u00eas<\/span><\/strong><span class=\"text-node\">. Ali recebia quem quisesse algumas horas de prosa \u2014 e n\u00e3o foram poucos os simpatizantes de seu jeit\u00e3o despojado que afundaram o caminho para conhecer pessoalmente uma das maiores lendas da pol\u00edtica latino-americana. \u00a0<\/span><\/p>\n<\/div>\n<div class=\"article-paragraph\" data-pf_style_display=\"block\" data-pf_style_visibility=\"visible\">\n<p class=\"added-to-list1\" data-pf_style_display=\"block\" data-pf_style_visibility=\"visible\"><span class=\"text-node\">No governo do Uruguai, <\/span><strong data-pf_style_display=\"inline\" data-pf_style_visibility=\"visible\"><span class=\"text-node\">nunca se deslumbrou com o poder<\/span><\/strong><span class=\"text-node\">. Tentou ser um presidente justo, que investiu em pol\u00edticas sociais para tornar o pa\u00eds menos desigual. Sempre destacou que n\u00e3o precisava mais do que aquilo que tinha para viver. At\u00e9 o carro, um velho Fusca fora de linha, combinava com as roupas e os sapatos gastos. \u00a0<\/span><\/p>\n<\/div>\n<div class=\"article-paragraph\" data-pf_style_display=\"block\" data-pf_style_visibility=\"visible\">\n<p class=\"added-to-list1\" data-pf_style_display=\"block\" data-pf_style_visibility=\"visible\"><span class=\"text-node\">\u2014 Eu n\u00e3o sou pobre. <\/span><strong data-pf_style_display=\"inline\" data-pf_style_visibility=\"visible\"><span class=\"text-node\">Eu sou s\u00f3brio, de bagagem leve<\/span><\/strong><span class=\"text-node\">. Vivo com apenas o suficiente para que as coisas n\u00e3o roubem minha liberdade \u2014 dizia.\u00a0<\/span><\/p>\n<\/div>\n<div class=\"article-paragraph\" data-pf_style_display=\"block\" data-pf_style_visibility=\"visible\">\n<p class=\"added-to-list1\" data-pf_style_display=\"block\" data-pf_style_visibility=\"visible\"><span class=\"text-node\">Sabendo que seu estado era irrevers\u00edvel, fez dos \u00faltimos anos uma esp\u00e9cie de roteiro de despedida, semeando frases que se espalharam pelo continente e a ele foram atribu\u00eddas outras que nunca pronunciou. Em um dos discursos mais emocionantes, disse em 2024:\u00a0<\/span><\/p>\n<\/div>\n<div class=\"article-paragraph\" data-pf_style_display=\"block\" data-pf_style_visibility=\"visible\">\n<p class=\"added-to-list1\" data-pf_style_display=\"block\" data-pf_style_visibility=\"visible\"><span class=\"text-node\">\u2014 Sou um velho partindo. <\/span><strong data-pf_style_display=\"inline\" data-pf_style_visibility=\"visible\"><span class=\"text-node\">Precisamos trabalhar pela esperan\u00e7a<\/span><\/strong><span class=\"text-node\">. Eu te entrego meu cora\u00e7\u00e3o. Preciso agradecer \u00e0 vida porque, quando estes bra\u00e7os partirem, haver\u00e1 milhares de bra\u00e7os para me substituir.\u00a0<\/span><\/p>\n<\/div>\n<div class=\"article-paragraph\" data-pf_style_display=\"block\" data-pf_style_visibility=\"visible\">\n<p class=\"added-to-list1\" data-pf_style_display=\"block\" data-pf_style_visibility=\"visible\"><span class=\"text-node\">Em 2020, cunhou outra frase que entrou para a sua biografia: \u201cA pol\u00edtica me encanta e n\u00e3o gostaria de ir, <\/span><strong data-pf_style_display=\"inline\" data-pf_style_visibility=\"visible\"><span class=\"text-node\">mas a vida me encanta mais<\/span><\/strong><span class=\"text-node\">\u201d.<\/span><\/p>\n<\/div>\n<\/div>\n<p>&nbsp;<\/p>\n<p>&nbsp;<\/p>\n<p>&nbsp;<\/p>\n","protected":false},"excerpt":{"rendered":"<p>GZH, por Rosane Oliveira &#8211; Para quem gosta de imaginar encontros no Al\u00e9m, \u00e9 tentador pensar numa conversa entre Pepe Mujica e o papa Francisco. Com quase a mesma idade, vizinhos separados pelo Rio da Prata, o ex-presidente uruguaio e o papa que morreram com poucos duas de diferen\u00e7a, numa dessas coincid\u00eancias que nos fazem&#8230;<a class=\"more-link\" href=\"http:\/\/blogdalucianaoliveira.com.br\/blog\/2025\/05\/13\/pepe-mujica-o-homem-que-nao-se-deslumbrou-com-o-poder\/\">Continue a leitura <span class=\"meta-nav\">&raquo;<\/span><\/a><\/p>\n","protected":false},"author":1,"featured_media":0,"comment_status":"closed","ping_status":"open","sticky":false,"template":"","format":"standard","meta":{"_exactmetrics_skip_tracking":false,"_exactmetrics_sitenote_active":false,"_exactmetrics_sitenote_note":"","_exactmetrics_sitenote_category":0,"jetpack_post_was_ever_published":false,"_jetpack_newsletter_access":"","_jetpack_dont_email_post_to_subs":false,"_jetpack_newsletter_tier_id":0,"_jetpack_memberships_contains_paywalled_content":false,"_jetpack_memberships_contains_paid_content":false,"footnotes":"","jetpack_publicize_message":"","jetpack_publicize_feature_enabled":true,"jetpack_social_post_already_shared":true,"jetpack_social_options":{"image_generator_settings":{"template":"highway","enabled":false},"version":2}},"categories":[1],"tags":[1158,1334,1160],"class_list":["post-36789","post","type-post","status-publish","format-standard","hentry","category-notas","tag-mujica","tag-pepe","tag-uruguai"],"jetpack_publicize_connections":[],"jetpack_sharing_enabled":true,"jetpack_featured_media_url":"","jetpack_shortlink":"https:\/\/wp.me\/p7wKYW-9zn","jetpack-related-posts":[],"_links":{"self":[{"href":"http:\/\/blogdalucianaoliveira.com.br\/blog\/wp-json\/wp\/v2\/posts\/36789","targetHints":{"allow":["GET"]}}],"collection":[{"href":"http:\/\/blogdalucianaoliveira.com.br\/blog\/wp-json\/wp\/v2\/posts"}],"about":[{"href":"http:\/\/blogdalucianaoliveira.com.br\/blog\/wp-json\/wp\/v2\/types\/post"}],"author":[{"embeddable":true,"href":"http:\/\/blogdalucianaoliveira.com.br\/blog\/wp-json\/wp\/v2\/users\/1"}],"replies":[{"embeddable":true,"href":"http:\/\/blogdalucianaoliveira.com.br\/blog\/wp-json\/wp\/v2\/comments?post=36789"}],"version-history":[{"count":1,"href":"http:\/\/blogdalucianaoliveira.com.br\/blog\/wp-json\/wp\/v2\/posts\/36789\/revisions"}],"predecessor-version":[{"id":36791,"href":"http:\/\/blogdalucianaoliveira.com.br\/blog\/wp-json\/wp\/v2\/posts\/36789\/revisions\/36791"}],"wp:attachment":[{"href":"http:\/\/blogdalucianaoliveira.com.br\/blog\/wp-json\/wp\/v2\/media?parent=36789"}],"wp:term":[{"taxonomy":"category","embeddable":true,"href":"http:\/\/blogdalucianaoliveira.com.br\/blog\/wp-json\/wp\/v2\/categories?post=36789"},{"taxonomy":"post_tag","embeddable":true,"href":"http:\/\/blogdalucianaoliveira.com.br\/blog\/wp-json\/wp\/v2\/tags?post=36789"}],"curies":[{"name":"wp","href":"https:\/\/api.w.org\/{rel}","templated":true}]}}