{"id":36792,"date":"2025-05-13T17:39:58","date_gmt":"2025-05-13T21:39:58","guid":{"rendered":"https:\/\/blogdalucianaoliveira.com.br\/blog\/?p=36792"},"modified":"2025-05-13T17:39:58","modified_gmt":"2025-05-13T21:39:58","slug":"morre-jose-mujica-grande-revolucionario-eterno-e-exemplo-para-o-mundo-as-reacoes-no-universo-politico","status":"publish","type":"post","link":"http:\/\/blogdalucianaoliveira.com.br\/blog\/2025\/05\/13\/morre-jose-mujica-grande-revolucionario-eterno-e-exemplo-para-o-mundo-as-reacoes-no-universo-politico\/","title":{"rendered":"Morre Jos\u00e9 Mujica: &#8216;Grande revolucion\u00e1rio&#8217;, &#8216;eterno&#8217; e &#8216;exemplo para o mundo&#8217;; as rea\u00e7\u00f5es no universo pol\u00edtico"},"content":{"rendered":"<p><img data-recalc-dims=\"1\" loading=\"lazy\" decoding=\"async\" data-attachment-id=\"36793\" data-permalink=\"http:\/\/blogdalucianaoliveira.com.br\/blog\/2025\/05\/13\/morre-jose-mujica-grande-revolucionario-eterno-e-exemplo-para-o-mundo-as-reacoes-no-universo-politico\/img_1664\/\" data-orig-file=\"https:\/\/i0.wp.com\/blogdalucianaoliveira.com.br\/blog\/wp-content\/uploads\/2025\/05\/IMG_1664.jpeg?fit=1024%2C576\" data-orig-size=\"1024,576\" data-comments-opened=\"0\" data-image-meta=\"{&quot;aperture&quot;:&quot;0&quot;,&quot;credit&quot;:&quot;&quot;,&quot;camera&quot;:&quot;&quot;,&quot;caption&quot;:&quot;&quot;,&quot;created_timestamp&quot;:&quot;0&quot;,&quot;copyright&quot;:&quot;&quot;,&quot;focal_length&quot;:&quot;0&quot;,&quot;iso&quot;:&quot;0&quot;,&quot;shutter_speed&quot;:&quot;0&quot;,&quot;title&quot;:&quot;&quot;,&quot;orientation&quot;:&quot;0&quot;}\" data-image-title=\"IMG_1664\" data-image-description=\"\" data-image-caption=\"\" data-medium-file=\"https:\/\/i0.wp.com\/blogdalucianaoliveira.com.br\/blog\/wp-content\/uploads\/2025\/05\/IMG_1664.jpeg?fit=300%2C169\" data-large-file=\"https:\/\/i0.wp.com\/blogdalucianaoliveira.com.br\/blog\/wp-content\/uploads\/2025\/05\/IMG_1664.jpeg?fit=600%2C338\" class=\"alignnone size-medium wp-image-36793\" src=\"https:\/\/i0.wp.com\/blogdalucianaoliveira.com.br\/blog\/wp-content\/uploads\/2025\/05\/IMG_1664.jpeg?resize=300%2C169\" alt=\"\" width=\"300\" height=\"169\" srcset=\"https:\/\/i0.wp.com\/blogdalucianaoliveira.com.br\/blog\/wp-content\/uploads\/2025\/05\/IMG_1664.jpeg?resize=300%2C169 300w, https:\/\/i0.wp.com\/blogdalucianaoliveira.com.br\/blog\/wp-content\/uploads\/2025\/05\/IMG_1664.jpeg?resize=768%2C432 768w, https:\/\/i0.wp.com\/blogdalucianaoliveira.com.br\/blog\/wp-content\/uploads\/2025\/05\/IMG_1664.jpeg?resize=533%2C300 533w, https:\/\/i0.wp.com\/blogdalucianaoliveira.com.br\/blog\/wp-content\/uploads\/2025\/05\/IMG_1664.jpeg?w=1024 1024w\" sizes=\"auto, (max-width: 300px) 100vw, 300px\" \/><\/p>\n<div class=\"bbc-19j92fr ebmt73l0\" dir=\"ltr\" data-pf_style_display=\"block\" data-pf_style_visibility=\"visible\">\n<p class=\"bbc-hhl7in e17g058b0 added-to-list1\" dir=\"ltr\" data-pf_style_display=\"block\" data-pf_style_visibility=\"visible\"><span class=\"text-node\">BBC &#8211; O ex-presidente do Uruguai Jos\u00e9 &#8220;Pepe&#8221; Mujica <\/span><a class=\"focusIndicatorReducedWidth bbc-n8oauk e1p3sufg0\" href=\"https:\/\/www.bbc.com\/portuguese\/articles\/c3wdqyxgq6vo\" data-pf_style_display=\"inline\" data-pf_style_visibility=\"visible\"><span class=\"text-node\">morreu nesta ter\u00e7a-feira<\/span><\/a><span class=\"text-node\"> (13\/5).<\/span><\/p>\n<\/div>\n<p><!--more--><\/p>\n<div class=\"bbc-19j92fr ebmt73l0\" dir=\"ltr\" data-pf_style_display=\"block\" data-pf_style_visibility=\"visible\">\n<p class=\"bbc-hhl7in e17g058b0 added-to-list1\" dir=\"ltr\" data-pf_style_display=\"block\" data-pf_style_visibility=\"visible\"><span class=\"text-node\">A informa\u00e7\u00e3o foi confirmada pelo presidente do Uruguai, Yamand\u00fa Orsi, que lamentou a morte do ex-guerrilheiro lembrando de sua trajet\u00f3ria.<\/span><\/p>\n<\/div>\n<div class=\"bbc-19j92fr ebmt73l0\" dir=\"ltr\" data-pf_style_display=\"block\" data-pf_style_visibility=\"visible\">\n<p class=\"bbc-hhl7in e17g058b0 added-to-list1\" dir=\"ltr\" data-pf_style_display=\"block\" data-pf_style_visibility=\"visible\"><span class=\"text-node\">&#8220;Com profunda dor comunicamos que faleceu nosso companheiro Pepe Mujica. Presidente, militante, refer\u00eancia e condutor. Vamos sentir muito a sua falta, Velho querido. Obrigado por tudo o que nos deu e por seu profundo amor por seu povo&#8221;.<\/span><\/p>\n<\/div>\n<div class=\"bbc-19j92fr ebmt73l0\" dir=\"ltr\" data-pf_style_display=\"block\" data-pf_style_visibility=\"visible\">\n<p class=\"bbc-hhl7in e17g058b0 added-to-list1\" dir=\"ltr\" data-pf_style_display=\"block\" data-pf_style_visibility=\"visible\"><span class=\"text-node\">A morte do ex-guerrilheiro, que <\/span><a class=\"focusIndicatorReducedWidth bbc-n8oauk e1p3sufg0\" href=\"https:\/\/www.bbc.com\/portuguese\/articles\/c23v3d77lg9o\" data-pf_style_display=\"inline\" data-pf_style_visibility=\"visible\"><span class=\"text-node\">sofria de um c\u00e2ncer severo no es\u00f4fago<\/span><\/a><span class=\"text-node\">, suscitou mensagens de lamento em lideran\u00e7as de todo o mundo.<\/span><\/p>\n<\/div>\n<section class=\"bbc-geybui\" role=\"region\" aria-label=\"Publicidade 2\" aria-hidden=\"true\" data-e2e=\"advertisement\" data-pf_style_display=\"flex\" data-pf_style_visibility=\"visible\"><\/section>\n<div class=\"bbc-19j92fr ebmt73l0\" dir=\"ltr\" data-pf_style_display=\"block\" data-pf_style_visibility=\"visible\">\n<p class=\"bbc-hhl7in e17g058b0 added-to-list1\" dir=\"ltr\" data-pf_style_display=\"block\" data-pf_style_visibility=\"visible\"><span class=\"text-node\">A presidente mexicana <\/span><a class=\"focusIndicatorReducedWidth bbc-n8oauk e1p3sufg0\" href=\"https:\/\/www.bbc.com\/portuguese\/topics\/cedndqndv98t\" data-pf_style_display=\"inline\" data-pf_style_visibility=\"visible\"><span class=\"text-node\">Claudia Sheinbaum<\/span><\/a><span class=\"text-node\">, publicou em sua conta no X que Mujica era um &#8220;exemplo para a Am\u00e9rica Latina e ao mundo inteiro pela sabedoria, pensamento e sensibilidade que o caracterizavam&#8221;.<\/span><\/p>\n<div class=\"bbc-19j92fr ebmt73l0\" dir=\"ltr\" data-pf_style_display=\"block\" data-pf_style_visibility=\"visible\">\n<p class=\"bbc-hhl7in e17g058b0 added-to-list1\" dir=\"ltr\" data-pf_style_display=\"block\" data-pf_style_visibility=\"visible\"><span class=\"text-node\">Na Espanha, o primeiro-ministro Pedro S\u00e1nchez escreveu que o uruguaio acreditou, lutou e viveu por um mundo melhor. &#8220;A pol\u00edtica faz sentido quando \u00e9 vivida assim, com o cora\u00e7\u00e3o. Meu mais profundo carinho \u00e0 sua fam\u00edlia e ao Uruguai. Eterno, Mujica.&#8221;<\/span><\/p>\n<\/div>\n<div class=\"bbc-19j92fr ebmt73l0\" dir=\"ltr\" data-pf_style_display=\"block\" data-pf_style_visibility=\"visible\">\n<p class=\"bbc-hhl7in e17g058b0 added-to-list1\" dir=\"ltr\" data-pf_style_display=\"block\" data-pf_style_visibility=\"visible\"><span class=\"text-node\">&#8220;Grande revolucion\u00e1rio&#8221;, escreveu o presidente da Col\u00f4mbia, Gustavo Petro.<\/span><\/p>\n<\/div>\n<div class=\"bbc-19j92fr ebmt73l0\" dir=\"ltr\" data-pf_style_display=\"block\" data-pf_style_visibility=\"visible\">\n<p class=\"bbc-hhl7in e17g058b0 added-to-list1\" dir=\"ltr\" data-pf_style_display=\"block\" data-pf_style_visibility=\"visible\"><span class=\"text-node\">&#8220;Adeus amigo. Espero que um dia a Am\u00e9rica Latina tenha um hino, espero que um dia a Am\u00e9rica do Sul se chame: Amaz\u00f4nia&#8221;, escreveu o colombiano. <\/span><\/p>\n<\/div>\n<div class=\"bbc-19j92fr ebmt73l0\" dir=\"ltr\" data-pf_style_display=\"block\" data-pf_style_visibility=\"visible\">\n<p class=\"bbc-hhl7in e17g058b0 added-to-list1\" dir=\"ltr\" data-pf_style_display=\"block\" data-pf_style_visibility=\"visible\"><span class=\"text-node\">Em dezembro do ano passado, durante um encontro com o presidente Luiz In\u00e1cio Lula da Silva (PT) Mujica disse que &#8220;a Amaz\u00f4nia \u00e9 a coisa mais importante que temos na Am\u00e9rica.&#8221; <\/span><\/p>\n<\/div>\n<div class=\"bbc-19j92fr ebmt73l0\" dir=\"ltr\" data-pf_style_display=\"block\" data-pf_style_visibility=\"visible\">\n<p class=\"bbc-hhl7in e17g058b0 added-to-list1\" dir=\"ltr\" data-pf_style_display=\"block\" data-pf_style_visibility=\"visible\"><span class=\"text-node\">Na ocasi\u00e3o, Lula concedeu a Mujica a Ordem Nacional do Cruzeiro, uma honraria dada a personalidades estrangeiras, &#8220;por sua incans\u00e1vel luta pelo melhor da Am\u00e9rica Latina e do mundo. Um exemplo para todos n\u00f3s&#8221;, escreveu Lula na \u00e9poca.<\/span><\/p>\n<\/div>\n<section class=\"bbc-1n4f7vm ebmt73l0\" dir=\"ltr\" role=\"region\" aria-label=\"Hist\u00f3rias relacionadas\" data-e2e=\"scrollable-promos\" data-pf_style_display=\"block\" data-pf_style_visibility=\"visible\">\n<div class=\"bbc-19j92fr ebmt73l0\" dir=\"ltr\" data-pf_style_display=\"block\" data-pf_style_visibility=\"visible\">\n<p class=\"bbc-hhl7in e17g058b0 added-to-list1\" dir=\"ltr\" data-pf_style_display=\"block\" data-pf_style_visibility=\"visible\"><span class=\"text-node\">&#8220;Mujica aliou a coragem \u00e0 do\u00e7ura, a luta \u00e0 compaix\u00e3o. Deixa um legado de esperan\u00e7a, um convite a um humanismo radical. Meus sentimentos ao planeta Terra&#8221;, escreveu o ministro da Fazenda, Fernando Haddad (PT). <\/span><\/p>\n<\/div>\n<div class=\"bbc-19j92fr ebmt73l0\" dir=\"ltr\" data-pf_style_display=\"block\" data-pf_style_visibility=\"visible\">\n<p class=\"bbc-hhl7in e17g058b0 added-to-list1\" dir=\"ltr\" data-pf_style_display=\"block\" data-pf_style_visibility=\"visible\"><span class=\"text-node\">O ex-presidente argentino Alberto Fern\u00e1ndez escreveu em sua conta no X que &#8220;sem Francisco e Pepe, o mundo fica mais triste e fraco. Minha mem\u00f3ria estar\u00e1 sempre com esse grande uruguaio.&#8221;<\/span><\/p>\n<\/div>\n<div class=\"bbc-19j92fr ebmt73l0\" dir=\"ltr\" data-pf_style_display=\"block\" data-pf_style_visibility=\"visible\">\n<p class=\"bbc-hhl7in e17g058b0 added-to-list1\" dir=\"ltr\" data-pf_style_display=\"block\" data-pf_style_visibility=\"visible\"><span class=\"text-node\">No Brasil, a ministra-chefe da Secretaria de Rela\u00e7\u00f5es Institucionais, Gleisi Hoffmann (PT), disse que Mujica era uma pessoa &#8220;imprescind\u00edvel para a humanidade&#8221;. &#8220;Foi amigo do Brasil e do nosso povo, conquistou a juventude e foi admirado por onde passou&#8221;.<\/span><\/p>\n<\/div>\n<h2 id=\"Revolucion\u00e1rio-tranquilo\" class=\"bbc-1lgzob2 eglt09e0\" tabindex=\"-1\" data-pf_style_display=\"block\" data-pf_style_visibility=\"visible\"><span class=\"text-node\">&#8216;Revolucion\u00e1rio tranquilo&#8217;<\/span><\/h2>\n<div class=\"bbc-19j92fr ebmt73l0\" dir=\"ltr\" data-pf_style_display=\"block\" data-pf_style_visibility=\"visible\">\n<p class=\"bbc-hhl7in e17g058b0 added-to-list1\" dir=\"ltr\" data-pf_style_display=\"block\" data-pf_style_visibility=\"visible\"><span class=\"text-node\">O jornal espanhol <\/span><i class=\"bbc-h1y5j7 eih42320\" data-pf_style_display=\"inline\" data-pf_style_visibility=\"visible\"><span class=\"text-node\">El Pa\u00eds<\/span><\/i><span class=\"text-node\"> chamou o ex-presidente uruguaio de &#8220;revolucion\u00e1rio tranquilo&#8221;, e lembrou que o ex-presidente, durante sua trajet\u00f3ria, resistiu ap\u00f3s levar seis tiros e a passar mais de uma d\u00e9cada na pris\u00e3o.<\/span><\/p>\n<\/div>\n<div class=\"bbc-19j92fr ebmt73l0\" dir=\"ltr\" data-pf_style_display=\"block\" data-pf_style_visibility=\"visible\">\n<p class=\"bbc-hhl7in e17g058b0 added-to-list1\" dir=\"ltr\" data-pf_style_display=\"block\" data-pf_style_visibility=\"visible\"><span class=\"text-node\">&#8220;Pepe Mujica fascinou o mundo como um or\u00e1culo de austeridade e simplicidade&#8221; que &#8220;no fim da vida, emitiu alertas pessimistas, mas sem perder a f\u00e9 no homem&#8221;, publicou o jornal.<\/span><\/p>\n<\/div>\n<div class=\"bbc-19j92fr ebmt73l0\" dir=\"ltr\" data-pf_style_display=\"block\" data-pf_style_visibility=\"visible\">\n<p class=\"bbc-hhl7in e17g058b0 added-to-list1\" dir=\"ltr\" data-pf_style_display=\"block\" data-pf_style_visibility=\"visible\"><span class=\"text-node\">Na Argentina, o<\/span><i class=\"bbc-h1y5j7 eih42320\" data-pf_style_display=\"inline\" data-pf_style_visibility=\"visible\"><span class=\"text-node\"> El Clar\u00edn<\/span><\/i><span class=\"text-node\"> conta que a vida de Mujica se resume a &#8220;mais de meio s\u00e9culo de vida p\u00fablica&#8221;, recordando das passagens dif\u00edceis vividas pelo ex-guerrilheiro: &#8220;roubou bancos como guerrilheiro&#8221; e &#8220;testemunhou alguns dos anos mais sangrentos de seu pa\u00eds&#8221;.<\/span><\/p>\n<\/div>\n<div class=\"bbc-19j92fr ebmt73l0\" dir=\"ltr\" data-pf_style_display=\"block\" data-pf_style_visibility=\"visible\">\n<p class=\"bbc-hhl7in e17g058b0 added-to-list1\" dir=\"ltr\" data-pf_style_display=\"block\" data-pf_style_visibility=\"visible\"><span class=\"text-node\">O jornal diz que Mujica era &#8220;idolatrado e odiado na mesma medida&#8221;.<\/span><\/p>\n<\/div>\n<div class=\"bbc-19j92fr ebmt73l0\" dir=\"ltr\" data-pf_style_display=\"block\" data-pf_style_visibility=\"visible\">\n<p class=\"bbc-hhl7in e17g058b0 added-to-list1\" dir=\"ltr\" data-pf_style_display=\"block\" data-pf_style_visibility=\"visible\"><span class=\"text-node\">O peri\u00f3dico ingl\u00eas <\/span><i class=\"bbc-h1y5j7 eih42320\" data-pf_style_display=\"inline\" data-pf_style_visibility=\"visible\"><span class=\"text-node\">The Guardian<\/span><\/i><span class=\"text-node\"> descreveu o uruguaio como &#8220;ex-guerrilheiro marxista e floricultor, cujo estilo de vida simples, filosofia franca e democracia radical fascinava pessoas em todo o mundo&#8221;.<\/span><\/p>\n<\/div>\n<div class=\"bbc-19j92fr ebmt73l0\" dir=\"ltr\" data-pf_style_display=\"block\" data-pf_style_visibility=\"visible\">\n<p class=\"bbc-hhl7in e17g058b0 added-to-list1\" dir=\"ltr\" data-pf_style_display=\"block\" data-pf_style_visibility=\"visible\"><span class=\"text-node\">&#8220;Mujica liderou a transforma\u00e7\u00e3o de sua pequena na\u00e7\u00e3o sul-americana em uma das democracias mais socialmente liberais do mundo. Ele conquistou admira\u00e7\u00e3o em casa e status de \u00eddolo no exterior por legalizar a maconha e o casamento entre pessoas do mesmo sexo, promulgar a primeira lei abrangente sobre direitos ao aborto da regi\u00e3o e consolidar o Uruguai como l\u00edder em energia alternativa.&#8221;<\/span><\/p>\n<\/div>\n<\/section>\n<\/div>\n","protected":false},"excerpt":{"rendered":"<p>BBC &#8211; O ex-presidente do Uruguai Jos\u00e9 &#8220;Pepe&#8221; Mujica morreu nesta ter\u00e7a-feira (13\/5).<\/p>\n","protected":false},"author":1,"featured_media":0,"comment_status":"closed","ping_status":"open","sticky":false,"template":"","format":"standard","meta":{"_exactmetrics_skip_tracking":false,"_exactmetrics_sitenote_active":false,"_exactmetrics_sitenote_note":"","_exactmetrics_sitenote_category":0,"jetpack_post_was_ever_published":false,"_jetpack_newsletter_access":"","_jetpack_dont_email_post_to_subs":false,"_jetpack_newsletter_tier_id":0,"_jetpack_memberships_contains_paywalled_content":false,"_jetpack_memberships_contains_paid_content":false,"footnotes":"","jetpack_publicize_message":"","jetpack_publicize_feature_enabled":true,"jetpack_social_post_already_shared":true,"jetpack_social_options":{"image_generator_settings":{"template":"highway","enabled":false},"version":2}},"categories":[1],"tags":[1158,1334,1160],"class_list":["post-36792","post","type-post","status-publish","format-standard","hentry","category-notas","tag-mujica","tag-pepe","tag-uruguai"],"jetpack_publicize_connections":[],"jetpack_sharing_enabled":true,"jetpack_featured_media_url":"","jetpack_shortlink":"https:\/\/wp.me\/p7wKYW-9zq","jetpack-related-posts":[],"_links":{"self":[{"href":"http:\/\/blogdalucianaoliveira.com.br\/blog\/wp-json\/wp\/v2\/posts\/36792","targetHints":{"allow":["GET"]}}],"collection":[{"href":"http:\/\/blogdalucianaoliveira.com.br\/blog\/wp-json\/wp\/v2\/posts"}],"about":[{"href":"http:\/\/blogdalucianaoliveira.com.br\/blog\/wp-json\/wp\/v2\/types\/post"}],"author":[{"embeddable":true,"href":"http:\/\/blogdalucianaoliveira.com.br\/blog\/wp-json\/wp\/v2\/users\/1"}],"replies":[{"embeddable":true,"href":"http:\/\/blogdalucianaoliveira.com.br\/blog\/wp-json\/wp\/v2\/comments?post=36792"}],"version-history":[{"count":1,"href":"http:\/\/blogdalucianaoliveira.com.br\/blog\/wp-json\/wp\/v2\/posts\/36792\/revisions"}],"predecessor-version":[{"id":36794,"href":"http:\/\/blogdalucianaoliveira.com.br\/blog\/wp-json\/wp\/v2\/posts\/36792\/revisions\/36794"}],"wp:attachment":[{"href":"http:\/\/blogdalucianaoliveira.com.br\/blog\/wp-json\/wp\/v2\/media?parent=36792"}],"wp:term":[{"taxonomy":"category","embeddable":true,"href":"http:\/\/blogdalucianaoliveira.com.br\/blog\/wp-json\/wp\/v2\/categories?post=36792"},{"taxonomy":"post_tag","embeddable":true,"href":"http:\/\/blogdalucianaoliveira.com.br\/blog\/wp-json\/wp\/v2\/tags?post=36792"}],"curies":[{"name":"wp","href":"https:\/\/api.w.org\/{rel}","templated":true}]}}