{"id":36795,"date":"2025-05-15T10:17:18","date_gmt":"2025-05-15T14:17:18","guid":{"rendered":"https:\/\/blogdalucianaoliveira.com.br\/blog\/?p=36795"},"modified":"2025-05-15T10:20:56","modified_gmt":"2025-05-15T14:20:56","slug":"mais-de-97-do-desmatamento-no-brasil-nos-ultimos-anos-e-resultado-de-pressao-do-agronegocio-aponta-estudo","status":"publish","type":"post","link":"http:\/\/blogdalucianaoliveira.com.br\/blog\/2025\/05\/15\/mais-de-97-do-desmatamento-no-brasil-nos-ultimos-anos-e-resultado-de-pressao-do-agronegocio-aponta-estudo\/","title":{"rendered":"Mais de 97% do desmatamento no Brasil nos \u00faltimos anos \u00e9 resultado de press\u00e3o do agroneg\u00f3cio, aponta estudo"},"content":{"rendered":"<p><img data-recalc-dims=\"1\" loading=\"lazy\" decoding=\"async\" data-attachment-id=\"36796\" data-permalink=\"http:\/\/blogdalucianaoliveira.com.br\/blog\/2025\/05\/15\/mais-de-97-do-desmatamento-no-brasil-nos-ultimos-anos-e-resultado-de-pressao-do-agronegocio-aponta-estudo\/img_1686\/\" data-orig-file=\"https:\/\/i0.wp.com\/blogdalucianaoliveira.com.br\/blog\/wp-content\/uploads\/2025\/05\/IMG_1686.jpeg?fit=1140%2C815\" data-orig-size=\"1140,815\" data-comments-opened=\"0\" data-image-meta=\"{&quot;aperture&quot;:&quot;0&quot;,&quot;credit&quot;:&quot;&quot;,&quot;camera&quot;:&quot;&quot;,&quot;caption&quot;:&quot;&quot;,&quot;created_timestamp&quot;:&quot;0&quot;,&quot;copyright&quot;:&quot;&quot;,&quot;focal_length&quot;:&quot;0&quot;,&quot;iso&quot;:&quot;0&quot;,&quot;shutter_speed&quot;:&quot;0&quot;,&quot;title&quot;:&quot;&quot;,&quot;orientation&quot;:&quot;0&quot;}\" data-image-title=\"IMG_1686\" data-image-description=\"\" data-image-caption=\"\" data-medium-file=\"https:\/\/i0.wp.com\/blogdalucianaoliveira.com.br\/blog\/wp-content\/uploads\/2025\/05\/IMG_1686.jpeg?fit=300%2C214\" data-large-file=\"https:\/\/i0.wp.com\/blogdalucianaoliveira.com.br\/blog\/wp-content\/uploads\/2025\/05\/IMG_1686.jpeg?fit=600%2C429\" class=\"alignnone size-medium wp-image-36796\" src=\"https:\/\/i0.wp.com\/blogdalucianaoliveira.com.br\/blog\/wp-content\/uploads\/2025\/05\/IMG_1686.jpeg?resize=300%2C214\" alt=\"\" width=\"300\" height=\"214\" srcset=\"https:\/\/i0.wp.com\/blogdalucianaoliveira.com.br\/blog\/wp-content\/uploads\/2025\/05\/IMG_1686.jpeg?resize=300%2C214 300w, https:\/\/i0.wp.com\/blogdalucianaoliveira.com.br\/blog\/wp-content\/uploads\/2025\/05\/IMG_1686.jpeg?resize=1024%2C732 1024w, https:\/\/i0.wp.com\/blogdalucianaoliveira.com.br\/blog\/wp-content\/uploads\/2025\/05\/IMG_1686.jpeg?resize=768%2C549 768w, https:\/\/i0.wp.com\/blogdalucianaoliveira.com.br\/blog\/wp-content\/uploads\/2025\/05\/IMG_1686.jpeg?resize=420%2C300 420w, https:\/\/i0.wp.com\/blogdalucianaoliveira.com.br\/blog\/wp-content\/uploads\/2025\/05\/IMG_1686.jpeg?w=1140 1140w\" sizes=\"auto, (max-width: 300px) 100vw, 300px\" \/><\/p>\n<div class=\"entry-header\">\n<h2 class=\"jeg_post_subtitle\">Quatro dos cinco estados mais desmatados em 2024 est\u00e3o em \u00e1rea de fronteira agr\u00edcola<\/h2>\n<\/div>\n<p><!--more--><\/p>\n<div>\n<div class=\"jeg_share_top_container\">\n<p>Brasil de Fato &#8211; Nos \u00faltimos seis anos, as atividades <a href=\"https:\/\/www.brasildefato.com.br\/2024\/09\/02\/agronegocio-e-o-principal-responsavel-pela-perda-de-vegetacao-nativa-no-brasil-diz-mapbiomas\/\" data-type=\"link\" data-id=\"https:\/\/www.brasildefato.com.br\/2024\/09\/02\/agronegocio-e-o-principal-responsavel-pela-perda-de-vegetacao-nativa-no-brasil-diz-mapbiomas\/\">agropecu\u00e1rias <\/a>foram respons\u00e1veis por mais de 97% do desmatamento no Brasil. Os dados foram extra\u00eddos da plataforma MapBiomas, por meio da iniciativa MapBiomas Alerta, que identifica e qualifica pontos de supress\u00e3o florestal em todo o pa\u00eds. O levantamento, divulgando nesta quinta-feira (15), indica <a href=\"https:\/\/www.brasildefato.com.br\/2025\/05\/15\/desmatamento-cai-em-todos-os-biomas-amazonia-tem-reducao-recorde-e-cerrado-ainda-lidera-devastacao\/\" data-type=\"link\" data-id=\"https:\/\/www.brasildefato.com.br\/2025\/05\/15\/desmatamento-cai-em-todos-os-biomas-amazonia-tem-reducao-recorde-e-cerrado-ainda-lidera-devastacao\/\">queda da devasta\u00e7\u00e3o em todos os biomas<\/a>brasileiros em 2024.<\/p>\n<p>A fronteira agr\u00edcola do <a href=\"https:\/\/www.brasildefato.com.br\/2025\/02\/06\/fronteira-agricola-do-matopiba-concentra-82-do-desmatamento-do-cerrado-em-2024\/\" data-type=\"link\" data-id=\"https:\/\/www.brasildefato.com.br\/2025\/02\/06\/fronteira-agricola-do-matopiba-concentra-82-do-desmatamento-do-cerrado-em-2024\/\">Matopiba<\/a>, que abrange o Tocantins e parte do Maranh\u00e3o, do Piau\u00ed e da Bahia, concentrou 75% do desmatamento do Cerrado e cerca de 42% de toda a perda de vegeta\u00e7\u00e3o nativa no pa\u00eds no ano passado. Esses n\u00fameros, no entanto, representam uma queda de 40% em rela\u00e7\u00e3o a 2023.<\/p>\n<div class=\"jeg_ad jeg_ad_article jnews_content_inline_ads \">\n<div class=\"ads-wrapper align-center \">\n<div class=\"ads_shortcode\">\n<div class=\"ads-region-container\" data-slot=\"artigos-leaderboard-incontent-1-mobile\" data-region=\"br\" data-slot-name=\"artigos-leaderboard-incontent-1-mobile-br\">\n<div id=\"div-gpt-ad-artigos-mobile_rectangle_mobile_1\" class=\"ad-slot\"><\/div>\n<\/div>\n<\/div>\n<\/div>\n<\/div>\n<p>\u201cO Matopiba pega essa regi\u00e3o mais do Cerrado e Caatinga, que \u00e9 onde est\u00e1 sendo feita, principalmente no Cerrado, essa nova expans\u00e3o da frente agropecu\u00e1ria\u201d, explica Marcos Rosa, professor da p\u00f3s-gradua\u00e7\u00e3o da geografia da Universidade de S\u00e3o Paulo (USP) e coordenador t\u00e9cnico do MapBiomas.<\/p>\n<p>De 2019 a 2024, o Brasil perdeu uma \u00e1rea de mata nativa equivalente ao tamanho da Coreia do Sul: foram mais de 9 milh\u00f5es de hectares. Desses, mais de 6 milh\u00f5es, ou dois ter\u00e7os do total, ficam na Amaz\u00f4nia Legal.<\/p>\n<div class=\"jeg_ad jeg_ad_article jnews_content_inline_2_ads \">\n<div class=\"ads-wrapper align-center \">\n<div class=\"ads_shortcode\">\n<div class=\"ads-region-container\" data-slot=\"artigos-leaderboard-incontent-2-mobile\" data-region=\"br\" data-slot-name=\"artigos-leaderboard-incontent-2-mobile-br\">\n<div id=\"div-gpt-ad-artigos-mobile_rectangle_mobile_2\" class=\"ad-slot\"><\/div>\n<\/div>\n<\/div>\n<\/div>\n<\/div>\n<p>As a\u00e7\u00f5es de fiscaliza\u00e7\u00e3o, refor\u00e7adas nos \u00faltimos anos, apresentaram resultados favor\u00e1veis para a floresta tropical. O levantamento do MapBiomas revela a migra\u00e7\u00e3o dos pontos de desmatamento, da regi\u00e3o amaz\u00f4nica para o Cerrado, com concentra\u00e7\u00e3o na faixa da <a href=\"https:\/\/www.brasildefato.com.br\/2021\/10\/20\/o-agro-nao-e-pop-estudo-aponta-que-a-fome-e-resultado-do-agronegocio\/\" data-type=\"link\" data-id=\"https:\/\/www.brasildefato.com.br\/2021\/10\/20\/o-agro-nao-e-pop-estudo-aponta-que-a-fome-e-resultado-do-agronegocio\/\">fronteira agr\u00edcola<\/a>.<\/p>\n<figure class=\"wp-block-image size-large\"><img data-recalc-dims=\"1\" loading=\"lazy\" decoding=\"async\" class=\"wp-image-690325 lazy loaded\" src=\"https:\/\/i0.wp.com\/assets.brasildefato.com.br\/2025\/05\/bdf-20250515-010015-f4cdd5-1024x682.jpeg?resize=600%2C400&#038;ssl=1\" sizes=\"auto, (max-width: 1024px) 100vw, 1024px\" srcset=\"https:\/\/assets.brasildefato.com.br\/2025\/05\/bdf-20250515-010015-f4cdd5-300x200.jpeg 300w, https:\/\/assets.brasildefato.com.br\/2025\/05\/bdf-20250515-010015-f4cdd5-1024x682.jpeg 1024w, https:\/\/assets.brasildefato.com.br\/2025\/05\/bdf-20250515-010015-f4cdd5-768x512.jpeg 768w, https:\/\/assets.brasildefato.com.br\/2025\/05\/bdf-20250515-010015-f4cdd5-1536x1023.jpeg 1536w, https:\/\/assets.brasildefato.com.br\/2025\/05\/bdf-20250515-010015-f4cdd5-750x536.jpeg 750w, https:\/\/assets.brasildefato.com.br\/2025\/05\/bdf-20250515-010015-f4cdd5-1140x815.jpeg 1140w, https:\/\/assets.brasildefato.com.br\/2025\/05\/bdf-20250515-010015-f4cdd5-600x400.jpeg 600w, https:\/\/assets.brasildefato.com.br\/2025\/05\/bdf-20250515-010015-f4cdd5.jpeg 1600w\" alt=\"\" width=\"600\" height=\"400\" data-src=\"https:\/\/assets.brasildefato.com.br\/2025\/05\/bdf-20250515-010015-f4cdd5-1024x682.jpeg\" data-srcset=\"https:\/\/assets.brasildefato.com.br\/2025\/05\/bdf-20250515-010015-f4cdd5-300x200.jpeg 300w, https:\/\/assets.brasildefato.com.br\/2025\/05\/bdf-20250515-010015-f4cdd5-1024x682.jpeg 1024w, https:\/\/assets.brasildefato.com.br\/2025\/05\/bdf-20250515-010015-f4cdd5-768x512.jpeg 768w, https:\/\/assets.brasildefato.com.br\/2025\/05\/bdf-20250515-010015-f4cdd5-1536x1023.jpeg 1536w, https:\/\/assets.brasildefato.com.br\/2025\/05\/bdf-20250515-010015-f4cdd5-750x536.jpeg 750w, https:\/\/assets.brasildefato.com.br\/2025\/05\/bdf-20250515-010015-f4cdd5-1140x815.jpeg 1140w, https:\/\/assets.brasildefato.com.br\/2025\/05\/bdf-20250515-010015-f4cdd5-600x400.jpeg 600w, https:\/\/assets.brasildefato.com.br\/2025\/05\/bdf-20250515-010015-f4cdd5.jpeg 1600w\" data-sizes=\"(max-width: 1024px) 100vw, 1024px\" data-pin-no-hover=\"true\" data-was-processed=\"true\" \/><figcaption class=\"wp-element-caption\">Alertas de desmatamento, em vermelho, migraram e passaram a se concentrar no Matopiba \u2013 Fonte: MapBiomas<\/figcaption><\/figure>\n<p>\u201cEssa regi\u00e3o do Matopiba concentra mais desmatamento do que todo bioma Amaz\u00f4nia\u201d, ressalta Roberta Rocha, pesquisadora do Instituto de Pesquisa Ambiental da Amaz\u00f4nia (Ipam) e coordenadora t\u00e9cnica da equipe Cerrado do MapBiomas.<\/p>\n<div class=\"jeg_ad jeg_ad_article jnews_content_inline_3_ads \">\n<div class=\"ads-wrapper align-center \">\n<div class=\"ads_shortcode\">\n<div class=\"ads-region-container\" data-slot=\"artigos-leaderboard-incontent-3-mobile\" data-region=\"br\" data-slot-name=\"artigos-leaderboard-incontent-3-mobile-br\">\n<div id=\"div-gpt-ad-artigos-mobile_rectangle_mobile_3\" class=\"ad-slot\"><\/div>\n<\/div>\n<\/div>\n<\/div>\n<\/div>\n<p>Em 2023, a derrubada da floresta na Amaz\u00f4nia j\u00e1 estava em <a href=\"https:\/\/www.brasildefato.com.br\/2024\/11\/07\/desmatamento-diminui-no-cerrado-e-amazonia-mas-ainda-esta-longe-da-meta-zero\/\" data-type=\"link\" data-id=\"https:\/\/www.brasildefato.com.br\/2024\/11\/07\/desmatamento-diminui-no-cerrado-e-amazonia-mas-ainda-esta-longe-da-meta-zero\/\">queda<\/a>, enquanto no Cerrado a \u00e1rea devastada aumentou em 67%. Agora, mesmo com queda, a regi\u00e3o que abriga a fronteira agr\u00edcola do Matopiba ainda lidera o ranking de desmatamento, n\u00e3o s\u00f3 na categoria bioma, mas tamb\u00e9m entre os estados.<\/p>\n<p>Mesmo com redu\u00e7\u00e3o de 34,3% na \u00e1rea desmatada, o Maranh\u00e3o lidera, pelo segundo ano consecutivo, a lista das unidades federativas mais desmatados. Mais de 36% de toda a \u00e1rea \u00e9 ocupada por atividades agropecu\u00e1rias. Em 2003, as planta\u00e7\u00f5es de soja ocupavam cerca de 268 mil hectares. Em 2023, esse monocultivo j\u00e1 domina uma \u00e1rea de mais de 1 milh\u00e3o de hectares no estado.<\/p>\n<p>Em segundo lugar est\u00e1 o Par\u00e1, outro estado onde as planta\u00e7\u00f5es de soja avan\u00e7am e tomam o lugar da floresta. Somado \u00e0s atividades agropecu\u00e1rias, o garimpo \u00e9 um vetor de desmatamento nesse estado, onde est\u00e1 Itaituba, munic\u00edpio com a maior \u00e1rea de garimpo do Brasil. <a href=\"https:\/\/www.brasildefato.com.br\/2025\/04\/19\/area-ocupada-por-soja-cresceu-185-vezes-em-area-de-conflito-agrario-no-tocantins\/\" data-type=\"link\" data-id=\"https:\/\/www.brasildefato.com.br\/2025\/04\/19\/area-ocupada-por-soja-cresceu-185-vezes-em-area-de-conflito-agrario-no-tocantins\/\">Tocantins<\/a>, Piau\u00ed e Bahia aparecem na sequ\u00eancia dos estados l\u00edderes de desmatamento em 2024.<\/p>\n<p>As \u00e1reas de atividades agropecu\u00e1rias ocupam cerca de 35% de todo o territ\u00f3rio do Matopiba. S\u00e3o mais de 15 milh\u00f5es de hectares de pastagens e quase 5 milh\u00f5es de hectares de soja, principal atividade agr\u00edcola da regi\u00e3o.<\/p>\n<h4 class=\"wp-block-heading\">\u00c9 poss\u00edvel produzir no campo sem desmatar<\/h4>\n<p>O Cerrado concentra 52% de toda a derrubada de mata nativa registrada no Brasil em 2024. A ampla permiss\u00e3o para desmatamento nesse bioma est\u00e1 entre os principais fatores para a devasta\u00e7\u00e3o.<\/p>\n<p>De acordo com o que estabelece o C\u00f3digo Florestal, os donos de propriedades rurais no Cerrado precisam manter apenas 20% de reserva florestal. Na Amaz\u00f4nia, a reserva legal em propriedades rurais deve ocupar 80% da \u00e1rea total do im\u00f3vel.<\/p>\n<p>De acordo com Rosa, o desmatamento em \u00e1reas privadas no Brasil ficou concentrado em 0,9% dos im\u00f3veis identificadas pelo Cadastro Ambiental Rural (CAR), registro p\u00fablico, obrigat\u00f3rio e autodeclarat\u00f3rio de propriedades rurais.<\/p>\n<p>\u201cO que a gente est\u00e1 dizendo \u00e9 99% dos im\u00f3veis registrados no CAR n\u00e3o tiveram o desmatamento em 2024. Mesmo assim, teve aumento da produ\u00e7\u00e3o agropecu\u00e1ria\u201d, diz. Para ele, esses dados s\u00e3o indicativos de que \u00e9 poss\u00edvel produzir no campo sem desmatar.<\/p>\n<p>\u201cA gente tem esse setor agropecu\u00e1rio mais moderno que percebeu que o desmatamento afeta a chuva, vai afetar a qualidade do solo, ent\u00e3o, que \u00e9 ruim desmatar\u201d, afirma. Considerando a meta de<a href=\"https:\/\/www.brasildefato.com.br\/2025\/05\/12\/apesar-da-reducao-desmatamento-ainda-ameaca-futuro-da-mata-atlantica\/\" data-type=\"link\" data-id=\"https:\/\/www.brasildefato.com.br\/2025\/05\/12\/apesar-da-reducao-desmatamento-ainda-ameaca-futuro-da-mata-atlantica\/\"> zerar o desmatamento<\/a> at\u00e9 o ano de 2030, estabelecida no \u00e2mbito do Acordo de Paris, Rosa avalia que s\u00f3 ser\u00e1 poss\u00edvel se os representantes do setor do agroneg\u00f3cio tiverem representantes alinhados ao segmento que ele define como \u201cmais moderno\u201d.<\/p>\n<p>\u201cPorque esse \u00e9 um dos problemas. O di\u00e1logo \u00e9 mais dif\u00edcil porque a gente ainda est\u00e1 com representantes do agro que est\u00e3o pedindo anistia para os desmatadores, est\u00e3o pedindo redu\u00e7\u00e3o das leis de prote\u00e7\u00e3o. Mas \u00e9 poss\u00edvel, sim, a gente continuar com uma meta e perseguir essa meta\u201d, diz.<\/p>\n<p>Embora os n\u00fameros de desmatamento ainda sejam preocupantes, os dados de 2024 trazem algum otimismo: pela primeira vez em seis anos, o Brasil registrou queda no desmatamento em todos os biomas.<\/p>\n<h4 class=\"wp-block-heading\">Maior desmatamento foi na Caatinga<\/h4>\n<p>Pela primeira vez desde o in\u00edcio do monitoramento do MapBiomas, o maior foco \u00fanico de desmatamento foi registrado no bioma <a href=\"https:\/\/www.brasildefato.com.br\/2025\/05\/06\/caatinga-entre-a-ameaca-de-megaprojetos-e-a-resistencia-do-semiarido\/\" data-type=\"link\" data-id=\"https:\/\/www.brasildefato.com.br\/2025\/05\/06\/caatinga-entre-a-ameaca-de-megaprojetos-e-a-resistencia-do-semiarido\/\">Caatinga<\/a>. Em tr\u00eas meses, foram derrubados mais de 13 mil hectares em um \u00fanico m\u00f3vel rural, no estado do Piau\u00ed.<\/p>\n<p>Trata-se de um desmatamento autorizado e destinado \u00e0 atividade agropecu\u00e1ria, como explica Diego Costa, pesquisador do MapBiomas Caatinga.<\/p>\n<p>\u201cA atividade em si, a gente n\u00e3o consegue identificar. Mas o vetor de press\u00e3o apontado pelos analistas foi de que \u00e9 um uso de agropecu\u00e1rio\u201d, diz. A \u00e1rea fica em uma regi\u00e3o de fronteira com o Matopiba.<\/p>\n<p>A propor\u00e7\u00e3o da devasta\u00e7\u00e3o naquele ponto, que representa mais de 13 mil campos de futebol, chama a aten\u00e7\u00e3o do pesquisador por fugir do padr\u00e3o de desmatamento no bioma.<\/p>\n<p>\u201cNa Caatinga (\u2026) os nossos desmatamentos s\u00e3o majoritariamente pequenos. O tamanho m\u00e9dio do alerta de desmatamento no bioma tem aproximadamente 9,8 hectares\u201d. Ele tamb\u00e9m representa o maior alerta j\u00e1 publicado pela iniciativa MapBiomas Alerta nesses seis anos de projeto.<\/p>\n<p>&nbsp;<\/p>\n<div class=\"jeg_meta_post_footer\">\n<div class=\"jeg_meta_editors\">Editado por: Thalita Pires<\/div>\n<\/div>\n<\/div>\n<div class=\"jit-meta-authors-widget\">\n<div class=\"entry-header-meta\">\n<div class=\"jeg_post_meta jeg_line_25\"><\/div>\n<\/div>\n<\/div>\n<\/div>\n","protected":false},"excerpt":{"rendered":"<p>Quatro dos cinco estados mais desmatados em 2024 est\u00e3o em \u00e1rea de fronteira agr\u00edcola<\/p>\n","protected":false},"author":1,"featured_media":0,"comment_status":"closed","ping_status":"open","sticky":false,"template":"","format":"standard","meta":{"_exactmetrics_skip_tracking":false,"_exactmetrics_sitenote_active":false,"_exactmetrics_sitenote_note":"","_exactmetrics_sitenote_category":0,"jetpack_post_was_ever_published":false,"_jetpack_newsletter_access":"","_jetpack_dont_email_post_to_subs":false,"_jetpack_newsletter_tier_id":0,"_jetpack_memberships_contains_paywalled_content":false,"_jetpack_memberships_contains_paid_content":false,"footnotes":"","jetpack_publicize_message":"","jetpack_publicize_feature_enabled":true,"jetpack_social_post_already_shared":true,"jetpack_social_options":{"image_generator_settings":{"template":"highway","enabled":false},"version":2}},"categories":[1],"tags":[251,1335,387],"class_list":["post-36795","post","type-post","status-publish","format-standard","hentry","category-notas","tag-agronegocio","tag-biomas","tag-desmatamento"],"jetpack_publicize_connections":[],"jetpack_sharing_enabled":true,"jetpack_featured_media_url":"","jetpack_shortlink":"https:\/\/wp.me\/p7wKYW-9zt","jetpack-related-posts":[],"_links":{"self":[{"href":"http:\/\/blogdalucianaoliveira.com.br\/blog\/wp-json\/wp\/v2\/posts\/36795","targetHints":{"allow":["GET"]}}],"collection":[{"href":"http:\/\/blogdalucianaoliveira.com.br\/blog\/wp-json\/wp\/v2\/posts"}],"about":[{"href":"http:\/\/blogdalucianaoliveira.com.br\/blog\/wp-json\/wp\/v2\/types\/post"}],"author":[{"embeddable":true,"href":"http:\/\/blogdalucianaoliveira.com.br\/blog\/wp-json\/wp\/v2\/users\/1"}],"replies":[{"embeddable":true,"href":"http:\/\/blogdalucianaoliveira.com.br\/blog\/wp-json\/wp\/v2\/comments?post=36795"}],"version-history":[{"count":2,"href":"http:\/\/blogdalucianaoliveira.com.br\/blog\/wp-json\/wp\/v2\/posts\/36795\/revisions"}],"predecessor-version":[{"id":36798,"href":"http:\/\/blogdalucianaoliveira.com.br\/blog\/wp-json\/wp\/v2\/posts\/36795\/revisions\/36798"}],"wp:attachment":[{"href":"http:\/\/blogdalucianaoliveira.com.br\/blog\/wp-json\/wp\/v2\/media?parent=36795"}],"wp:term":[{"taxonomy":"category","embeddable":true,"href":"http:\/\/blogdalucianaoliveira.com.br\/blog\/wp-json\/wp\/v2\/categories?post=36795"},{"taxonomy":"post_tag","embeddable":true,"href":"http:\/\/blogdalucianaoliveira.com.br\/blog\/wp-json\/wp\/v2\/tags?post=36795"}],"curies":[{"name":"wp","href":"https:\/\/api.w.org\/{rel}","templated":true}]}}