{"id":36807,"date":"2025-05-20T10:26:58","date_gmt":"2025-05-20T14:26:58","guid":{"rendered":"https:\/\/blogdalucianaoliveira.com.br\/blog\/?p=36807"},"modified":"2025-05-20T10:26:58","modified_gmt":"2025-05-20T14:26:58","slug":"desinformacao-e-principal-risco-global-para-2025-afirma-unesco","status":"publish","type":"post","link":"http:\/\/blogdalucianaoliveira.com.br\/blog\/2025\/05\/20\/desinformacao-e-principal-risco-global-para-2025-afirma-unesco\/","title":{"rendered":"Desinforma\u00e7\u00e3o \u00e9 principal risco global para 2025, afirma Unesco"},"content":{"rendered":"<p><img data-recalc-dims=\"1\" loading=\"lazy\" decoding=\"async\" data-attachment-id=\"36808\" data-permalink=\"http:\/\/blogdalucianaoliveira.com.br\/blog\/2025\/05\/20\/desinformacao-e-principal-risco-global-para-2025-afirma-unesco\/img_1794\/\" data-orig-file=\"https:\/\/i0.wp.com\/blogdalucianaoliveira.com.br\/blog\/wp-content\/uploads\/2025\/05\/IMG_1794.webp?fit=1170%2C700\" data-orig-size=\"1170,700\" data-comments-opened=\"0\" data-image-meta=\"{&quot;aperture&quot;:&quot;0&quot;,&quot;credit&quot;:&quot;&quot;,&quot;camera&quot;:&quot;&quot;,&quot;caption&quot;:&quot;&quot;,&quot;created_timestamp&quot;:&quot;0&quot;,&quot;copyright&quot;:&quot;&quot;,&quot;focal_length&quot;:&quot;0&quot;,&quot;iso&quot;:&quot;0&quot;,&quot;shutter_speed&quot;:&quot;0&quot;,&quot;title&quot;:&quot;&quot;,&quot;orientation&quot;:&quot;0&quot;}\" data-image-title=\"IMG_1794\" data-image-description=\"\" data-image-caption=\"\" data-medium-file=\"https:\/\/i0.wp.com\/blogdalucianaoliveira.com.br\/blog\/wp-content\/uploads\/2025\/05\/IMG_1794.webp?fit=300%2C179\" data-large-file=\"https:\/\/i0.wp.com\/blogdalucianaoliveira.com.br\/blog\/wp-content\/uploads\/2025\/05\/IMG_1794.webp?fit=600%2C359\" class=\"alignnone size-medium wp-image-36808\" src=\"https:\/\/i0.wp.com\/blogdalucianaoliveira.com.br\/blog\/wp-content\/uploads\/2025\/05\/IMG_1794.webp?resize=300%2C179\" alt=\"\" width=\"300\" height=\"179\" srcset=\"https:\/\/i0.wp.com\/blogdalucianaoliveira.com.br\/blog\/wp-content\/uploads\/2025\/05\/IMG_1794.webp?resize=300%2C179 300w, https:\/\/i0.wp.com\/blogdalucianaoliveira.com.br\/blog\/wp-content\/uploads\/2025\/05\/IMG_1794.webp?resize=1024%2C613 1024w, https:\/\/i0.wp.com\/blogdalucianaoliveira.com.br\/blog\/wp-content\/uploads\/2025\/05\/IMG_1794.webp?resize=768%2C459 768w, https:\/\/i0.wp.com\/blogdalucianaoliveira.com.br\/blog\/wp-content\/uploads\/2025\/05\/IMG_1794.webp?resize=501%2C300 501w, https:\/\/i0.wp.com\/blogdalucianaoliveira.com.br\/blog\/wp-content\/uploads\/2025\/05\/IMG_1794.webp?w=1170 1170w\" sizes=\"auto, (max-width: 300px) 100vw, 300px\" \/><\/p>\n<p>Diretor da Unesco concedeu entrevista exclusiva \u00e0 Ag\u00eancia Brasil<!--more--><\/p>\n<p>Ag\u00eancia Brasil &#8211; A desinforma\u00e7\u00e3o figura como principal risco global para 2025 e para os anos que est\u00e3o por vir \u2013 \u00e0 frente das mudan\u00e7as clim\u00e1ticas, da crise ambiental, dos fluxos migrat\u00f3rios, da viol\u00eancia e do terrorismo.<img data-recalc-dims=\"1\" decoding=\"async\" src=\"https:\/\/i0.wp.com\/agenciabrasil.ebc.com.br\/ebc.png?w=600&#038;ssl=1\" \/><img data-recalc-dims=\"1\" decoding=\"async\" src=\"https:\/\/i0.wp.com\/agenciabrasil.ebc.com.br\/ebc.gif?w=600&#038;ssl=1\" \/><\/p>\n<p>A avalia\u00e7\u00e3o \u00e9 do\u00a0diretor-geral adjunto de Comunica\u00e7\u00e3o e Informa\u00e7\u00e3o da Organiza\u00e7\u00e3o das Na\u00e7\u00f5es Unidas para a Educa\u00e7\u00e3o, a Ci\u00eancia e a Cultura (Unesco), Tawfik Jelassi, que esteve no Brasil na \u00faltima semana para participar do\u00a0Semin\u00e1rio Internacional Cetic.br 20 anos \u2013 Dados e An\u00e1lises para um Futuro Digital Inclusivo.<\/p>\n<blockquote><p>\u201cOs pa\u00edses n\u00e3o est\u00e3o preparados o suficiente para combater a desinforma\u00e7\u00e3o. Eles s\u00e3o vulner\u00e1veis \u200b\u200bao impacto negativo da desinforma\u00e7\u00e3o, o que \u00e9 uma quest\u00e3o muito importante. Portanto, sim, a desinforma\u00e7\u00e3o \u00e9 o risco global n\u00famero um hoje e ao longo dos pr\u00f3ximos anos e todos os pa\u00edses do mundo precisam agir para combat\u00ea-la.\u201d<\/p><\/blockquote>\n<p>Em entrevista \u00e0 <strong>Ag\u00eancia Brasil<\/strong>, ele\u00a0defendeu a regulamenta\u00e7\u00e3o das redes sociais por todos os\u00a0pa\u00edses e um pacto global para combater a desinforma\u00e7\u00e3o no ambiente virtual. Ele destacou, entretanto, que\u00a0a responsabilidade prim\u00e1ria pelo combate \u00e0s fake news deve ser das empresas de plataformas digitais que t\u00eam a obriga\u00e7\u00e3o\u00a0de agir.<\/p>\n<p><a href=\"https:\/\/www.whatsapp.com\/channel\/0029VaoRTgrInlqYLSk59B2M\" target=\"_blank\" rel=\"noopener\">&gt;&gt; Siga o canal da <strong>Ag\u00eancia Brasil<\/strong> no WhatsApp<\/a><\/p>\n<p>&#8220;As\u00a0plataformas digitais s\u00e3o globais. Elas n\u00e3o reconhecem limites ou fronteiras nacionais. Se n\u00e3o unirmos for\u00e7as por meio de a\u00e7\u00f5es globais, n\u00e3o poderemos combater efetivamente a desinforma\u00e7\u00e3o que acontece nas plataformas digitais&#8221;, afirmou.<\/p>\n<p>&#8220;Cada pa\u00eds precisa ter uma regulamenta\u00e7\u00e3o sobre isso. Mas precisamos ter uma abordagem verdadeira porque somente unindo for\u00e7as internacionalmente \u00e9 que podemos combater esse risco global. E a tecnologia n\u00e3o conhece barreiras&#8221;, completou o especialista que tem doutorado em Sistemas de Informa\u00e7\u00f5es Gerenciais pela Universidade de Nova York.<\/p>\n<p>Jelassi citou\u00a0um\u00a0estudo do Instituto de Tecnologia de Massachusetts que aponta que mentiras se espalham 10 vezes mais r\u00e1pido que a verdade. &#8220;Uma vez que se espalham como fogo, o dano j\u00e1 est\u00e1 feito. Como podemos desfaz\u00ea-lo? N\u00e3o podemos. Mesmo que se tente retificar essa informa\u00e7\u00e3o, o dano j\u00e1 aconteceu. Ent\u00e3o, precisamos prevenir, precisamos combater a desinforma\u00e7\u00e3o.&#8221;<\/p>\n<p>A Unesco est\u00e1 organizando uma confer\u00eancia global em junho para debater temas como\u00a0intelig\u00eancia artificial e transforma\u00e7\u00e3o digital no setor p\u00fablico.<\/p>\n<p>Para Jelassi, \u00e9 necess\u00e1rio que o\u00a0setor p\u00fablico\u00a0acompanhe\u00a0a transforma\u00e7\u00e3o digital do mundo oferecendo aos seus cidad\u00e3os servi\u00e7os de melhor qualidade utilizando tecnologias. Para isso, ele defende que os pa\u00edses coloquem como centro das pol\u00edticas p\u00fablicas o investimento no desenvolvimento de capacidades e habilidades dos seus recursos humanos.<\/p>\n<blockquote><p>&#8220;Uma quest\u00e3o espec\u00edfica que abordaremos [na confer\u00eancia] \u00e9 a constru\u00e7\u00e3o e o desenvolvimento de capacidades.\u200b A partir dos nossos estudos, percebemos que, em diversos pa\u00edses, muitos servidores p\u00fablicos n\u00e3o t\u00eam a compet\u00eancia ou o conjunto de habilidades necess\u00e1rias para ter sucesso na transforma\u00e7\u00e3o digital. Acreditamos que isso esteja no cerne de uma a\u00e7\u00e3o governamental.&#8221;<\/p><\/blockquote>\n<p><strong>Confira, a seguir, os principais trechos da entrevista<\/strong>.<\/p>\n<p><strong>Ag\u00eancia Brasil:<\/strong>\u00a0O senhor disse, certa vez, que um dos desafios e oportunidades mais importantes da nossa era \u00e9 transformar tecnologias digitais em uma for\u00e7a para o bem. Como tem funcionado o trabalho que a Unesco realiza no sentido de contribuir para essa quest\u00e3o?<\/p>\n<p><strong>Towfik Jelassi:<\/strong>\u00a0A tecnologia, de certa forma, \u00e9 neutra. As pessoas podem us\u00e1-la de forma positiva ou negativa. Ela apresenta oportunidades, mas tamb\u00e9m riscos. Quando digo que a tecnologia deve ser usada como uma for\u00e7a para o bem, cito um exemplo: devemos us\u00e1-la para combater a desinforma\u00e7\u00e3o, sobretudo no que diz respeito \u00e0 intelig\u00eancia artificial. Devemos ser capazes de detectar informa\u00e7\u00f5es n\u00e3o factuais. Devemos ajudar na modera\u00e7\u00e3o e na curadoria de conte\u00fado. N\u00e3o queremos que a tecnologia seja usada para prejudicar as pessoas, para prejudicar as sociedades. N\u00e3o queremos que a tecnologia se torne um perigo.<\/p>\n<p>A Unesco acredita firmemente que a informa\u00e7\u00e3o e, claro, as tecnologias da informa\u00e7\u00e3o e a comunica\u00e7\u00e3o devem ser um bem p\u00fablico comum e n\u00e3o um dano p\u00fablico. A tecnologia n\u00e3o s\u00f3 pode como j\u00e1 foi usada como uma for\u00e7a para o bem. Por exemplo: na sa\u00fade, na agricultura, no combate \u00e0s mudan\u00e7as clim\u00e1ticas e em solu\u00e7\u00f5es para a crise ambiental. Esses s\u00e3o usos positivos da tecnologia. Mas tamb\u00e9m temos que combater a desinforma\u00e7\u00e3o, o discurso de \u00f3dio e outros conte\u00fados online prejudiciais.<\/p>\n<p><strong>Ag\u00eancia Brasil:<\/strong>\u00a0 Alguns dos trabalhos recentes propostos pela Unesco incluem recomenda\u00e7\u00f5es sobre a \u00e9tica no uso da intelig\u00eancia artificial. O senhor pode falar um pouco sobre isso?<\/p>\n<p><strong>Jelassi:<\/strong>\u00a0Em 2018, a Unesco iniciou um projeto massivo em torno do uso \u00e9tico da intelig\u00eancia artificial \u2013\u00a0pelo menos tr\u00eas ou quatro anos antes do surgimento do <em>ChatGPT<\/em> e da intelig\u00eancia artificial interativa. A Unesco \u00e9 reconhecida por ser, de certa forma, o <em>think tank<\/em> [laborat\u00f3rio de ideias] do sistema das Na\u00e7\u00f5es Unidas, uma esp\u00e9cie de antecipadora das mudan\u00e7as que vir\u00e3o e de seus impactos, inclusive no que diz respeito \u00e0 tecnologia. Ent\u00e3o, em 2018, a Unesco i\u00e7ou a bandeira do que est\u00e1vamos prestes a ver: o avan\u00e7o de uma tecnologia muito sofisticada chamada intelig\u00eancia artificial, que pode ser usada como uma for\u00e7a para o bem, mas que tamb\u00e9m apresenta riscos e perigos.<\/p>\n<div class=\"dnd-widget-wrapper context-medio_4colunas type-image atom-align-left\">\n<div class=\"dnd-atom-rendered\"><img data-recalc-dims=\"1\" decoding=\"async\" title=\"Marcelo Camargo\/Ag\u00eancia Brasil\" src=\"https:\/\/i0.wp.com\/imagens.ebc.com.br\/hrU7zi1uQj8AfWwLKqsn9M586Ao%3D\/365x0\/smart\/https%3A\/\/agenciabrasil.ebc.com.br\/sites\/default\/files\/thumbnails\/image\/09_07_2020_teletrabalho-4.jpg?w=600&#038;ssl=1\" alt=\"Teletrabalho, home office ou trabalho remoto.\" \/><\/div>\n<div class=\"dnd-caption-wrapper\">\n<h6 class=\"meta\">Teletrabalho, home office ou trabalho remoto. &#8211; <strong>Marcelo Camargo\/Ag\u00eancia Brasil<\/strong><\/h6>\n<\/div>\n<\/div>\n<p>A Unesco pediu responsabilidade \u00e9tica dentro do uso da intelig\u00eancia artificial. O trabalho incluiu consultas globais abertas e, claro, trabalhos de especialistas mundiais sobre o assunto, o que culminou, em 2021, com os 193 Estados-membros aprovando as Recomenda\u00e7\u00f5es sobre a \u00c9tica na Intelig\u00eancia Artificial. Esse foi o primeiro instrumento normativo global desenvolvido sobre esse assunto e fico feliz em dizer que, hoje, temos 70 pa\u00edses ao redor do mundo que est\u00e3o implementando essas recomenda\u00e7\u00f5es para o uso \u00e9tico e respons\u00e1vel da intelig\u00eancia artificial.<\/p>\n<p><strong>Ag\u00eancia Brasil:<\/strong>\u00a0Onde se encontra o Brasil neste processo?<\/p>\n<p><strong>Jelassi:<\/strong>\u00a0O Brasil est\u00e1 bastante avan\u00e7ado e est\u00e1 entre os pa\u00edses que, claro, votaram a favor desta recomenda\u00e7\u00e3o global da Unesco e que tamb\u00e9m implementaram os princ\u00edpios e as diretrizes contidos nesta importante publica\u00e7\u00e3o.<\/p>\n<p><strong>Ag\u00eancia Brasil:\u00a0<\/strong> A Unesco tem apelado ao uso respons\u00e1vel e \u00e9tico da intelig\u00eancia artificial. Como est\u00e3o as coisas neste momento e o que precisa mudar em rela\u00e7\u00e3o a essa tem\u00e1tica?<\/p>\n<p><strong>Jelassi:<\/strong>\u00a0Existe um diferencial importante entre as tecnologias digitais: elas se desenvolvem numa velocidade muit\u00edssimo alta, que pa\u00edses e entidades reguladoras n\u00e3o conseguem acompanhar. \u00a0\u00c9 o que acontece quando se tem uma tecnologia como a intelig\u00eancia artificial, que impacta tantos setores. Por exemplo: um professor n\u00e3o pode mais aplicar uma prova para que os alunos levem para casa porque sabe que a resposta vir\u00e1 do ChatGPT e todos os alunos passar\u00e3o na prova. Ent\u00e3o, hoje, n\u00e3o vivemos mais um momento que que precisamos melhorar ou reformar a educa\u00e7\u00e3o. Estamos em uma era onde precisamos transformar a educa\u00e7\u00e3o, transformar o ensino, transformar a aprendizagem, transformar a avalia\u00e7\u00e3o dos alunos. Este \u00e9 apenas um exemplo. Posso dar um exemplo tamb\u00e9m na agricultura, sobre como a intelig\u00eancia artificial transforma a maneira como os agricultores cuidam de seus neg\u00f3cios. Hoje, voc\u00ea pode saber, com base no tipo de solo, clima, cultivo, \u00e1gua e irriga\u00e7\u00e3o qual a melhor semente a ser cultivada em uma determinada terra, al\u00e9m do uso de fertilizantes personalizados \u2013 n\u00e3o mais de fertilizantes gen\u00e9ricos, mas fertilizantes personalizados para ajudar a otimizar o campo de cultivo.<\/p>\n<p>Tudo isso gra\u00e7as ao big data, \u00e0 an\u00e1lise de dados, aos algoritmos preditivos, aos sistemas de informa\u00e7\u00e3o geogr\u00e1fica, a imagens de sat\u00e9lite, \u00e0s fotos tiradas com drones. A tecnologia hoje est\u00e1 no cerne da agricultura. E quem teria pensado nisso, mesmo alguns anos atr\u00e1s? A tecnologia impacta todos os setores, todas as ind\u00fastrias, nossas vidas, n\u00f3s mesmos como indiv\u00edduos, a sociedade em geral. Portanto, temos que exigir o uso respons\u00e1vel e \u00e9tico da intelig\u00eancia artificial, \u200b\u200bque respeite a dignidade humana, a privacidade de dados e os direitos humanos.N\u00e3o \u00e9 porque a tecnologia est\u00e1 a\u00ed para nos permitir fazer tudo que podemos simplesmente ir em frente. Temos que ser cidad\u00e3os respons\u00e1veis \u200b\u200be temos que ser usu\u00e1rios \u00e9ticos dessa tecnologia.<\/p>\n<p><strong>Ag\u00eancia Brasil:<\/strong>\u00a0O senhor pode falar um pouco sobre as diretrizes da Unesco voltadas especificamente para gestores de plataformas digitais e que visam combater a desinforma\u00e7\u00e3o, o discurso de \u00f3dio e outros conte\u00fados <em>online<\/em>?<\/p>\n<p><strong>Jelassi:\u00a0<\/strong> Esse \u00e9 um t\u00f3pico muito importante hoje porque todos n\u00f3s, cidad\u00e3os do mundo, passamos v\u00e1rias horas por dia em m\u00eddias sociais ou plataformas digitais. Estudos mostram que uma porcentagem bastante significativa de pessoas est\u00e1 conectada a m\u00eddias sociais e plataformas digitais \u2013 do minuto em que acordam pela manh\u00e3 at\u00e9 a hora de dormir. Elas t\u00eam, em m\u00e9dia, entre sete e oito horas por dia de conex\u00e3o com as m\u00eddias sociais. Quando est\u00e3o no trabalho, quando est\u00e3o em movimento, quando est\u00e3o almo\u00e7ando ou jantando, elas ainda est\u00e3o conectadas. Essa \u00e9 a realidade de hoje. Mas nem tudo o que vemos <em>online <\/em>\u00e9 informa\u00e7\u00e3o factual, \u00e9 informa\u00e7\u00e3o verificada, \u00e9 dado objetivo. N\u00e3o podemos confiar em tudo porque h\u00e1, como voc\u00ea mesma disse, uma quantidade crescente de desinforma\u00e7\u00e3o e informa\u00e7\u00f5es falsas.<\/p>\n<p>Sabemos que, especialmente pelo meio digital, mentiras s\u00e3o transmitidas muito mais r\u00e1pido que a verdade. Um estudo do Instituto de Tecnologia de Massachusetts, em Boston, revelou que mentiras viajam 10 vezes mais r\u00e1pido que a verdade. Mas, uma vez que se espalham como fogo, o dano j\u00e1 est\u00e1 feito. Como podemos desfaz\u00ea-lo? N\u00e3o podemos. Mesmo que se tente retificar essa informa\u00e7\u00e3o, o dano j\u00e1 aconteceu. Ent\u00e3o, precisamos prevenir, precisamos combater a desinforma\u00e7\u00e3o. Ela \u00e9 muito, muito prejudicial. Temos que garantir que sejam fatos e n\u00e3o informa\u00e7\u00f5es falsas que s\u00e3o disseminadas <em>online<\/em>. Permita-me citar Maria Ressa, jornalista filipina que recebeu o Nobel da Paz de 2021. Ela disse:<\/p>\n<blockquote><p>\u2018Sem fatos, n\u00e3o h\u00e1 verdade. Sem verdade, n\u00e3o h\u00e1 confian\u00e7a. E sem confian\u00e7a, n\u00e3o temos uma realidade compartilhada\u2019. Todos podem ter sua opini\u00e3o, mas devem ser os fatos o conte\u00fado a ser compartilhado. \u00c9 a realidade que deve ser compartilhada. Ningu\u00e9m pode apresentar seus pr\u00f3prios fatos ou sua pr\u00f3pria realidade. Sobretudo quando esses fatos est\u00e3o errados e podem manipular as pessoas, podem influenciar as pessoas.<\/p><\/blockquote>\n<p>Sabemos que a informa\u00e7\u00e3o, a liberdade de express\u00e3o e a liberdade de m\u00eddia s\u00e3o a pedra angular da sociedade democr\u00e1tica e precisamos preserv\u00e1-las. Porque, se nossa sociedade for dominada por desinforma\u00e7\u00e3o, discurso de \u00f3dio e coisas do tipo, isso pode ser algo que divide. Pode colocar alguns grupos de pessoas ou algumas comunidades contra outras, ou alguns indiv\u00edduos contra outros. E isso \u00e9 muito prejudicial para n\u00f3s como sociedade, como comunidade.<\/p>\n<p><strong>Ag\u00eancia Brasil:\u00a0<\/strong>A desinforma\u00e7\u00e3o pode ser considerada o principal risco global para 2025 e para os pr\u00f3ximos anos? O que pode ser fazer a respeito?<\/p>\n<p><strong>Jelassi:\u00a0<\/strong> Sim, mas n\u00e3o sou eu quem pensa assim. S\u00e3o duas fontes que temos. Uma delas \u00e9 o F\u00f3rum Econ\u00f4mico Mundial de Davos que, em janeiro de 2025, publicou um relat\u00f3rio anual no qual\u00a0coloca\u00a0a desinforma\u00e7\u00e3o como o risco global n\u00famero um para 2025 e para os pr\u00f3ximos dois anos, com base em suas pesquisas e seus estudos. Eles colocam a desinforma\u00e7\u00e3o como risco global n\u00famero um, \u00e0 frente das mudan\u00e7as clim\u00e1ticas, da crise ambiental, dos fluxos migrat\u00f3rios, da viol\u00eancia e do terrorismo. J\u00e1 em mar\u00e7o de 2025, as Na\u00e7\u00f5es Unidas publicaram o Relat\u00f3rio Mundial de Risco Global e colocaram a desinforma\u00e7\u00e3o como risco global n\u00famero um com base em dois crit\u00e9rios: o primeiro \u00e9 a import\u00e2ncia e o segundo \u00e9 a vulnerabilidade dos pa\u00edses. Ou seja, os pa\u00edses n\u00e3o est\u00e3o preparados o suficiente para combater a desinforma\u00e7\u00e3o. Eles s\u00e3o vulner\u00e1veis \u200b\u200bao impacto negativo da desinforma\u00e7\u00e3o, o que \u00e9 uma quest\u00e3o muito importante. Portanto, sim, a desinforma\u00e7\u00e3o \u00e9 o risco global n\u00famero um hoje e ao longo dos pr\u00f3ximos anos e todos os pa\u00edses do mundo precisam agir para combat\u00ea-la.<\/p>\n<p><strong>Ag\u00eancia Brasil:<\/strong>\u00a0O senhor acredita que precisamos unir for\u00e7as para enfrentar todos esses problemas e tornar o ciberespa\u00e7o um lugar mais confi\u00e1vel?<\/p>\n<p><strong>Jelassi:\u00a0<\/strong>Absolutamente. Por que precisamos unir for\u00e7as em n\u00edvel internacional, em n\u00edvel global? Porque as plataformas digitais s\u00e3o globais. Elas n\u00e3o reconhecem limites ou fronteiras nacionais. Elas espalham a palavra. Elas s\u00e3o globais por natureza. Se voc\u00ea usa qualquer uma dessas plataformas digitais ou m\u00eddias sociais, voc\u00ea as usa no Brasil, voc\u00ea as usa em qualquer pa\u00eds do mundo. Ent\u00e3o, se n\u00e3o unirmos for\u00e7as por meio de a\u00e7\u00f5es globais, n\u00e3o poderemos combater efetivamente a desinforma\u00e7\u00e3o que acontece nas plataformas digitais. Claro, cada pa\u00eds precisa ter uma regulamenta\u00e7\u00e3o sobre isso. Mas precisamos ter uma abordagem verdadeira porque somente unindo for\u00e7as internacionalmente \u00e9 que podemos combater esse risco global. E a tecnologia n\u00e3o conhece barreiras.<\/p>\n<p><strong>Ag\u00eancia Brasil:\u00a0<\/strong>Como buscar um uso respons\u00e1vel e transparente das plataformas, al\u00e9m de uma melhor modera\u00e7\u00e3o de conte\u00fado por parte das empresas de tecnologia?<\/p>\n<div class=\"dnd-widget-wrapper context-medio_4colunas type-image atom-align-right\">\n<div class=\"dnd-atom-rendered\"><img data-recalc-dims=\"1\" decoding=\"async\" title=\"Marcelo Camargo\/Ag\u00eancia Brasil\" src=\"https:\/\/i0.wp.com\/imagens.ebc.com.br\/2qhtlq3DaNHjr8_VKmFO25O2Jo8%3D\/365x0\/smart\/https%3A\/\/agenciabrasil.ebc.com.br\/sites\/default\/files\/thumbnails\/image\/2025\/05\/19\/tawfik-jelassi_mcamgo_abr_16052025-3.jpg?w=600&#038;ssl=1\" alt=\"Bras\u00edlia (DF), 16\/05\/2025 -  O Diretor-geral adjunto de Comunica\u00e7\u00e3o e Informa\u00e7\u00e3o da UNESCO, Tawfik Jelassi, durante entrevista para a Ag\u00eancia Brasil. Foto: Marcelo Camargo\/Ag\u00eancia Brasil\" \/><\/div>\n<div class=\"dnd-caption-wrapper\">\n<h6 class=\"meta\">O diretor-geral adjunto de Comunica\u00e7\u00e3o e Informa\u00e7\u00e3o da Unesco, Tawfik Jelassi, durante entrevista para a <strong>Ag\u00eancia Brasil<\/strong>. <strong>Foto:<\/strong>\u00a0<strong>Marcelo Camargo\/Ag\u00eancia Brasil<\/strong><\/h6>\n<\/div>\n<\/div>\n<p><strong>Jelassi:\u00a0<\/strong>Boa pergunta. Mais uma vez, n\u00e3o estamos falando de utopia. Quando falamos sobre governan\u00e7a efetiva de plataformas digitais, isso n\u00e3o \u00e9 uma ilus\u00e3o. Pode efetivamente ser feito. Vou dar um exemplo de uma plataforma digital que tem mais de 1,5 milh\u00e3o de usu\u00e1rios ativos e onde n\u00e3o vemos discurso de \u00f3dio, n\u00e3o vemos ass\u00e9dio <em>online<\/em>, n\u00e3o vemos desinforma\u00e7\u00e3o: LinkedIn. Sou um usu\u00e1rio di\u00e1rio. Talvez passe uma hora a uma hora e meia todos os dias. \u00c9 uma plataforma, como eu disse, com mais de 1,5 milh\u00e3o de pessoas, mas que est\u00e1 cumprindo sua miss\u00e3o, est\u00e1 atraindo pessoas \u2013 especialmente profissionais. Est\u00e1 funcionando.<\/p>\n<p>N\u00e3o precisamos acreditar que qualquer plataforma, por natureza, tem que ser uma for\u00e7a para o mal ou deve necessariamente espalhar informa\u00e7\u00f5es falsas. Se elas tiverem os algoritmos adequados, se seguirem os princ\u00edpios que mencionei antes, se tiverem a curadoria de conte\u00fado adequada, a modera\u00e7\u00e3o de conte\u00fado adequada, filtrando mensagens de viol\u00eancia, mensagens de \u00f3dio, podem funcionar.<\/p>\n<p>As empresas de tecnologia n\u00e3o deveriam deixar que esse tipo de coisa fosse disseminado e exibido em todo o mundo atrav\u00e9s de suas plataformas. Elas gerenciam as plataformas, n\u00e3o os usu\u00e1rios. Claro, h\u00e1 um modelo de neg\u00f3cios por tr\u00e1s disso. O que atrai as pessoas? A desinforma\u00e7\u00e3o. Po<strong>r<\/strong>que not\u00edcias falsas geram barulho. E as pessoas n\u00e3o sabem que elas s\u00e3o necessariamente falsas. As pessoas dizem:<\/p>\n<blockquote><p>\u2018Nossa, deixe-me compartilhar isso com um amigo\u2019. Assim, a desinforma\u00e7\u00e3o \u00e9 compartilhada em grande escala. Quanto mais voc\u00ea dissemina esse tipo de informa\u00e7\u00e3o, mais pessoas clicam nela. Quanto mais cliques, mais empresas anunciam online nessa plataforma. E, com mais publicidade online, mais lucro.<\/p><\/blockquote>\n<p>Podemos ver como o modelo de neg\u00f3cios, de certa forma, n\u00e3o exatamente favorece a desinforma\u00e7\u00e3o, mas permite que ela aconte\u00e7a. Por isso, as empresas de plataformas digitais t\u00eam a responsabilidade prim\u00e1ria de agir.<\/p>\n<p><strong>Ag\u00eancia Brasil:\u00a0<\/strong>O senhor pode falar um pouco sobre a tem\u00e1tica da transforma\u00e7\u00e3o digital do setor p\u00fablico, que ser\u00e1 discutida em junho em uma confer\u00eancia global organizada pela Unesco? Trata-se de um tema de interesse para todos os Estados-membros?<\/p>\n<p><strong>Jelassi:\u00a0<\/strong>A Unesco est\u00e1 organizando uma confer\u00eancia global nos dias 4 e 5 de junho de 2025, em sua sede, em Paris, sobre intelig\u00eancia artificial e transforma\u00e7\u00e3o digital no setor p\u00fablico. Acreditamos que, para que qualquer pa\u00eds e qualquer governo possam melhorar seus servi\u00e7os aos cidad\u00e3os, eles precisam usar tecnologias digitais, precisam transformar seu relacionamento com os cidad\u00e3os e o tipo de servi\u00e7os e de administra\u00e7\u00e3o p\u00fablica que oferece aos cidad\u00e3os. Esse \u00e9 o foco desta confer\u00eancia. E uma quest\u00e3o espec\u00edfica que abordaremos \u00e9 a constru\u00e7\u00e3o e o desenvolvimento de capacidades. A partir dos nossos estudos, percebemos que, em diversos pa\u00edses, muitos servidores p\u00fablicos n\u00e3o t\u00eam a compet\u00eancia ou o conjunto de habilidades necess\u00e1rias para ter sucesso na transforma\u00e7\u00e3o digital. Acreditamos que isso esteja no cerne de uma a\u00e7\u00e3o governamental.<\/p>\n<p>A intelig\u00eancia artificial \u00e9 um facilitador importante para servi\u00e7os digitais inovadores para os cidad\u00e3os. \u00c9 por isso que estamos realizando esta confer\u00eancia. A Unesco desempenha um papel fundamental n\u00e3o apenas na advocacia, mas tamb\u00e9m na formula\u00e7\u00e3o de pol\u00edticas, no desenvolvimento e na capacita\u00e7\u00e3o. N\u00e3o basta fazer propaganda. N\u00e3o basta desenvolver uma pol\u00edtica ou estrat\u00e9gia a ser implementada. \u00c9 preciso ter recursos humanos com compet\u00eancias e habilidades.<\/p>\n<p>&nbsp;<\/p>\n","protected":false},"excerpt":{"rendered":"<p>Diretor da Unesco concedeu entrevista exclusiva \u00e0 Ag\u00eancia Brasil<\/p>\n","protected":false},"author":1,"featured_media":0,"comment_status":"closed","ping_status":"open","sticky":false,"template":"","format":"standard","meta":{"_exactmetrics_skip_tracking":false,"_exactmetrics_sitenote_active":false,"_exactmetrics_sitenote_note":"","_exactmetrics_sitenote_category":0,"jetpack_post_was_ever_published":false,"_jetpack_newsletter_access":"","_jetpack_dont_email_post_to_subs":false,"_jetpack_newsletter_tier_id":0,"_jetpack_memberships_contains_paywalled_content":false,"_jetpack_memberships_contains_paid_content":false,"footnotes":"","jetpack_publicize_message":"","jetpack_publicize_feature_enabled":true,"jetpack_social_post_already_shared":true,"jetpack_social_options":{"image_generator_settings":{"template":"highway","enabled":false},"version":2}},"categories":[1],"tags":[646,1338,1339],"class_list":["post-36807","post","type-post","status-publish","format-standard","hentry","category-notas","tag-desinformacao","tag-negacionismo","tag-pacto"],"jetpack_publicize_connections":[],"jetpack_sharing_enabled":true,"jetpack_featured_media_url":"","jetpack_shortlink":"https:\/\/wp.me\/p7wKYW-9zF","jetpack-related-posts":[],"_links":{"self":[{"href":"http:\/\/blogdalucianaoliveira.com.br\/blog\/wp-json\/wp\/v2\/posts\/36807","targetHints":{"allow":["GET"]}}],"collection":[{"href":"http:\/\/blogdalucianaoliveira.com.br\/blog\/wp-json\/wp\/v2\/posts"}],"about":[{"href":"http:\/\/blogdalucianaoliveira.com.br\/blog\/wp-json\/wp\/v2\/types\/post"}],"author":[{"embeddable":true,"href":"http:\/\/blogdalucianaoliveira.com.br\/blog\/wp-json\/wp\/v2\/users\/1"}],"replies":[{"embeddable":true,"href":"http:\/\/blogdalucianaoliveira.com.br\/blog\/wp-json\/wp\/v2\/comments?post=36807"}],"version-history":[{"count":1,"href":"http:\/\/blogdalucianaoliveira.com.br\/blog\/wp-json\/wp\/v2\/posts\/36807\/revisions"}],"predecessor-version":[{"id":36809,"href":"http:\/\/blogdalucianaoliveira.com.br\/blog\/wp-json\/wp\/v2\/posts\/36807\/revisions\/36809"}],"wp:attachment":[{"href":"http:\/\/blogdalucianaoliveira.com.br\/blog\/wp-json\/wp\/v2\/media?parent=36807"}],"wp:term":[{"taxonomy":"category","embeddable":true,"href":"http:\/\/blogdalucianaoliveira.com.br\/blog\/wp-json\/wp\/v2\/categories?post=36807"},{"taxonomy":"post_tag","embeddable":true,"href":"http:\/\/blogdalucianaoliveira.com.br\/blog\/wp-json\/wp\/v2\/tags?post=36807"}],"curies":[{"name":"wp","href":"https:\/\/api.w.org\/{rel}","templated":true}]}}