{"id":36810,"date":"2025-05-20T10:34:22","date_gmt":"2025-05-20T14:34:22","guid":{"rendered":"https:\/\/blogdalucianaoliveira.com.br\/blog\/?p=36810"},"modified":"2025-05-20T10:34:22","modified_gmt":"2025-05-20T14:34:22","slug":"em-votacao-no-senado-pl-da-devastacao-enfraquece-preservacao-e-amplia-racismo-ambiental","status":"publish","type":"post","link":"http:\/\/blogdalucianaoliveira.com.br\/blog\/2025\/05\/20\/em-votacao-no-senado-pl-da-devastacao-enfraquece-preservacao-e-amplia-racismo-ambiental\/","title":{"rendered":"Em vota\u00e7\u00e3o no Senado, \u2018PL da Devasta\u00e7\u00e3o\u2019 enfraquece preserva\u00e7\u00e3o e amplia racismo ambiental"},"content":{"rendered":"<p><img data-recalc-dims=\"1\" loading=\"lazy\" decoding=\"async\" data-attachment-id=\"36811\" data-permalink=\"http:\/\/blogdalucianaoliveira.com.br\/blog\/2025\/05\/20\/em-votacao-no-senado-pl-da-devastacao-enfraquece-preservacao-e-amplia-racismo-ambiental\/img_1795\/\" data-orig-file=\"https:\/\/i0.wp.com\/blogdalucianaoliveira.com.br\/blog\/wp-content\/uploads\/2025\/05\/IMG_1795.webp?fit=750%2C536\" data-orig-size=\"750,536\" data-comments-opened=\"0\" data-image-meta=\"{&quot;aperture&quot;:&quot;0&quot;,&quot;credit&quot;:&quot;&quot;,&quot;camera&quot;:&quot;&quot;,&quot;caption&quot;:&quot;&quot;,&quot;created_timestamp&quot;:&quot;0&quot;,&quot;copyright&quot;:&quot;&quot;,&quot;focal_length&quot;:&quot;0&quot;,&quot;iso&quot;:&quot;0&quot;,&quot;shutter_speed&quot;:&quot;0&quot;,&quot;title&quot;:&quot;&quot;,&quot;orientation&quot;:&quot;0&quot;}\" data-image-title=\"IMG_1795\" data-image-description=\"\" data-image-caption=\"\" data-medium-file=\"https:\/\/i0.wp.com\/blogdalucianaoliveira.com.br\/blog\/wp-content\/uploads\/2025\/05\/IMG_1795.webp?fit=300%2C214\" data-large-file=\"https:\/\/i0.wp.com\/blogdalucianaoliveira.com.br\/blog\/wp-content\/uploads\/2025\/05\/IMG_1795.webp?fit=600%2C429\" class=\"alignnone size-medium wp-image-36811 aligncenter\" src=\"https:\/\/i0.wp.com\/blogdalucianaoliveira.com.br\/blog\/wp-content\/uploads\/2025\/05\/IMG_1795.webp?resize=300%2C214\" alt=\"\" width=\"300\" height=\"214\" srcset=\"https:\/\/i0.wp.com\/blogdalucianaoliveira.com.br\/blog\/wp-content\/uploads\/2025\/05\/IMG_1795.webp?resize=300%2C214 300w, https:\/\/i0.wp.com\/blogdalucianaoliveira.com.br\/blog\/wp-content\/uploads\/2025\/05\/IMG_1795.webp?resize=420%2C300 420w, https:\/\/i0.wp.com\/blogdalucianaoliveira.com.br\/blog\/wp-content\/uploads\/2025\/05\/IMG_1795.webp?w=750 750w\" sizes=\"auto, (max-width: 300px) 100vw, 300px\" \/><\/p>\n<p><strong>BDF<\/strong> &#8211; O Senado d\u00e1 in\u00edcio, nesta ter\u00e7a-feira (20), ao debate de uma proposta decisiva para meio ambiente: o projeto de lei (PL) 2.159, que altera as regras para o licenciamento ambiental de empreendimentos causadores de impactos, como hidrel\u00e9tricas, estradas e barragens de rejeitos. O texto j\u00e1 foi aprovado pela C\u00e2mara dos Deputados.<!--more--><\/p>\n<p>Apelidado de \u201cPL da devasta\u00e7\u00e3o\u201d e \u201cm\u00e3e de todas as boiadas\u201d, o projeto faz parte do <a href=\"https:\/\/www.brasildefato.com.br\/2024\/05\/14\/pacote-da-destruicao-avanca-mesmo-depois-da-tragedia-no-sul\/\" data-type=\"link\" data-id=\"https:\/\/www.brasildefato.com.br\/2024\/05\/14\/pacote-da-destruicao-avanca-mesmo-depois-da-tragedia-no-sul\/\">pacote da destrui\u00e7\u00e3o<\/a>, um conjunto de mais de 20 propostas contr\u00e1rias \u00e0 <a href=\"https:\/\/www.brasildefato.com.br\/2024\/11\/25\/pl-da-destruicao-preve-flexibilizacao-do-licenciamento-ambiental-no-parana\/\" data-type=\"link\" data-id=\"https:\/\/www.brasildefato.com.br\/2024\/11\/25\/pl-da-destruicao-preve-flexibilizacao-do-licenciamento-ambiental-no-parana\/\">prote\u00e7\u00e3o ambiental<\/a>, apresentado pela bancada ruralista. Se aprovado, o PL 2.159 permitir\u00e1 que algumas empresas mensurem, elas mesmas, os impactos ambientais resultantes das suas atividades.<\/p>\n<div class=\"jeg_ad jeg_ad_article jnews_content_inline_ads  \">\n<div class=\"ads-wrapper align-center \">\n<div class=\"ads_shortcode\">\n<div class=\"ads-region-container\" data-slot=\"artigos-leaderboard-incontent-1-mobile\" data-region=\"br\" data-slot-name=\"artigos-leaderboard-incontent-1-mobile-br\">\n<div id=\"div-gpt-ad-artigos-mobile_rectangle_mobile_1\" class=\"ad-slot\"><\/div>\n<\/div>\n<\/div>\n<\/div>\n<\/div>\n<p>De acordo com a proposta, a licen\u00e7a ambiental poder\u00e1 ser dispensada por informa\u00e7\u00e3o apresentada pelo empreendedor de pequeno e m\u00e9dio porte, com potencial poluidor tamb\u00e9m considerado \u201cpequeno e m\u00e9dio\u201d.<\/p>\n<p>O licenciamento ambiental \u00e9 um mecanismo pelo qual \u00f3rg\u00e3os municipais, estaduais e federais avaliam o potencial de devasta\u00e7\u00e3o de um empreendimento ou atividade. Grandes obras de minera\u00e7\u00e3o, por exemplo, s\u00e3o submetidas ao crivo do Instituto Brasileiro do Meio Ambiente e dos Recursos Renov\u00e1veis (Ibama), para que tenham ou n\u00e3o continuidade, a depender dos danos causados ao ambiente.<\/p>\n<div class=\"jeg_ad jeg_ad_article jnews_content_inline_2_ads  \">\n<div class=\"ads-wrapper align-center \">\n<div class=\"ads_shortcode\">\n<div class=\"ads-region-container\" data-slot=\"artigos-leaderboard-incontent-2-mobile\" data-region=\"br\" data-slot-name=\"artigos-leaderboard-incontent-2-mobile-br\">\n<div id=\"div-gpt-ad-artigos-mobile_rectangle_mobile_2\" class=\"ad-slot\"><\/div>\n<\/div>\n<\/div>\n<\/div>\n<\/div>\n<p>Se aprovado, o PL da devasta\u00e7\u00e3o delega \u00e0s empresas respons\u00e1veis por algumas categorias de empreendimentos a responsabilidade por essa avalia\u00e7\u00e3o. Assim, uma empresa poder\u00e1 preencher um documento autodeclarat\u00f3rio informando se a duplica\u00e7\u00e3o de uma estrada pr\u00f3xima a uma Unidade de Conserva\u00e7\u00e3o (UC) ir\u00e1 ou n\u00e3o afetar matas protegidas. Para algumas modalidades de pecu\u00e1ria e agricultura, fica dispensada da apresenta\u00e7\u00e3o da licen\u00e7a, o que pode acelerar o desmatamento vinculado a essas atividades.<\/p>\n<p>\u201cA grande maioria dos processos passar\u00e1 a ocorrer na modalidade por ades\u00e3o e compromisso. Um simples apertar de bot\u00e3o pelo empreendedor gerar\u00e1 uma licen\u00e7a\u201d, explica Suely Ara\u00fajo, coordenadora de pol\u00edticas p\u00fablicas do Observat\u00f3rio do Clima, maior rede de organiza\u00e7\u00f5es ambientalistas do pa\u00eds, em nota t\u00e9cnica emitida na \u00faltima sexta-feira (16).<\/p>\n<div class=\"jeg_ad jeg_ad_article jnews_content_inline_3_ads  \">\n<div class=\"ads-wrapper align-center \">\n<div class=\"ads_shortcode\">\n<div class=\"ads-region-container\" data-slot=\"artigos-leaderboard-incontent-3-mobile\" data-region=\"br\" data-slot-name=\"artigos-leaderboard-incontent-3-mobile-br\">\n<div id=\"div-gpt-ad-artigos-mobile_rectangle_mobile_3\" class=\"ad-slot\"><\/div>\n<\/div>\n<\/div>\n<\/div>\n<\/div>\n<p>A nota ressalta que o projeto \u201cn\u00e3o apenas amea\u00e7a intensificar a polui\u00e7\u00e3o, o desmatamento, as emiss\u00f5es de gases de efeito estufa e a perda de biodiversidade, mas tamb\u00e9m as desigualdades sociais\u201d. <a href=\"https:\/\/www.brasildefato.com.br\/2025\/02\/07\/audiencia-publica-sobre-hidrovia-do-rio-paraguai-ignora-comunidades-ribeirinhas-que-serao-afetadas-pelas-obras\/\" data-type=\"link\" data-id=\"https:\/\/www.brasildefato.com.br\/2025\/02\/07\/audiencia-publica-sobre-hidrovia-do-rio-paraguai-ignora-comunidades-ribeirinhas-que-serao-afetadas-pelas-obras\/\">Ribeirinhos<\/a>, ind\u00edgenas, quilombolas e outras comunidades tradicionais que historicamente j\u00e1 sofrem com a explora\u00e7\u00e3o dos seus territ\u00f3rios ficar\u00e3o ainda mais expostas a essas amea\u00e7as.<\/p>\n<p>Isso porque o texto a ser votado no Senado restringe a participa\u00e7\u00e3o das autoridades que respondem pela prote\u00e7\u00e3o dos direitos dessas popula\u00e7\u00f5es aos casos em que os seus territ\u00f3rios estiverem formalmente homologados ou titulados.<\/p>\n<p>Al\u00e9m disso, a proposta estabelece que a manifesta\u00e7\u00e3o das autoridades vinculadas \u00e0 prote\u00e7\u00e3o desses povos e territ\u00f3rios, como a Funda\u00e7\u00e3o Nacional dos Povos Ind\u00edgenas (Funai), n\u00e3o ter\u00e1 interfer\u00eancia efetiva no resultado do licenciamento. \u201cNesse quadro, pode-se afirmar que a proposta institucionaliza o <a href=\"https:\/\/www.brasildefato.com.br\/2024\/05\/29\/artigo-racismo-ambiental-no-brasil-a-urgente-necessidade-de-justica-e-igualdade\/\">racismo ambiental<\/a>\u201d, destaca a nota do observat\u00f3rio.<\/p>\n<p>\u201cAo escancarar brechas e enfraquecer os mecanismos de fiscaliza\u00e7\u00e3o, monitoramento e avalia\u00e7\u00e3o de impactos, o texto compromete gravemente a capacidade do Estado de proteger ecossistemas e popula\u00e7\u00f5es vulner\u00e1veis diante de empreendimentos econ\u00f4micos com impactos socioambientais!\u201d, diz a advogada do Instituto Socioambiental (ISA) Alice Dandara de Assis Correia, em nota.<\/p>\n<p>\u201cA press\u00e3o pela aprova\u00e7\u00e3o do PL do Licenciamento escancara o negacionismo cient\u00edfico e clim\u00e1tico de parte do setor agropecu\u00e1rio. Ignorar a necessidade de identificar e mitigar os impactos de atividades potencialmente poluidoras e perigosas \u00e9 condenar a sociedade brasileira a conviver com desastres sem qualquer medida de preven\u00e7\u00e3o ou controle\u201d, afirma Ana Carolina Crisostomo, especialista em conserva\u00e7\u00e3o e incid\u00eancia pol\u00edtica do WWF Brasil.<\/p>\n<p>Na manh\u00e3 desta ter\u00e7a-feira, a Comiss\u00e3o de Meio Ambiente (CMA) re\u00fane-se para deliberar a mat\u00e9ria. Na Comiss\u00e3o de Agricultura (CRA), que analisa relat\u00f3rio semelhante, o debate ocorre \u00e0s 14h. A vota\u00e7\u00e3o est\u00e1 marcada para a quarta-feira, \u00e0s 13h40.<\/p>\n<h4 class=\"wp-block-heading\">De proposta de preserva\u00e7\u00e3o a projeto de desmonte<\/h4>\n<p>A primeira vers\u00e3o do projeto, o PL 3729, foi apresentada no Congresso em 2004 pelo ent\u00e3o deputado federal Luciano Zica (PT-SP), com o objetivo de criar uma lei sobre o sistema de licenciamento ambiental no pa\u00eds, para garantir a preserva\u00e7\u00e3o ambiental.<\/p>\n<p>O texto original estabelecia que \u201ca implanta\u00e7\u00e3o, amplia\u00e7\u00e3o e opera\u00e7\u00e3o de empreendimento potencialmente causador de degrada\u00e7\u00e3o do meio ambiente depende de pr\u00e9vio licenciamento pelo \u00f3rg\u00e3o competente integrante do Sisnama[Sistema Nacional do Meio Ambiente], sem preju\u00edzo de outras exig\u00eancias legais\u201d.<\/p>\n<p>Depois de tramitar por quase duas d\u00e9cadas, em 2021 o texto passou por altera\u00e7\u00f5es propostas pelo deputado bolsonarista Neri Geller (PP-MT), passando de projeto com car\u00e1ter de preserva\u00e7\u00e3o para uma proposta de desmonte da prote\u00e7\u00e3o ambiental.<\/p>\n<p>O \u00faltimo parecer, dos relatores das comiss\u00f5es de Agricultura, senadora Tereza Cristina (PP-MS), e Meio Ambiente, senador Conf\u00facio Moura (MDB-RO), foi apresentado em 7 de maio, com poucas altera\u00e7\u00f5es feitas \u00e0 proposta de Geller.<\/p>\n<div class=\"jeg_meta_post_footer\">\n<div class=\"jeg_meta_editors\">Editado por: Thalita Pires<\/div>\n<\/div>\n","protected":false},"excerpt":{"rendered":"<p>BDF &#8211; O Senado d\u00e1 in\u00edcio, nesta ter\u00e7a-feira (20), ao debate de uma proposta decisiva para meio ambiente: o projeto de lei (PL) 2.159, que altera as regras para o licenciamento ambiental de empreendimentos causadores de impactos, como hidrel\u00e9tricas, estradas e barragens de rejeitos. O texto j\u00e1 foi aprovado pela C\u00e2mara dos Deputados.<\/p>\n","protected":false},"author":1,"featured_media":0,"comment_status":"closed","ping_status":"open","sticky":false,"template":"","format":"standard","meta":{"_exactmetrics_skip_tracking":false,"_exactmetrics_sitenote_active":false,"_exactmetrics_sitenote_note":"","_exactmetrics_sitenote_category":0,"jetpack_post_was_ever_published":false,"_jetpack_newsletter_access":"","_jetpack_dont_email_post_to_subs":false,"_jetpack_newsletter_tier_id":0,"_jetpack_memberships_contains_paywalled_content":false,"_jetpack_memberships_contains_paid_content":false,"footnotes":"","jetpack_publicize_message":"","jetpack_publicize_feature_enabled":true,"jetpack_social_post_already_shared":true,"jetpack_social_options":{"image_generator_settings":{"template":"highway","enabled":false},"version":2}},"categories":[1],"tags":[387,1157,1340,386,1149],"class_list":["post-36810","post","type-post","status-publish","format-standard","hentry","category-notas","tag-desmatamento","tag-devastacao","tag-licenciamento","tag-meio-ambiente","tag-pl"],"jetpack_publicize_connections":[],"jetpack_sharing_enabled":true,"jetpack_featured_media_url":"","jetpack_shortlink":"https:\/\/wp.me\/p7wKYW-9zI","jetpack-related-posts":[],"_links":{"self":[{"href":"http:\/\/blogdalucianaoliveira.com.br\/blog\/wp-json\/wp\/v2\/posts\/36810","targetHints":{"allow":["GET"]}}],"collection":[{"href":"http:\/\/blogdalucianaoliveira.com.br\/blog\/wp-json\/wp\/v2\/posts"}],"about":[{"href":"http:\/\/blogdalucianaoliveira.com.br\/blog\/wp-json\/wp\/v2\/types\/post"}],"author":[{"embeddable":true,"href":"http:\/\/blogdalucianaoliveira.com.br\/blog\/wp-json\/wp\/v2\/users\/1"}],"replies":[{"embeddable":true,"href":"http:\/\/blogdalucianaoliveira.com.br\/blog\/wp-json\/wp\/v2\/comments?post=36810"}],"version-history":[{"count":1,"href":"http:\/\/blogdalucianaoliveira.com.br\/blog\/wp-json\/wp\/v2\/posts\/36810\/revisions"}],"predecessor-version":[{"id":36812,"href":"http:\/\/blogdalucianaoliveira.com.br\/blog\/wp-json\/wp\/v2\/posts\/36810\/revisions\/36812"}],"wp:attachment":[{"href":"http:\/\/blogdalucianaoliveira.com.br\/blog\/wp-json\/wp\/v2\/media?parent=36810"}],"wp:term":[{"taxonomy":"category","embeddable":true,"href":"http:\/\/blogdalucianaoliveira.com.br\/blog\/wp-json\/wp\/v2\/categories?post=36810"},{"taxonomy":"post_tag","embeddable":true,"href":"http:\/\/blogdalucianaoliveira.com.br\/blog\/wp-json\/wp\/v2\/tags?post=36810"}],"curies":[{"name":"wp","href":"https:\/\/api.w.org\/{rel}","templated":true}]}}