{"id":36813,"date":"2025-05-22T08:00:33","date_gmt":"2025-05-22T12:00:33","guid":{"rendered":"https:\/\/blogdalucianaoliveira.com.br\/blog\/?p=36813"},"modified":"2025-05-22T09:20:34","modified_gmt":"2025-05-22T13:20:34","slug":"pl-da-devastacao-considerado-retrocesso-ambiental-historico-e-aprovado-no-senado","status":"publish","type":"post","link":"http:\/\/blogdalucianaoliveira.com.br\/blog\/2025\/05\/22\/pl-da-devastacao-considerado-retrocesso-ambiental-historico-e-aprovado-no-senado\/","title":{"rendered":"PL da Devasta\u00e7\u00e3o, considerado retrocesso ambiental hist\u00f3rico, \u00e9 aprovado no Senado"},"content":{"rendered":"<p><img data-recalc-dims=\"1\" loading=\"lazy\" decoding=\"async\" data-attachment-id=\"36814\" data-permalink=\"http:\/\/blogdalucianaoliveira.com.br\/blog\/2025\/05\/22\/pl-da-devastacao-considerado-retrocesso-ambiental-historico-e-aprovado-no-senado\/img_1892\/\" data-orig-file=\"https:\/\/i0.wp.com\/blogdalucianaoliveira.com.br\/blog\/wp-content\/uploads\/2025\/05\/IMG_1892.jpeg?fit=425%2C230\" data-orig-size=\"425,230\" data-comments-opened=\"0\" data-image-meta=\"{&quot;aperture&quot;:&quot;0&quot;,&quot;credit&quot;:&quot;&quot;,&quot;camera&quot;:&quot;&quot;,&quot;caption&quot;:&quot;&quot;,&quot;created_timestamp&quot;:&quot;0&quot;,&quot;copyright&quot;:&quot;&quot;,&quot;focal_length&quot;:&quot;0&quot;,&quot;iso&quot;:&quot;0&quot;,&quot;shutter_speed&quot;:&quot;0&quot;,&quot;title&quot;:&quot;&quot;,&quot;orientation&quot;:&quot;0&quot;}\" data-image-title=\"IMG_1892\" data-image-description=\"\" data-image-caption=\"\" data-medium-file=\"https:\/\/i0.wp.com\/blogdalucianaoliveira.com.br\/blog\/wp-content\/uploads\/2025\/05\/IMG_1892.jpeg?fit=300%2C162\" data-large-file=\"https:\/\/i0.wp.com\/blogdalucianaoliveira.com.br\/blog\/wp-content\/uploads\/2025\/05\/IMG_1892.jpeg?fit=425%2C230\" class=\"alignnone size-medium wp-image-36814\" src=\"https:\/\/i0.wp.com\/blogdalucianaoliveira.com.br\/blog\/wp-content\/uploads\/2025\/05\/IMG_1892.jpeg?resize=300%2C162\" alt=\"\" width=\"300\" height=\"162\" srcset=\"https:\/\/i0.wp.com\/blogdalucianaoliveira.com.br\/blog\/wp-content\/uploads\/2025\/05\/IMG_1892.jpeg?resize=300%2C162 300w, https:\/\/i0.wp.com\/blogdalucianaoliveira.com.br\/blog\/wp-content\/uploads\/2025\/05\/IMG_1892.jpeg?w=425 425w\" sizes=\"auto, (max-width: 300px) 100vw, 300px\" \/><\/p>\n<p>Revista F\u00f3rum &#8211; O Senado aprovou nesta quarta-feira (21), por 54 votos a 13, o <a href=\"https:\/\/www12.senado.leg.br\/noticias\/materias\/2025\/05\/21\/senado-aprova-projeto-da-lei-do-licenciamento-ambiental\" target=\"_blank\" rel=\"noopener\">Projeto de Lei 2.159\/2021<\/a>, conhecido por ambientalistas como <a href=\"https:\/\/revistaforum.com.br\/meioambiente\/2025\/5\/21\/pl-da-devastao-pode-fazer-pais-perder-um-parana-de-floresta-179742.html\" target=\"_blank\" rel=\"noopener\">\u201cPL da Devasta\u00e7\u00e3o\u201d<\/a>. A proposta institui a nova Lei Geral do Licenciamento Ambiental (LGLA), que, segundo especialistas e organiza\u00e7\u00f5es da sociedade civil, representa <strong>um dos maiores retrocessos ambientais da hist\u00f3ria recente do pa\u00eds<\/strong>. Com mudan\u00e7as em rela\u00e7\u00e3o ao texto original aprovado na C\u00e2mara, o projeto retorna agora \u00e0 an\u00e1lise dos deputados.<!--more--><\/p>\n<p>Apresentado originalmente em 2004, o PL passou quase duas d\u00e9cadas tramitando no Congresso, mas foi nos \u00faltimos anos \u2014 em especial com o apoio da bancada ruralista e de setores ligados \u00e0 minera\u00e7\u00e3o e \u00e0 ind\u00fastria \u2014 que ganhou tra\u00e7\u00e3o. A relatoria em Plen\u00e1rio ficou com a senadora Tereza Cristina (PP-MS), ex-ministra da Agricultura do governo Bolsonaro e uma das principais vozes do agroneg\u00f3cio no Senado.<\/p>\n<h2><strong>Autolicenciamento e dispensa de estudos ambientais<\/strong><\/h2>\n<p>Um dos pontos mais criticados do projeto \u00e9 a amplia\u00e7\u00e3o da chamada Licen\u00e7a por Ades\u00e3o e Compromisso (LAC). Antes restrita a empreendimentos de baixo impacto, a LAC agora poder\u00e1 ser aplicada a obras de m\u00e9dio porte, desde que n\u00e3o envolvam \u00e1reas consideradas fr\u00e1geis \u2014 algo que, na pr\u00e1tica, pode deixar de fora uma avalia\u00e7\u00e3o rigorosa sobre os impactos ambientais reais. Trata-se de uma forma de \u201cautolicenciamento\u201d, onde o pr\u00f3prio empreendedor se compromete, por autodeclara\u00e7\u00e3o, a cumprir regras estabelecidas, sem a necessidade de an\u00e1lise pr\u00e9via aprofundada.<\/p>\n<p>Segundo Suely Ara\u00fajo, ex-presidente do Ibama, o texto aprovado fragiliza o papel das institui\u00e7\u00f5es de controle, como o pr\u00f3prio Ibama, que j\u00e1 enfrenta um d\u00e9ficit de 4 mil servidores e conta hoje com apenas 200 analistas ambientais para fiscalizar milhares de processos.<\/p>\n<div class=\"content-banner\">\n<div class=\"amp-hidden\"><\/div>\n<p><iframe loading=\"lazy\" class=\"i-amphtml-fill-content\" title=\"Advertisement\" src=\"https:\/\/d-21560124273046974001.ampproject.net\/2504091801000\/frame.html\" name=\"{&quot;host&quot;:&quot;d-21560124273046974001.ampproject.net&quot;,&quot;bootstrap&quot;:&quot;https:\/\/3p.ampproject.net\/2504091801000\/vendor\/teads.mjs&quot;,&quot;type&quot;:&quot;teads&quot;,&quot;count&quot;:1,&quot;attributes&quot;:{&quot;pid&quot;:&quot;105492&quot;,&quot;ampSlotIndex&quot;:&quot;4&quot;,&quot;blockOnConsent&quot;:&quot;default&quot;,&quot;width&quot;:300,&quot;height&quot;:1,&quot;_context&quot;:{&quot;ampcontextVersion&quot;:&quot;2504091801000&quot;,&quot;ampcontextFilepath&quot;:&quot;https:\/\/3p.ampproject.net\/2504091801000\/ampcontext-v0.js&quot;,&quot;sourceUrl&quot;:&quot;https:\/\/revistaforum.com.br\/meioambiente\/2025\/5\/22\/pl-da-devastao-considerado-retrocesso-ambiental-historico-aprovado-no-senado-179791.html&quot;,&quot;referrer&quot;:&quot;&quot;,&quot;canonicalUrl&quot;:&quot;https:\/\/revistaforum.com.br\/meioambiente\/2025\/5\/22\/pl-da-devastao-considerado-retrocesso-ambiental-historico-aprovado-no-senado-179791.html&quot;,&quot;pageViewId&quot;:&quot;545&quot;,&quot;location&quot;:{&quot;href&quot;:&quot;https:\/\/revistaforum.com.br\/meioambiente\/2025\/5\/22\/pl-da-devastao-considerado-retrocesso-ambiental-historico-aprovado-no-senado-179791.html&quot;},&quot;startTime&quot;:1747915040292,&quot;tagName&quot;:&quot;AMP-AD&quot;,&quot;mode&quot;:{&quot;localDev&quot;:false,&quot;development&quot;:false,&quot;esm&quot;:true,&quot;test&quot;:false,&quot;rtvVersion&quot;:&quot;012504091801000&quot;},&quot;canary&quot;:false,&quot;hidden&quot;:false,&quot;initialLayoutRect&quot;:{&quot;left&quot;:0,&quot;top&quot;:3088,&quot;width&quot;:390,&quot;height&quot;:1},&quot;domFingerprint&quot;:&quot;2460606183&quot;,&quot;experimentToggles&quot;:{&quot;canary&quot;:false,&quot;a4aProfilingRate&quot;:false,&quot;doubleclickSraExp&quot;:false,&quot;doubleclickSraReportExcludedBlock&quot;:false,&quot;flexAdSlots&quot;:false,&quot;flexible-bitrate&quot;:false,&quot;ios-fixed-no-transfer&quot;:false,&quot;story-ad-placements&quot;:false,&quot;story-disable-animations-first-page&quot;:true,&quot;story-load-inactive-outside-viewport&quot;:true,&quot;amp-sticky-ad-to-amp-ad-v4&quot;:false,&quot;story-video-cache-apply-audio&quot;:false,&quot;amp-story-subscriptions&quot;:true,&quot;interaction-to-next-paint&quot;:true,&quot;esm&quot;:true,&quot;amp-story-first-page-max-bitrate&quot;:false,&quot;story-load-first-page-only&quot;:true,&quot;story-ad-page-outlink&quot;:false,&quot;amp-geo-ssr&quot;:true,&quot;story-remote-localization&quot;:true,&quot;attribution-reporting&quot;:false},&quot;sentinel&quot;:&quot;0-11667251452773246008&quot;,&quot;clientId&quot;:null,&quot;container&quot;:null,&quot;initialConsentState&quot;:3,&quot;consentSharedData&quot;:null,&quot;pageViewId64&quot;:&quot;rUnnnSb_qjcF8-Il8_lCew&quot;,&quot;initialIntersection&quot;:{&quot;time&quot;:8134,&quot;rootBounds&quot;:{&quot;left&quot;:0,&quot;top&quot;:0,&quot;width&quot;:390,&quot;height&quot;:745,&quot;bottom&quot;:745,&quot;right&quot;:390,&quot;x&quot;:0,&quot;y&quot;:0},&quot;boundingClientRect&quot;:{&quot;left&quot;:0,&quot;top&quot;:1951,&quot;width&quot;:390,&quot;height&quot;:1,&quot;bottom&quot;:1952,&quot;right&quot;:390,&quot;x&quot;:0,&quot;y&quot;:1951},&quot;intersectionRect&quot;:{&quot;left&quot;:0,&quot;top&quot;:0,&quot;width&quot;:0,&quot;height&quot;:0,&quot;bottom&quot;:0,&quot;right&quot;:0,&quot;x&quot;:0,&quot;y&quot;:0},&quot;intersectionRatio&quot;:0}},&quot;type&quot;:&quot;teads&quot;}}\" width=\"300\" height=\"1\" scrolling=\"no\" sandbox=\"allow-top-navigation-by-user-activation allow-popups-to-escape-sandbox allow-forms allow-modals allow-pointer-lock allow-popups allow-same-origin allow-scripts\" data-amp-3p-sentinel=\"0-11667251452773246008\" data-mce-fragment=\"1\"><\/iframe><\/p>\n<\/div>\n<h2><strong>Amaz\u00f4nia e territ\u00f3rios tradicionais sob amea\u00e7a<\/strong><\/h2>\n<p>Outro dispositivo alarmante \u00e9 a cria\u00e7\u00e3o de uma nova categoria de licen\u00e7a, a Licen\u00e7a Ambiental Especial (LAE), que simplifica drasticamente o processo de licenciamento para projetos considerados \u201cpriorit\u00e1rios\u201d pelo Executivo. A medida, proposta por Davi Alcolumbre (Uni\u00e3o-AP), foi interpretada como uma tentativa de viabilizar a explora\u00e7\u00e3o de petr\u00f3leo na Amaz\u00f4nia, especialmente na Margem Equatorial, na bacia do Rio Amazonas \u2014 uma \u00e1rea extremamente sens\u00edvel do ponto de vista ambiental e clim\u00e1tico.<\/p>\n<p>Estudo do Instituto Socioambiental (ISA) aponta que o novo marco pode reduzir drasticamente o n\u00famero de \u00e1reas protegidas na Amaz\u00f4nia Legal, de 277 para apenas 102. Cerca de 18 milh\u00f5es de hectares \u2014 o equivalente a todo o estado do Paran\u00e1 \u2014 ficariam vulner\u00e1veis \u00e0 degrada\u00e7\u00e3o. A proposta tamb\u00e9m exclui do processo de licenciamento um ter\u00e7o das Terras Ind\u00edgenas e cerca de 80% dos territ\u00f3rios quilombolas, se essas \u00e1reas ainda n\u00e3o forem oficialmente demarcadas.<\/p>\n<h2><strong>Obras sem avalia\u00e7\u00e3o de impacto<\/strong><\/h2>\n<p>O novo texto prev\u00ea ainda a renova\u00e7\u00e3o autom\u00e1tica de licen\u00e7as ambientais com base em autodeclara\u00e7\u00f5es, desde que a atividade n\u00e3o tenha mudado de porte ou natureza. Al\u00e9m disso, amplia a lista de obras isentas de licenciamento, incluindo manuten\u00e7\u00f5es em rodovias e outros empreendimentos considerados de baixo risco, o que pode abrir brechas para degrada\u00e7\u00f5es ambientais n\u00e3o monitoradas.<\/p>\n<p>Mesmo setores historicamente aliados do projeto, como a Confedera\u00e7\u00e3o Nacional da Ind\u00fastria (CNI), defendem que \u00e9 necess\u00e1rio garantir seguran\u00e7a jur\u00eddica e celeridade. No entanto, cr\u00edticos alertam que o projeto desequilibra a balan\u00e7a em favor do setor produtivo, sem garantir instrumentos eficazes de prote\u00e7\u00e3o ambiental e participa\u00e7\u00e3o social.<\/p>\n<h2><strong>Pr\u00f3ximos passos<\/strong><\/h2>\n<p>Com a aprova\u00e7\u00e3o no Senado, o projeto volta \u00e0 C\u00e2mara dos Deputados, onde as altera\u00e7\u00f5es feitas pelos senadores precisar\u00e3o ser validadas. Ambientalistas, movimentos sociais e parlamentares de partidos progressistas, como PT e PSOL, prometem intensificar a mobiliza\u00e7\u00e3o contra a proposta, considerada parte de um processo sistem\u00e1tico de desmonte da legisla\u00e7\u00e3o ambiental brasileira iniciado durante o governo Bolsonaro e aprofundado agora com apoio do Congresso.<\/p>\n<p>Presidente da Comiss\u00e3o de Meio Ambiente (CMA) do Senado,\u00a0Fabiano Contarato (PT-ES) afirmou, ap\u00f3s a aprova\u00e7\u00e3o do projeto, que &#8220;o que est\u00e1 em jogo \u00e9 um direito constitucional&#8221;.<\/p>\n<blockquote><p>&#8220;O Senado aprovou o PL 2.159\/2021, que flexibiliza o licenciamento ambiental, mesmo diante de in\u00fameros alertas sobre seus riscos. O texto ignora crit\u00e9rios t\u00e9cnicos e abre brechas para liberar empreendimentos sem a devida an\u00e1lise de impacto, al\u00e9m de enfraquecer a participa\u00e7\u00e3o da sociedade. Licenciamento n\u00e3o \u00e9 entrave. \u00c9 prote\u00e7\u00e3o. \u00c9 o que garante que o desenvolvimento ocorra com responsabilidade, sem colocar em risco vidas, territ\u00f3rios e ecossistemas. Fragilizar esse instrumento \u00e9 abrir espa\u00e7o para retrocessos ambientais graves. O projeto agora retorna \u00e0 C\u00e2mara. Que l\u00e1 haja mais responsabilidade com o presente e compromisso com o futuro. O que est\u00e1 em jogo \u00e9 um direito constitucional: o direito de todos a um meio ambiente ecologicamente equilibrado&#8221;, declarou o senador.<\/p><\/blockquote>\n","protected":false},"excerpt":{"rendered":"<p>Revista F\u00f3rum &#8211; O Senado aprovou nesta quarta-feira (21), por 54 votos a 13, o Projeto de Lei 2.159\/2021, conhecido por ambientalistas como \u201cPL da Devasta\u00e7\u00e3o\u201d. A proposta institui a nova Lei Geral do Licenciamento Ambiental (LGLA), que, segundo especialistas e organiza\u00e7\u00f5es da sociedade civil, representa um dos maiores retrocessos ambientais da hist\u00f3ria recente do&#8230;<a class=\"more-link\" href=\"http:\/\/blogdalucianaoliveira.com.br\/blog\/2025\/05\/22\/pl-da-devastacao-considerado-retrocesso-ambiental-historico-e-aprovado-no-senado\/\">Continue a leitura <span class=\"meta-nav\">&raquo;<\/span><\/a><\/p>\n","protected":false},"author":1,"featured_media":0,"comment_status":"closed","ping_status":"open","sticky":false,"template":"","format":"standard","meta":{"_exactmetrics_skip_tracking":false,"_exactmetrics_sitenote_active":false,"_exactmetrics_sitenote_note":"","_exactmetrics_sitenote_category":0,"jetpack_post_was_ever_published":false,"_jetpack_newsletter_access":"","_jetpack_dont_email_post_to_subs":false,"_jetpack_newsletter_tier_id":0,"_jetpack_memberships_contains_paywalled_content":false,"_jetpack_memberships_contains_paid_content":false,"footnotes":"","jetpack_publicize_message":"","jetpack_publicize_feature_enabled":true,"jetpack_social_post_already_shared":true,"jetpack_social_options":{"image_generator_settings":{"template":"highway","enabled":false},"version":2}},"categories":[1],"tags":[1157,1149,181],"class_list":["post-36813","post","type-post","status-publish","format-standard","hentry","category-notas","tag-devastacao","tag-pl","tag-senado"],"jetpack_publicize_connections":[],"jetpack_sharing_enabled":true,"jetpack_featured_media_url":"","jetpack_shortlink":"https:\/\/wp.me\/p7wKYW-9zL","jetpack-related-posts":[],"_links":{"self":[{"href":"http:\/\/blogdalucianaoliveira.com.br\/blog\/wp-json\/wp\/v2\/posts\/36813","targetHints":{"allow":["GET"]}}],"collection":[{"href":"http:\/\/blogdalucianaoliveira.com.br\/blog\/wp-json\/wp\/v2\/posts"}],"about":[{"href":"http:\/\/blogdalucianaoliveira.com.br\/blog\/wp-json\/wp\/v2\/types\/post"}],"author":[{"embeddable":true,"href":"http:\/\/blogdalucianaoliveira.com.br\/blog\/wp-json\/wp\/v2\/users\/1"}],"replies":[{"embeddable":true,"href":"http:\/\/blogdalucianaoliveira.com.br\/blog\/wp-json\/wp\/v2\/comments?post=36813"}],"version-history":[{"count":2,"href":"http:\/\/blogdalucianaoliveira.com.br\/blog\/wp-json\/wp\/v2\/posts\/36813\/revisions"}],"predecessor-version":[{"id":36816,"href":"http:\/\/blogdalucianaoliveira.com.br\/blog\/wp-json\/wp\/v2\/posts\/36813\/revisions\/36816"}],"wp:attachment":[{"href":"http:\/\/blogdalucianaoliveira.com.br\/blog\/wp-json\/wp\/v2\/media?parent=36813"}],"wp:term":[{"taxonomy":"category","embeddable":true,"href":"http:\/\/blogdalucianaoliveira.com.br\/blog\/wp-json\/wp\/v2\/categories?post=36813"},{"taxonomy":"post_tag","embeddable":true,"href":"http:\/\/blogdalucianaoliveira.com.br\/blog\/wp-json\/wp\/v2\/tags?post=36813"}],"curies":[{"name":"wp","href":"https:\/\/api.w.org\/{rel}","templated":true}]}}