{"id":36817,"date":"2025-05-22T09:27:07","date_gmt":"2025-05-22T13:27:07","guid":{"rendered":"https:\/\/blogdalucianaoliveira.com.br\/blog\/?p=36817"},"modified":"2025-05-22T09:27:07","modified_gmt":"2025-05-22T13:27:07","slug":"emissoras-publicas-defendem-protagonismo-mundial-contra-desinformacao","status":"publish","type":"post","link":"http:\/\/blogdalucianaoliveira.com.br\/blog\/2025\/05\/22\/emissoras-publicas-defendem-protagonismo-mundial-contra-desinformacao\/","title":{"rendered":"Emissoras p\u00fablicas defendem protagonismo mundial contra desinforma\u00e7\u00e3o"},"content":{"rendered":"<p><img data-recalc-dims=\"1\" loading=\"lazy\" decoding=\"async\" data-attachment-id=\"36818\" data-permalink=\"http:\/\/blogdalucianaoliveira.com.br\/blog\/2025\/05\/22\/emissoras-publicas-defendem-protagonismo-mundial-contra-desinformacao\/img_1920-2\/\" data-orig-file=\"https:\/\/i0.wp.com\/blogdalucianaoliveira.com.br\/blog\/wp-content\/uploads\/2025\/05\/IMG_1920.webp?fit=1170%2C700\" data-orig-size=\"1170,700\" data-comments-opened=\"0\" data-image-meta=\"{&quot;aperture&quot;:&quot;0&quot;,&quot;credit&quot;:&quot;&quot;,&quot;camera&quot;:&quot;&quot;,&quot;caption&quot;:&quot;&quot;,&quot;created_timestamp&quot;:&quot;0&quot;,&quot;copyright&quot;:&quot;&quot;,&quot;focal_length&quot;:&quot;0&quot;,&quot;iso&quot;:&quot;0&quot;,&quot;shutter_speed&quot;:&quot;0&quot;,&quot;title&quot;:&quot;&quot;,&quot;orientation&quot;:&quot;0&quot;}\" data-image-title=\"IMG_1920\" data-image-description=\"\" data-image-caption=\"\" data-medium-file=\"https:\/\/i0.wp.com\/blogdalucianaoliveira.com.br\/blog\/wp-content\/uploads\/2025\/05\/IMG_1920.webp?fit=300%2C179\" data-large-file=\"https:\/\/i0.wp.com\/blogdalucianaoliveira.com.br\/blog\/wp-content\/uploads\/2025\/05\/IMG_1920.webp?fit=600%2C359\" class=\"alignnone size-medium wp-image-36818\" src=\"https:\/\/i0.wp.com\/blogdalucianaoliveira.com.br\/blog\/wp-content\/uploads\/2025\/05\/IMG_1920.webp?resize=300%2C179\" alt=\"\" width=\"300\" height=\"179\" srcset=\"https:\/\/i0.wp.com\/blogdalucianaoliveira.com.br\/blog\/wp-content\/uploads\/2025\/05\/IMG_1920.webp?resize=300%2C179 300w, https:\/\/i0.wp.com\/blogdalucianaoliveira.com.br\/blog\/wp-content\/uploads\/2025\/05\/IMG_1920.webp?resize=1024%2C613 1024w, https:\/\/i0.wp.com\/blogdalucianaoliveira.com.br\/blog\/wp-content\/uploads\/2025\/05\/IMG_1920.webp?resize=768%2C459 768w, https:\/\/i0.wp.com\/blogdalucianaoliveira.com.br\/blog\/wp-content\/uploads\/2025\/05\/IMG_1920.webp?resize=501%2C300 501w, https:\/\/i0.wp.com\/blogdalucianaoliveira.com.br\/blog\/wp-content\/uploads\/2025\/05\/IMG_1920.webp?w=1170 1170w\" sizes=\"auto, (max-width: 300px) 100vw, 300px\" \/><\/p>\n<p><b>Ag\u00eancia Brasil<\/b> &#8211; Representantes de organiza\u00e7\u00f5es nacionais e internacionais est\u00e3o reunidos, em S\u00e3o Paulo, para debater o papel das emissoras p\u00fablicas na pr\u00e1tica do jornalismo, na programa\u00e7\u00e3o cultural e na educa\u00e7\u00e3o. <img data-recalc-dims=\"1\" decoding=\"async\" src=\"https:\/\/i0.wp.com\/agenciabrasil.ebc.com.br\/ebc.png?w=600&#038;ssl=1\" \/><img data-recalc-dims=\"1\" decoding=\"async\" src=\"https:\/\/i0.wp.com\/agenciabrasil.ebc.com.br\/ebc.gif?w=600&#038;ssl=1\" \/><!--more--><\/p>\n<p>O <strong>1\u00ba Congresso Internacional de Emissoras P\u00fablicas da USP<\/strong>, que acontece nesta quarta-feira (21) e quinta-feira (22), pretende fomentar debates sobre o papel das emissoras p\u00fablicas, destacando sua contribui\u00e7\u00e3o para o jornalismo de qualidade, o fortalecimento da democracia, a valoriza\u00e7\u00e3o da pluralidade, a programa\u00e7\u00e3o cultural e a promo\u00e7\u00e3o da educa\u00e7\u00e3o midi\u00e1tica, sempre orientadas pelo interesse p\u00fablico.<\/p>\n<p>O diretor-presidente da <strong>Empresa Brasil de Comunica\u00e7\u00e3o (EBC)<\/strong>, Jean Lima, afirmou no evento que a desinforma\u00e7\u00e3o sempre existiu, mas <strong>a desinforma\u00e7\u00e3o como m\u00e9todo pol\u00edtico, instrumento da extrema direita, \u00e9 a novidade mais recente, principalmente com a ascens\u00e3o das redes sociais<\/strong>.<\/p>\n<blockquote><p>\u201cA desinforma\u00e7\u00e3o tem dois bra\u00e7os. O primeiro \u00e9 desestabilizar democracias. N\u00f3s vivemos isso muito de perto aqui no Brasil, com o questionamento, por exemplo, do processo eleitoral, que \u00e9 exemplo no mundo. Outro exemplo \u00e9 a vacina\u00e7\u00e3o, tamb\u00e9m refer\u00eancia para o mundo, que \u00e9 um servi\u00e7o p\u00fablico, tamb\u00e9m foi afetado pela desinforma\u00e7\u00e3o. S\u00e3o dois exemplos de como a desinforma\u00e7\u00e3o pode afetar o acesso a pol\u00edticas e servi\u00e7os p\u00fablicas\u201d, disse.<\/p><\/blockquote>\n<p><strong>Jean Lima citou os ve\u00edculos da EBC como parte da credibilidade do jornalismo como forma de combater a desinforma\u00e7\u00e3o.<\/strong><\/p>\n<p>\u201cTemos na TV 2 horas e meia de jornalismo di\u00e1rio, que informa a popula\u00e7\u00e3o sobre os servi\u00e7os, atendimento ao cidad\u00e3o, pol\u00edticas p\u00fablicas. Temos a <strong>R\u00e1dio Nacional<\/strong>, que presta servi\u00e7o importante, tamb\u00e9m por meio de podcast, com a\u00e7\u00f5es educativas e informativas\u201d.<\/p>\n<p>Ele mencionou tamb\u00e9m a <strong>Radioag\u00eancia Nacional<\/strong> e a <strong>Ag\u00eancia Brasil<\/strong>, ag\u00eancias p\u00fablicas de not\u00edcias, ambas da <strong>EBC<\/strong>.<\/p>\n<h2>Fake news<\/h2>\n<p>A correspondente da ARD na Am\u00e9rica do Sul (Associa\u00e7\u00e3o de Empresas P\u00fablicas de Radiodifus\u00e3o da Rep\u00fablica Federal da Alemanha), Anne Herrberg, ressaltou que a entidade, para combater as fake news, tem usado <strong>mais tempo para checar as informa\u00e7\u00f5es e fontes<\/strong>.<\/p>\n<blockquote><p>\u201cHoje temos muitos mecanismos para fazer a checagem de dados e fatos. Temos um departamento jur\u00eddico que tamb\u00e9m ajuda muito a eleger palavras, ver qual o impacto de algo e como podemos falar algo. Temos tamb\u00e9m trabalhado para construir fontes para deixar nosso trabalho mais transparente para a audi\u00eancia\u201d, explicou.<\/p><\/blockquote>\n<p>O diretor de reda\u00e7\u00e3o da <em>BBC Brasil<\/em> em Londres, Caio Quero, defendeu que antes de falar em como combater as fake news \u00e9 preciso destacar o impacto de ser uma emissora p\u00fablica no conte\u00fado e como <strong>\u00e9 importante refor\u00e7ar a seguran\u00e7a da informa\u00e7\u00e3o para impactar positivamente no ambiente internacional mais democratizado com as pessoas acessando e produzindo muita informa\u00e7\u00e3o<\/strong>.<\/p>\n<blockquote><p>\u201cN\u00f3s, como parte do servi\u00e7o p\u00fablico, como emissoras p\u00fablicas e como ve\u00edculos de comunica\u00e7\u00e3o p\u00fablica, temos que lembrar primeiro que a cadeira, o computador, tudo isso \u00e9 bem p\u00fablico. E o nosso motivo final de exist\u00eancia, que \u00e9 o conte\u00fado, tamb\u00e9m \u00e9 p\u00fablico. E isso tem algumas quest\u00f5es que a gente tem que lembrar: um dos valores mais importantes da BBC \u00e9 o que eles chamam de value for money, que \u00e9 valorizar o dinheiro do contribuinte e lembrar que o contribuinte est\u00e1 financiando o nosso jornalismo, que tem que ter qualidade\u201d, afirmou.<\/p><\/blockquote>\n<p><strong>O diretor de Programa\u00e7\u00e3o da <em>TV Cultura<\/em>, Eneas Carlos Pereira, ressaltou que a desinforma\u00e7\u00e3o \u00e9 fruto, principalmente, da polariza\u00e7\u00e3o e das transforma\u00e7\u00f5es tecnol\u00f3gicas, que d\u00e1 uma grande repercuss\u00e3o para as not\u00edcias falsas.<\/strong><\/p>\n<p>\u201cA p\u00f3s-verdade ou a desinforma\u00e7\u00e3o, as fake news, acabam nascendo do casamento perverso do populismo e da polariza\u00e7\u00e3o. Os dois meios que se retroalimentam e criam p\u00f3s-verdade. Isso n\u00e3o \u00e9 privil\u00e9gio nem de uma direita, nem de uma esquerda. Isso acaba sendo uma conduta humana para perman\u00eancia no poder\u201d, avalia.<\/p>\n<p>Para Eneas, \u00e9 preciso estar atento porque a forma de comunica\u00e7\u00e3o p\u00fablica n\u00e3o tem acompanhado a transforma\u00e7\u00e3o que tem acontecido desde o surgimento dessas \u201cfazendas digitais\u201d.<\/p>\n<blockquote><p>\u201cExiste uma nova forma de fluir conte\u00fado, as pessoas hoje falam e absorvem conte\u00fado de uma forma distinta. Porque aquela forma de comunicar dos programas de uma hora, daquelas coisas muito extensas hoje j\u00e1 n\u00e3o t\u00eam mais a mesma funcionalidade. N\u00f3s da comunica\u00e7\u00e3o p\u00fablica precisamos estar atentos a isso\u201d.<\/p><\/blockquote>\n<h2>Emissora p\u00fablica<\/h2>\n<p>Por defini\u00e7\u00e3o, emissoras p\u00fablicas s\u00e3o aquelas que n\u00e3o t\u00eam finalidade comercial e n\u00e3o se subordinam a gest\u00f5es partid\u00e1rias, governamentais ou religiosas. <strong>Elas se financiam por meio de verbas p\u00fablicas ou de or\u00e7amentos assegurados por legisla\u00e7\u00f5es p\u00fablicas<\/strong> e s\u00e3o geridas por <em>boards<\/em> ou conselhos curadores que contam com a participa\u00e7\u00e3o de representantes da sociedade civil. Isso significa que os canais de televis\u00e3o e de r\u00e1dio diretamente controlados pelo Estado n\u00e3o podem ser considerados propriamente p\u00fablicos.<\/p>\n","protected":false},"excerpt":{"rendered":"<p>Ag\u00eancia Brasil &#8211; Representantes de organiza\u00e7\u00f5es nacionais e internacionais est\u00e3o reunidos, em S\u00e3o Paulo, para debater o papel das emissoras p\u00fablicas na pr\u00e1tica do jornalismo, na programa\u00e7\u00e3o cultural e na educa\u00e7\u00e3o.<\/p>\n","protected":false},"author":1,"featured_media":0,"comment_status":"closed","ping_status":"open","sticky":false,"template":"","format":"standard","meta":{"_exactmetrics_skip_tracking":false,"_exactmetrics_sitenote_active":false,"_exactmetrics_sitenote_note":"","_exactmetrics_sitenote_category":0,"jetpack_post_was_ever_published":false,"_jetpack_newsletter_access":"","_jetpack_dont_email_post_to_subs":false,"_jetpack_newsletter_tier_id":0,"_jetpack_memberships_contains_paywalled_content":false,"_jetpack_memberships_contains_paid_content":false,"footnotes":"","jetpack_publicize_message":"","jetpack_publicize_feature_enabled":true,"jetpack_social_post_already_shared":true,"jetpack_social_options":{"image_generator_settings":{"template":"highway","enabled":false},"version":2}},"categories":[1],"tags":[1332,64,646],"class_list":["post-36817","post","type-post","status-publish","format-standard","hentry","category-notas","tag-comunicacao-publica","tag-democracia","tag-desinformacao"],"jetpack_publicize_connections":[],"jetpack_sharing_enabled":true,"jetpack_featured_media_url":"","jetpack_shortlink":"https:\/\/wp.me\/p7wKYW-9zP","jetpack-related-posts":[],"_links":{"self":[{"href":"http:\/\/blogdalucianaoliveira.com.br\/blog\/wp-json\/wp\/v2\/posts\/36817","targetHints":{"allow":["GET"]}}],"collection":[{"href":"http:\/\/blogdalucianaoliveira.com.br\/blog\/wp-json\/wp\/v2\/posts"}],"about":[{"href":"http:\/\/blogdalucianaoliveira.com.br\/blog\/wp-json\/wp\/v2\/types\/post"}],"author":[{"embeddable":true,"href":"http:\/\/blogdalucianaoliveira.com.br\/blog\/wp-json\/wp\/v2\/users\/1"}],"replies":[{"embeddable":true,"href":"http:\/\/blogdalucianaoliveira.com.br\/blog\/wp-json\/wp\/v2\/comments?post=36817"}],"version-history":[{"count":1,"href":"http:\/\/blogdalucianaoliveira.com.br\/blog\/wp-json\/wp\/v2\/posts\/36817\/revisions"}],"predecessor-version":[{"id":36819,"href":"http:\/\/blogdalucianaoliveira.com.br\/blog\/wp-json\/wp\/v2\/posts\/36817\/revisions\/36819"}],"wp:attachment":[{"href":"http:\/\/blogdalucianaoliveira.com.br\/blog\/wp-json\/wp\/v2\/media?parent=36817"}],"wp:term":[{"taxonomy":"category","embeddable":true,"href":"http:\/\/blogdalucianaoliveira.com.br\/blog\/wp-json\/wp\/v2\/categories?post=36817"},{"taxonomy":"post_tag","embeddable":true,"href":"http:\/\/blogdalucianaoliveira.com.br\/blog\/wp-json\/wp\/v2\/tags?post=36817"}],"curies":[{"name":"wp","href":"https:\/\/api.w.org\/{rel}","templated":true}]}}