{"id":36820,"date":"2025-05-25T10:58:22","date_gmt":"2025-05-25T14:58:22","guid":{"rendered":"https:\/\/blogdalucianaoliveira.com.br\/blog\/?p=36820"},"modified":"2025-05-25T10:58:22","modified_gmt":"2025-05-25T14:58:22","slug":"wagner-moura-e-kleber-mendonca-filho-premiados-em-cannes-os-bastidores-da-campanha-de-sucesso-de-o-agente-secreto-no-festival","status":"publish","type":"post","link":"http:\/\/blogdalucianaoliveira.com.br\/blog\/2025\/05\/25\/wagner-moura-e-kleber-mendonca-filho-premiados-em-cannes-os-bastidores-da-campanha-de-sucesso-de-o-agente-secreto-no-festival\/","title":{"rendered":"Wagner Moura e Kleber Mendon\u00e7a Filho premiados em Cannes: os bastidores da campanha de sucesso de &#8216;O Agente Secreto&#8217; no festival"},"content":{"rendered":"<p><img data-recalc-dims=\"1\" loading=\"lazy\" decoding=\"async\" data-attachment-id=\"36821\" data-permalink=\"http:\/\/blogdalucianaoliveira.com.br\/blog\/2025\/05\/25\/wagner-moura-e-kleber-mendonca-filho-premiados-em-cannes-os-bastidores-da-campanha-de-sucesso-de-o-agente-secreto-no-festival\/img_2241\/\" data-orig-file=\"https:\/\/i0.wp.com\/blogdalucianaoliveira.com.br\/blog\/wp-content\/uploads\/2025\/05\/IMG_2241.webp?fit=800%2C533\" data-orig-size=\"800,533\" data-comments-opened=\"0\" data-image-meta=\"{&quot;aperture&quot;:&quot;0&quot;,&quot;credit&quot;:&quot;&quot;,&quot;camera&quot;:&quot;&quot;,&quot;caption&quot;:&quot;&quot;,&quot;created_timestamp&quot;:&quot;0&quot;,&quot;copyright&quot;:&quot;&quot;,&quot;focal_length&quot;:&quot;0&quot;,&quot;iso&quot;:&quot;0&quot;,&quot;shutter_speed&quot;:&quot;0&quot;,&quot;title&quot;:&quot;&quot;,&quot;orientation&quot;:&quot;0&quot;}\" data-image-title=\"IMG_2241\" data-image-description=\"\" data-image-caption=\"\" data-medium-file=\"https:\/\/i0.wp.com\/blogdalucianaoliveira.com.br\/blog\/wp-content\/uploads\/2025\/05\/IMG_2241.webp?fit=300%2C200\" data-large-file=\"https:\/\/i0.wp.com\/blogdalucianaoliveira.com.br\/blog\/wp-content\/uploads\/2025\/05\/IMG_2241.webp?fit=600%2C400\" class=\"alignnone size-medium wp-image-36821\" src=\"https:\/\/i0.wp.com\/blogdalucianaoliveira.com.br\/blog\/wp-content\/uploads\/2025\/05\/IMG_2241.webp?resize=300%2C200\" alt=\"\" width=\"300\" height=\"200\" srcset=\"https:\/\/i0.wp.com\/blogdalucianaoliveira.com.br\/blog\/wp-content\/uploads\/2025\/05\/IMG_2241.webp?resize=300%2C200 300w, https:\/\/i0.wp.com\/blogdalucianaoliveira.com.br\/blog\/wp-content\/uploads\/2025\/05\/IMG_2241.webp?resize=768%2C512 768w, https:\/\/i0.wp.com\/blogdalucianaoliveira.com.br\/blog\/wp-content\/uploads\/2025\/05\/IMG_2241.webp?resize=450%2C300 450w, https:\/\/i0.wp.com\/blogdalucianaoliveira.com.br\/blog\/wp-content\/uploads\/2025\/05\/IMG_2241.webp?w=800 800w\" sizes=\"auto, (max-width: 300px) 100vw, 300px\" \/><\/p>\n<div class=\"bbc-19j92fr ebmt73l0\" dir=\"ltr\">\n<p class=\"bbc-hhl7in e17g058b0\" dir=\"ltr\">BBC &#8211; Wagner Moura levou o pr\u00eamio de melhor ator por <a class=\"focusIndicatorReducedWidth bbc-n8oauk e1p3sufg0\" href=\"https:\/\/www.bbc.com\/portuguese\/articles\/c5yx6ry6leqo\"><i class=\"bbc-h1y5j7 eih42320\">O Agente Secreto<\/i><\/a> e Kleber Mendon\u00e7a Filho foi reconhecido na categoria de melhor diretor pelo longa neste s\u00e1bado (24\/5) no Festival de Cannes, na Fran\u00e7a.<\/p>\n<\/div>\n<p><!--more--><\/p>\n<div class=\"bbc-19j92fr ebmt73l0\" dir=\"ltr\">\n<p class=\"bbc-hhl7in e17g058b0\" dir=\"ltr\">Foi a primeira vez que um filme brasileiro levou o Cannes de melhor ator.<\/p>\n<\/div>\n<div class=\"bbc-19j92fr ebmt73l0\" dir=\"ltr\">\n<p class=\"bbc-hhl7in e17g058b0\" dir=\"ltr\">A expectativa de que <i class=\"bbc-h1y5j7 eih42320\">O Agente Secreto<\/i> fosse premiado na cerim\u00f4nia cresceu na \u00faltima semana, depois de ter sido ovacionado por mais de dez minutos na sess\u00e3o de estreia, em 18 de maio, e de ter sa\u00eddo do evento com dois acordos de distribui\u00e7\u00e3o fechados.<\/p>\n<\/div>\n<div class=\"bbc-19j92fr ebmt73l0\" dir=\"ltr\">\n<p class=\"bbc-hhl7in e17g058b0\" dir=\"ltr\">A Neon, que lan\u00e7ou<i class=\"bbc-h1y5j7 eih42320\"> Parasita<\/i> e <i class=\"bbc-h1y5j7 eih42320\">Anatomia de uma Queda<\/i>, agora responde pela distribui\u00e7\u00e3o norte-americana de<i class=\"bbc-h1y5j7 eih42320\"> O Agente Secreto<\/i>. J\u00e1 a Mubi, que distribuiu <i class=\"bbc-h1y5j7 eih42320\">Anora<\/i>, ser\u00e1 respons\u00e1vel pela exibi\u00e7\u00e3o no Reino Unido, \u00cdndia e Am\u00e9rica Latina, exceto o Brasil.<\/p>\n<p dir=\"ltr\">Antes da entrega da l\u00e1urea principal neste s\u00e1bado, o filme tamb\u00e9m venceu um dos pr\u00eamios paralelos do festival: o de melhor da sele\u00e7\u00e3o oficial pelo j\u00fari da Fipresci, principal associa\u00e7\u00e3o de cr\u00edticos de cinema do mundo.<\/p>\n<div class=\"bbc-19j92fr ebmt73l0\" dir=\"ltr\">\n<p class=\"bbc-hhl7in e17g058b0\" dir=\"ltr\">A associa\u00e7\u00e3o re\u00fane jornalistas de cerca de 50 pa\u00edses e \u00e9 a respons\u00e1vel por essa premia\u00e7\u00e3o, que n\u00e3o faz parte da lista oficial de Cannes e foi criada por cr\u00edticos de forma paralela.<\/p>\n<\/div>\n<div class=\"bbc-19j92fr ebmt73l0\" dir=\"ltr\">\n<p class=\"bbc-hhl7in e17g058b0\" dir=\"ltr\">&#8220;Escolhemos um filme que tem uma generosidade roman\u00edstica e \u00e9pica; um filme que permite digress\u00e3o, divers\u00e3o, humor e car\u00e1ter para evocar um tempo, um lugar e uma hist\u00f3ria rica, estranha e profundamente preocupante de corrup\u00e7\u00e3o e opress\u00e3o&#8221;, justificou o juri sobre sua escolha, anunciada na manh\u00e3 deste s\u00e1bado.<\/p>\n<div class=\"bbc-19j92fr ebmt73l0\" dir=\"ltr\">\n<p class=\"bbc-hhl7in e17g058b0\" dir=\"ltr\">Mendon\u00e7a Filho j\u00e1 \u00e9 um nome consolidado em Cannes. Seus tr\u00eas \u00faltimos longas \u2014 <i class=\"bbc-h1y5j7 eih42320\">Aquarius<\/i> (2016), <i class=\"bbc-h1y5j7 eih42320\">Bacurau<\/i> (2019) e <i class=\"bbc-h1y5j7 eih42320\">Retratos Fantasmas<\/i>(2023) \u2014 foram exibidos no festival.<\/p>\n<\/div>\n<div class=\"bbc-19j92fr ebmt73l0\" dir=\"ltr\">\n<p class=\"bbc-hhl7in e17g058b0\" dir=\"ltr\"><i class=\"bbc-h1y5j7 eih42320\">Bacurau<\/i>, inclusive, venceu o Pr\u00eamio do J\u00fari, terceira categoria mais importante da competi\u00e7\u00e3o oficial.<\/p>\n<\/div>\n<div class=\"bbc-19j92fr ebmt73l0\" dir=\"ltr\">\n<p class=\"bbc-hhl7in e17g058b0\" dir=\"ltr\">Ambientado em Recife em 1977, durante a ditadura militar brasileira, <i class=\"bbc-h1y5j7 eih42320\">O Agente Secreto<\/i>acompanha Marcelo, interpretado por Wagner Moura, um especialista em tecnologia que retorna a Recife ap\u00f3s anos fora em busca de paz. Mas ele descobre que sua cidade natal esconde perigos e segredos inquietantes.<\/p>\n<div class=\"bbc-19j92fr ebmt73l0\" dir=\"ltr\">\n<p class=\"bbc-hhl7in e17g058b0\" dir=\"ltr\">A recep\u00e7\u00e3o da cr\u00edtica foi elogiosa. A Variety destacou a capacidade do diretor de &#8220;nos transportar de volta \u00e0quela \u00e9poca, com seu calor opressivo e paranoia&#8221;. O cr\u00edtico da BBC, Nicholas Barber, classificou o filme como um <a class=\"focusIndicatorReducedWidth bbc-n8oauk e1p3sufg0\" href=\"https:\/\/www.bbc.com\/portuguese\/articles\/c4geld2gk1go\">&#8220;thriller pol\u00edtico estiloso e vibrante&#8221;<\/a> e um poss\u00edvel candidato ao Oscar.<\/p>\n<\/div>\n<div class=\"bbc-19j92fr ebmt73l0\" dir=\"ltr\">\n<p class=\"bbc-hhl7in e17g058b0\" dir=\"ltr\">A expectativa para o t\u00edtulo em Cannes j\u00e1 se desenhava desde a montagem da obra, segundo Silvia Cruz, fundadora da Vitrine Filmes, que distribui os filmes do diretor no Brasil desde 2011.<\/p>\n<\/div>\n<div class=\"bbc-19j92fr ebmt73l0\" dir=\"ltr\">\n<p class=\"bbc-hhl7in e17g058b0\" dir=\"ltr\">&#8220;Desde o in\u00edcio, j\u00e1 pens\u00e1vamos que esse seria o primeiro festival que ir\u00edamos tentar, tanto pelo hist\u00f3rico dos outros filmes do Kleber [no evento] quanto pelo cronograma de finaliza\u00e7\u00e3o, perfeito para estar pronto a tempo&#8221;, diz.<\/p>\n<\/div>\n<div class=\"bbc-19j92fr ebmt73l0\" dir=\"ltr\">\n<p class=\"bbc-hhl7in e17g058b0\" dir=\"ltr\">O festival exige que o filme seja in\u00e9dito, ou seja, nunca tenha sido exibido em outros festivais internacionais ou na internet, para participar da competi\u00e7\u00e3o pela Palma de Ouro.<\/p>\n<\/div>\n<div class=\"bbc-19j92fr ebmt73l0\" dir=\"ltr\">\n<p class=\"bbc-hhl7in e17g058b0\" dir=\"ltr\">&#8220;Cannes \u00e9 uma vitrine poderosa. Entrar nesse festival certamente traz visibilidade. Estar em Cannes j\u00e1 impulsiona toda a carreira do filme.&#8221;<\/p>\n<\/div>\n<figure class=\"bbc-1qn0xuy\">\n<div class=\"bbc-18ywsw9\"><img data-recalc-dims=\"1\" loading=\"lazy\" decoding=\"async\" class=\"bbc-139onq\" src=\"https:\/\/i0.wp.com\/ichef.bbci.co.uk\/ace\/ws\/640\/cpsprodpb\/361e\/live\/31a3d470-3843-11f0-a213-f3d99d0905f4.jpg.webp?resize=600%2C338&#038;ssl=1\" sizes=\"auto, (min-width: 1008px) 760px, 100vw\" srcset=\"https:\/\/ichef.bbci.co.uk\/ace\/ws\/240\/cpsprodpb\/361e\/live\/31a3d470-3843-11f0-a213-f3d99d0905f4.jpg.webp 240w, https:\/\/ichef.bbci.co.uk\/ace\/ws\/320\/cpsprodpb\/361e\/live\/31a3d470-3843-11f0-a213-f3d99d0905f4.jpg.webp 320w, https:\/\/ichef.bbci.co.uk\/ace\/ws\/480\/cpsprodpb\/361e\/live\/31a3d470-3843-11f0-a213-f3d99d0905f4.jpg.webp 480w, https:\/\/ichef.bbci.co.uk\/ace\/ws\/624\/cpsprodpb\/361e\/live\/31a3d470-3843-11f0-a213-f3d99d0905f4.jpg.webp 624w, https:\/\/ichef.bbci.co.uk\/ace\/ws\/800\/cpsprodpb\/361e\/live\/31a3d470-3843-11f0-a213-f3d99d0905f4.jpg.webp 800w\" alt=\"Cena de &quot;O Agente Secreto&quot;\" width=\"600\" height=\"338\" \/><\/p>\n<p class=\"bbc-by8ykd\" role=\"text\"><span class=\"bbc-m04vo2\">CR\u00c9DITO, <\/span><span lang=\"en-GB\">VITRINE FILMES<\/span><\/p>\n<\/div><figcaption class=\"bbc-15f1ujd\" dir=\"ltr\"><span role=\"text\"><span class=\"bbc-m04vo2\">Legenda da foto, <\/span><span data-testid=\"caption-paragraph\">O longa-metragem tamb\u00e9m sai de Cannes com dois acordos de distribui\u00e7\u00e3o fechados<\/span><\/span><\/figcaption><\/figure>\n<div class=\"bbc-19j92fr ebmt73l0\" dir=\"ltr\">\n<h2 id=\"Frevo-na-Croisette\" class=\"bbc-1lgzob2 eglt09e0\" tabindex=\"-1\">Frevo na Croisette<\/h2>\n<\/div>\n<div class=\"bbc-19j92fr ebmt73l0\" dir=\"ltr\">\n<p class=\"bbc-hhl7in e17g058b0\" dir=\"ltr\">Um dos momentos mais comentados do festival foi a passagem da Orquestra Popular do Recife e do grupo Guerreiros do Passo pelo tapete vermelho.<\/p>\n<\/div>\n<div class=\"bbc-19j92fr ebmt73l0\" dir=\"ltr\">\n<p class=\"bbc-hhl7in e17g058b0\" dir=\"ltr\">O v\u00eddeo do cortejo dos passistas com a comitiva brasileira, incluindo o ator Wagner Moura \u2014 protagonista do filme \u2014 arriscando passos de frevo, viralizou nas redes sociais.<\/p>\n<\/div>\n<div class=\"bbc-19j92fr ebmt73l0\" dir=\"ltr\">\n<p class=\"bbc-hhl7in e17g058b0\" dir=\"ltr\">A proposta de levar o frevo para a famosa avenida Croisette partiu da pr\u00f3pria equipe de distribui\u00e7\u00e3o da Vitrine Filmes durante a montagem de <i class=\"bbc-h1y5j7 eih42320\">O Agente Secreto<\/i>.<\/p>\n<\/div>\n<div class=\"bbc-19j92fr ebmt73l0\" dir=\"ltr\">\n<p class=\"bbc-hhl7in e17g058b0\" dir=\"ltr\">&#8220;Um dia me veio essa ideia: &#8216;E se a gente fizesse um carnaval em Cannes?'&#8221;, conta Bernardo Lessa, gerente de lan\u00e7amento da distribuidora.<\/p>\n<\/div>\n<div class=\"bbc-19j92fr ebmt73l0\" dir=\"ltr\">\n<p class=\"bbc-hhl7in e17g058b0\" dir=\"ltr\">&#8220;J\u00e1 sab\u00edamos que o Brasil seria o pa\u00eds homenageado do ano. T\u00ednhamos algumas indica\u00e7\u00f5es favor\u00e1veis. Tentamos v\u00e1rias marcas, v\u00e1rios parceiros \u2014 recebemos muitos &#8216;n\u00e3os&#8217;. Mas n\u00e3o quer\u00edamos desistir, porque sab\u00edamos que podia dar certo.&#8221;<\/p>\n<\/div>\n<div class=\"bbc-19j92fr ebmt73l0\" dir=\"ltr\">\n<p class=\"bbc-hhl7in e17g058b0\" dir=\"ltr\">O plano ganhou forma com o patroc\u00ednio da Embratur, da Secretaria de Cultura de Pernambuco e da marca Sol de Janeiro.<\/p>\n<\/div>\n<div class=\"bbc-19j92fr ebmt73l0\" dir=\"ltr\">\n<p class=\"bbc-hhl7in e17g058b0\" dir=\"ltr\">&#8220;Ningu\u00e9m da banda tinha passaporte. A confirma\u00e7\u00e3o do investimento veio pouco tempo antes, ent\u00e3o tivemos que correr com tudo. N\u00e3o era s\u00f3 trazer a banda, mas trazer a cultura: o bolo de rolo, a m\u00fasica, as sombrinhas de frevo. Foi toda uma produ\u00e7\u00e3o. E o resultado foi muito maior do que a gente esperava&#8221;, diz Lessa.<\/p>\n<\/div>\n<div class=\"bbc-19j92fr ebmt73l0\" dir=\"ltr\">\n<p class=\"bbc-hhl7in e17g058b0\" dir=\"ltr\">&#8220;Cannes foi muito bom para o filme \u2014 a recep\u00e7\u00e3o foi excelente. Ele j\u00e1 foi comprado pela Neon e pela Mubi. Isso \u00e9 \u00f3timo porque j\u00e1 d\u00e1 para os produtores uma garantia de retorno financeiro e tamb\u00e9m de distribui\u00e7\u00e3o. Principalmente nos Estados Unidos, onde, quando falamos das maiores premia\u00e7\u00f5es, \u00e9 muito importante ter um distribuidor americano&#8221;, explica.<\/p>\n<\/div>\n<div class=\"bbc-19j92fr ebmt73l0\" dir=\"ltr\">\n<p class=\"bbc-hhl7in e17g058b0\" dir=\"ltr\">Interven\u00e7\u00e3o no tapete vermelho n\u00e3o \u00e9 novidade, inclusive para promover mensagens pol\u00edticas. O pr\u00f3prio Kleber Mendon\u00e7a Filho, no lan\u00e7amento de <i class=\"bbc-h1y5j7 eih42320\">Aquarius<\/i>, utilizou o espa\u00e7o privilegiado de Cannes para protestar contra o impeachment de Dilma Rousseff, em 2016.<\/p>\n<\/div>\n<figure class=\"bbc-1qn0xuy\">\n<div class=\"bbc-18ywsw9\"><img data-recalc-dims=\"1\" loading=\"lazy\" decoding=\"async\" class=\"bbc-139onq\" src=\"https:\/\/i0.wp.com\/ichef.bbci.co.uk\/ace\/ws\/640\/cpsprodpb\/4f30\/live\/d71e75a0-3842-11f0-8947-7d6241f9fce9.jpg.webp?resize=600%2C376&#038;ssl=1\" sizes=\"auto, (min-width: 1008px) 760px, 100vw\" srcset=\"https:\/\/ichef.bbci.co.uk\/ace\/ws\/240\/cpsprodpb\/4f30\/live\/d71e75a0-3842-11f0-8947-7d6241f9fce9.jpg.webp 240w, https:\/\/ichef.bbci.co.uk\/ace\/ws\/320\/cpsprodpb\/4f30\/live\/d71e75a0-3842-11f0-8947-7d6241f9fce9.jpg.webp 320w, https:\/\/ichef.bbci.co.uk\/ace\/ws\/480\/cpsprodpb\/4f30\/live\/d71e75a0-3842-11f0-8947-7d6241f9fce9.jpg.webp 480w, https:\/\/ichef.bbci.co.uk\/ace\/ws\/624\/cpsprodpb\/4f30\/live\/d71e75a0-3842-11f0-8947-7d6241f9fce9.jpg.webp 624w, https:\/\/ichef.bbci.co.uk\/ace\/ws\/800\/cpsprodpb\/4f30\/live\/d71e75a0-3842-11f0-8947-7d6241f9fce9.jpg.webp 800w\" alt=\"Elenco de Aquarius com cartazes sobre impeachment de Dilma no festival de Cannes em 2016\" width=\"600\" height=\"376\" \/><\/p>\n<p class=\"bbc-by8ykd\" role=\"text\"><span class=\"bbc-m04vo2\">CR\u00c9DITO, <\/span><span lang=\"en-GB\">GETTY IMAGES<\/span><\/p>\n<\/div><figcaption class=\"bbc-15f1ujd\" dir=\"ltr\"><span role=\"text\"><span class=\"bbc-m04vo2\">Legenda da foto, <\/span><span data-testid=\"caption-paragraph\">Interven\u00e7\u00e3o no tapete vermelho n\u00e3o \u00e9 novidade em Cannes; elenco de &#8216;Aquarius&#8217; utilizou o espa\u00e7o para protesto<\/span><\/span><\/figcaption><\/figure>\n<div class=\"bbc-19j92fr ebmt73l0\" dir=\"ltr\">\n<p class=\"bbc-hhl7in e17g058b0\" dir=\"ltr\">O marketing digital \u00e9 uma ferramenta usada para ampliar a distribui\u00e7\u00e3o do filme, diz a jornalista Ana Paula Sousa, pesquisadora e colunista especializada em cultura.<\/p>\n<\/div>\n<div class=\"bbc-19j92fr ebmt73l0\" dir=\"ltr\">\n<p class=\"bbc-hhl7in e17g058b0\" dir=\"ltr\">&#8220;A partir do momento em que o filme leva o frevo para o tapete vermelho, aumenta a chance de sair mat\u00e9ria num ve\u00edculo de outro pa\u00eds falando sobre isso. Eventualmente, o distribuidor de outro pa\u00eds vai ter interesse no filme&#8221;, afirma.<\/p>\n<\/div>\n<div class=\"bbc-19j92fr ebmt73l0\" dir=\"ltr\">\n<p class=\"bbc-hhl7in e17g058b0\" dir=\"ltr\">&#8220;Vivemos a era das redes sociais. E acho que o Kleber, embora seja um cineasta ligado ao que se costuma chamar de &#8216;cinema de autor&#8217;, j\u00e1 mostrou h\u00e1 muito tempo que sabe lidar muito bem com as redes.&#8221;<\/p>\n<\/div>\n<div class=\"bbc-19j92fr ebmt73l0\" dir=\"ltr\">\n<p class=\"bbc-hhl7in e17g058b0\" dir=\"ltr\">A estrat\u00e9gia, segundo Sousa, ainda agu\u00e7a a curiosidade do p\u00fablico que, mesmo antes do lan\u00e7amento do primeiro trailer, j\u00e1 come\u00e7a a falar sobre a produ\u00e7\u00e3o.<\/p>\n<\/div>\n<div class=\"bbc-19j92fr ebmt73l0\" dir=\"ltr\">\n<p class=\"bbc-hhl7in e17g058b0\" dir=\"ltr\">&#8220;Um filme \u00e9 feito para ser visto por diferentes p\u00fablicos \u2014 mas sempre para ser visto. Ele tem que mobilizar a aten\u00e7\u00e3o do p\u00fablico&#8221;, diz.<\/p>\n<\/div>\n<div class=\"bbc-19j92fr ebmt73l0\" dir=\"ltr\">\n<p class=\"bbc-hhl7in e17g058b0\" dir=\"ltr\">Ela lembra que a campanha de sucesso de <a class=\"focusIndicatorReducedWidth bbc-n8oauk e1p3sufg0\" href=\"https:\/\/www.bbc.com\/portuguese\/articles\/cj6e5886n3do\"><i class=\"bbc-h1y5j7 eih42320\">Ainda Estou Aqui<\/i><\/a>, que <a class=\"focusIndicatorReducedWidth bbc-n8oauk e1p3sufg0\" href=\"https:\/\/www.bbc.com\/portuguese\/articles\/c1w009x22ndo\">ganhou o Oscar de Melhor Filme Internacional<\/a> e levou quase 6 milh\u00f5es de brasileiros aos cinemas, come\u00e7ou no Festival de Veneza.<\/p>\n<\/div>\n<div class=\"bbc-19j92fr ebmt73l0\" dir=\"ltr\">\n<p class=\"bbc-hhl7in e17g058b0\" dir=\"ltr\">&#8220;\u00c9 natural que o filme do Kleber tente tamb\u00e9m se aproveitar desse bom momento do cinema brasileiro&#8221;, afirma a pesquisadora.<\/p>\n<\/div>\n<div class=\"bbc-19j92fr ebmt73l0\" dir=\"ltr\">\n<p class=\"bbc-hhl7in e17g058b0\" dir=\"ltr\">&#8220;N\u00e3o \u00e9 que essa estrat\u00e9gia cria coisas que n\u00e3o existem, mas se aproveita de elementos reais para aumentar a visibilidade em torno do filme e despertar interesse.&#8221;<\/p>\n<\/div>\n<div class=\"bbc-19j92fr ebmt73l0\" dir=\"ltr\">\n<h2 id=\"Por-que-Cannes-importa\" class=\"bbc-1lgzob2 eglt09e0\" tabindex=\"-1\">Por que Cannes importa?<\/h2>\n<\/div>\n<div class=\"bbc-19j92fr ebmt73l0\" dir=\"ltr\">\n<p class=\"bbc-hhl7in e17g058b0\" dir=\"ltr\">Ana Paula Sousa afirma que a sele\u00e7\u00e3o para a Palma de Ouro \u00e9 uma &#8220;conquista compar\u00e1vel a uma final ol\u00edmpica&#8221;.<\/p>\n<\/div>\n<div class=\"bbc-19j92fr ebmt73l0\" dir=\"ltr\">\n<p class=\"bbc-hhl7in e17g058b0\" dir=\"ltr\">A visibilidade conquistada em Cannes costuma se traduzir em novas oportunidades para filmes produzidos fora dos cinco maiores est\u00fadios de cinema \u2014 Universal, Paramount, Warner Bros., Disney e Sony.<\/p>\n<\/div>\n<div class=\"bbc-19j92fr ebmt73l0\" dir=\"ltr\">\n<p class=\"bbc-hhl7in e17g058b0\" dir=\"ltr\">&#8220;N\u00e3o existe nenhum festival do mundo com tanta imprensa. Nenhum tem um volume de mat\u00e9rias publicadas t\u00e3o grande quanto o de Cannes&#8221;, diz.<\/p>\n<\/div>\n<div class=\"bbc-19j92fr ebmt73l0\" dir=\"ltr\">\n<p class=\"bbc-hhl7in e17g058b0\" dir=\"ltr\">Al\u00e9m do glamour, Cannes \u00e9 mercado. O March\u00e9 du Film, evento de mercado do festival, \u00e9 o maior polo de compra e venda de direitos cinematogr\u00e1ficos do mundo.<\/p>\n<\/div>\n<div class=\"bbc-19j92fr ebmt73l0\" dir=\"ltr\">\n<p class=\"bbc-hhl7in e17g058b0\" dir=\"ltr\">&#8220;Cannes ainda \u00e9 a principal vitrine de cinema para filmes n\u00e3o hollywoodianos. E isso vai al\u00e9m do cinema de arte&#8221;, explica.<\/p>\n<\/div>\n<div class=\"bbc-19j92fr ebmt73l0\" dir=\"ltr\">\n<p class=\"bbc-hhl7in e17g058b0\" dir=\"ltr\">&#8220;As franquias j\u00e1 t\u00eam uma distribui\u00e7\u00e3o garantida. Mas no mercado onde uma empresa produz e outra distribui, Cannes continua sendo uma Meca.&#8221;<\/p>\n<\/div>\n<div class=\"bbc-19j92fr ebmt73l0\" dir=\"ltr\">\n<p class=\"bbc-hhl7in e17g058b0\" dir=\"ltr\">Ela aponta que o prest\u00edgio internacional repercute tamb\u00e9m no mercado interno. &#8220;Pode parecer colonial precisar dessa valida\u00e7\u00e3o externa, mas tamb\u00e9m \u00e9 natural. As pessoas pensam: &#8216;Se est\u00e1 chamando a aten\u00e7\u00e3o de tanta gente, deve ser interessante&#8217;.&#8221;<\/p>\n<\/div>\n<div class=\"bbc-19j92fr ebmt73l0\" dir=\"ltr\">\n<h2 id=\"Burburinho-como-estrat\u00e9gia\" class=\"bbc-1lgzob2 eglt09e0\" tabindex=\"-1\">Burburinho como estrat\u00e9gia<\/h2>\n<\/div>\n<div class=\"bbc-19j92fr ebmt73l0\" dir=\"ltr\">\n<p class=\"bbc-hhl7in e17g058b0\" dir=\"ltr\">A distribui\u00e7\u00e3o \u00e9 uma das etapas mais determinantes da cadeia produtiva do audiovisual, afirma a pesquisadora Hadija Chalupe da Silva, professora de Cinema e Audiovisual da ESPM Rio e autora do livro <i class=\"bbc-h1y5j7 eih42320\">O Filme nas Telas \u2014 A Distribui\u00e7\u00e3o do Cinema Nacional<\/i>.<\/p>\n<\/div>\n<div class=\"bbc-19j92fr ebmt73l0\" dir=\"ltr\">\n<p class=\"bbc-hhl7in e17g058b0\" dir=\"ltr\">Em sua pesquisa, Silva prop\u00f4s quatro modalidades principais de comercializa\u00e7\u00e3o de filmes no Brasil: grande lan\u00e7amento, lan\u00e7amento m\u00e9dio, lan\u00e7amento de nicho e filme para exporta\u00e7\u00e3o. Apesar de se sobreporem, essas estrat\u00e9gias ajudam a entender como os filmes s\u00e3o posicionados no mercado.<\/p>\n<\/div>\n<div class=\"bbc-19j92fr ebmt73l0\" dir=\"ltr\">\n<p class=\"bbc-hhl7in e17g058b0\" dir=\"ltr\">&#8220;No modelo do blockbuster, o filme \u00e9 lan\u00e7ado em muitas salas simultaneamente para atrair o p\u00fablico logo no in\u00edcio, evitar a pirataria e recuperar o investimento com rapidez&#8221;, afirma.<\/p>\n<\/div>\n<div class=\"bbc-19j92fr ebmt73l0\" dir=\"ltr\">\n<p class=\"bbc-hhl7in e17g058b0\" dir=\"ltr\">&#8220;Mas isso exige muito investimento. No Brasil, disputar de igual para igual com Hollywood \u00e9 sempre um desafio.&#8221;<\/p>\n<\/div>\n<div class=\"bbc-19j92fr ebmt73l0\" dir=\"ltr\">\n<p class=\"bbc-hhl7in e17g058b0\" dir=\"ltr\">J\u00e1 o lan\u00e7amento de nicho segue l\u00f3gica oposta: aposta na &#8220;cauda longa&#8221;, com menos c\u00f3pias e maior perman\u00eancia em cartaz. O sucesso depende do boca a boca e da recep\u00e7\u00e3o inicial.<\/p>\n<\/div>\n<div class=\"bbc-19j92fr ebmt73l0\" dir=\"ltr\">\n<p class=\"bbc-hhl7in e17g058b0\" dir=\"ltr\">&#8220;A primeira semana \u00e9 crucial. As salas comparam a ocupa\u00e7\u00e3o com a m\u00e9dia do ano anterior. Se o filme atinge ou ultrapassa essa m\u00e9dia, continua em exibi\u00e7\u00e3o&#8221;, detalha a pesquisadora.<\/p>\n<\/div>\n<div class=\"bbc-19j92fr ebmt73l0\" dir=\"ltr\">\n<p class=\"bbc-hhl7in e17g058b0\" dir=\"ltr\">Por isso, os festivais de cinema s\u00e3o cruciais: eles s\u00e3o prest\u00edgio e ampliam as possibilidades de circula\u00e7\u00e3o dos filmes brasileiros.<\/p>\n<\/div>\n<div class=\"bbc-19j92fr ebmt73l0\" dir=\"ltr\">\n<p class=\"bbc-hhl7in e17g058b0\" dir=\"ltr\">&#8220;Os festivais s\u00e3o espa\u00e7os de descoberta. Revelam novos realizadores e obras com potencial de impacto na cinematografia&#8221;, diz. &#8220;Dependendo de onde o filme \u00e9 exibido, ele ganha chancela, ganha legitimidade.&#8221;<\/p>\n<\/div>\n<figure class=\"bbc-1qn0xuy\">\n<div class=\"bbc-18ywsw9\"><img data-recalc-dims=\"1\" loading=\"lazy\" decoding=\"async\" class=\"bbc-139onq\" src=\"https:\/\/i0.wp.com\/ichef.bbci.co.uk\/ace\/ws\/640\/cpsprodpb\/8bd4\/live\/72224d50-385d-11f0-96c3-cf669419a2b0.jpg.webp?resize=600%2C400&#038;ssl=1\" sizes=\"auto, (min-width: 1008px) 760px, 100vw\" srcset=\"https:\/\/ichef.bbci.co.uk\/ace\/ws\/240\/cpsprodpb\/8bd4\/live\/72224d50-385d-11f0-96c3-cf669419a2b0.jpg.webp 240w, https:\/\/ichef.bbci.co.uk\/ace\/ws\/320\/cpsprodpb\/8bd4\/live\/72224d50-385d-11f0-96c3-cf669419a2b0.jpg.webp 320w, https:\/\/ichef.bbci.co.uk\/ace\/ws\/480\/cpsprodpb\/8bd4\/live\/72224d50-385d-11f0-96c3-cf669419a2b0.jpg.webp 480w, https:\/\/ichef.bbci.co.uk\/ace\/ws\/624\/cpsprodpb\/8bd4\/live\/72224d50-385d-11f0-96c3-cf669419a2b0.jpg.webp 624w, https:\/\/ichef.bbci.co.uk\/ace\/ws\/800\/cpsprodpb\/8bd4\/live\/72224d50-385d-11f0-96c3-cf669419a2b0.jpg.webp 800w\" alt=\"Wagner Moura e Kleber Mendon\u00e7a Filho\" width=\"600\" height=\"400\" \/><\/p>\n<p class=\"bbc-by8ykd\" role=\"text\"><span class=\"bbc-m04vo2\">CR\u00c9DITO, <\/span><span lang=\"en-GB\">VICTOR JUC\u00c1<\/span><\/p>\n<\/div><figcaption class=\"bbc-15f1ujd\" dir=\"ltr\"><span role=\"text\"><span class=\"bbc-m04vo2\">Legenda da foto, <\/span><span data-testid=\"caption-paragraph\">A estreia nacional de &#8216;O Agente Secreto&#8217; est\u00e1 prevista para o segundo semestre de 2025<\/span><\/span><\/figcaption><\/figure>\n<div class=\"bbc-19j92fr ebmt73l0\" dir=\"ltr\">\n<p class=\"bbc-hhl7in e17g058b0\" dir=\"ltr\">Para filmes como <i class=\"bbc-h1y5j7 eih42320\">O Agente Secreto<\/i>, o barulho em Cannes \u00e9 mais uma estrat\u00e9gia. &#8220;Tem milhares de memes. E tudo isso s\u00e3o m\u00eddias espont\u00e2neas. Isso vai ajudando muito&#8221;, diz Silva. &#8220;\u00c9 o boca a boca digital, o burburinho que precede a estreia e amplia o alcance.&#8221;<\/p>\n<\/div>\n<div class=\"bbc-19j92fr ebmt73l0\" dir=\"ltr\">\n<p class=\"bbc-hhl7in e17g058b0\" dir=\"ltr\">Com as redes sociais, a aposta \u00e9 tamb\u00e9m no <a class=\"focusIndicatorReducedWidth bbc-n8oauk e1p3sufg0\" href=\"https:\/\/www.bbc.com\/portuguese\/articles\/cp3wnewgrz7o\">engajamento<\/a>. &#8220;Hoje, essa conversa pode come\u00e7ar bem antes. Vai se criando esse universo de curiosidade e de rela\u00e7\u00e3o com o p\u00fablico antes mesmo do lan\u00e7amento&#8221;, afirma a professora.<\/p>\n<\/div>\n<div class=\"bbc-19j92fr ebmt73l0\" dir=\"ltr\">\n<p class=\"bbc-hhl7in e17g058b0\" dir=\"ltr\">A estreia nacional de <i class=\"bbc-h1y5j7 eih42320\">O Agente Secreto<\/i> est\u00e1 prevista para o segundo semestre de 2025. Depois de Cannes, a Vitrine Filmes quer fazer do longa seu maior lan\u00e7amento desde a cria\u00e7\u00e3o da empresa, em 2010.<\/p>\n<\/div>\n<div class=\"bbc-19j92fr ebmt73l0\" dir=\"ltr\">\n<p class=\"bbc-hhl7in e17g058b0\" dir=\"ltr\">&#8220;Queremos continuar fazendo coisas diferentes. Porque o modelo de distribui\u00e7\u00e3o, especialmente para salas de cinema, mudou muito&#8221;, avalia Bernardo Lessa.<\/p>\n<\/div>\n<div class=\"bbc-19j92fr ebmt73l0\" dir=\"ltr\">\n<p class=\"bbc-hhl7in e17g058b0\" dir=\"ltr\">&#8220;O p\u00fablico tem todos os conte\u00fados do mundo na palma da m\u00e3o. A gente tem que mudar as formas de convenc\u00ea-lo a sair de casa.&#8221;<\/p>\n<\/div>\n<\/div>\n<\/div>\n<\/div>\n","protected":false},"excerpt":{"rendered":"<p>BBC &#8211; Wagner Moura levou o pr\u00eamio de melhor ator por O Agente Secreto e Kleber Mendon\u00e7a Filho foi reconhecido na categoria de melhor diretor pelo longa neste s\u00e1bado (24\/5) no Festival de Cannes, na Fran\u00e7a.<\/p>\n","protected":false},"author":1,"featured_media":0,"comment_status":"closed","ping_status":"open","sticky":false,"template":"","format":"standard","meta":{"_exactmetrics_skip_tracking":false,"_exactmetrics_sitenote_active":false,"_exactmetrics_sitenote_note":"","_exactmetrics_sitenote_category":0,"jetpack_post_was_ever_published":false,"_jetpack_newsletter_access":"","_jetpack_dont_email_post_to_subs":false,"_jetpack_newsletter_tier_id":0,"_jetpack_memberships_contains_paywalled_content":false,"_jetpack_memberships_contains_paid_content":false,"footnotes":"","jetpack_publicize_message":"","jetpack_publicize_feature_enabled":true,"jetpack_social_post_already_shared":true,"jetpack_social_options":{"image_generator_settings":{"template":"highway","enabled":false},"version":2}},"categories":[1],"tags":[1342,1341,297,1343],"class_list":["post-36820","post","type-post","status-publish","format-standard","hentry","category-notas","tag-brasileiro","tag-cannes","tag-cinema","tag-premiacao"],"jetpack_publicize_connections":[],"jetpack_sharing_enabled":true,"jetpack_featured_media_url":"","jetpack_shortlink":"https:\/\/wp.me\/p7wKYW-9zS","jetpack-related-posts":[],"_links":{"self":[{"href":"http:\/\/blogdalucianaoliveira.com.br\/blog\/wp-json\/wp\/v2\/posts\/36820","targetHints":{"allow":["GET"]}}],"collection":[{"href":"http:\/\/blogdalucianaoliveira.com.br\/blog\/wp-json\/wp\/v2\/posts"}],"about":[{"href":"http:\/\/blogdalucianaoliveira.com.br\/blog\/wp-json\/wp\/v2\/types\/post"}],"author":[{"embeddable":true,"href":"http:\/\/blogdalucianaoliveira.com.br\/blog\/wp-json\/wp\/v2\/users\/1"}],"replies":[{"embeddable":true,"href":"http:\/\/blogdalucianaoliveira.com.br\/blog\/wp-json\/wp\/v2\/comments?post=36820"}],"version-history":[{"count":1,"href":"http:\/\/blogdalucianaoliveira.com.br\/blog\/wp-json\/wp\/v2\/posts\/36820\/revisions"}],"predecessor-version":[{"id":36822,"href":"http:\/\/blogdalucianaoliveira.com.br\/blog\/wp-json\/wp\/v2\/posts\/36820\/revisions\/36822"}],"wp:attachment":[{"href":"http:\/\/blogdalucianaoliveira.com.br\/blog\/wp-json\/wp\/v2\/media?parent=36820"}],"wp:term":[{"taxonomy":"category","embeddable":true,"href":"http:\/\/blogdalucianaoliveira.com.br\/blog\/wp-json\/wp\/v2\/categories?post=36820"},{"taxonomy":"post_tag","embeddable":true,"href":"http:\/\/blogdalucianaoliveira.com.br\/blog\/wp-json\/wp\/v2\/tags?post=36820"}],"curies":[{"name":"wp","href":"https:\/\/api.w.org\/{rel}","templated":true}]}}