{"id":36838,"date":"2025-05-26T12:16:13","date_gmt":"2025-05-26T16:16:13","guid":{"rendered":"https:\/\/blogdalucianaoliveira.com.br\/blog\/?p=36838"},"modified":"2025-05-26T13:05:19","modified_gmt":"2025-05-26T17:05:19","slug":"izabela-lima-fara-pre-show-de-lenine-no-festival-povos-da-floresta","status":"publish","type":"post","link":"http:\/\/blogdalucianaoliveira.com.br\/blog\/2025\/05\/26\/izabela-lima-fara-pre-show-de-lenine-no-festival-povos-da-floresta\/","title":{"rendered":"IZABELA LIMA FAR\u00c1 PR\u00c9-SHOW DE LENINE NO FESTIVAL POVOS DA FLORESTA"},"content":{"rendered":"<p><img data-recalc-dims=\"1\" loading=\"lazy\" decoding=\"async\" data-attachment-id=\"36843\" data-permalink=\"http:\/\/blogdalucianaoliveira.com.br\/blog\/2025\/05\/26\/izabela-lima-fara-pre-show-de-lenine-no-festival-povos-da-floresta\/iza1\/\" data-orig-file=\"https:\/\/i0.wp.com\/blogdalucianaoliveira.com.br\/blog\/wp-content\/uploads\/2025\/05\/iza1.jpg?fit=1373%2C915\" data-orig-size=\"1373,915\" data-comments-opened=\"0\" data-image-meta=\"{&quot;aperture&quot;:&quot;0&quot;,&quot;credit&quot;:&quot;&quot;,&quot;camera&quot;:&quot;&quot;,&quot;caption&quot;:&quot;&quot;,&quot;created_timestamp&quot;:&quot;0&quot;,&quot;copyright&quot;:&quot;&quot;,&quot;focal_length&quot;:&quot;0&quot;,&quot;iso&quot;:&quot;0&quot;,&quot;shutter_speed&quot;:&quot;0&quot;,&quot;title&quot;:&quot;&quot;,&quot;orientation&quot;:&quot;0&quot;}\" data-image-title=\"iza1\" data-image-description=\"\" data-image-caption=\"\" data-medium-file=\"https:\/\/i0.wp.com\/blogdalucianaoliveira.com.br\/blog\/wp-content\/uploads\/2025\/05\/iza1.jpg?fit=300%2C200\" data-large-file=\"https:\/\/i0.wp.com\/blogdalucianaoliveira.com.br\/blog\/wp-content\/uploads\/2025\/05\/iza1.jpg?fit=600%2C400\" class=\"alignnone wp-image-36843\" src=\"https:\/\/i0.wp.com\/blogdalucianaoliveira.com.br\/blog\/wp-content\/uploads\/2025\/05\/iza1.jpg?resize=600%2C348\" alt=\"\" width=\"600\" height=\"348\" \/><\/p>\n<p>A participa\u00e7\u00e3o da artista antes do show do pernambucano\u00a0Lenine, real\u00e7a a ess\u00eancia do festival criado para conectar a diversidade cultural da\u00a0Amaz\u00f4nia\u00a0com o\u00a0Brasil\u00a0e o mundo.<br \/>\nIzabela Lima mora em Porto Velho, uma das cinco capitais da Amaz\u00f4nia Legal que v\u00e3o abrigar o Festival Povos da Floresta, idealizado pelo Centro de Inova\u00e7\u00e3o da Amaz\u00f4nia Rioterra, apresentado pela Petrobras e viabilizado pela Lei Rouanet.<br \/>\nA artista que explora versatilidade de ritmos, faz quest\u00e3o de focar na identidade sonora de sua raiz do\u00a0Norte, com arranjos contempor\u00e2neos que criam uma experi\u00eancia sonora imersiva na cena cultural amaz\u00f4nica.<!--more--><\/p>\n<p>O evento que celebra a cultura, a arte e os saberes ancestrais dos povos ind\u00edgenas e comunidades tradicionais da regi\u00e3o acontece de 29 de maio a 01 de junho, no Parque da Cidade, de forma gratuita e com programa\u00e7\u00e3o que inclui 30 apresenta\u00e7\u00f5es.<br \/>\nIzabela Lima\u00a0ocupa o palco no \u00faltimo dia, por volta das 20h30 e com repert\u00f3rio de 11 m\u00fasicas autorais.<\/p>\n<p><img data-recalc-dims=\"1\" loading=\"lazy\" decoding=\"async\" data-attachment-id=\"36855\" data-permalink=\"http:\/\/blogdalucianaoliveira.com.br\/blog\/2025\/05\/26\/izabela-lima-fara-pre-show-de-lenine-no-festival-povos-da-floresta\/b5a46859-ffc9-4fcf-99a5-5c95a11ba3e1\/\" data-orig-file=\"https:\/\/i0.wp.com\/blogdalucianaoliveira.com.br\/blog\/wp-content\/uploads\/2025\/05\/b5a46859-ffc9-4fcf-99a5-5c95a11ba3e1.jpeg?fit=817%2C1225\" data-orig-size=\"817,1225\" data-comments-opened=\"0\" data-image-meta=\"{&quot;aperture&quot;:&quot;0&quot;,&quot;credit&quot;:&quot;&quot;,&quot;camera&quot;:&quot;&quot;,&quot;caption&quot;:&quot;&quot;,&quot;created_timestamp&quot;:&quot;0&quot;,&quot;copyright&quot;:&quot;&quot;,&quot;focal_length&quot;:&quot;0&quot;,&quot;iso&quot;:&quot;0&quot;,&quot;shutter_speed&quot;:&quot;0&quot;,&quot;title&quot;:&quot;&quot;,&quot;orientation&quot;:&quot;0&quot;}\" data-image-title=\"b5a46859-ffc9-4fcf-99a5-5c95a11ba3e1\" data-image-description=\"\" data-image-caption=\"\" data-medium-file=\"https:\/\/i0.wp.com\/blogdalucianaoliveira.com.br\/blog\/wp-content\/uploads\/2025\/05\/b5a46859-ffc9-4fcf-99a5-5c95a11ba3e1.jpeg?fit=200%2C300\" data-large-file=\"https:\/\/i0.wp.com\/blogdalucianaoliveira.com.br\/blog\/wp-content\/uploads\/2025\/05\/b5a46859-ffc9-4fcf-99a5-5c95a11ba3e1.jpeg?fit=600%2C900\" class=\"size-medium wp-image-36855 alignleft\" src=\"https:\/\/i0.wp.com\/blogdalucianaoliveira.com.br\/blog\/wp-content\/uploads\/2025\/05\/b5a46859-ffc9-4fcf-99a5-5c95a11ba3e1.jpeg?resize=200%2C300\" alt=\"\" width=\"200\" height=\"300\" srcset=\"https:\/\/i0.wp.com\/blogdalucianaoliveira.com.br\/blog\/wp-content\/uploads\/2025\/05\/b5a46859-ffc9-4fcf-99a5-5c95a11ba3e1.jpeg?resize=200%2C300 200w, https:\/\/i0.wp.com\/blogdalucianaoliveira.com.br\/blog\/wp-content\/uploads\/2025\/05\/b5a46859-ffc9-4fcf-99a5-5c95a11ba3e1.jpeg?resize=683%2C1024 683w, https:\/\/i0.wp.com\/blogdalucianaoliveira.com.br\/blog\/wp-content\/uploads\/2025\/05\/b5a46859-ffc9-4fcf-99a5-5c95a11ba3e1.jpeg?resize=768%2C1152 768w, https:\/\/i0.wp.com\/blogdalucianaoliveira.com.br\/blog\/wp-content\/uploads\/2025\/05\/b5a46859-ffc9-4fcf-99a5-5c95a11ba3e1.jpeg?w=817 817w\" sizes=\"auto, (max-width: 200px) 100vw, 200px\" \/><\/p>\n<p>&#8220;Participar do Festival dos Povos da Floresta ser\u00e1 uma honra, pois estarei ocupando um espa\u00e7o entre os povos origin\u00e1rios e cantar a Amaz\u00f4nia junto com eles \u00e9 um privil\u00e9gio. Dividir o palco que ser\u00e1 do Lenine, Nilson Chaves e Patr\u00edcia Bastos \u00e9 a realiza\u00e7\u00e3o de um sonho, pois tenho muito admira\u00e7\u00e3o pela poesia e m\u00fasica desses compositores que s\u00e3o reconhecidos, ser\u00e1 um privil\u00e9gio sem d\u00favida&#8221;, disse a artista.<\/p>\n<p>O evento \u00e9 ainda mais marcante, porque Izabela ir\u00e1 lan\u00e7ar em junho o seu primeiro trabalho autoral solo, o EP \u2018Canto em Mim\u2019 com dire\u00e7\u00e3o musical de Mauro Ara\u00fajo e participa\u00e7\u00e3o especial do artista amazonense Eliberto Barroncas do grupo Ra\u00edzes Caboclas do Amazonas. Projeto fomentado pelo Lei Paulo Gustavo via EDITAL N\u00ba10\/2024\/SEJUCEL- SIEC LPG \u2013 Fomento para produ\u00e7\u00e3o de artes integradas Rondoniense &#8211; Lei Paulo Gustavo, Eixo II &#8211; Produ\u00e7\u00e3o Musical, Categoria C.<\/p>\n<p>\u00c9 o fruto de uma trajet\u00f3ria de 25 anos da cantora, compositora e instrumentista que traz cinco can\u00e7\u00f5es in\u00e9ditas, compostas com parceiros musicais, como Rinaldo Santos e Ben\u00e9.<\/p>\n<p>A sonoridade deste trabalho \u00e9 um convite para uma viagem sensorial, onde os cantos da\u00a0Amaz\u00f4nia\u00a0se encontram com arranjos de\u00a0Mauro Ara\u00fajo\u00a0e produ\u00e7\u00e3o art\u00edstica de\u00a0Sabrynne Sena, resultando em um di\u00e1logo entre o popular e o contempor\u00e2neo.<br \/>\n\u201cCanto em Mim\u201d n\u00e3o \u00e9 apenas um registro sonoro, mas um manifesto afetivo e cultural, um tributo \u00e0s vozes do povo do norte e da floresta, que vem celebrar a m\u00fasica amaz\u00f4nida em sua forma mais aut\u00eantica.<br \/>\nA primeira m\u00fasica \u2018Quem\u2019, ser\u00e1 lan\u00e7ada nas plataformas digitais e rede sociais no dia quatro de\u00a0junho\u00a0e as demais at\u00e9 o fim do m\u00eas.<\/p>\n<p><strong>SOBRE IZABELA LIMA<\/strong><\/p>\n<p>\u00c9 manauara e beradeira de cora\u00e7\u00e3o. Em\u00a0Porto Velho\/RO continua sua jornada musical como cantora, compositora, instrumentista e produtora cultural.<br \/>\nSua caminhada art\u00edstica inicia nos\u00a0\u00a0Festivais de M\u00fasica, recebendo pr\u00eamios de 1\u00ba lugar com a m\u00fasica \u201cTardinha\u201d e melhor letra com a m\u00fasica \u201cDias sem voc\u00ea\u201d, o pr\u00eamio Proarte \u2013 Canto da floresta de m\u00fasica popular no\u00a0Amazonas. Conquista assim, sua primeira grava\u00e7\u00e3o na Colet\u00e2nea do Projeto Valores da Terra e posteriormente gravou com back-vocal, no CD \u201cMensageiros de\u00a0Francisco\u201d do grupo Ra\u00edzes Caboclas.<br \/>\nEm\u00a0Porto Velho, teve um encontro po\u00e9tico com o compositor e musicista\u00a0Rinaldo Santos\u00a0e a poeta\u00a0Amadio, nascia o 3DN\u00f3s, onde produziram o\u00a0\u00c1lbum \u201cPerfume\u00a0d(n)os olhos\u201d, projeto premiado no\u00a0Rond\u00f4nia Autoral\u00a0(2017). \u00c9 produtora cultural do Festival Sonora PVH de Compositoras, do\u00a0Coletivo Jardim das Evas\u00a0e do podcast ppkast. A artista hoje tem seus valores no ativismo ambiental e feminismo, e busca em seus projetos o empoderamento de mulheres artistas e a justi\u00e7a de g\u00eanero.<\/p>\n<p>Confira\u00a0a programa\u00e7\u00e3o do\u00a0Festival Povos\u00a0da\u00a0Floresta<\/p>\n<p><img data-recalc-dims=\"1\" loading=\"lazy\" decoding=\"async\" data-attachment-id=\"36849\" data-permalink=\"http:\/\/blogdalucianaoliveira.com.br\/blog\/2025\/05\/26\/izabela-lima-fara-pre-show-de-lenine-no-festival-povos-da-floresta\/imagem-do-whatsapp-de-2025-05-26-as-12-24-37_0d11b48d\/\" data-orig-file=\"https:\/\/i0.wp.com\/blogdalucianaoliveira.com.br\/blog\/wp-content\/uploads\/2025\/05\/Imagem-do-WhatsApp-de-2025-05-26-as-12.24.37_0d11b48d.jpg?fit=1170%2C1447\" data-orig-size=\"1170,1447\" data-comments-opened=\"0\" data-image-meta=\"{&quot;aperture&quot;:&quot;0&quot;,&quot;credit&quot;:&quot;&quot;,&quot;camera&quot;:&quot;&quot;,&quot;caption&quot;:&quot;&quot;,&quot;created_timestamp&quot;:&quot;0&quot;,&quot;copyright&quot;:&quot;&quot;,&quot;focal_length&quot;:&quot;0&quot;,&quot;iso&quot;:&quot;0&quot;,&quot;shutter_speed&quot;:&quot;0&quot;,&quot;title&quot;:&quot;&quot;,&quot;orientation&quot;:&quot;0&quot;}\" data-image-title=\"Imagem do WhatsApp de 2025-05-26 \u00e0(s) 12.24.37_0d11b48d\" data-image-description=\"\" data-image-caption=\"\" data-medium-file=\"https:\/\/i0.wp.com\/blogdalucianaoliveira.com.br\/blog\/wp-content\/uploads\/2025\/05\/Imagem-do-WhatsApp-de-2025-05-26-as-12.24.37_0d11b48d.jpg?fit=243%2C300\" data-large-file=\"https:\/\/i0.wp.com\/blogdalucianaoliveira.com.br\/blog\/wp-content\/uploads\/2025\/05\/Imagem-do-WhatsApp-de-2025-05-26-as-12.24.37_0d11b48d.jpg?fit=600%2C742\" class=\"alignnone size-medium wp-image-36849\" src=\"https:\/\/i0.wp.com\/blogdalucianaoliveira.com.br\/blog\/wp-content\/uploads\/2025\/05\/Imagem-do-WhatsApp-de-2025-05-26-as-12.24.37_0d11b48d.jpg?resize=243%2C300\" alt=\"\" width=\"243\" height=\"300\" srcset=\"https:\/\/i0.wp.com\/blogdalucianaoliveira.com.br\/blog\/wp-content\/uploads\/2025\/05\/Imagem-do-WhatsApp-de-2025-05-26-as-12.24.37_0d11b48d.jpg?resize=243%2C300 243w, https:\/\/i0.wp.com\/blogdalucianaoliveira.com.br\/blog\/wp-content\/uploads\/2025\/05\/Imagem-do-WhatsApp-de-2025-05-26-as-12.24.37_0d11b48d.jpg?resize=828%2C1024 828w, https:\/\/i0.wp.com\/blogdalucianaoliveira.com.br\/blog\/wp-content\/uploads\/2025\/05\/Imagem-do-WhatsApp-de-2025-05-26-as-12.24.37_0d11b48d.jpg?resize=768%2C950 768w, https:\/\/i0.wp.com\/blogdalucianaoliveira.com.br\/blog\/wp-content\/uploads\/2025\/05\/Imagem-do-WhatsApp-de-2025-05-26-as-12.24.37_0d11b48d.jpg?w=1170 1170w\" sizes=\"auto, (max-width: 243px) 100vw, 243px\" \/> <img data-recalc-dims=\"1\" loading=\"lazy\" decoding=\"async\" data-attachment-id=\"36850\" data-permalink=\"http:\/\/blogdalucianaoliveira.com.br\/blog\/2025\/05\/26\/izabela-lima-fara-pre-show-de-lenine-no-festival-povos-da-floresta\/imagem-do-whatsapp-de-2025-05-26-as-12-24-37_949049a2\/\" data-orig-file=\"https:\/\/i0.wp.com\/blogdalucianaoliveira.com.br\/blog\/wp-content\/uploads\/2025\/05\/Imagem-do-WhatsApp-de-2025-05-26-as-12.24.37_949049a2.jpg?fit=1170%2C1452\" data-orig-size=\"1170,1452\" data-comments-opened=\"0\" data-image-meta=\"{&quot;aperture&quot;:&quot;0&quot;,&quot;credit&quot;:&quot;&quot;,&quot;camera&quot;:&quot;&quot;,&quot;caption&quot;:&quot;&quot;,&quot;created_timestamp&quot;:&quot;0&quot;,&quot;copyright&quot;:&quot;&quot;,&quot;focal_length&quot;:&quot;0&quot;,&quot;iso&quot;:&quot;0&quot;,&quot;shutter_speed&quot;:&quot;0&quot;,&quot;title&quot;:&quot;&quot;,&quot;orientation&quot;:&quot;0&quot;}\" data-image-title=\"Imagem do WhatsApp de 2025-05-26 \u00e0(s) 12.24.37_949049a2\" data-image-description=\"\" data-image-caption=\"\" data-medium-file=\"https:\/\/i0.wp.com\/blogdalucianaoliveira.com.br\/blog\/wp-content\/uploads\/2025\/05\/Imagem-do-WhatsApp-de-2025-05-26-as-12.24.37_949049a2.jpg?fit=242%2C300\" data-large-file=\"https:\/\/i0.wp.com\/blogdalucianaoliveira.com.br\/blog\/wp-content\/uploads\/2025\/05\/Imagem-do-WhatsApp-de-2025-05-26-as-12.24.37_949049a2.jpg?fit=600%2C745\" class=\"alignnone size-medium wp-image-36850\" src=\"https:\/\/i0.wp.com\/blogdalucianaoliveira.com.br\/blog\/wp-content\/uploads\/2025\/05\/Imagem-do-WhatsApp-de-2025-05-26-as-12.24.37_949049a2.jpg?resize=242%2C300\" alt=\"\" width=\"242\" height=\"300\" srcset=\"https:\/\/i0.wp.com\/blogdalucianaoliveira.com.br\/blog\/wp-content\/uploads\/2025\/05\/Imagem-do-WhatsApp-de-2025-05-26-as-12.24.37_949049a2.jpg?resize=242%2C300 242w, https:\/\/i0.wp.com\/blogdalucianaoliveira.com.br\/blog\/wp-content\/uploads\/2025\/05\/Imagem-do-WhatsApp-de-2025-05-26-as-12.24.37_949049a2.jpg?resize=825%2C1024 825w, https:\/\/i0.wp.com\/blogdalucianaoliveira.com.br\/blog\/wp-content\/uploads\/2025\/05\/Imagem-do-WhatsApp-de-2025-05-26-as-12.24.37_949049a2.jpg?resize=768%2C953 768w, https:\/\/i0.wp.com\/blogdalucianaoliveira.com.br\/blog\/wp-content\/uploads\/2025\/05\/Imagem-do-WhatsApp-de-2025-05-26-as-12.24.37_949049a2.jpg?w=1170 1170w\" sizes=\"auto, (max-width: 242px) 100vw, 242px\" \/><\/p>\n","protected":false},"excerpt":{"rendered":"<p>A participa\u00e7\u00e3o da artista antes do show do pernambucano\u00a0Lenine, real\u00e7a a ess\u00eancia do festival criado para conectar a diversidade cultural da\u00a0Amaz\u00f4nia\u00a0com o\u00a0Brasil\u00a0e o mundo. Izabela Lima mora em Porto Velho, uma das cinco capitais da Amaz\u00f4nia Legal que v\u00e3o abrigar o Festival Povos da Floresta, idealizado pelo Centro de Inova\u00e7\u00e3o da Amaz\u00f4nia Rioterra, apresentado pela&#8230;<a class=\"more-link\" href=\"http:\/\/blogdalucianaoliveira.com.br\/blog\/2025\/05\/26\/izabela-lima-fara-pre-show-de-lenine-no-festival-povos-da-floresta\/\">Continue a leitura <span class=\"meta-nav\">&raquo;<\/span><\/a><\/p>\n","protected":false},"author":1,"featured_media":0,"comment_status":"closed","ping_status":"open","sticky":false,"template":"","format":"standard","meta":{"_exactmetrics_skip_tracking":false,"_exactmetrics_sitenote_active":false,"_exactmetrics_sitenote_note":"","_exactmetrics_sitenote_category":0,"jetpack_post_was_ever_published":false,"_jetpack_newsletter_access":"","_jetpack_dont_email_post_to_subs":false,"_jetpack_newsletter_tier_id":0,"_jetpack_memberships_contains_paywalled_content":false,"_jetpack_memberships_contains_paid_content":false,"footnotes":"","jetpack_publicize_message":"","jetpack_publicize_feature_enabled":true,"jetpack_social_post_already_shared":true,"jetpack_social_options":{"image_generator_settings":{"template":"highway","enabled":false},"version":2}},"categories":[1],"tags":[1345,1344,1346,8],"class_list":["post-36838","post","type-post","status-publish","format-standard","hentry","category-notas","tag-ep-show","tag-izabela-lima","tag-lenine","tag-porto-velho"],"jetpack_publicize_connections":[],"jetpack_sharing_enabled":true,"jetpack_featured_media_url":"","jetpack_shortlink":"https:\/\/wp.me\/p7wKYW-9Aa","jetpack-related-posts":[],"_links":{"self":[{"href":"http:\/\/blogdalucianaoliveira.com.br\/blog\/wp-json\/wp\/v2\/posts\/36838","targetHints":{"allow":["GET"]}}],"collection":[{"href":"http:\/\/blogdalucianaoliveira.com.br\/blog\/wp-json\/wp\/v2\/posts"}],"about":[{"href":"http:\/\/blogdalucianaoliveira.com.br\/blog\/wp-json\/wp\/v2\/types\/post"}],"author":[{"embeddable":true,"href":"http:\/\/blogdalucianaoliveira.com.br\/blog\/wp-json\/wp\/v2\/users\/1"}],"replies":[{"embeddable":true,"href":"http:\/\/blogdalucianaoliveira.com.br\/blog\/wp-json\/wp\/v2\/comments?post=36838"}],"version-history":[{"count":9,"href":"http:\/\/blogdalucianaoliveira.com.br\/blog\/wp-json\/wp\/v2\/posts\/36838\/revisions"}],"predecessor-version":[{"id":36857,"href":"http:\/\/blogdalucianaoliveira.com.br\/blog\/wp-json\/wp\/v2\/posts\/36838\/revisions\/36857"}],"wp:attachment":[{"href":"http:\/\/blogdalucianaoliveira.com.br\/blog\/wp-json\/wp\/v2\/media?parent=36838"}],"wp:term":[{"taxonomy":"category","embeddable":true,"href":"http:\/\/blogdalucianaoliveira.com.br\/blog\/wp-json\/wp\/v2\/categories?post=36838"},{"taxonomy":"post_tag","embeddable":true,"href":"http:\/\/blogdalucianaoliveira.com.br\/blog\/wp-json\/wp\/v2\/tags?post=36838"}],"curies":[{"name":"wp","href":"https:\/\/api.w.org\/{rel}","templated":true}]}}