{"id":36859,"date":"2025-05-28T10:10:33","date_gmt":"2025-05-28T14:10:33","guid":{"rendered":"https:\/\/blogdalucianaoliveira.com.br\/blog\/?p=36859"},"modified":"2025-05-28T10:10:33","modified_gmt":"2025-05-28T14:10:33","slug":"por-que-tanto-odio-contra-a-ministra-marina-silva","status":"publish","type":"post","link":"http:\/\/blogdalucianaoliveira.com.br\/blog\/2025\/05\/28\/por-que-tanto-odio-contra-a-ministra-marina-silva\/","title":{"rendered":"Por que tanto \u00f3dio contra a ministra Marina Silva?"},"content":{"rendered":"<p><img decoding=\"async\" src=\"https:\/\/www.brasil247.com\/_next\/image?url=https%3A%2F%2Fcdn.brasil247.com%2Fpb-b247gcp%2Fswp%2Fjtjeq9%2Fmedia%2F20250527180512_d0224e96210744696b31e6eb6173db112004729bf46c150b5b0be25bfeec4d7e.webp&amp;w=3840&amp;q=75\" alt=\"Marina Silva\" \/><\/p>\n<p><strong>Brasil 247, por Milton Alves<\/strong> &#8211; A ministra do Meio Ambiente e Mudan\u00e7a do Clima, Marina Silva, foi o alvo de ataques machistas e de teor mis\u00f3gino, nesta ter\u00e7a-feira (27), em sess\u00e3o da Comiss\u00e3o de Infraestrutura do Senado pelos parlamentares Pl\u00ednio Val\u00e9rio (PSDB-AM<b>)<\/b>, Omar Aziz (PSD-AM) e pelo presidente da comiss\u00e3o, senador Marcos Rog\u00e9rio (PL-RO).<!--more--><\/p>\n<p>As cenas grotescas e as falas chocantes de senadores da direita extrema e do extremo Centr\u00e3o foram marcadas pelo mais abjeto machismo e gestos expl\u00edcitos de misoginia \u2013, e apenas revelam a superf\u00edcie do \u00f3dio contra a ministra Marina Silva.<\/p>\n<div id=\"notsy_container_831386490\" class=\"B24_VIDEO  marginBottom30 marginTop30\" data-notsy-container-index=\"1\" data-notsy-mapped-container=\"1\">\n<div id=\"video_83571-container\" class=\"nts-container\" data-mobile=\"0\">\n<div id=\"video_83571-sub-container\" class=\"ym-video--sub-container\">\n<div id=\"video_83571-placeholder\">\n<p>Marina Silva reagiu com altivez e exigiu respeito por sua condi\u00e7\u00e3o de ministra de estado. \u201cAp\u00f3s mais uma agress\u00e3o do senador Pl\u00ednio Val\u00e9rio, lhe dei a op\u00e7\u00e3o de pedir desculpas, mas ele se negou. Por isso me retirei da sess\u00e3o. N\u00e3o posso aceitar ser agredida e n\u00e3o posso me calar quando atribuem a mim responsabilidades que n\u00e3o s\u00e3o minhas. A audi\u00eancia p\u00fablica foi transmitida ao vivo e tudo o que ocorreu l\u00e1 pode ser conferido na \u00edntegra pelo canal do Youtube da TV Senado:\u00a0youtube.com\/tvsenado\u201d, postou a ministra em sua rede social.<\/p>\n<p>A conduta do presidente da Comiss\u00e3o de Infraestrutura do Senado, Marcos Rog\u00e9rio, al\u00e9m de inadequada e vulgar, tamb\u00e9m foi extremamente agressiva quando declarou em um tom de voz autorit\u00e1rio para a ministra: \u201cPonha-se no seu lugar\u201d. Ap\u00f3s as agress\u00f5es e o desrespeito dos senadores, a ministra deixou a sala onde se realizava sess\u00e3o da comiss\u00e3o.<\/p>\n<div class=\"contentAd contentAd--noBackground marginBottom30\">\n<div class=\"marginTop10 adBackground\">\n<div class=\"ad marginBottom30 ad--center minHeight250\">\n<div id=\"b247-multipage-standard-3\" data-google-query-id=\"CJrX5euqxo0DFYlTuAQdBQkSPQ\">\n<p>O Minist\u00e9rio das Mulheres, em nota, manifestou rep\u00fadio aos atos de machismo ocorridos no Senado: \u201cUm completo absurdo o que aconteceu nesta manh\u00e3 com a ministra Marina Silva na Comiss\u00e3o de Infraestrutura do Senado. Ela foi desrespeitada e agredida como mulher e como ministra por diversos parlamentares \u2013 em mar\u00e7o, um deles j\u00e1 havia inclusive incitado a viol\u00eancia contra ela\u201d, afirma a nota assinada pela ministra M\u00e1rcia Lopes.<\/p>\n<p>As agress\u00f5es contra Marina Silva provocaram uma ampla onda de solidariedade no pa\u00eds e no exterior. O presidente Lula, ministros, parlamentares de diversos partidos, movimentos sociais e ambientais defenderam a gest\u00e3o da ministra e sua conduta na dire\u00e7\u00e3o do Minist\u00e9rio do Meio Ambiente. Resultado: Marina saiu mais fortalecida politicamente a partir dos lament\u00e1veis eventos de hoje.<\/p>\n<p><b>Por tr\u00e1s da campanha de \u00f3dio contra Marina<\/b><\/p>\n<p>Nos \u00faltimos meses, a ministra do Meio Ambiente tem sido o objeto de ataques pesados do agroneg\u00f3cio, das mineradoras, das madeireiras ilegais, de lobistas das petroleiras, de organiza\u00e7\u00f5es criminosas de contrabandistas de ouro e pedras preciosas e dos tradicionais grileiros de terras que atuam na Regi\u00e3o Amaz\u00f4nica.<\/p>\n<p>Al\u00e9m disso, parlamentares vinculados ao agroneg\u00f3cio e ex-parlamentares, como o neobolsonarista Aldo Rebelo, realizam uma atividade sistem\u00e1tica de desconstru\u00e7\u00e3o das a\u00e7\u00f5es de defesa ambiental do minist\u00e9rio, do Ibama e de seus profissionais.<\/p>\n<p>Marina Silva enfrenta uma reiterada e s\u00f3rdida campanha financiada e organizada sob a capa de \u201cdesenvolvimento da Amaz\u00f4nia\u201d, mas que na verdade opera pela manuten\u00e7\u00e3o do modelo agroexportador, que transforma o pa\u00eds num \u201cfazend\u00e3o\u201d das commodities. \u00c9 o antigo e continuado projeto de ocupa\u00e7\u00e3o predat\u00f3ria da Amaz\u00f4nia e do saque de suas riquezas. Um velho filme que j\u00e1 vimos na extra\u00e7\u00e3o do ouro da Serra Pelada, no Par\u00e1, na explora\u00e7\u00e3o do mangan\u00eas na Serra do Navio, no Amap\u00e1, no criminoso Projeto Jari e na violenta constru\u00e7\u00e3o da Rodovia Transamaz\u00f4nica, pela ditadura militar, que varreu do mapa tribos inteiras.<\/p>\n<p>O \u00f3dio contra Marina vem de longe, desde os tempos do \u201cempate\u201d, uma forma de luta dos seringueiros organizados pelo l\u00edder ambiental e defensor da Amaz\u00f4nia, Chico Mendes, assassinado a mando de fazendeiros da regi\u00e3o de Xapuri no Acre. Marina \u00e9 a herdeira direta dessa luta, sempre esteve identificada com a luta pela sobreviv\u00eancia dos povos da floresta.<\/p>\n<p>No Senado, estava em pauta temas sens\u00edveis e de forte impacto ambiental na Regi\u00e3o Amaz\u00f4nica: A proposta de cria\u00e7\u00e3o de quatro unidades de conserva\u00e7\u00e3o mar\u00edtimas no Amap\u00e1, a controversa defesa da explora\u00e7\u00e3o de petr\u00f3leo na Foz do Amazonas, o Projeto de Lei do Licenciamento Ambiental e a extens\u00e3o da BR-319, que liga Porto Velho a Manaus, que desencadeou uma ampla devasta\u00e7\u00e3o de mata nativa ao longo da rodovia.<\/p>\n<div data-cy=\"articleBody\">\n<p>A ministra afirmou que a cria\u00e7\u00e3o de unidades de conserva\u00e7\u00e3o marinha na Margem Equatorial, no Amap\u00e1, n\u00e3o impede a pesquisa de petr\u00f3leo na regi\u00e3o e sustentou a defesa da pol\u00edtica ambiental do Governo Federal, que reduziu o desmatamento na Amaz\u00f4nia e protege os demais biomas. E defendeu ainda um novo fundo de florestas tropicais para remunerar os propriet\u00e1rios que preservam \u00e1reas florestais.<\/p>\n<p>Como um homem de ascend\u00eancia amaz\u00f4nica, al\u00e9m da solidariedade pol\u00edtica para Marina Silva, rogo para as divindades guardi\u00e3s da Floresta Amaz\u00f4nica \u2014 o s\u00e1bio Curupira, que protegia o guerrilheiro Osvald\u00e3o no Araguaia, a astuta Matinta Perera, o \u00e1gil Mapinguari e a gigante Cobra Norato \u2014 que protejam a ministra da sanha criminosa dos que cobi\u00e7am vorazmente as riquezas da Amaz\u00f4nia e desprezam o seu povo.<\/p>\n<p><i>* \u00c9 colunista em diversos sites e portais da m\u00eddia progressista e de esquerda. Autor dos livros \u2018Brasil Sem M\u00e1scara \u2013 o governo Bolsonaro e a destrui\u00e7\u00e3o do pa\u00eds [Kotter, 2022] e de \u2018Lava Jato, uma conspira\u00e7\u00e3o contra o Brasil [Kotter, 2021], entre outras obras. Graduado em Gest\u00e3o P\u00fablica pela UFPR e P\u00f3s-gradua\u00e7\u00e3o em Ci\u00eancia Pol\u00edtica. Ativista social e militante do PT de Curitiba.<\/i><\/p>\n<\/div>\n<\/div>\n<\/div>\n<\/div>\n<\/div>\n<\/div>\n<div id=\"video_83571-float-container\" class=\"nts-float-container\">\n<div class=\"ym-video--player-container\">\n<div id=\"video_83571\" class=\"video-js vjs-default-skin vjs-big-play-centered vjs-paused video_83571-dimensions vjs-fluid vjs-controls-enabled vjs-workinghover vjs-v7 vjs-user-active\" lang=\"pt-br\" tabindex=\"-1\" role=\"region\" aria-label=\"Video Player\"><\/div>\n<\/div>\n<\/div>\n<\/div>\n<\/div>\n<\/div>\n","protected":false},"excerpt":{"rendered":"<p>Brasil 247, por Milton Alves &#8211; A ministra do Meio Ambiente e Mudan\u00e7a do Clima, Marina Silva, foi o alvo de ataques machistas e de teor mis\u00f3gino, nesta ter\u00e7a-feira (27), em sess\u00e3o da Comiss\u00e3o de Infraestrutura do Senado pelos parlamentares Pl\u00ednio Val\u00e9rio (PSDB-AM), Omar Aziz (PSD-AM) e pelo presidente da comiss\u00e3o, senador Marcos Rog\u00e9rio (PL-RO).<\/p>\n","protected":false},"author":1,"featured_media":0,"comment_status":"closed","ping_status":"open","sticky":false,"template":"","format":"standard","meta":{"_exactmetrics_skip_tracking":false,"_exactmetrics_sitenote_active":false,"_exactmetrics_sitenote_note":"","_exactmetrics_sitenote_category":0,"jetpack_post_was_ever_published":false,"_jetpack_newsletter_access":"","_jetpack_dont_email_post_to_subs":false,"_jetpack_newsletter_tier_id":0,"_jetpack_memberships_contains_paywalled_content":false,"_jetpack_memberships_contains_paid_content":false,"footnotes":"","jetpack_publicize_message":"","jetpack_publicize_feature_enabled":true,"jetpack_social_post_already_shared":true,"jetpack_social_options":{"image_generator_settings":{"template":"highway","enabled":false},"version":2}},"categories":[1],"tags":[1007,386,181],"class_list":["post-36859","post","type-post","status-publish","format-standard","hentry","category-notas","tag-marina-silva","tag-meio-ambiente","tag-senado"],"jetpack_publicize_connections":[],"jetpack_sharing_enabled":true,"jetpack_featured_media_url":"","jetpack_shortlink":"https:\/\/wp.me\/p7wKYW-9Av","jetpack-related-posts":[],"_links":{"self":[{"href":"http:\/\/blogdalucianaoliveira.com.br\/blog\/wp-json\/wp\/v2\/posts\/36859","targetHints":{"allow":["GET"]}}],"collection":[{"href":"http:\/\/blogdalucianaoliveira.com.br\/blog\/wp-json\/wp\/v2\/posts"}],"about":[{"href":"http:\/\/blogdalucianaoliveira.com.br\/blog\/wp-json\/wp\/v2\/types\/post"}],"author":[{"embeddable":true,"href":"http:\/\/blogdalucianaoliveira.com.br\/blog\/wp-json\/wp\/v2\/users\/1"}],"replies":[{"embeddable":true,"href":"http:\/\/blogdalucianaoliveira.com.br\/blog\/wp-json\/wp\/v2\/comments?post=36859"}],"version-history":[{"count":1,"href":"http:\/\/blogdalucianaoliveira.com.br\/blog\/wp-json\/wp\/v2\/posts\/36859\/revisions"}],"predecessor-version":[{"id":36860,"href":"http:\/\/blogdalucianaoliveira.com.br\/blog\/wp-json\/wp\/v2\/posts\/36859\/revisions\/36860"}],"wp:attachment":[{"href":"http:\/\/blogdalucianaoliveira.com.br\/blog\/wp-json\/wp\/v2\/media?parent=36859"}],"wp:term":[{"taxonomy":"category","embeddable":true,"href":"http:\/\/blogdalucianaoliveira.com.br\/blog\/wp-json\/wp\/v2\/categories?post=36859"},{"taxonomy":"post_tag","embeddable":true,"href":"http:\/\/blogdalucianaoliveira.com.br\/blog\/wp-json\/wp\/v2\/tags?post=36859"}],"curies":[{"name":"wp","href":"https:\/\/api.w.org\/{rel}","templated":true}]}}