{"id":36861,"date":"2025-05-28T11:44:40","date_gmt":"2025-05-28T15:44:40","guid":{"rendered":"https:\/\/blogdalucianaoliveira.com.br\/blog\/?p=36861"},"modified":"2025-05-28T11:44:40","modified_gmt":"2025-05-28T15:44:40","slug":"saiba-quem-sao-plinio-valerio-e-marcos-rogerio-senadores-que-agrediram-marina-silva","status":"publish","type":"post","link":"http:\/\/blogdalucianaoliveira.com.br\/blog\/2025\/05\/28\/saiba-quem-sao-plinio-valerio-e-marcos-rogerio-senadores-que-agrediram-marina-silva\/","title":{"rendered":"Saiba quem s\u00e3o Pl\u00ednio Val\u00e9rio e Marcos Rog\u00e9rio, senadores que agrediram Marina Silva"},"content":{"rendered":"<h2><img data-recalc-dims=\"1\" decoding=\"async\" src=\"https:\/\/i0.wp.com\/pensarpiaui.com\/storage\/20308\/6837077fab7cd-marina-silva.jpg?w=600&#038;ssl=1\" alt=\"Saiba quem s\u00e3o Pl\u00ednio Val\u00e9rio e Marcos Rog\u00e9rio, senadores que agrediram Marina Silva\" \/><\/h2>\n<h2 class=\"text-muted post-subtitle\">Eles s\u00e3o bolsonaristas e defendem interesses privados<\/h2>\n<p><!--more--><\/p>\n<p><strong>No Pensar Piau\u00ed<\/strong> &#8211; Os senadores Pl\u00ednio Val\u00e9rio (PSDB-AM) e Marcos Rog\u00e9rio (PL-RO) ganharam destaque nacional mais uma vez ontem, ao protagonizarem agress\u00f5es verbais contra a ministra do Meio Ambiente, Marina Silva, durante uma sess\u00e3o tumultuada no Congresso Nacional. A ministra compareceu \u00e0 Casa para prestar esclarecimentos sobre pol\u00edticas ambientais, mas foi interrompida e hostilizada por Val\u00e9rio e Rog\u00e9rio, cr\u00edticos contundentes da atua\u00e7\u00e3o de organiza\u00e7\u00f5es socioambientais na Amaz\u00f4nia.<\/p>\n<p>O epis\u00f3dio gerou ampla repercuss\u00e3o pol\u00edtica. Parlamentares da base do governo e de partidos ambientalistas classificaram a conduta de Pl\u00ednio como &#8220;desrespeitosa&#8221; e &#8220;mis\u00f3gina&#8221;. A l\u00edder do PSOL na C\u00e2mara, S\u00e2mia Bomfim, afirmou que a agressividade expressa n\u00e3o s\u00f3 desprezo pela ministra, mas tamb\u00e9m pelas pautas ambientais e pelas popula\u00e7\u00f5es amaz\u00f4nidas. J\u00e1 a senadora Eliziane Gama (PSD-MA), aliada de Marina, criticou o comportamento de Val\u00e9rio, destacando que &#8220;a defesa do meio ambiente n\u00e3o pode ser tratada com insultos, mas com responsabilidade pol\u00edtica&#8221;.<\/p>\n<div id=\"sds-52896-banner\" class=\"sds-inarticle\">\n<div class=\"sds-ina-creativeWrapper\">\n<div id=\"sds-52896-slot\" class=\"sds-ina-slot\">\n<p>Por outro lado, parlamentares ligados \u00e0 bancada ruralista defenderam Pl\u00ednio, elogiando sua atua\u00e7\u00e3o &#8220;firme&#8221; e &#8220;cr\u00edtica&#8221; em rela\u00e7\u00e3o ao que chamam de \u201cind\u00fastria das ONGs\u201d na regi\u00e3o amaz\u00f4nica. O pr\u00f3prio senador, ap\u00f3s a sess\u00e3o, afirmou que Marina Silva &#8220;vitimiza-se&#8221; e que continuar\u00e1 atuando para &#8220;expor abusos cometidos por ONGs travestidas de ambientalismo&#8221;.<\/p>\n<p><strong>Quem \u00e9 Pl\u00ednio Val\u00e9rio?<\/strong><\/p>\n<p>A tens\u00e3o provocada pelo epis\u00f3dio tamb\u00e9m evidenciou uma contradi\u00e7\u00e3o: enquanto se apresenta como defensor das comunidades tradicionais e cr\u00edtico das ONGs, Pl\u00ednio Val\u00e9rio mant\u00e9m, uma casa de veraneio irregular dentro da Reserva de Desenvolvimento Sustent\u00e1vel (RDS) do Tup\u00e9, em Manaus (AM), a cerca de 50 quil\u00f4metros da capital.<\/p>\n<p>A propriedade est\u00e1 localizada \u00e0s margens do Rio Negro, na entrada da comunidade S\u00e3o Jo\u00e3o do Tup\u00e9, onde vivem aproximadamente 80 fam\u00edlias ribeirinhas que dependem de atividades aut\u00f4nomas e de programas sociais para sobreviver.<\/p>\n<p>O im\u00f3vel consta nas declara\u00e7\u00f5es de bens de Pl\u00ednio ao Tribunal Superior Eleitoral (TSE) desde 2006, quando ele disputou o Senado pelo PV. Em 2010, na campanha para deputado federal pelo DEM, declarou o terreno com uma casa, avaliado em R$ 30 mil \u2014 valor que se manteve na \u00faltima declara\u00e7\u00e3o, em 2018, embora sem detalhamento sobre a localiza\u00e7\u00e3o.<\/p>\n<p>Contudo, conforme o Instituto Nacional de Coloniza\u00e7\u00e3o e Reforma Agr\u00e1ria (Incra), n\u00e3o existem lotes \u00e0 venda na RDS do Tup\u00e9, uma \u00e1rea de 11.973 hectares inserida na Gleba Federal Cuieiras-Tarum\u00e3. A administra\u00e7\u00e3o da reserva cabe \u00e0 Secretaria Municipal do Meio Ambiente e Sustentabilidade de Manaus (Semmas), que refor\u00e7a a ilegalidade da constru\u00e7\u00e3o: \u201c\u00c9 ilegal a aquisi\u00e7\u00e3o de terras no interior da reserva por terceiros, pessoas que n\u00e3o s\u00e3o da comunidade\u201d, informou a pasta em nota.<\/p>\n<p>Apesar da irregularidade, o senador explora comercialmente o im\u00f3vel. A resid\u00eancia, batizada de \u201cChal\u00e9 de Pedra\u201d, \u00e9 anunciada na plataforma Airbnb por R$ 1.446,00 a di\u00e1ria. O an\u00fancio ressalta a sofistica\u00e7\u00e3o do espa\u00e7o, com capacidade para at\u00e9 dez pessoas, su\u00edte com cama queen size, ar-condicionado, wi-fi, espa\u00e7o de trabalho e vista privilegiada para o Rio Negro. Tamb\u00e9m s\u00e3o oferecidos servi\u00e7os personalizados de transporte e organiza\u00e7\u00e3o de eventos como casamentos e anivers\u00e1rios.<\/p>\n<p>A respons\u00e1vel pela administra\u00e7\u00e3o do chal\u00e9 \u00e9 Luciana Alencar da Silva, enteada de Pl\u00ednio Val\u00e9rio e assistente parlamentar do senador Omar Aziz (PSD-AM), com sal\u00e1rio de R$ 15.200,24. Curiosamente, Aziz foi o maior doador da campanha de Pl\u00ednio em 2018, com cinco fretamentos a\u00e9reos que somaram R$ 17.750,00. Procurada pela reportagem por meio do n\u00famero divulgado no Airbnb, Luciana n\u00e3o respondeu ap\u00f3s ser informada sobre o car\u00e1ter jornal\u00edstico do contato.<\/p>\n<p>Luciana tamb\u00e9m \u00e9 presidente da Federa\u00e7\u00e3o de Wakeboard do Amazonas, esporte que pratica e promove por meio de encontros e competi\u00e7\u00f5es em diferentes pontos do estado. Outras duas filhas de Pl\u00ednio Val\u00e9rio tamb\u00e9m ocupam cargos p\u00fablicos. Alana Barbosa Val\u00e9rio Tomaz \u00e9 assessora na Secretaria da Fazenda do governo do Amazonas, aliado de Pl\u00ednio, com sal\u00e1rio de cerca de R$ 16 mil. J\u00e1 Camila Val\u00e9rio Tomaz Soares \u00e9 assessora do deputado federal Capit\u00e3o Alberto Neto (PL-AM), com remunera\u00e7\u00e3o de R$ 9 mil.<\/p>\n<p>A situa\u00e7\u00e3o de Pl\u00ednio Val\u00e9rio \u00e9 emblem\u00e1tica das dificuldades de fiscaliza\u00e7\u00e3o na RDS do Tup\u00e9. De acordo com o gestor da unidade, Marco Antonio Vaz de Lima, a proximidade com a \u00e1rea urbana de Manaus facilita a presen\u00e7a de invasores. \u201cA Prefeitura de Manaus deu entrada em uma solicita\u00e7\u00e3o no Incra desde 2008 requerendo a doa\u00e7\u00e3o das terras, para que possa proceder \u00e0 regulariza\u00e7\u00e3o fundi\u00e1ria\u201d, explica Lima. Contudo, at\u00e9 hoje n\u00e3o houve desfecho para essa solicita\u00e7\u00e3o, mantendo a situa\u00e7\u00e3o fundi\u00e1ria indefinida.<\/p>\n<p>Criada por decreto municipal em 2005, a RDS do Tup\u00e9 foi concebida para preservar o meio ambiente e garantir os modos de vida das popula\u00e7\u00f5es tradicionais que j\u00e1 habitavam a \u00e1rea. A legisla\u00e7\u00e3o \u00e9 clara: \u00e9 proibida a aquisi\u00e7\u00e3o ou constru\u00e7\u00e3o de im\u00f3veis na reserva por pessoas de fora da comunidade.<\/p>\n<p>Mesmo assim, al\u00e9m do chal\u00e9 do senador, outras constru\u00e7\u00f5es de veraneio surgiram ao longo dos anos, impulsionadas pela aus\u00eancia de fiscaliza\u00e7\u00e3o e pela indefini\u00e7\u00e3o sobre a titularidade das terras.<\/p>\n<p><strong>Quem \u00e9 Marcos Rog\u00e9rio?<\/strong><\/p>\n<p>Marcos Rog\u00e9rio da Silva Brito nasceu em Ji-Paran\u00e1, Rond\u00f4nia, em 1978. Jornalista e advogado, iniciou sua trajet\u00f3ria pol\u00edtica ainda jovem, sendo eleito vereador de Ji-Paran\u00e1 em 2004, pelo PDT. Posteriormente, filiou-se ao DEM, legenda pela qual conquistou seu primeiro mandato como deputado federal, em 2010.<\/p>\n<p>Durante sua atua\u00e7\u00e3o na C\u00e2mara dos Deputados, ganhou notoriedade por sua defesa enf\u00e1tica do agroneg\u00f3cio, do armamento da popula\u00e7\u00e3o e de pautas conservadoras.<\/p>\n<p>Em 2018, Marcos Rog\u00e9rio foi eleito senador por Rond\u00f4nia, j\u00e1 pelo DEM, mas migrou posteriormente para o PL, partido do ex-presidente Jair Bolsonaro, de quem se tornou um dos principais aliados no Senado.<\/p>\n<p>No Congresso, consolidou-se como uma das vozes mais influentes da direita bolsonarista, destacando-se na CPI da Covid, onde defendeu o governo federal e enfrentou opositores com discursos contundentes.<\/p>\n<p>Al\u00e9m disso, tem sido um dos principais cr\u00edticos das pol\u00edticas ambientais do governo Lula, especialmente em temas relacionados \u00e0 Amaz\u00f4nia Legal, regi\u00e3o que representa. Para ele, a defesa ambiental feita pelo governo e por ONGs atrapalha o desenvolvimento econ\u00f4mico e prejudica produtores rurais.<\/p>\n<p>Marcos Rog\u00e9rio tamb\u00e9m atua fortemente em defesa da revis\u00e3o do marco temporal para a demarca\u00e7\u00e3o de terras ind\u00edgenas, alinhando-se \u00e0 bancada ruralista, e se op\u00f5e a pol\u00edticas que considera prejudiciais ao agroneg\u00f3cio.<\/p>\n<p>Sua trajet\u00f3ria pol\u00edtica, marcada por fidelidade ao bolsonarismo e pelo combate a pautas ambientais, ajuda a explicar o tom adotado contra a ministra Marina Silva na sess\u00e3o de ontem. O epis\u00f3dio refor\u00e7a sua posi\u00e7\u00e3o como um dos principais antagonistas do governo Lula no Senado.<\/p>\n<p>Marcos Rog\u00e9rio \u00e9 dono de 98,65 hectares de terras em uma \u00e1rea de conflitos de terras de Rond\u00f4nia, o Vale do Jamari. O parlamentar, segundo sua declara\u00e7\u00e3o de bens entregue \u00e0 Justi\u00e7a Eleitoral, \u00e9 dono de dois im\u00f3veis rurais em Campo Novo (RO).<\/p>\n<p>Na regi\u00e3o onde est\u00e3o as propriedades de Marcos Rog\u00e9rio fica a Terra Ind\u00edgena dos Uru-Eu-Wau-Wau, que sofre com constantes ataques de invasores, principalmente para o roubo de madeira.<\/p>\n<p><strong>E a Marina<\/strong><\/p>\n<p>Marina Silva \u00e9 uma das mais respeitadas l\u00edderes ambientais do mundo. Mulher negra, amaz\u00f4nida, seringueira, refer\u00eancia global na luta pela preserva\u00e7\u00e3o da vida e da floresta.<\/p>\n<p>Sua trajet\u00f3ria \u00e9 s\u00edmbolo de resist\u00eancia, dignidade e compromisso inabal\u00e1vel com os povos origin\u00e1rios e com o futuro do planeta. Ainda assim, em pleno 2025, ela segue sendo alvo de ataques brutais, mis\u00f3ginos e racistas por parte do escrut\u00ednio bolsonarista no Senado Federal.<\/p>\n<p>Marina foi interrompida, silenciada, ironizada e desrespeitada por senadores que, mais uma vez, revelaram o \u00f3dio \u00e0 autonomia de uma mulher negra em posi\u00e7\u00e3o de poder. Ap\u00f3s uma s\u00e9rie de agress\u00f5es verbais inaceit\u00e1veis, a ministra deixou a sess\u00e3o com firmeza e dignidade, denunciando a viol\u00eancia pol\u00edtica e de g\u00eanero que enfrentou diante de todo o pa\u00eds.<\/p>\n<p>Mas Marina n\u00e3o come\u00e7ou ontem. Ao compartilhar uma foto de 1997, no Parque Chico Mendes, no Acre, ela escreveu: \u201cTalvez lembrasse ali do assassinato do Chico, quase dez anos antes, ou de quando o encontrei pela primeira vez, vinte anos antes, e me senti convocada para o mesmo compromisso ao ouvi-lo falar em defesa da floresta&#8230; As datas s\u00e3o pontos de refer\u00eancia numa luta que \u00e9 cont\u00ednua e, para mim, j\u00e1 se estende por mais de quatro d\u00e9cadas.\u201d<\/p>\n<p>S\u00e3o mais de quarenta anos de caminhada, enfrentando o desmatamento, o autoritarismo, o preconceito e a destrui\u00e7\u00e3o \u2014 sempre com a coragem de quem se comprometeu com a vida. E segue lutando.<\/p>\n<p>O que est\u00e1 em jogo n\u00e3o \u00e9 apenas sua honra, mas o direito das mulheres \u2014 especialmente as negras \u2014 de ocuparem espa\u00e7os de poder, a integridade das institui\u00e7\u00f5es democr\u00e1ticas e a luta por um Brasil que respeite a floresta e quem a defende com coragem e verdade.<\/p>\n<p>Marina Silva merece respeito!<\/p>\n<\/div>\n<\/div>\n<\/div>\n","protected":false},"excerpt":{"rendered":"<p>Eles s\u00e3o bolsonaristas e defendem interesses privados<\/p>\n","protected":false},"author":1,"featured_media":0,"comment_status":"closed","ping_status":"open","sticky":false,"template":"","format":"standard","meta":{"_exactmetrics_skip_tracking":false,"_exactmetrics_sitenote_active":false,"_exactmetrics_sitenote_note":"","_exactmetrics_sitenote_category":0,"jetpack_post_was_ever_published":false,"_jetpack_newsletter_access":"","_jetpack_dont_email_post_to_subs":false,"_jetpack_newsletter_tier_id":0,"_jetpack_memberships_contains_paywalled_content":false,"_jetpack_memberships_contains_paid_content":false,"footnotes":"","jetpack_publicize_message":"","jetpack_publicize_feature_enabled":true,"jetpack_social_post_already_shared":true,"jetpack_social_options":{"image_generator_settings":{"template":"highway","enabled":false},"version":2}},"categories":[1],"tags":[529,1007,386,181],"class_list":["post-36861","post","type-post","status-publish","format-standard","hentry","category-notas","tag-marcos-rogerio","tag-marina-silva","tag-meio-ambiente","tag-senado"],"jetpack_publicize_connections":[],"jetpack_sharing_enabled":true,"jetpack_featured_media_url":"","jetpack_shortlink":"https:\/\/wp.me\/p7wKYW-9Ax","jetpack-related-posts":[],"_links":{"self":[{"href":"http:\/\/blogdalucianaoliveira.com.br\/blog\/wp-json\/wp\/v2\/posts\/36861","targetHints":{"allow":["GET"]}}],"collection":[{"href":"http:\/\/blogdalucianaoliveira.com.br\/blog\/wp-json\/wp\/v2\/posts"}],"about":[{"href":"http:\/\/blogdalucianaoliveira.com.br\/blog\/wp-json\/wp\/v2\/types\/post"}],"author":[{"embeddable":true,"href":"http:\/\/blogdalucianaoliveira.com.br\/blog\/wp-json\/wp\/v2\/users\/1"}],"replies":[{"embeddable":true,"href":"http:\/\/blogdalucianaoliveira.com.br\/blog\/wp-json\/wp\/v2\/comments?post=36861"}],"version-history":[{"count":1,"href":"http:\/\/blogdalucianaoliveira.com.br\/blog\/wp-json\/wp\/v2\/posts\/36861\/revisions"}],"predecessor-version":[{"id":36863,"href":"http:\/\/blogdalucianaoliveira.com.br\/blog\/wp-json\/wp\/v2\/posts\/36861\/revisions\/36863"}],"wp:attachment":[{"href":"http:\/\/blogdalucianaoliveira.com.br\/blog\/wp-json\/wp\/v2\/media?parent=36861"}],"wp:term":[{"taxonomy":"category","embeddable":true,"href":"http:\/\/blogdalucianaoliveira.com.br\/blog\/wp-json\/wp\/v2\/categories?post=36861"},{"taxonomy":"post_tag","embeddable":true,"href":"http:\/\/blogdalucianaoliveira.com.br\/blog\/wp-json\/wp\/v2\/tags?post=36861"}],"curies":[{"name":"wp","href":"https:\/\/api.w.org\/{rel}","templated":true}]}}