{"id":36864,"date":"2025-05-28T14:25:35","date_gmt":"2025-05-28T18:25:35","guid":{"rendered":"https:\/\/blogdalucianaoliveira.com.br\/blog\/?p=36864"},"modified":"2025-05-28T14:25:35","modified_gmt":"2025-05-28T18:25:35","slug":"brasileiro-imigrante-irregular-que-apoiou-trump-e-deportado-do-eua","status":"publish","type":"post","link":"http:\/\/blogdalucianaoliveira.com.br\/blog\/2025\/05\/28\/brasileiro-imigrante-irregular-que-apoiou-trump-e-deportado-do-eua\/","title":{"rendered":"Brasileiro imigrante irregular que apoiou Trump \u00e9 deportado do EUA"},"content":{"rendered":"<h1 class=\"title\" data-v-88fafe1b=\"\" data-pf_style_display=\"block\" data-pf_style_visibility=\"visible\"><span class=\"text-node\"><img data-recalc-dims=\"1\" loading=\"lazy\" decoding=\"async\" data-attachment-id=\"36865\" data-permalink=\"http:\/\/blogdalucianaoliveira.com.br\/blog\/2025\/05\/28\/brasileiro-imigrante-irregular-que-apoiou-trump-e-deportado-do-eua\/img_2318\/\" data-orig-file=\"https:\/\/i0.wp.com\/blogdalucianaoliveira.com.br\/blog\/wp-content\/uploads\/2025\/05\/IMG_2318.webp?fit=900%2C506\" data-orig-size=\"900,506\" data-comments-opened=\"0\" data-image-meta=\"{&quot;aperture&quot;:&quot;0&quot;,&quot;credit&quot;:&quot;&quot;,&quot;camera&quot;:&quot;&quot;,&quot;caption&quot;:&quot;&quot;,&quot;created_timestamp&quot;:&quot;0&quot;,&quot;copyright&quot;:&quot;&quot;,&quot;focal_length&quot;:&quot;0&quot;,&quot;iso&quot;:&quot;0&quot;,&quot;shutter_speed&quot;:&quot;0&quot;,&quot;title&quot;:&quot;&quot;,&quot;orientation&quot;:&quot;0&quot;}\" data-image-title=\"IMG_2318\" data-image-description=\"\" data-image-caption=\"\" data-medium-file=\"https:\/\/i0.wp.com\/blogdalucianaoliveira.com.br\/blog\/wp-content\/uploads\/2025\/05\/IMG_2318.webp?fit=300%2C169\" data-large-file=\"https:\/\/i0.wp.com\/blogdalucianaoliveira.com.br\/blog\/wp-content\/uploads\/2025\/05\/IMG_2318.webp?fit=600%2C337\" class=\"alignnone size-medium wp-image-36865\" src=\"https:\/\/i0.wp.com\/blogdalucianaoliveira.com.br\/blog\/wp-content\/uploads\/2025\/05\/IMG_2318.webp?resize=300%2C169\" alt=\"\" width=\"300\" height=\"169\" srcset=\"https:\/\/i0.wp.com\/blogdalucianaoliveira.com.br\/blog\/wp-content\/uploads\/2025\/05\/IMG_2318.webp?resize=300%2C169 300w, https:\/\/i0.wp.com\/blogdalucianaoliveira.com.br\/blog\/wp-content\/uploads\/2025\/05\/IMG_2318.webp?resize=768%2C432 768w, https:\/\/i0.wp.com\/blogdalucianaoliveira.com.br\/blog\/wp-content\/uploads\/2025\/05\/IMG_2318.webp?resize=534%2C300 534w, https:\/\/i0.wp.com\/blogdalucianaoliveira.com.br\/blog\/wp-content\/uploads\/2025\/05\/IMG_2318.webp?w=900 900w\" sizes=\"auto, (max-width: 300px) 100vw, 300px\" \/><br \/>\nTrumpistas, ca\u00e7ados e deportados: fam\u00edlia viveu ilus\u00e3o do &#8216;n\u00e3o ser\u00e1 comigo&#8217;<\/span><\/h1>\n<p><!--more--><\/p>\n<p class=\"bullet mt-0 added-to-list1\" data-v-232111b4=\"\" data-pf_style_display=\"block\" data-pf_style_visibility=\"visible\"><span class=\"text-node\">UOL, por a Mariana Sanches &#8211; H\u00e1 seis meses, o brasileiro Rafael*, de 36 anos, comemorava a vit\u00f3ria de Donald Trump \u00e0 presid\u00eancia dos Estados Unidos. &#8220;Acho que ele vai mandar muita gente embora, fazer uma boa limpa&#8221;, antevia. Para seguir: &#8220;E eu concordo com isso, porque t\u00eam muito criminoso que vem de outros lugares. Mas eu n\u00e3o (vou ser deportado), porque eu n\u00e3o tenho nenhuma ocorr\u00eancia policial. Nem aqui, nem no Brasil. Sou trabalhador.&#8221;<\/span><\/p>\n<div data-metric-slot=\"text-1\" data-nosnippet=\"\" data-v-232111b4=\"\" data-pf_style_display=\"block\" data-pf_style_visibility=\"visible\">\n<p class=\"my-250 added-to-list1\">\n<\/div>\n<p class=\"bullet added-to-list1\" data-v-232111b4=\"\" data-pf_style_display=\"block\" data-pf_style_visibility=\"visible\"><span class=\"text-node\">Imigrante sem documentos, Rafael vivia com a mulher, Soraia*, e o filho de 4 anos do casal em Deerfield Beach, na Fl\u00f3rida. Trabalhava na constru\u00e7\u00e3o civil, por di\u00e1rias de cerca de US$ 200, e apostava que Trump seria capaz de aumentar a oferta de trabalho e reduzir a infla\u00e7\u00e3o.<\/span><\/p>\n<p class=\"bullet added-to-list1\" data-v-232111b4=\"\" data-pf_style_display=\"block\" data-pf_style_visibility=\"visible\"><span class=\"text-node\">Evang\u00e9lico, dizia que o republicano protegeria fam\u00edlias como a sua: &#8220;ao contr\u00e1rio da esquerda, que defende ideologia de g\u00eanero&#8221;.<\/span><\/p>\n<p class=\"bullet mt-0 added-to-list1\" data-v-232111b4=\"\" data-pf_style_display=\"block\" data-pf_style_visibility=\"visible\"><span class=\"text-node\">Seis meses mais tarde, Rafael mora em Presidente M\u00e9dici, um munic\u00edpio de pouco mais de 18 mil habitantes em Rond\u00f4nia. Agora, ocupa um quarto na casa de madeira e sem ar-condicionado que pertence \u00e0 sogra, uma aposentada de 74 anos. A alimenta\u00e7\u00e3o da fam\u00edlia tem sido garantida pela aposentadoria do pai de Rafael.<\/span><\/p>\n<div data-metric-slot=\"text-4\" data-nosnippet=\"\" data-v-232111b4=\"\" data-pf_style_display=\"block\" data-pf_style_visibility=\"visible\">\n<p class=\"my-250 added-to-list1\">\n<p class=\"my-250 added-to-list1\">\n<\/div>\n<p class=\"bullet added-to-list1\" data-v-232111b4=\"\" data-pf_style_display=\"block\" data-pf_style_visibility=\"visible\"><span class=\"text-node\">Diante da nova realidade, ele sequer quis falar ao <\/span><strong data-pf_style_display=\"inline\" data-pf_style_visibility=\"visible\"><span class=\"text-node\">UOL<\/span><\/strong><span class=\"text-node\">. A pedido da fam\u00edlia, seus nomes foram trocados para proteger suas identidades.<\/span><\/p>\n<div data-metric-slot=\"text-5\" data-nosnippet=\"\" data-v-232111b4=\"\" data-pf_style_display=\"block\" data-pf_style_visibility=\"visible\">\n<p class=\"my-250 added-to-list1\">\n<\/div>\n<p class=\"bullet added-to-list1\" data-v-232111b4=\"\" data-pf_style_display=\"block\" data-pf_style_visibility=\"visible\"><span class=\"text-node\">&#8220;Ele est\u00e1 muito abalado, a gente realmente n\u00e3o esperava o que aconteceu&#8221;, contou Soraia. &#8220;Ele n\u00e3o \u00e9 de chorar, mas fica calado, andando pelos cantos da casa.&#8221;<\/span><\/p>\n<div data-metric-slot=\"text-6\" data-nosnippet=\"\" data-v-232111b4=\"\" data-pf_style_display=\"block\" data-pf_style_visibility=\"visible\">\n<p class=\"my-250 added-to-list1\">\n<\/div>\n<figure class=\"embed-wrapper solar-photo-content row-type embed embed-horizontal pf-caption added-to-list1 flex-width mediumImage pf-size-full\" data-v-15044903=\"\" data-v-90ea4179=\"\" data-v-232111b4=\"\" data-pf_style_display=\"block\" data-pf_style_visibility=\"visible\">\n<figure class=\"solar-responsive-image m-0 responsive-image pb-100\" data-v-73d45db8=\"\" data-v-15044903=\"\" data-pf_style_display=\"block\" data-pf_style_visibility=\"visible\"><picture class=\"photo-image\" data-v-73d45db8=\"\" data-pf_style_display=\"inline\" data-pf_style_visibility=\"visible\"><source srcset=\"https:\/\/conteudo.imguol.com.br\/c\/noticias\/e8\/2025\/04\/26\/sede-do-ice-servico-de-imigracao-e-alfandega-dos-eua-em-washington-dc-1745679863935_v2_750x421.jpg.webp\" type=\"image\/webp\" media=\"(min-width: 1px)\" data-v-73d45db8=\"\" data-pf_style_display=\"inline\" data-pf_style_visibility=\"visible\" \/><source srcset=\"https:\/\/conteudo.imguol.com.br\/c\/noticias\/e8\/2025\/04\/26\/sede-do-ice-servico-de-imigracao-e-alfandega-dos-eua-em-washington-dc-1745679863935_v2_750x421.jpg\" type=\"image\/jpeg\" media=\"(min-width: 1px)\" data-v-73d45db8=\"\" data-pf_style_display=\"inline\" data-pf_style_visibility=\"visible\" \/><img data-recalc-dims=\"1\" decoding=\"async\" class=\"caption-img flex-width pf-size-full mediumImage\" title=\"Sede do ICE (Servi\u00e7o de Imigra\u00e7\u00e3o e Alf\u00e2ndega dos EUA), em Washington, DC.\" src=\"https:\/\/i0.wp.com\/conteudo.imguol.com.br\/c\/noticias\/e8\/2025\/04\/26\/sede-do-ice-servico-de-imigracao-e-alfandega-dos-eua-em-washington-dc-1745679863935_v2_750x421.jpg?w=600&#038;ssl=1\" srcset=\"https:\/\/conteudo.imguol.com.br\/c\/noticias\/e8\/2025\/04\/26\/sede-do-ice-servico-de-imigracao-e-alfandega-dos-eua-em-washington-dc-1745679863935_v2_750x421.jpg.webp\" alt=\"Sede do ICE (Servi\u00e7o de Imigra\u00e7\u00e3o e Alf\u00e2ndega dos EUA), em Washington, DC.\"  data-v-73d45db8=\"\" data-pf_style_display=\"inline\" data-pf_style_visibility=\"visible\" data-pf_rect_width=\"655.65625\" data-pf_rect_height=\"20.6875\" \/><\/picture><\/figure><figcaption class=\"solar-caption regular-subtext\" data-v-524617ed=\"\" data-v-15044903=\"\" data-pf_style_display=\"flex\" data-pf_style_visibility=\"visible\"><span class=\"text-node\">Sede do ICE (Servi\u00e7o de Imigra\u00e7\u00e3o e Alf\u00e2ndega dos EUA), em Washington, DC. <\/span><span data-v-524617ed=\"\" data-pf_style_display=\"block\" data-pf_style_visibility=\"visible\"><span class=\"text-node\">Imagem: The Washington Post\/Getty Images<\/span><\/span><\/figcaption><\/figure>\n<p class=\"bullet added-to-list1\" data-v-232111b4=\"\" data-pf_style_display=\"block\" data-pf_style_visibility=\"visible\"><span class=\"text-node\">Alguns dias antes da nova gest\u00e3o Trump completar cem dias, Rafael, Soraia e o filho foram deportados do pa\u00eds. E, se o governo do republicano ainda patina na promessa de gerar empregos e baratear pre\u00e7os, o que presidente tem cumprido \u00e9 a \u00fanica promessa em que Rafael n\u00e3o acreditou \u2014e a que mudou completamente sua vida.<\/span><\/p>\n<p class=\"bullet added-to-list1\" data-v-232111b4=\"\" data-pf_style_display=\"block\" data-pf_style_visibility=\"visible\"><span class=\"text-node\">Nos \u00faltimos 6 meses, a fam\u00edlia contou ao <\/span><strong data-pf_style_display=\"inline\" data-pf_style_visibility=\"visible\"><span class=\"text-node\">UOL <\/span><\/strong><span class=\"text-node\">sobre as batidas do ICE, a sigla em ingl\u00eas para Imigra\u00e7\u00e3o e Alf\u00e2ndega dos EUA, que se intensificaram na Fl\u00f3rida e eram acompanhadas em tempo real por Rafael em grupos de WhatsApp, com fotos e localiza\u00e7\u00e3o.<\/span><\/p>\n<p class=\"bullet mt-0 added-to-list1\" data-v-232111b4=\"\" data-pf_style_display=\"block\" data-pf_style_visibility=\"visible\"><span class=\"text-node\"> casal passou a frequentar reuni\u00f5es da igreja nas casas dos membros, e n\u00e3o mais em um sal\u00e3o p\u00fablico, para evitar fiscaliza\u00e7\u00f5es migrat\u00f3rias em templos, autorizadas por Trump. Ele vinha evitando dirigir.<\/span><\/p>\n<p class=\"bullet added-to-list1\" data-v-232111b4=\"\" data-pf_style_display=\"block\" data-pf_style_visibility=\"visible\"><span class=\"text-node\">Nada disso, por\u00e9m, foi suficiente para impedir seu retorno for\u00e7ado ao Brasil.<\/span><\/p>\n<p class=\"bullet added-to-list1\" data-v-232111b4=\"\" data-pf_style_display=\"block\" data-pf_style_visibility=\"visible\"><span class=\"text-node\">&#8220;O pessoal do ICE marcou uma reuni\u00e3o numa quarta-feira de manh\u00e3, a gente achou que fossem falar algo do nosso processo (migrat\u00f3rio), como j\u00e1 tinham feito antes. Mas n\u00e3o. Quando chegamos l\u00e1, eles disseram que est\u00e1vamos sendo deportados, tomaram nossos celulares e nunca mais voltamos pra nossa casa. O carro ficou parado ali no estacionamento mesmo. Em 48 horas, j\u00e1 est\u00e1vamos no Brasil&#8221;, relata Soraia.<\/span><\/p>\n<p class=\"bullet added-to-list1\" data-v-232111b4=\"\" data-pf_style_display=\"block\" data-pf_style_visibility=\"visible\"><span class=\"text-node\">A Justi\u00e7a dos EUA negou reiterados pedidos de asilo da fam\u00edlia brasileira.<\/span><\/p>\n<p class=\"bullet added-to-list1\" data-v-232111b4=\"\" data-pf_style_display=\"block\" data-pf_style_visibility=\"visible\"><span class=\"text-node\">Segundo Soraia, ao longo da viagem, eles foram tratados com educa\u00e7\u00e3o pelos agentes, e n\u00e3o faltou alimentos. Como eram um grupo familiar, Rafael n\u00e3o foi algemado durante o voo, como aconteceu com os demais brasileiros adultos e solteiros deportados no mesmo avi\u00e3o fretado.<\/span><\/p>\n<p class=\"bullet added-to-list1\" data-v-232111b4=\"\" data-pf_style_display=\"block\" data-pf_style_visibility=\"visible\"><span class=\"text-node\">H\u00e1 quase um ano, antes mesmo que Trump vencesse as elei\u00e7\u00f5es, Rafael era monitorado por uma tornozeleira eletr\u00f4nica do ICE.<\/span><\/p>\n<p class=\"bullet mt-0 added-to-list1\" data-v-232111b4=\"\" data-pf_style_display=\"block\" data-pf_style_visibility=\"visible\"><span class=\"text-node\">&#8220;Se eu soubesse que ia ser assim, teria dito pra gente arrancar a tornozeleira e sumir, n\u00e3o colaborar mais com as autoridades. Cheguei a pensar em mudar de Estado, para um mais favor\u00e1vel aos migrantes, mas ele n\u00e3o queria&#8221;, conta Soraia.<\/span><\/p>\n<p class=\"bullet added-to-list1\" data-v-232111b4=\"\" data-pf_style_display=\"block\" data-pf_style_visibility=\"visible\"><span class=\"text-node\">O desespero de Soraia n\u00e3o se explica apenas pelo fim do sonho de prosperidade que os EUA representavam. Ela sofre de uma doen\u00e7a rara, autoimune e cr\u00f4nica, e, na Fl\u00f3rida, fazia parte de uma pesquisa cient\u00edfica com um tratamento experimental, que vinha mantendo o quadro sob controle.<\/span><\/p>\n<p class=\"bullet added-to-list1\" data-v-232111b4=\"\" data-pf_style_display=\"block\" data-pf_style_visibility=\"visible\"><span class=\"text-node\">O m\u00e9dico respons\u00e1vel pelo estudo chegou a enviar uma carta para as autoridades dos EUA para dizer que Soraia &#8220;est\u00e1 sob meus cuidados devido a uma doen\u00e7a muscular imunol\u00f3gica grave que requer tratamento r\u00e1pido e cr\u00f4nico e sem o qual a paciente pode ser gravemente afetada e levada \u00e0 morte&#8221;.<\/span><\/p>\n<p class=\"bullet added-to-list1\" data-v-232111b4=\"\" data-pf_style_display=\"block\" data-pf_style_visibility=\"visible\"><span class=\"text-node\">Agora, Soraia espera uma consulta pelo SUS com especialistas, mas n\u00e3o h\u00e1 previs\u00e3o para o atendimento. A m\u00e9dica que a atendeu no hospital p\u00fablico em Presidente M\u00e9dici jamais tinha ouvido falar da doen\u00e7a que a acomete e precisou pesquisar no C\u00f3digo Internacional de Doen\u00e7as (CID) para se certificar de que a enfermidade de fato existia.<\/span><\/p>\n<p class=\"bullet added-to-list1\" data-v-232111b4=\"\" data-pf_style_display=\"block\" data-pf_style_visibility=\"visible\"><span class=\"text-node\">No dia da entrevista ao <\/span><strong data-pf_style_display=\"inline\" data-pf_style_visibility=\"visible\"><span class=\"text-node\">UOL<\/span><\/strong><span class=\"text-node\">, feita por v\u00eddeo, Soraia j\u00e1 exibia feridas ao redor dos olhos, um dos sintomas da recidiva da doen\u00e7a, que na fase aguda a fez emagrecer quase 20 quilos, ficar careca e sem condi\u00e7\u00f5es de andar.<\/span><\/p>\n<h2 class=\"bullet\" data-v-232111b4=\"\" data-pf_style_display=\"block\" data-pf_style_visibility=\"visible\"><span class=\"text-node\">&#8216;Virou uma ca\u00e7a&#8217;<\/span><\/h2>\n<p class=\"bullet added-to-list1\" data-v-232111b4=\"\" data-pf_style_display=\"block\" data-pf_style_visibility=\"visible\"><span class=\"text-node\">O caso da fam\u00edlia de Rafael \u00e9 particularmente dram\u00e1tico, mas est\u00e1 longe de ser \u00fanico na comunidade brasileira nos EUA.<\/span><\/p>\n<p class=\"bullet mt-0 added-to-list1\" data-v-232111b4=\"\" data-pf_style_display=\"block\" data-pf_style_visibility=\"visible\"><span class=\"text-node\">Segundo a estimativa mais recente do Instituto Pew Research, com base no censo americano, h\u00e1 ao menos 230 mil brasileiros vivendo de modo irregular no pa\u00eds.<\/span><\/p>\n<p class=\"bullet added-to-list1\" data-v-232111b4=\"\" data-pf_style_display=\"block\" data-pf_style_visibility=\"visible\"><span class=\"text-node\">Ainda que n\u00e3o possam votar, muitos imigrantes brasileiros sem documenta\u00e7\u00e3o apoiaram abertamente Donald Trump e fizeram campanha em favor dele em suas comunidades.<\/span><\/p>\n<p class=\"bullet added-to-list1\" data-v-232111b4=\"\" data-pf_style_display=\"block\" data-pf_style_visibility=\"visible\"><span class=\"text-node\">Mesmo diante da promessa do republicano de realizar &#8220;a maior deporta\u00e7\u00e3o da hist\u00f3ria do pa\u00eds&#8221;, para, nas palavras dele, expulsar os estrangeiros que &#8220;est\u00e3o envenenando o sangue dos Estados Unidos&#8221;.<\/span><\/p>\n<p class=\"bullet added-to-list1\" data-v-232111b4=\"\" data-pf_style_display=\"block\" data-pf_style_visibility=\"visible\"><span class=\"text-node\">A surpresa entre os brasileiros trumpistas ao se ver como alvo das medidas do pol\u00edtico que apoiaram \u00e9 generalizada.<\/span><\/p>\n<p class=\"bullet added-to-list1\" data-v-232111b4=\"\" data-pf_style_display=\"block\" data-pf_style_visibility=\"visible\"><span class=\"text-node\">&#8220;Eu n\u00e3o imaginei que seria assim, n\u00e3o. A gente \u00e9 de direita, mas nunca concordou com o modo como ele est\u00e1 tratando a quest\u00e3o de imigra\u00e7\u00e3o. O que a gente v\u00ea \u00e9 abuso. Ele est\u00e1 pegando crian\u00e7a, moleque de 19 anos, sem passagem criminal, que estava indo trabalhar&#8221;, afirmou ao <\/span><strong data-pf_style_display=\"inline\" data-pf_style_visibility=\"visible\"><span class=\"text-node\">UOL <\/span><\/strong><span class=\"text-node\">um brasileiro trumpista, imigrante sem documentos, que vive na regi\u00e3o metropolitana de Boston (Massachusetts), e preferiu n\u00e3o se identificar pelo risco de deporta\u00e7\u00e3o.<\/span><\/p>\n<p class=\"bullet added-to-list1\" data-v-232111b4=\"\" data-pf_style_display=\"block\" data-pf_style_visibility=\"visible\"><span class=\"text-node\">Confrontado com frequ\u00eancia por outros membros da comunidade brasileira por sua op\u00e7\u00e3o pol\u00edtica, ele se defende citando os baixos n\u00fameros de deportados na primeira gest\u00e3o de Trump, entre 2017 e 2021, e relembrando que parte da campanha republicana dizia que o alvo das a\u00e7\u00f5es anti-imigra\u00e7\u00e3o seria apenas aqueles que tivessem algum registro de crime pr\u00e9vio.<\/span><\/p>\n<p class=\"bullet mt-0 added-to-list1\" data-v-232111b4=\"\" data-pf_style_display=\"block\" data-pf_style_visibility=\"visible\"><span class=\"text-node\">Depois da elei\u00e7\u00e3o, por\u00e9m, a Casa Branca j\u00e1 afirmou que considera como criminosos qualquer pessoa que tenha cruzado a fronteira entre M\u00e9xico e EUA sem visto.<\/span><\/p>\n<p class=\"bullet added-to-list1\" data-v-232111b4=\"\" data-pf_style_display=\"block\" data-pf_style_visibility=\"visible\"><span class=\"text-node\">&#8220;Acho que ningu\u00e9m imaginou que chegaria nesse n\u00edvel. Como no primeiro mandato ele falou que ia deportar, mas foi o que menos deportou, todo mundo pensou que era mais uma fal\u00e1cia. Antigamente, voc\u00ea sabia que estava em risco se fosse pro Maine ou New Hampshire, que s\u00e3o Estados que trabalham com o ICE, mas agora eles est\u00e3o ca\u00e7ando. O ICE est\u00e1 parado na esquina de casa, virou uma ca\u00e7a, e o foco est\u00e1 sendo o trabalhador&#8221;, explica o brasileiro.<\/span><\/p>\n<p class=\"bullet added-to-list1\" data-v-232111b4=\"\" data-pf_style_display=\"block\" data-pf_style_visibility=\"visible\"><span class=\"text-node\">As batidas do ICE, eventualmente com agentes de rostos cobertos e sem identifica\u00e7\u00e3o vis\u00edvel, t\u00eam apavorado comunidades latinas.<\/span><\/p>\n<p class=\"bullet added-to-list1\" data-v-232111b4=\"\" data-pf_style_display=\"block\" data-pf_style_visibility=\"visible\"><span class=\"text-node\">Segundo dados do pr\u00f3prio \u00f3rg\u00e3o, gra\u00e7as a parcerias com equipes policiais locais e agentes das for\u00e7as armadas, o ICE triplicou as for\u00e7as-tarefa em busca de migrantes em abril de 2025 em compara\u00e7\u00e3o a dezembro de 2024, o que impactou as comunidades.<\/span><\/p>\n<p class=\"bullet added-to-list1\" data-v-232111b4=\"\" data-pf_style_display=\"block\" data-pf_style_visibility=\"visible\"><span class=\"text-node\">&#8220;As pessoas mudaram significativamente o dia a dia delas. Tem gente que tirou o filho da escola p\u00fablica, que deixou de dirigir para n\u00e3o ser parado em blitz, que mudou de trabalho para locais que permitam rotas de fuga em caso de batida do ICE&#8221;, afirma Vinicius Rosa, diretor de expans\u00e3o da Legacy Imigra, uma consultoria especializada em processo de imigra\u00e7\u00e3o que possui 18 escrit\u00f3rios nos EUA.<\/span><\/p>\n<p class=\"bullet added-to-list1\" data-v-232111b4=\"\" data-pf_style_display=\"block\" data-pf_style_visibility=\"visible\"><span class=\"text-node\">Segundo Rosa, a empresa hoje atua no caso de milhares de imigrantes, a maioria brasileiros \u2014e a demanda pelos servi\u00e7os dobraram desde o in\u00edcio da gest\u00e3o Trump.<\/span><\/p>\n<p class=\"bullet mt-0 added-to-list1\" data-v-232111b4=\"\" data-pf_style_display=\"block\" data-pf_style_visibility=\"visible\"><span class=\"text-node\">Baseado em Utah, um dos Estados mais conservadores do pa\u00eds, Rosa estima que quatro em cada cinco brasileiros clientes apoiaram de alguma forma a candidatura Trump.<\/span><\/p>\n<p class=\"bullet added-to-list1\" data-v-232111b4=\"\" data-pf_style_display=\"block\" data-pf_style_visibility=\"visible\"><cite data-pf_style_display=\"inline\" data-pf_style_visibility=\"visible\"><span class=\"text-node\">Eu vejo neles indigna\u00e7\u00e3o e susto, mas a verdade \u00e9 que o Trump falou que faria isso. Ele s\u00f3 est\u00e1 executando um plano de governo, mas as pessoas n\u00e3o acreditaram. O brasileiro est\u00e1 acostumado com o jeitinho, sabe que entrou no pa\u00eds de forma desonesta. Se v\u00ea como honesto e pagou pra ver.&#8221;<\/span><\/cite><strong data-pf_style_display=\"block\" data-pf_style_visibility=\"visible\"><span class=\"text-node\">Rosa<\/span><\/strong><\/p>\n<p class=\"bullet added-to-list1\" data-v-232111b4=\"\" data-pf_style_display=\"block\" data-pf_style_visibility=\"visible\"><span class=\"text-node\">Entre os migrantes latinos, hist\u00f3rias como a de Rafael e Soraia se repetem.<\/span><\/p>\n<p class=\"bullet added-to-list1\" data-v-232111b4=\"\" data-pf_style_display=\"block\" data-pf_style_visibility=\"visible\"><span class=\"text-node\">Eleitora de Trump, a migrante cubana Liyi\u00e1n P\u00e9rez viu recentemente a deporta\u00e7\u00e3o do pr\u00f3prio marido e relatou ao jornal argentino La Naci\u00f3n que achava que Trump miraria &#8220;apenas em criminosos&#8221;. Residente legal no pa\u00eds, ela relata estar tendo dificuldade para sustentar a si e aos filhos sem o parceiro.<\/span><\/p>\n<h2 class=\"bullet\" data-v-232111b4=\"\" data-pf_style_display=\"block\" data-pf_style_visibility=\"visible\"><span class=\"text-node\">N\u00famero de deportados \u00e9 contestado<\/span><\/h2>\n<p class=\"bullet added-to-list1\" data-v-232111b4=\"\" data-pf_style_display=\"block\" data-pf_style_visibility=\"visible\"><span class=\"text-node\">A gest\u00e3o Trump divulgou que 135 mil pessoas foram deportadas nos primeiros cem dias, o que equivaleria a mais da metade do que o ex-presidente Joe Biden deportou no ano anterior inteiro, mas essa informa\u00e7\u00e3o \u00e9 contestada com base nos pr\u00f3prios registros p\u00fablicos.<\/span><\/p>\n<p class=\"bullet added-to-list1\" data-v-232111b4=\"\" data-pf_style_display=\"block\" data-pf_style_visibility=\"visible\"><span class=\"text-node\">Desde o come\u00e7o do novo governo Trump, o Brasil vem recebendo voos fretados pelos EUA a cada 15 dias, com dezenas ou mais de uma centena de brasileiros removidos do pa\u00eds. Trata-se de um aumento em rela\u00e7\u00e3o ao per\u00edodo Biden, quando na m\u00e9dia o pa\u00eds recebia um avi\u00e3o a cada 3 semanas.<\/span><\/p>\n<p class=\"bullet added-to-list1\" data-v-232111b4=\"\" data-pf_style_display=\"block\" data-pf_style_visibility=\"visible\"><span class=\"text-node\">Foi em um desses, em abril, que a fam\u00edlia de Rafael desembarcou, em Fortaleza. Agora, Soraia e Rafael procuram empregos para tentar reconstruir a vida e quitar a d\u00edvida de R$ 50 mil com o coiote \u2014o respons\u00e1vel por conduzi-los na travessia da fronteira entre M\u00e9xico e EUA.<\/span><\/p>\n<p class=\"bullet added-to-list1\" data-v-232111b4=\"\" data-pf_style_display=\"block\" data-pf_style_visibility=\"visible\"><span class=\"text-node\">&#8220;Vamos ter que recome\u00e7ar do zero. Ali\u00e1s, abaixo do zero&#8221;, diz Soraia, enquanto relata o choro do filho que deixou para tr\u00e1s os carrinhos de controle remoto e os donuts de que tanto gostava na Fl\u00f3rida.<\/span><\/p>\n<p class=\"bullet added-to-list1\" data-v-232111b4=\"\" data-pf_style_display=\"block\" data-pf_style_visibility=\"visible\"><span class=\"text-node\">Na foto que ainda mant\u00e9m no Whatsapp, Soraia aparece sorridente com o filho e o marido na virada do ano, na Fl\u00f3rida. Nas camisetas dos tr\u00eas, os dizeres &#8220;2025, ano prof\u00e9tico&#8221;.<\/span><\/p>\n<p class=\"bullet added-to-list1\" data-v-232111b4=\"\" data-pf_style_display=\"block\" data-pf_style_visibility=\"visible\"><span class=\"text-node\">&#8220;Eu esperava que grandes coisas aconteceriam conosco, mas n\u00e3o isso&#8221;, diz Soraia.<\/span><\/p>\n","protected":false},"excerpt":{"rendered":"<p>Trumpistas, ca\u00e7ados e deportados: fam\u00edlia viveu ilus\u00e3o do &#8216;n\u00e3o ser\u00e1 comigo&#8217;<\/p>\n","protected":false},"author":1,"featured_media":0,"comment_status":"closed","ping_status":"open","sticky":false,"template":"","format":"standard","meta":{"_exactmetrics_skip_tracking":false,"_exactmetrics_sitenote_active":false,"_exactmetrics_sitenote_note":"","_exactmetrics_sitenote_category":0,"jetpack_post_was_ever_published":false,"_jetpack_newsletter_access":"","_jetpack_dont_email_post_to_subs":false,"_jetpack_newsletter_tier_id":0,"_jetpack_memberships_contains_paywalled_content":false,"_jetpack_memberships_contains_paid_content":false,"footnotes":"","jetpack_publicize_message":"","jetpack_publicize_feature_enabled":true,"jetpack_social_post_already_shared":true,"jetpack_social_options":{"image_generator_settings":{"template":"highway","enabled":false},"version":2}},"categories":[1],"tags":[1342,1347,220],"class_list":["post-36864","post","type-post","status-publish","format-standard","hentry","category-notas","tag-brasileiro","tag-deportado","tag-trump"],"jetpack_publicize_connections":[],"jetpack_sharing_enabled":true,"jetpack_featured_media_url":"","jetpack_shortlink":"https:\/\/wp.me\/p7wKYW-9AA","jetpack-related-posts":[],"_links":{"self":[{"href":"http:\/\/blogdalucianaoliveira.com.br\/blog\/wp-json\/wp\/v2\/posts\/36864","targetHints":{"allow":["GET"]}}],"collection":[{"href":"http:\/\/blogdalucianaoliveira.com.br\/blog\/wp-json\/wp\/v2\/posts"}],"about":[{"href":"http:\/\/blogdalucianaoliveira.com.br\/blog\/wp-json\/wp\/v2\/types\/post"}],"author":[{"embeddable":true,"href":"http:\/\/blogdalucianaoliveira.com.br\/blog\/wp-json\/wp\/v2\/users\/1"}],"replies":[{"embeddable":true,"href":"http:\/\/blogdalucianaoliveira.com.br\/blog\/wp-json\/wp\/v2\/comments?post=36864"}],"version-history":[{"count":1,"href":"http:\/\/blogdalucianaoliveira.com.br\/blog\/wp-json\/wp\/v2\/posts\/36864\/revisions"}],"predecessor-version":[{"id":36866,"href":"http:\/\/blogdalucianaoliveira.com.br\/blog\/wp-json\/wp\/v2\/posts\/36864\/revisions\/36866"}],"wp:attachment":[{"href":"http:\/\/blogdalucianaoliveira.com.br\/blog\/wp-json\/wp\/v2\/media?parent=36864"}],"wp:term":[{"taxonomy":"category","embeddable":true,"href":"http:\/\/blogdalucianaoliveira.com.br\/blog\/wp-json\/wp\/v2\/categories?post=36864"},{"taxonomy":"post_tag","embeddable":true,"href":"http:\/\/blogdalucianaoliveira.com.br\/blog\/wp-json\/wp\/v2\/tags?post=36864"}],"curies":[{"name":"wp","href":"https:\/\/api.w.org\/{rel}","templated":true}]}}