{"id":36867,"date":"2025-05-28T15:54:23","date_gmt":"2025-05-28T19:54:23","guid":{"rendered":"https:\/\/blogdalucianaoliveira.com.br\/blog\/?p=36867"},"modified":"2025-05-28T16:00:54","modified_gmt":"2025-05-28T20:00:54","slug":"festival-dos-povos-da-floresta-evento-nacional-celebra-a-potencia-cultural-amazonica","status":"publish","type":"post","link":"http:\/\/blogdalucianaoliveira.com.br\/blog\/2025\/05\/28\/festival-dos-povos-da-floresta-evento-nacional-celebra-a-potencia-cultural-amazonica\/","title":{"rendered":"FESTIVAL DOS POVOS DA FLORESTA: EVENTO NACIONAL  CELEBRA A POT\u00caNCIA CULTURAL AMAZ\u00d4NICA"},"content":{"rendered":"<p><img data-recalc-dims=\"1\" loading=\"lazy\" decoding=\"async\" class=\"size-medium wp-image-36868 alignleft\" src=\"https:\/\/i0.wp.com\/blogdalucianaoliveira.com.br\/blog\/wp-content\/uploads\/2025\/05\/IMG_2321-209x300.jpeg?resize=209%2C300\" alt=\"\" width=\"209\" height=\"300\" \/><\/p>\n<p>Da Assessoria &#8211; Projeto itinerante percorre cinco capitais brasileiras, com primeira edi\u00e7\u00e3o em Porto Velho, que contar\u00e1 com a participa\u00e7\u00e3o de Lenine<\/p>\n<p>A riqueza ancestral, a for\u00e7a criativa e as vozes da Amaz\u00f4nia ganham protagonismo nacional com o Festival dos Povos da Floresta, evento itinerante que percorrer\u00e1 por cinco capitais brasileiras entre 2025 e 2026.<!--more--><\/p>\n<p>A primeira edi\u00e7\u00e3o acontece em Porto Velho (RO), do dia 29 de maio at\u00e9 8 de junho, reunindo uma programa\u00e7\u00e3o multidisciplinar gratuita que integra exposi\u00e7\u00f5es de artes visuais, apresenta\u00e7\u00f5es ind\u00edgenas, oficinas formativas, rodas de conversa e shows musicais.<\/p>\n<p>Apresentado pela Petrobras por meio da Lei de Incentivo \u00e0 Cultura, com realiza\u00e7\u00e3o do Minist\u00e9rio da Cultura e Governo Federal, o festival prop\u00f5e um novo olhar sobre o territ\u00f3rio amaz\u00f4nico, deslocando-o de uma vis\u00e3o perif\u00e9rica para o centro do debate cultural brasileiro.<\/p>\n<p>O Festival dos Povos da Floresta nasce da necessidade de deslocar o olhar do Brasil para a Amaz\u00f4nia n\u00e3o como reserva de recursos, mas como territ\u00f3rio de produ\u00e7\u00e3o cultural potente e contempor\u00e2neo.<\/p>\n<p>&#8220;Este festival representa uma mudan\u00e7a de paradigma na forma como o Brasil enxerga a produ\u00e7\u00e3o cultural amaz\u00f4nica. N\u00e3o estamos falando apenas de preserva\u00e7\u00e3o de tradi\u00e7\u00f5es, mas de um movimento contempor\u00e2neo, vivo e pulsante que dialoga com quest\u00f5es urgentes do nosso tempo&#8221;, afirma Fabiana Gomes, diretora de projetos do Centro Rioterra, idealizadora do evento.<\/p>\n<p>A abertura do festival em Porto Velho acontece com a exposi\u00e7\u00e3o JUVIA, sob curadoria de Rosely Nakagawa, que re\u00fane obras in\u00e9ditas de artistas convidados, como Gustavo Caboco, artista ind\u00edgena que assina o logotipo do projeto, e a fot\u00f3grafa Paula Sampaio. Entre os destaques dos selecionados est\u00e3o&#8230;.<\/p>\n<p><strong>INTERLOCU\u00c7\u00c3O NACIONAL E PROTAGONISMO IND\u00cdGENA<\/strong><\/p>\n<p>O festival promove um importante di\u00e1logo entre artistas locais e nomes consolidados do cen\u00e1rio nacional. O m\u00fasico Lenine,reconhecido por sua trajet\u00f3ria po\u00e9tica e engajada, representando uma m\u00fasica brasileira que honra ra\u00edzes e di\u00e1logo com quest\u00f5es contempor\u00e2neas, encerra a programa\u00e7\u00e3o dos shows.<\/p>\n<p>Com a curadoria de Aline Moraes, o Palco Petrobras re\u00fane artistas como Gabri\u00ea (RO) , Patr\u00edcia Bastos (AP) , Ernesto Melo e Bado (RO), Nilson Chaves (PA) e Quilomboclada (RO) . Al\u00e9m disso, o p\u00fablico poder\u00e1 prestigiar apresenta\u00e7\u00f5es dos povos Gavi\u00e3o , Arara, Makurap, Tupari e Zor\u00f3 , reafirmando a pluralidade de vozes e narrativas que comp\u00f5em a floresta.<\/p>\n<p>&#8220;Este \u00e9 um projeto semente. Ao pensar nessa curadoria, meu desejo foi provocar encontros e criar pontes, revelando toda a pot\u00eancia musical dessa terra em suas m\u00faltiplas vertentes&#8221;, explica Aline Moraes.<\/p>\n<p>Ap\u00f3s Porto Velho, o Festival dos Povos da Floresta seguir\u00e1 para Boa Vista (RR) , Macap\u00e1 (AP) , Bel\u00e9m (PA) e encerrar\u00e1 seu circuito em Bras\u00edlia (DF). Em cada cidade, o evento prop\u00f5e experi\u00eancias culturais voltadas \u00e0 valoriza\u00e7\u00e3o dos saberes amaz\u00f4nicos, promovendo redes de interc\u00e2mbio entre artistas, lideran\u00e7as e territ\u00f3rios.<\/p>\n<p>REALIZA\u00c7\u00c3O: Minist\u00e9rio da Cultura, Governo Federal<\/p>\n<p>APRESENTA\u00c7\u00c3O: Petrobras<\/p>\n<p>IDEALIZADORA: Centro Rioterra &#8211; Centro de Inova\u00e7\u00e3o da Amaz\u00f4nia<\/p>\n<p>Programa\u00e7\u00e3o :<\/p>\n<p><img data-recalc-dims=\"1\" loading=\"lazy\" decoding=\"async\" data-attachment-id=\"36850\" data-permalink=\"http:\/\/blogdalucianaoliveira.com.br\/blog\/2025\/05\/26\/izabela-lima-fara-pre-show-de-lenine-no-festival-povos-da-floresta\/imagem-do-whatsapp-de-2025-05-26-as-12-24-37_949049a2\/\" data-orig-file=\"https:\/\/i0.wp.com\/blogdalucianaoliveira.com.br\/blog\/wp-content\/uploads\/2025\/05\/Imagem-do-WhatsApp-de-2025-05-26-as-12.24.37_949049a2.jpg?fit=1170%2C1452\" data-orig-size=\"1170,1452\" data-comments-opened=\"0\" data-image-meta=\"{&quot;aperture&quot;:&quot;0&quot;,&quot;credit&quot;:&quot;&quot;,&quot;camera&quot;:&quot;&quot;,&quot;caption&quot;:&quot;&quot;,&quot;created_timestamp&quot;:&quot;0&quot;,&quot;copyright&quot;:&quot;&quot;,&quot;focal_length&quot;:&quot;0&quot;,&quot;iso&quot;:&quot;0&quot;,&quot;shutter_speed&quot;:&quot;0&quot;,&quot;title&quot;:&quot;&quot;,&quot;orientation&quot;:&quot;0&quot;}\" data-image-title=\"Imagem do WhatsApp de 2025-05-26 \u00e0(s) 12.24.37_949049a2\" data-image-description=\"\" data-image-caption=\"\" data-medium-file=\"https:\/\/i0.wp.com\/blogdalucianaoliveira.com.br\/blog\/wp-content\/uploads\/2025\/05\/Imagem-do-WhatsApp-de-2025-05-26-as-12.24.37_949049a2.jpg?fit=242%2C300\" data-large-file=\"https:\/\/i0.wp.com\/blogdalucianaoliveira.com.br\/blog\/wp-content\/uploads\/2025\/05\/Imagem-do-WhatsApp-de-2025-05-26-as-12.24.37_949049a2.jpg?fit=600%2C745\" class=\"alignnone size-medium wp-image-36850\" src=\"https:\/\/i0.wp.com\/blogdalucianaoliveira.com.br\/blog\/wp-content\/uploads\/2025\/05\/Imagem-do-WhatsApp-de-2025-05-26-as-12.24.37_949049a2.jpg?resize=242%2C300\" alt=\"\" width=\"242\" height=\"300\" srcset=\"https:\/\/i0.wp.com\/blogdalucianaoliveira.com.br\/blog\/wp-content\/uploads\/2025\/05\/Imagem-do-WhatsApp-de-2025-05-26-as-12.24.37_949049a2.jpg?resize=242%2C300 242w, https:\/\/i0.wp.com\/blogdalucianaoliveira.com.br\/blog\/wp-content\/uploads\/2025\/05\/Imagem-do-WhatsApp-de-2025-05-26-as-12.24.37_949049a2.jpg?resize=825%2C1024 825w, https:\/\/i0.wp.com\/blogdalucianaoliveira.com.br\/blog\/wp-content\/uploads\/2025\/05\/Imagem-do-WhatsApp-de-2025-05-26-as-12.24.37_949049a2.jpg?resize=768%2C953 768w, https:\/\/i0.wp.com\/blogdalucianaoliveira.com.br\/blog\/wp-content\/uploads\/2025\/05\/Imagem-do-WhatsApp-de-2025-05-26-as-12.24.37_949049a2.jpg?w=1170 1170w\" sizes=\"auto, (max-width: 242px) 100vw, 242px\" \/><\/p>\n<p><img data-recalc-dims=\"1\" loading=\"lazy\" decoding=\"async\" data-attachment-id=\"36849\" data-permalink=\"http:\/\/blogdalucianaoliveira.com.br\/blog\/2025\/05\/26\/izabela-lima-fara-pre-show-de-lenine-no-festival-povos-da-floresta\/imagem-do-whatsapp-de-2025-05-26-as-12-24-37_0d11b48d\/\" data-orig-file=\"https:\/\/i0.wp.com\/blogdalucianaoliveira.com.br\/blog\/wp-content\/uploads\/2025\/05\/Imagem-do-WhatsApp-de-2025-05-26-as-12.24.37_0d11b48d.jpg?fit=1170%2C1447\" data-orig-size=\"1170,1447\" data-comments-opened=\"0\" data-image-meta=\"{&quot;aperture&quot;:&quot;0&quot;,&quot;credit&quot;:&quot;&quot;,&quot;camera&quot;:&quot;&quot;,&quot;caption&quot;:&quot;&quot;,&quot;created_timestamp&quot;:&quot;0&quot;,&quot;copyright&quot;:&quot;&quot;,&quot;focal_length&quot;:&quot;0&quot;,&quot;iso&quot;:&quot;0&quot;,&quot;shutter_speed&quot;:&quot;0&quot;,&quot;title&quot;:&quot;&quot;,&quot;orientation&quot;:&quot;0&quot;}\" data-image-title=\"Imagem do WhatsApp de 2025-05-26 \u00e0(s) 12.24.37_0d11b48d\" data-image-description=\"\" data-image-caption=\"\" data-medium-file=\"https:\/\/i0.wp.com\/blogdalucianaoliveira.com.br\/blog\/wp-content\/uploads\/2025\/05\/Imagem-do-WhatsApp-de-2025-05-26-as-12.24.37_0d11b48d.jpg?fit=243%2C300\" data-large-file=\"https:\/\/i0.wp.com\/blogdalucianaoliveira.com.br\/blog\/wp-content\/uploads\/2025\/05\/Imagem-do-WhatsApp-de-2025-05-26-as-12.24.37_0d11b48d.jpg?fit=600%2C742\" class=\"alignnone size-medium wp-image-36849\" src=\"https:\/\/i0.wp.com\/blogdalucianaoliveira.com.br\/blog\/wp-content\/uploads\/2025\/05\/Imagem-do-WhatsApp-de-2025-05-26-as-12.24.37_0d11b48d.jpg?resize=243%2C300\" alt=\"\" width=\"243\" height=\"300\" srcset=\"https:\/\/i0.wp.com\/blogdalucianaoliveira.com.br\/blog\/wp-content\/uploads\/2025\/05\/Imagem-do-WhatsApp-de-2025-05-26-as-12.24.37_0d11b48d.jpg?resize=243%2C300 243w, https:\/\/i0.wp.com\/blogdalucianaoliveira.com.br\/blog\/wp-content\/uploads\/2025\/05\/Imagem-do-WhatsApp-de-2025-05-26-as-12.24.37_0d11b48d.jpg?resize=828%2C1024 828w, https:\/\/i0.wp.com\/blogdalucianaoliveira.com.br\/blog\/wp-content\/uploads\/2025\/05\/Imagem-do-WhatsApp-de-2025-05-26-as-12.24.37_0d11b48d.jpg?resize=768%2C950 768w, https:\/\/i0.wp.com\/blogdalucianaoliveira.com.br\/blog\/wp-content\/uploads\/2025\/05\/Imagem-do-WhatsApp-de-2025-05-26-as-12.24.37_0d11b48d.jpg?w=1170 1170w\" sizes=\"auto, (max-width: 243px) 100vw, 243px\" \/><\/p>\n","protected":false},"excerpt":{"rendered":"<p>Da Assessoria &#8211; Projeto itinerante percorre cinco capitais brasileiras, com primeira edi\u00e7\u00e3o em Porto Velho, que contar\u00e1 com a participa\u00e7\u00e3o de Lenine A riqueza ancestral, a for\u00e7a criativa e as vozes da Amaz\u00f4nia ganham protagonismo nacional com o Festival dos Povos da Floresta, evento itinerante que percorrer\u00e1 por cinco capitais brasileiras entre 2025 e 2026.<\/p>\n","protected":false},"author":1,"featured_media":0,"comment_status":"closed","ping_status":"open","sticky":false,"template":"","format":"standard","meta":{"_exactmetrics_skip_tracking":false,"_exactmetrics_sitenote_active":false,"_exactmetrics_sitenote_note":"","_exactmetrics_sitenote_category":0,"jetpack_post_was_ever_published":false,"_jetpack_newsletter_access":"","_jetpack_dont_email_post_to_subs":false,"_jetpack_newsletter_tier_id":0,"_jetpack_memberships_contains_paywalled_content":false,"_jetpack_memberships_contains_paid_content":false,"footnotes":"","jetpack_publicize_message":"","jetpack_publicize_feature_enabled":true,"jetpack_social_post_already_shared":true,"jetpack_social_options":{"image_generator_settings":{"template":"highway","enabled":false},"version":2}},"categories":[1],"tags":[1049,577,1348],"class_list":["post-36867","post","type-post","status-publish","format-standard","hentry","category-notas","tag-festival","tag-musica","tag-povos-da-floresta"],"jetpack_publicize_connections":[],"jetpack_sharing_enabled":true,"jetpack_featured_media_url":"","jetpack_shortlink":"https:\/\/wp.me\/p7wKYW-9AD","jetpack-related-posts":[],"_links":{"self":[{"href":"http:\/\/blogdalucianaoliveira.com.br\/blog\/wp-json\/wp\/v2\/posts\/36867","targetHints":{"allow":["GET"]}}],"collection":[{"href":"http:\/\/blogdalucianaoliveira.com.br\/blog\/wp-json\/wp\/v2\/posts"}],"about":[{"href":"http:\/\/blogdalucianaoliveira.com.br\/blog\/wp-json\/wp\/v2\/types\/post"}],"author":[{"embeddable":true,"href":"http:\/\/blogdalucianaoliveira.com.br\/blog\/wp-json\/wp\/v2\/users\/1"}],"replies":[{"embeddable":true,"href":"http:\/\/blogdalucianaoliveira.com.br\/blog\/wp-json\/wp\/v2\/comments?post=36867"}],"version-history":[{"count":3,"href":"http:\/\/blogdalucianaoliveira.com.br\/blog\/wp-json\/wp\/v2\/posts\/36867\/revisions"}],"predecessor-version":[{"id":36871,"href":"http:\/\/blogdalucianaoliveira.com.br\/blog\/wp-json\/wp\/v2\/posts\/36867\/revisions\/36871"}],"wp:attachment":[{"href":"http:\/\/blogdalucianaoliveira.com.br\/blog\/wp-json\/wp\/v2\/media?parent=36867"}],"wp:term":[{"taxonomy":"category","embeddable":true,"href":"http:\/\/blogdalucianaoliveira.com.br\/blog\/wp-json\/wp\/v2\/categories?post=36867"},{"taxonomy":"post_tag","embeddable":true,"href":"http:\/\/blogdalucianaoliveira.com.br\/blog\/wp-json\/wp\/v2\/tags?post=36867"}],"curies":[{"name":"wp","href":"https:\/\/api.w.org\/{rel}","templated":true}]}}