{"id":36872,"date":"2025-06-02T12:26:32","date_gmt":"2025-06-02T16:26:32","guid":{"rendered":"https:\/\/blogdalucianaoliveira.com.br\/blog\/?p=36872"},"modified":"2025-06-02T12:26:32","modified_gmt":"2025-06-02T16:26:32","slug":"brasil-conquista-pela-primeira-vez-o-titulo-de-miss-progress-international-com-khrystma-siberth","status":"publish","type":"post","link":"http:\/\/blogdalucianaoliveira.com.br\/blog\/2025\/06\/02\/brasil-conquista-pela-primeira-vez-o-titulo-de-miss-progress-international-com-khrystma-siberth\/","title":{"rendered":"Brasil conquista pela primeira vez o t\u00edtulo de Miss Progress International com Khrystma Siberth"},"content":{"rendered":"<p><img data-recalc-dims=\"1\" loading=\"lazy\" decoding=\"async\" data-attachment-id=\"36875\" data-permalink=\"http:\/\/blogdalucianaoliveira.com.br\/blog\/2025\/06\/02\/brasil-conquista-pela-primeira-vez-o-titulo-de-miss-progress-international-com-khrystma-siberth\/final-miss-progress-2025-foto-massimo-cerbera-3\/\" data-orig-file=\"https:\/\/i0.wp.com\/blogdalucianaoliveira.com.br\/blog\/wp-content\/uploads\/2025\/06\/Final-Miss-Progress-2025-Foto-Massimo-Cerbera-3.jpeg?fit=1106%2C1382\" data-orig-size=\"1106,1382\" data-comments-opened=\"0\" data-image-meta=\"{&quot;aperture&quot;:&quot;0&quot;,&quot;credit&quot;:&quot;&quot;,&quot;camera&quot;:&quot;&quot;,&quot;caption&quot;:&quot;&quot;,&quot;created_timestamp&quot;:&quot;0&quot;,&quot;copyright&quot;:&quot;&quot;,&quot;focal_length&quot;:&quot;0&quot;,&quot;iso&quot;:&quot;0&quot;,&quot;shutter_speed&quot;:&quot;0&quot;,&quot;title&quot;:&quot;&quot;,&quot;orientation&quot;:&quot;0&quot;}\" data-image-title=\"Final Miss Progress 2025 Foto Massimo Cerbera 3\" data-image-description=\"\" data-image-caption=\"\" data-medium-file=\"https:\/\/i0.wp.com\/blogdalucianaoliveira.com.br\/blog\/wp-content\/uploads\/2025\/06\/Final-Miss-Progress-2025-Foto-Massimo-Cerbera-3.jpeg?fit=240%2C300\" data-large-file=\"https:\/\/i0.wp.com\/blogdalucianaoliveira.com.br\/blog\/wp-content\/uploads\/2025\/06\/Final-Miss-Progress-2025-Foto-Massimo-Cerbera-3.jpeg?fit=600%2C750\" class=\"alignnone size-medium wp-image-36875\" src=\"https:\/\/i0.wp.com\/blogdalucianaoliveira.com.br\/blog\/wp-content\/uploads\/2025\/06\/Final-Miss-Progress-2025-Foto-Massimo-Cerbera-3.jpeg?resize=240%2C300\" alt=\"\" width=\"240\" height=\"300\" srcset=\"https:\/\/i0.wp.com\/blogdalucianaoliveira.com.br\/blog\/wp-content\/uploads\/2025\/06\/Final-Miss-Progress-2025-Foto-Massimo-Cerbera-3.jpeg?resize=240%2C300 240w, https:\/\/i0.wp.com\/blogdalucianaoliveira.com.br\/blog\/wp-content\/uploads\/2025\/06\/Final-Miss-Progress-2025-Foto-Massimo-Cerbera-3.jpeg?resize=819%2C1024 819w, https:\/\/i0.wp.com\/blogdalucianaoliveira.com.br\/blog\/wp-content\/uploads\/2025\/06\/Final-Miss-Progress-2025-Foto-Massimo-Cerbera-3.jpeg?resize=768%2C960 768w, https:\/\/i0.wp.com\/blogdalucianaoliveira.com.br\/blog\/wp-content\/uploads\/2025\/06\/Final-Miss-Progress-2025-Foto-Massimo-Cerbera-3.jpeg?w=1106 1106w\" sizes=\"auto, (max-width: 240px) 100vw, 240px\" \/><\/p>\n<p style=\"text-align: left;\">Da Assessoria &#8211; Pela primeira vez na hist\u00f3ria, o Brasil conquistou o t\u00edtulo de Miss Progress International. A vencedora \u00e9 Khrystma Siberth, de 23 anos, representante brasileira na 10\u00aa edi\u00e7\u00e3o do concurso internacional sediado na regi\u00e3o da Puglia, sul da It\u00e1lia.<!--more--><\/p>\n<p style=\"text-align: left;\">O evento foi realizado entre os dias 25 de maio e 3 de junho, com a final ocorrendo na noite de 1\u00ba de junho, no Messapia Hotel &amp; Resort, em Santa Maria di Leuca.<\/p>\n<p>O Miss Progress International se diferencia dos tradicionais concursos de beleza ao avaliar as candidatas em tr\u00eas categorias principais: Sa\u00fade, Direitos Humanos e Meio Ambiente. Al\u00e9m da desenvoltura, beleza, presen\u00e7a c\u00eanica e conhecimentos gerais, o ponto central da competi\u00e7\u00e3o est\u00e1 na apresenta\u00e7\u00e3o e aplicabilidade de projetos sociais autorais, que s\u00e3o analisados por uma banca avaliadora t\u00e9cnica durante o confinamento.<\/p>\n<p>Khrystma venceu a categoria Miss Progress Health, com o projeto \u00c1gua\u00ed, e avan\u00e7ou para a disputa final ao lado das representantes da Col\u00f4mbia (Meio Ambiente) e Riviera Maia (Direitos Humanos). Ao final da noite de coroa\u00e7\u00e3o, Khrystma Siberth foi oficialmente anunciada como Miss Progress International 2025, coroando o Brasil com sua primeira vit\u00f3ria no certame internacional e consolidando o Concurso Nacional de Beleza (CNB), respons\u00e1vel pela sua escolha, como uma pot\u00eancia no cen\u00e1rio global.<\/p>\n<p>Emocionada com a conquista, Khrystma descreveu o momento: \u201cEstou me sentindo nas nuvens, sorrindo o tempo todo\u201d. Como parte da premia\u00e7\u00e3o, Khrystma receber\u00e1 5 mil euros para a implementa\u00e7\u00e3o do projeto \u00c1gua\u00ed.<\/p>\n<p><strong>Sobre o projeto \u00c1gua\u00ed<\/strong><\/p>\n<p>Apesar de viverem na maior bacia hidrogr\u00e1fica do planeta, muitas comunidades da Amaz\u00f4nia ainda sofrem com a falta de acesso \u00e0 \u00e1gua pot\u00e1vel. O Projeto \u00c1gua\u00ed apresenta uma solu\u00e7\u00e3o sustent\u00e1vel para melhorar a sa\u00fade da popula\u00e7\u00e3o da comunidade Vila Princesa, constru\u00edda sobre um antigo lix\u00e3o em Porto Velho, Rond\u00f4nia. A iniciativa transforma sementes descartadas de a\u00e7a\u00ed em carv\u00e3o ativado, que \u00e9 usado para a produ\u00e7\u00e3o de filtros acess\u00edveis, capazes de eliminar bact\u00e9rias causadoras de doen\u00e7as que afetam diretamente o desenvolvimento cognitivo e a qualidade de vida de crian\u00e7as e fam\u00edlias.Khrystma visitou pessoalmente a comunidade de Vila Princesa pela primeira vez em 2023 e, em parceria com o Instituto MOCAM (Movimento Cient\u00edfico da Amaz\u00f4nia), organiza\u00e7\u00e3o da qual \u00e9 embaixadora, desenvolveu os estudos do projeto \u00c1gua\u00ed, iniciativa que n\u00e3o apenas venceu a categoria de Sa\u00fade, como foi agraciada como grande vencedora da noite.<\/p>\n<p><img data-recalc-dims=\"1\" loading=\"lazy\" decoding=\"async\" data-attachment-id=\"36877\" data-permalink=\"http:\/\/blogdalucianaoliveira.com.br\/blog\/2025\/06\/02\/brasil-conquista-pela-primeira-vez-o-titulo-de-miss-progress-international-com-khrystma-siberth\/khrystma-siberth-foto-luciano-moares-24\/\" data-orig-file=\"https:\/\/i0.wp.com\/blogdalucianaoliveira.com.br\/blog\/wp-content\/uploads\/2025\/06\/Khrystma-Siberth-Foto-Luciano-Moares-24.jpeg?fit=1578%2C1973\" data-orig-size=\"1578,1973\" data-comments-opened=\"0\" data-image-meta=\"{&quot;aperture&quot;:&quot;0&quot;,&quot;credit&quot;:&quot;&quot;,&quot;camera&quot;:&quot;&quot;,&quot;caption&quot;:&quot;&quot;,&quot;created_timestamp&quot;:&quot;0&quot;,&quot;copyright&quot;:&quot;Luciano Moraes&quot;,&quot;focal_length&quot;:&quot;0&quot;,&quot;iso&quot;:&quot;0&quot;,&quot;shutter_speed&quot;:&quot;0&quot;,&quot;title&quot;:&quot;&quot;,&quot;orientation&quot;:&quot;1&quot;}\" data-image-title=\"Khrystma Siberth Foto Luciano Moares 24\" data-image-description=\"\" data-image-caption=\"\" data-medium-file=\"https:\/\/i0.wp.com\/blogdalucianaoliveira.com.br\/blog\/wp-content\/uploads\/2025\/06\/Khrystma-Siberth-Foto-Luciano-Moares-24.jpeg?fit=240%2C300\" data-large-file=\"https:\/\/i0.wp.com\/blogdalucianaoliveira.com.br\/blog\/wp-content\/uploads\/2025\/06\/Khrystma-Siberth-Foto-Luciano-Moares-24.jpeg?fit=600%2C750\" class=\"alignnone size-medium wp-image-36877\" src=\"https:\/\/i0.wp.com\/blogdalucianaoliveira.com.br\/blog\/wp-content\/uploads\/2025\/06\/Khrystma-Siberth-Foto-Luciano-Moares-24.jpeg?resize=240%2C300\" alt=\"\" width=\"240\" height=\"300\" srcset=\"https:\/\/i0.wp.com\/blogdalucianaoliveira.com.br\/blog\/wp-content\/uploads\/2025\/06\/Khrystma-Siberth-Foto-Luciano-Moares-24.jpeg?resize=240%2C300 240w, https:\/\/i0.wp.com\/blogdalucianaoliveira.com.br\/blog\/wp-content\/uploads\/2025\/06\/Khrystma-Siberth-Foto-Luciano-Moares-24.jpeg?resize=819%2C1024 819w, https:\/\/i0.wp.com\/blogdalucianaoliveira.com.br\/blog\/wp-content\/uploads\/2025\/06\/Khrystma-Siberth-Foto-Luciano-Moares-24.jpeg?resize=768%2C960 768w, https:\/\/i0.wp.com\/blogdalucianaoliveira.com.br\/blog\/wp-content\/uploads\/2025\/06\/Khrystma-Siberth-Foto-Luciano-Moares-24.jpeg?resize=1228%2C1536 1228w, https:\/\/i0.wp.com\/blogdalucianaoliveira.com.br\/blog\/wp-content\/uploads\/2025\/06\/Khrystma-Siberth-Foto-Luciano-Moares-24.jpeg?w=1578 1578w\" sizes=\"auto, (max-width: 240px) 100vw, 240px\" \/><\/p>\n<p><strong>Sobre Khrystma Siberth<\/strong><\/p>\n<p>Natural da Amaz\u00f4nia brasileira, Khrystma \u00e9 formada em Rela\u00e7\u00f5es Internacionais, com p\u00f3s gradua\u00e7\u00e3o em Diplomacia e Idiomas. Fala fluentemente portugu\u00eas, ingl\u00eas e espanhol, e estuda italiano, tailand\u00eas, franc\u00eas e japon\u00eas. Comunicadora nata e artista multidisciplinar &#8211; pianista, cantora e bailarina &#8211; \u00a0j\u00e1 participou de diversos concursos de beleza, sempre conectando est\u00e9tica, prop\u00f3sito e impacto social.<\/p>\n<p>Sua atua\u00e7\u00e3o foca especialmente em causas ambientais, educa\u00e7\u00e3o e acesso a recursos b\u00e1sicos em comunidades marginalizadas da Amaz\u00f4nia. Com carisma, consist\u00eancia e prop\u00f3sito,<\/p>\n<p>Khrystma transformou sua hist\u00f3ria em plataforma.<\/p>\n<p>Como afirmou em seu v\u00eddeo de apresenta\u00e7\u00e3o oficial: \u201cO verdadeiro progresso n\u00e3o est\u00e1 onde voc\u00ea nasceu, mas at\u00e9 onde voc\u00ea est\u00e1 disposta a chegar.\u201d<\/p>\n<p><strong>Resultado Final \u2013 Miss Progress International 2025<\/strong><\/p>\n<p><strong>Vencedora<\/strong><\/p>\n<p><strong>Brasil \u2013 Khrystma Siberth (Miss Progress Health)<\/strong><\/p>\n<p>Finalistas<\/p>\n<p>Col\u00f4mbia \u2013 Miss Progress Environment<\/p>\n<p>Riviera Maia \u2013 Miss Progress Human Rights<\/p>\n<p>Semifinalistas.<\/p>\n<p>El Salvador<\/p>\n<p>Filipinas<\/p>\n<p>M\u00e9xico<\/p>\n<p>Pa\u00edses Baixos<\/p>\n<p>Peru<\/p>\n<p>Porto Rico<\/p>\n<p>&nbsp;<\/p>\n","protected":false},"excerpt":{"rendered":"<p>Da Assessoria &#8211; Pela primeira vez na hist\u00f3ria, o Brasil conquistou o t\u00edtulo de Miss Progress International. A vencedora \u00e9 Khrystma Siberth, de 23 anos, representante brasileira na 10\u00aa edi\u00e7\u00e3o do concurso internacional sediado na regi\u00e3o da Puglia, sul da It\u00e1lia.<\/p>\n","protected":false},"author":1,"featured_media":0,"comment_status":"closed","ping_status":"open","sticky":false,"template":"","format":"standard","meta":{"_exactmetrics_skip_tracking":false,"_exactmetrics_sitenote_active":false,"_exactmetrics_sitenote_note":"","_exactmetrics_sitenote_category":0,"jetpack_post_was_ever_published":false,"_jetpack_newsletter_access":"","_jetpack_dont_email_post_to_subs":false,"_jetpack_newsletter_tier_id":0,"_jetpack_memberships_contains_paywalled_content":false,"_jetpack_memberships_contains_paid_content":false,"footnotes":"","jetpack_publicize_message":"","jetpack_publicize_feature_enabled":true,"jetpack_social_post_already_shared":true,"jetpack_social_options":{"image_generator_settings":{"template":"highway","enabled":false},"version":2}},"categories":[1],"tags":[1350,1352,1349,1351],"class_list":["post-36872","post","type-post","status-publish","format-standard","hentry","category-notas","tag-health","tag-khrystma","tag-miss","tag-progress"],"jetpack_publicize_connections":[],"jetpack_sharing_enabled":true,"jetpack_featured_media_url":"","jetpack_shortlink":"https:\/\/wp.me\/p7wKYW-9AI","jetpack-related-posts":[],"_links":{"self":[{"href":"http:\/\/blogdalucianaoliveira.com.br\/blog\/wp-json\/wp\/v2\/posts\/36872","targetHints":{"allow":["GET"]}}],"collection":[{"href":"http:\/\/blogdalucianaoliveira.com.br\/blog\/wp-json\/wp\/v2\/posts"}],"about":[{"href":"http:\/\/blogdalucianaoliveira.com.br\/blog\/wp-json\/wp\/v2\/types\/post"}],"author":[{"embeddable":true,"href":"http:\/\/blogdalucianaoliveira.com.br\/blog\/wp-json\/wp\/v2\/users\/1"}],"replies":[{"embeddable":true,"href":"http:\/\/blogdalucianaoliveira.com.br\/blog\/wp-json\/wp\/v2\/comments?post=36872"}],"version-history":[{"count":1,"href":"http:\/\/blogdalucianaoliveira.com.br\/blog\/wp-json\/wp\/v2\/posts\/36872\/revisions"}],"predecessor-version":[{"id":36878,"href":"http:\/\/blogdalucianaoliveira.com.br\/blog\/wp-json\/wp\/v2\/posts\/36872\/revisions\/36878"}],"wp:attachment":[{"href":"http:\/\/blogdalucianaoliveira.com.br\/blog\/wp-json\/wp\/v2\/media?parent=36872"}],"wp:term":[{"taxonomy":"category","embeddable":true,"href":"http:\/\/blogdalucianaoliveira.com.br\/blog\/wp-json\/wp\/v2\/categories?post=36872"},{"taxonomy":"post_tag","embeddable":true,"href":"http:\/\/blogdalucianaoliveira.com.br\/blog\/wp-json\/wp\/v2\/tags?post=36872"}],"curies":[{"name":"wp","href":"https:\/\/api.w.org\/{rel}","templated":true}]}}