{"id":36879,"date":"2025-06-03T09:48:41","date_gmt":"2025-06-03T13:48:41","guid":{"rendered":"https:\/\/blogdalucianaoliveira.com.br\/blog\/?p=36879"},"modified":"2025-06-03T09:48:41","modified_gmt":"2025-06-03T13:48:41","slug":"zambelli-foge-do-brasil-apos-condenacao-e-diz-que-vai-pedir-licenca-da-camara","status":"publish","type":"post","link":"http:\/\/blogdalucianaoliveira.com.br\/blog\/2025\/06\/03\/zambelli-foge-do-brasil-apos-condenacao-e-diz-que-vai-pedir-licenca-da-camara\/","title":{"rendered":"Zambelli foge do Brasil ap\u00f3s condena\u00e7\u00e3o e diz que vai pedir licen\u00e7a da C\u00e2mara"},"content":{"rendered":"<p><img data-recalc-dims=\"1\" loading=\"lazy\" decoding=\"async\" data-attachment-id=\"36880\" data-permalink=\"http:\/\/blogdalucianaoliveira.com.br\/blog\/2025\/06\/03\/zambelli-foge-do-brasil-apos-condenacao-e-diz-que-vai-pedir-licenca-da-camara\/img_2692\/\" data-orig-file=\"https:\/\/i0.wp.com\/blogdalucianaoliveira.com.br\/blog\/wp-content\/uploads\/2025\/06\/IMG_2692.webp?fit=500%2C240\" data-orig-size=\"500,240\" data-comments-opened=\"0\" data-image-meta=\"{&quot;aperture&quot;:&quot;0&quot;,&quot;credit&quot;:&quot;&quot;,&quot;camera&quot;:&quot;&quot;,&quot;caption&quot;:&quot;&quot;,&quot;created_timestamp&quot;:&quot;0&quot;,&quot;copyright&quot;:&quot;&quot;,&quot;focal_length&quot;:&quot;0&quot;,&quot;iso&quot;:&quot;0&quot;,&quot;shutter_speed&quot;:&quot;0&quot;,&quot;title&quot;:&quot;&quot;,&quot;orientation&quot;:&quot;0&quot;}\" data-image-title=\"IMG_2692\" data-image-description=\"\" data-image-caption=\"\" data-medium-file=\"https:\/\/i0.wp.com\/blogdalucianaoliveira.com.br\/blog\/wp-content\/uploads\/2025\/06\/IMG_2692.webp?fit=300%2C144\" data-large-file=\"https:\/\/i0.wp.com\/blogdalucianaoliveira.com.br\/blog\/wp-content\/uploads\/2025\/06\/IMG_2692.webp?fit=500%2C240\" class=\"alignnone size-medium wp-image-36880\" src=\"https:\/\/i0.wp.com\/blogdalucianaoliveira.com.br\/blog\/wp-content\/uploads\/2025\/06\/IMG_2692.webp?resize=300%2C144\" alt=\"\" width=\"300\" height=\"144\" srcset=\"https:\/\/i0.wp.com\/blogdalucianaoliveira.com.br\/blog\/wp-content\/uploads\/2025\/06\/IMG_2692.webp?resize=300%2C144 300w, https:\/\/i0.wp.com\/blogdalucianaoliveira.com.br\/blog\/wp-content\/uploads\/2025\/06\/IMG_2692.webp?w=500 500w\" sizes=\"auto, (max-width: 300px) 100vw, 300px\" \/><\/p>\n<h2 class=\"article__lead\">Deputada do PL foi condenada a dez anos de pris\u00e3o por invas\u00e3o aos sistemas do CNJ e afirma ter deixado o pa\u00eds para tratamento m\u00e9dico<\/h2>\n<p><!--more--><\/p>\n<p><b>247 &#8211; <\/b>A deputada federal Carla Zambelli (PL-SP) revelou, em transmiss\u00e3o ao vivo nas redes sociais, que est\u00e1 fora do Brasil \u201ch\u00e1 alguns dias\u201d e que pretende formalizar um pedido de licen\u00e7a do mandato parlamentar, informa o <a href=\"https:\/\/g1.globo.com\/politica\/blog\/andreia-sadi\/post\/2025\/06\/03\/carla-zambelli-deixa-o-brasil.ghtml\" target=\"_blank\" rel=\"noopener noreferrer\">g1<\/a>. Condenada a dez anos de pris\u00e3o por participa\u00e7\u00e3o na invas\u00e3o de sistemas do Conselho Nacional de Justi\u00e7a (CNJ), a parlamentar afirmou que viajou \u00e0 Europa em busca de tratamento m\u00e9dico.<\/p>\n<p>\u201cQueria anunciar que estou fora do Brasil j\u00e1 faz alguns dias. Eu vim a princ\u00edpio buscando tratamento m\u00e9dico que eu j\u00e1 fazia aqui e agora eu vou pedir para que eu possa me afastar do cargo. Tem essa possibilidade da Constitui\u00e7\u00e3o, acho que as pessoas conhecem um pouco mais essa possibilidade hoje em dia porque foi o que o Eduardo [Bolsonaro] fez tamb\u00e9m\u201d, disse Zambelli na live.<\/p>\n<p>A decis\u00e3o que condenou a deputada foi proferida em 18 de maio pela 1\u00aa Turma do Supremo Tribunal Federal (STF), que tamb\u00e9m determinou a perda autom\u00e1tica de seu mandato. No entanto, a efetiva\u00e7\u00e3o dessa medida ainda depende de an\u00e1lise pela C\u00e2mara dos Deputados, onde h\u00e1 diverg\u00eancias sobre se a compet\u00eancia cabe \u00e0 Mesa Diretora \u2014 como entendeu o STF \u2014 ou ao plen\u00e1rio da Casa.<\/p>\n<p>A localiza\u00e7\u00e3o exata da parlamentar permanece desconhecida inclusive para sua pr\u00f3pria defesa, segundo relataram seus advogados \u00e0 imprensa.<\/p>\n<p>Apesar de ser vista como um fator de desgaste dentro do PL, Zambelli deve receber apoio da bancada da legenda na C\u00e2mara. A deputada, no entanto, j\u00e1 foi apontada publicamente por Jair Bolsonaro (PL) como uma das principais respons\u00e1veis pelo desempenho eleitoral aqu\u00e9m do esperado em 2022. Desde ent\u00e3o, sua rela\u00e7\u00e3o com ele tem se mantido distante e marcada por tens\u00f5es.<\/p>\n<p>Com a poss\u00edvel licen\u00e7a de Zambelli, seu suplente dever\u00e1 assumir temporariamente a cadeira, enquanto prosseguem os desdobramentos judiciais e pol\u00edticos do caso.<\/p>\n","protected":false},"excerpt":{"rendered":"<p>Deputada do PL foi condenada a dez anos de pris\u00e3o por invas\u00e3o aos sistemas do CNJ e afirma ter deixado o pa\u00eds para tratamento m\u00e9dico<\/p>\n","protected":false},"author":1,"featured_media":0,"comment_status":"closed","ping_status":"open","sticky":false,"template":"","format":"standard","meta":{"_exactmetrics_skip_tracking":false,"_exactmetrics_sitenote_active":false,"_exactmetrics_sitenote_note":"","_exactmetrics_sitenote_category":0,"jetpack_post_was_ever_published":false,"_jetpack_newsletter_access":"","_jetpack_dont_email_post_to_subs":false,"_jetpack_newsletter_tier_id":0,"_jetpack_memberships_contains_paywalled_content":false,"_jetpack_memberships_contains_paid_content":false,"footnotes":"","jetpack_publicize_message":"","jetpack_publicize_feature_enabled":true,"jetpack_social_post_already_shared":true,"jetpack_social_options":{"image_generator_settings":{"template":"highway","enabled":false},"version":2}},"categories":[1],"tags":[304,869,1353],"class_list":["post-36879","post","type-post","status-publish","format-standard","hentry","category-notas","tag-eua","tag-fuga","tag-zambelli"],"jetpack_publicize_connections":[],"jetpack_sharing_enabled":true,"jetpack_featured_media_url":"","jetpack_shortlink":"https:\/\/wp.me\/p7wKYW-9AP","jetpack-related-posts":[],"_links":{"self":[{"href":"http:\/\/blogdalucianaoliveira.com.br\/blog\/wp-json\/wp\/v2\/posts\/36879","targetHints":{"allow":["GET"]}}],"collection":[{"href":"http:\/\/blogdalucianaoliveira.com.br\/blog\/wp-json\/wp\/v2\/posts"}],"about":[{"href":"http:\/\/blogdalucianaoliveira.com.br\/blog\/wp-json\/wp\/v2\/types\/post"}],"author":[{"embeddable":true,"href":"http:\/\/blogdalucianaoliveira.com.br\/blog\/wp-json\/wp\/v2\/users\/1"}],"replies":[{"embeddable":true,"href":"http:\/\/blogdalucianaoliveira.com.br\/blog\/wp-json\/wp\/v2\/comments?post=36879"}],"version-history":[{"count":1,"href":"http:\/\/blogdalucianaoliveira.com.br\/blog\/wp-json\/wp\/v2\/posts\/36879\/revisions"}],"predecessor-version":[{"id":36881,"href":"http:\/\/blogdalucianaoliveira.com.br\/blog\/wp-json\/wp\/v2\/posts\/36879\/revisions\/36881"}],"wp:attachment":[{"href":"http:\/\/blogdalucianaoliveira.com.br\/blog\/wp-json\/wp\/v2\/media?parent=36879"}],"wp:term":[{"taxonomy":"category","embeddable":true,"href":"http:\/\/blogdalucianaoliveira.com.br\/blog\/wp-json\/wp\/v2\/categories?post=36879"},{"taxonomy":"post_tag","embeddable":true,"href":"http:\/\/blogdalucianaoliveira.com.br\/blog\/wp-json\/wp\/v2\/tags?post=36879"}],"curies":[{"name":"wp","href":"https:\/\/api.w.org\/{rel}","templated":true}]}}