{"id":36883,"date":"2025-06-03T10:23:53","date_gmt":"2025-06-03T14:23:53","guid":{"rendered":"https:\/\/blogdalucianaoliveira.com.br\/blog\/?p=36883"},"modified":"2025-06-03T10:23:53","modified_gmt":"2025-06-03T14:23:53","slug":"deputadas-de-sao-paulo-sao-alvo-de-ameacas-misoginas-em-e-mail-enviado-as-25-parlamentares","status":"publish","type":"post","link":"http:\/\/blogdalucianaoliveira.com.br\/blog\/2025\/06\/03\/deputadas-de-sao-paulo-sao-alvo-de-ameacas-misoginas-em-e-mail-enviado-as-25-parlamentares\/","title":{"rendered":"Deputadas de S\u00e3o Paulo s\u00e3o alvo de amea\u00e7as mis\u00f3ginas em e-mail enviado \u00e0s 25 parlamentares"},"content":{"rendered":"<p><img data-recalc-dims=\"1\" decoding=\"async\" src=\"https:\/\/i0.wp.com\/assets.brasildefato.com.br\/2025\/06\/bdf-20250602-192819-32387b.jpg?w=600&#038;ssl=1\" alt=\"Deputadas de S\u00e3o Paulo s\u00e3o alvo de amea\u00e7as mis\u00f3ginas em e-mail enviado \u00e0s 25 parlamentares\" \/><\/p>\n<p><strong>A mensagem foi enviada a todas as parlamentares, independentemente do espectro pol\u00edtico<\/strong><!--more--><\/p>\n<p><strong>Brasil de Fato<\/strong> &#8211; Deputadas da Assembleia Legislativa do Estado de S\u00e3o Paulo (Alesp) receberam, no s\u00e1bado (31), um e-mail com amea\u00e7as violentas e de car\u00e1ter mis\u00f3gino. A mensagem foi enviada a todas as parlamentares, independentemente do espectro pol\u00edtico, e menciona nominalmente algumas delas.<\/p>\n<p>Segundo as v\u00edtimas, a pol\u00edcia e a presid\u00eancia da\u00a0Alesp\u00a0foram comunicadas ainda no s\u00e1bado, logo ap\u00f3s o recebimento do conte\u00fado amea\u00e7ador. Al\u00e9m disso, uma nota p\u00fablica, intitulada \u201cN\u00e3o seremos silenciadas\u201d, foi divulgada nesta segunda-feira (2).<\/p>\n<p>\u201cTrata-se de uma n\u00edtida tentativa de silenciar mulheres, em um ataque mis\u00f3gino, racista e capacitista \u2014 uma situa\u00e7\u00e3o que, embora nos cause choque, infelizmente representa mais uma express\u00e3o de \u00f3dio e viol\u00eancia contra mulheres que buscam ocupar espa\u00e7os de poder na pol\u00edtica do nosso pa\u00eds\u201d, diz o documento. A nota ressalta que, embora algumas parlamentares da Alesp j\u00e1 tenham sido alvo de amea\u00e7as semelhantes, esta \u201c\u00e9 a primeira vez que um ataque \u00e9 direcionado a todas as mulheres da Casa \u2014 o maior parlamento estadual do pa\u00eds\u201d.<\/p>\n<p>\u201cIntimida\u00e7\u00f5es\u00a0desse tipo n\u00e3o podem ser toleradas sob o regime democr\u00e1tico em que vivemos. Elas evidenciam, ainda, a urg\u00eancia na ado\u00e7\u00e3o de pol\u00edticas p\u00fablicas de enfrentamento \u00e0 viol\u00eancia pol\u00edtica de g\u00eanero\u201d, conclui o texto, assinado coletivamente pelas deputadas estaduais de S\u00e3o Paulo.<\/p>\n<p>Atualmente a Assembleia Legislativa possui 25 cadeiras ocupadas por mulheres, o que representa 27% do total de 94 parlamentares na Casa. O percentual aponta uma crescente em rela\u00e7\u00e3o aos anos anteriores. Em 2018, 19 mulheres foram eleitas. Antes, em 2014, apenas 11.<\/p>\n<p>Em nota, a Secretaria de Seguran\u00e7a P\u00fablica de S\u00e3o Paulo (SSP-SP) afirmou que investiga um homem de 28 anos pelas amea\u00e7as.<\/p>\n<p>\u201cO caso foi registrado como amea\u00e7a, inj\u00faria racial e falsa identidade pela Assessoria da Pol\u00edcia Civil junto \u00e0 Assembleia Legislativa do Estado de S\u00e3o Paulo. Nesta segunda-feira (2), foram realizadas dilig\u00eancias que resultaram na apreens\u00e3o de um computador e um telefone celular na resid\u00eancia de um homem de 28 anos, que \u00e9 investigado\u201d, informou a SSP.<\/p>\n<p>&nbsp;<\/p>\n<p>Editado por: Nathallia Fonseca<\/p>\n<p>&nbsp;<\/p>\n<p>&nbsp;<\/p>\n<p>&nbsp;<\/p>\n","protected":false},"excerpt":{"rendered":"<p>A mensagem foi enviada a todas as parlamentares, independentemente do espectro pol\u00edtico<\/p>\n","protected":false},"author":1,"featured_media":0,"comment_status":"closed","ping_status":"open","sticky":false,"template":"","format":"standard","meta":{"_exactmetrics_skip_tracking":false,"_exactmetrics_sitenote_active":false,"_exactmetrics_sitenote_note":"","_exactmetrics_sitenote_category":0,"jetpack_post_was_ever_published":false,"_jetpack_newsletter_access":"","_jetpack_dont_email_post_to_subs":false,"_jetpack_newsletter_tier_id":0,"_jetpack_memberships_contains_paywalled_content":false,"_jetpack_memberships_contains_paid_content":false,"footnotes":"","jetpack_publicize_message":"","jetpack_publicize_feature_enabled":true,"jetpack_social_post_already_shared":true,"jetpack_social_options":{"image_generator_settings":{"template":"highway","enabled":false},"version":2}},"categories":[1],"tags":[1355,246,1354],"class_list":["post-36883","post","type-post","status-publish","format-standard","hentry","category-notas","tag-alesp","tag-denuncia","tag-deputadas"],"jetpack_publicize_connections":[],"jetpack_sharing_enabled":true,"jetpack_featured_media_url":"","jetpack_shortlink":"https:\/\/wp.me\/p7wKYW-9AT","jetpack-related-posts":[],"_links":{"self":[{"href":"http:\/\/blogdalucianaoliveira.com.br\/blog\/wp-json\/wp\/v2\/posts\/36883","targetHints":{"allow":["GET"]}}],"collection":[{"href":"http:\/\/blogdalucianaoliveira.com.br\/blog\/wp-json\/wp\/v2\/posts"}],"about":[{"href":"http:\/\/blogdalucianaoliveira.com.br\/blog\/wp-json\/wp\/v2\/types\/post"}],"author":[{"embeddable":true,"href":"http:\/\/blogdalucianaoliveira.com.br\/blog\/wp-json\/wp\/v2\/users\/1"}],"replies":[{"embeddable":true,"href":"http:\/\/blogdalucianaoliveira.com.br\/blog\/wp-json\/wp\/v2\/comments?post=36883"}],"version-history":[{"count":1,"href":"http:\/\/blogdalucianaoliveira.com.br\/blog\/wp-json\/wp\/v2\/posts\/36883\/revisions"}],"predecessor-version":[{"id":36884,"href":"http:\/\/blogdalucianaoliveira.com.br\/blog\/wp-json\/wp\/v2\/posts\/36883\/revisions\/36884"}],"wp:attachment":[{"href":"http:\/\/blogdalucianaoliveira.com.br\/blog\/wp-json\/wp\/v2\/media?parent=36883"}],"wp:term":[{"taxonomy":"category","embeddable":true,"href":"http:\/\/blogdalucianaoliveira.com.br\/blog\/wp-json\/wp\/v2\/categories?post=36883"},{"taxonomy":"post_tag","embeddable":true,"href":"http:\/\/blogdalucianaoliveira.com.br\/blog\/wp-json\/wp\/v2\/tags?post=36883"}],"curies":[{"name":"wp","href":"https:\/\/api.w.org\/{rel}","templated":true}]}}