{"id":36888,"date":"2025-06-04T10:34:50","date_gmt":"2025-06-04T14:34:50","guid":{"rendered":"https:\/\/blogdalucianaoliveira.com.br\/blog\/?p=36888"},"modified":"2025-06-04T10:34:50","modified_gmt":"2025-06-04T14:34:50","slug":"izabela-lima-lanca-musicas-do-ep-autoral-que-celebra-25-anos-de-carreira","status":"publish","type":"post","link":"http:\/\/blogdalucianaoliveira.com.br\/blog\/2025\/06\/04\/izabela-lima-lanca-musicas-do-ep-autoral-que-celebra-25-anos-de-carreira\/","title":{"rendered":"IZABELA LIMA LAN\u00c7A M\u00daSICAS DO EP AUTORAL QUE CELEBRA 25 ANOS DE CARREIRA"},"content":{"rendered":"<p><img data-recalc-dims=\"1\" loading=\"lazy\" decoding=\"async\" data-attachment-id=\"36891\" data-permalink=\"http:\/\/blogdalucianaoliveira.com.br\/blog\/2025\/06\/04\/izabela-lima-lanca-musicas-do-ep-autoral-que-celebra-25-anos-de-carreira\/quem1-2\/\" data-orig-file=\"https:\/\/i0.wp.com\/blogdalucianaoliveira.com.br\/blog\/wp-content\/uploads\/2025\/06\/QUEM1.png?fit=1400%2C1400\" data-orig-size=\"1400,1400\" data-comments-opened=\"0\" data-image-meta=\"{&quot;aperture&quot;:&quot;0&quot;,&quot;credit&quot;:&quot;&quot;,&quot;camera&quot;:&quot;&quot;,&quot;caption&quot;:&quot;&quot;,&quot;created_timestamp&quot;:&quot;0&quot;,&quot;copyright&quot;:&quot;&quot;,&quot;focal_length&quot;:&quot;0&quot;,&quot;iso&quot;:&quot;0&quot;,&quot;shutter_speed&quot;:&quot;0&quot;,&quot;title&quot;:&quot;&quot;,&quot;orientation&quot;:&quot;0&quot;}\" data-image-title=\"QUEM1\" data-image-description=\"\" data-image-caption=\"\" data-medium-file=\"https:\/\/i0.wp.com\/blogdalucianaoliveira.com.br\/blog\/wp-content\/uploads\/2025\/06\/QUEM1.png?fit=300%2C300\" data-large-file=\"https:\/\/i0.wp.com\/blogdalucianaoliveira.com.br\/blog\/wp-content\/uploads\/2025\/06\/QUEM1.png?fit=600%2C600\" class=\"size-medium wp-image-36891 alignleft\" src=\"https:\/\/i0.wp.com\/blogdalucianaoliveira.com.br\/blog\/wp-content\/uploads\/2025\/06\/QUEM1.png?resize=300%2C300\" alt=\"\" width=\"300\" height=\"300\" srcset=\"https:\/\/i0.wp.com\/blogdalucianaoliveira.com.br\/blog\/wp-content\/uploads\/2025\/06\/QUEM1.png?resize=300%2C300 300w, https:\/\/i0.wp.com\/blogdalucianaoliveira.com.br\/blog\/wp-content\/uploads\/2025\/06\/QUEM1.png?resize=1024%2C1024 1024w, https:\/\/i0.wp.com\/blogdalucianaoliveira.com.br\/blog\/wp-content\/uploads\/2025\/06\/QUEM1.png?resize=150%2C150 150w, https:\/\/i0.wp.com\/blogdalucianaoliveira.com.br\/blog\/wp-content\/uploads\/2025\/06\/QUEM1.png?resize=768%2C768 768w, https:\/\/i0.wp.com\/blogdalucianaoliveira.com.br\/blog\/wp-content\/uploads\/2025\/06\/QUEM1.png?w=1400 1400w, https:\/\/i0.wp.com\/blogdalucianaoliveira.com.br\/blog\/wp-content\/uploads\/2025\/06\/QUEM1.png?w=1200 1200w\" sizes=\"auto, (max-width: 300px) 100vw, 300px\" \/><\/p>\n<p><strong>\u00a0<\/strong>J\u00e1 est\u00e1 dispon\u00edvel em todas as plataformas digitais de m\u00fasica a primeira das cinco faixas do EP CANTO EM MIM, primeiro trabalho autoral da cantora, compositora, instrumentista e produtora cultural, Izabela Lima.<\/p>\n<p>A m\u00fasica QUEM, dispon\u00edvel a partir de hoje, traz uma composi\u00e7\u00e3o em parceria com grande amigo, poeta e m\u00fasico Rinaldo Santos da banda Soda Ac\u00fastica e\u00a0 ex Tuer Lapin. A composi\u00e7\u00e3o traz uma mensagem sobre as camadas do nosso olhar sobre algo ou algu\u00e9m, onde nem sempre o que se v\u00ea \u00e9 o todo, nem o certo ou errado, \u00e0s vezes, \u00e9 s\u00f3 uma parte. Participaram nesta faixa, os m\u00fasicos Mauro Ara\u00fajo (piano), Cesar Aquino (cello), Eliberto Barroncas (percuss\u00e3o) e Israel Fragoso (sanfona).<\/p>\n<p>Escute aqui:\u00a0<a href=\"https:\/\/music.youtube.com\/watch?v=75uJGyLBJek&amp;si=R2bwPU1tFas0J66p\">https:\/\/music.youtube.com\/watch?v=75uJGyLBJek&amp;si=R2bwPU1tFas0J66p<\/a><\/p>\n<p>A m\u00fasica SER, uma composi\u00e7\u00e3o de Izabela Lima em parceria com a ativista Benedita Nascimento (Ben\u00e9),\u00a0 traz como cerne o ativismo da compositora sobre as lutas de g\u00eanero na garantia dos direitos humanos e pelo fim da viol\u00eancia. Participaram da grava\u00e7\u00e3o os m\u00fasicos Mauro Ara\u00fajo (piano, agog\u00f4), Eliberto Barroncas (percuss\u00e3o), Mauricio Rodrigues (flauta transversal) e Cesar Aquino (cello).<!--more--><\/p>\n<p>A m\u00fasica RAIZ DE SER, uma composi\u00e7\u00e3o da cantora, retrata o canto de lamento, reflex\u00e3o e acalanto, traz em sua mensagem sobre um olhar da jornada que se viveu, dos desafios de se viver a vida numa sociedade que seduz o pensamento no ter e n\u00e3o pelo ser, o quanto nos sentimos desconectados com nossas ra\u00edzes e que seguem amea\u00e7adas. Participaram desse single os m\u00fasicos Mauro Ara\u00fajo (piano), Cesar Aquino (cello) e Mauricio Rodrigues (flauta).<\/p>\n<p>A m\u00fasica BUQU\u00ca traz uma levada mais agitada, nos convidar a viver com alegria e esperan\u00e7a. A composi\u00e7\u00e3o da cantora, teve participa\u00e7\u00e3o dos m\u00fasicos Mauro Ara\u00fajo (piano rhodes, voz, tambor)<\/p>\n<p>Eliberto Barroncas (percuss\u00e3o), Mauricio Rodrigues (flauta transversal), Brendo Bringel (bateria)<\/p>\n<p>Paulo Araujo da Silva (baixo), Leonel Reis (viol\u00e3o), Raissa Dourado, Iury Melo, Thiago Maziero (voz).<\/p>\n<p><img data-recalc-dims=\"1\" loading=\"lazy\" decoding=\"async\" data-attachment-id=\"36892\" data-permalink=\"http:\/\/blogdalucianaoliveira.com.br\/blog\/2025\/06\/04\/izabela-lima-lanca-musicas-do-ep-autoral-que-celebra-25-anos-de-carreira\/foto1\/\" data-orig-file=\"https:\/\/i0.wp.com\/blogdalucianaoliveira.com.br\/blog\/wp-content\/uploads\/2025\/06\/foto1-scaled.jpg?fit=2560%2C1706\" data-orig-size=\"2560,1706\" data-comments-opened=\"0\" data-image-meta=\"{&quot;aperture&quot;:&quot;2.8&quot;,&quot;credit&quot;:&quot;&quot;,&quot;camera&quot;:&quot;Canon EOS R8&quot;,&quot;caption&quot;:&quot;&quot;,&quot;created_timestamp&quot;:&quot;1743269911&quot;,&quot;copyright&quot;:&quot;&quot;,&quot;focal_length&quot;:&quot;35&quot;,&quot;iso&quot;:&quot;400&quot;,&quot;shutter_speed&quot;:&quot;0.02&quot;,&quot;title&quot;:&quot;&quot;,&quot;orientation&quot;:&quot;0&quot;}\" data-image-title=\"foto1\" data-image-description=\"\" data-image-caption=\"\" data-medium-file=\"https:\/\/i0.wp.com\/blogdalucianaoliveira.com.br\/blog\/wp-content\/uploads\/2025\/06\/foto1-scaled.jpg?fit=300%2C200\" data-large-file=\"https:\/\/i0.wp.com\/blogdalucianaoliveira.com.br\/blog\/wp-content\/uploads\/2025\/06\/foto1-scaled.jpg?fit=600%2C400\" class=\"size-medium wp-image-36892 alignright\" src=\"https:\/\/i0.wp.com\/blogdalucianaoliveira.com.br\/blog\/wp-content\/uploads\/2025\/06\/foto1.jpg?resize=300%2C200\" alt=\"\" width=\"300\" height=\"200\" srcset=\"https:\/\/i0.wp.com\/blogdalucianaoliveira.com.br\/blog\/wp-content\/uploads\/2025\/06\/foto1-scaled.jpg?resize=300%2C200 300w, https:\/\/i0.wp.com\/blogdalucianaoliveira.com.br\/blog\/wp-content\/uploads\/2025\/06\/foto1-scaled.jpg?resize=1024%2C682 1024w, https:\/\/i0.wp.com\/blogdalucianaoliveira.com.br\/blog\/wp-content\/uploads\/2025\/06\/foto1-scaled.jpg?resize=768%2C512 768w, https:\/\/i0.wp.com\/blogdalucianaoliveira.com.br\/blog\/wp-content\/uploads\/2025\/06\/foto1-scaled.jpg?resize=1536%2C1024 1536w, https:\/\/i0.wp.com\/blogdalucianaoliveira.com.br\/blog\/wp-content\/uploads\/2025\/06\/foto1-scaled.jpg?resize=2048%2C1365 2048w, https:\/\/i0.wp.com\/blogdalucianaoliveira.com.br\/blog\/wp-content\/uploads\/2025\/06\/foto1-scaled.jpg?resize=450%2C300 450w, https:\/\/i0.wp.com\/blogdalucianaoliveira.com.br\/blog\/wp-content\/uploads\/2025\/06\/foto1-scaled.jpg?w=1200 1200w, https:\/\/i0.wp.com\/blogdalucianaoliveira.com.br\/blog\/wp-content\/uploads\/2025\/06\/foto1-scaled.jpg?w=1800 1800w\" sizes=\"auto, (max-width: 300px) 100vw, 300px\" \/><\/p>\n<p>O EP CANTO EM MIM conta com a produ\u00e7\u00e3o musical do compositor e m\u00fasico Mauro Ara\u00fajo, produ\u00e7\u00e3o art\u00edstica de Sabrynne Sena (Cantad\u00f4 Produ\u00e7\u00f5es) e produ\u00e7\u00e3o executiva de Izabela Lima. O EP foi gravado em Porto Velho\/RO, Manaus\/AM e Bel\u00e9m\/PA, sendo editado e masterizado no Est\u00fadio Ecos da Oca pelo artista e produtor fonogr\u00e1fico Thiago Maziero.<\/p>\n<p>As grava\u00e7\u00f5es do EP contaram com a participa\u00e7\u00e3o do amigo, artista e compositor Eliberto Barroncas do grupo amazonense Ra\u00edzes Caboclas, nos efeitos e percuss\u00f5es. E o carimb\u00f3 MEU BEM, uma composi\u00e7\u00e3o de Izabela Lima, o \u00faltimo a ser lan\u00e7ado traz a participa\u00e7\u00e3o especial dos m\u00fasicos diretamente de Bel\u00e9m do Par\u00e1, Luiz Pardal (violino), Davi Amorim (banjo) e Bruno Mendes (percuss\u00e3o).<\/p>\n<p><strong>Confira as datas dos lan\u00e7amentos<\/strong><\/p>\n<p>QUEM (dia 04\/06)<\/p>\n<p>SER (dia 11\/06)<\/p>\n<p>BUQU\u00ca(dia 18\/06)<\/p>\n<p>RAIZ DE SER (dia 25\/06)<\/p>\n<p>MEU\u00a0BEM\u00a0(dia\u00a02\/07)<\/p>\n<p>&nbsp;<\/p>\n<p><strong>PERCEP\u00c7\u00d5ES<\/strong><\/p>\n<p>\u201cTecendo em ritmos e poesia, um canto em mim, embala alegria com toque de resist\u00eancia e revolu\u00e7\u00e3o. A nobreza na voz de uma mulher revela os caminhos que a compositora deseja invocar, n\u00e3o sozinha, mas com todos n\u00f3s. Conspira pela exist\u00eancia livre do ser&#8230;&#8221;Vem ser livre ser &#8230;, vem ser flor buqu\u00ea, faz o sol nascer em mim&#8230;Um canto em mim&#8221; nos convida para um voo sonoro, em comunh\u00e3o com o bioma\u00a0 musical amaz\u00f4nico. A melodia desenha a trilha guiada pelos distintos acordes que harmonizam a voz\u00a0 e a poesia no compasso da vida. Izabela Lima, entrega nesse universo\u00a0 musical uma conex\u00e3o perene entre suas can\u00e7\u00f5es e o criativo mundo sonoro que habita um canto em mim.\u201d por Benedita Nascimento (ativista do F\u00f3rum Popular de Mulheres &#8211; FPM, produtora cultural do Festival Canta Mulher e do artista Bado)<\/p>\n<p><img data-recalc-dims=\"1\" loading=\"lazy\" decoding=\"async\" data-attachment-id=\"36893\" data-permalink=\"http:\/\/blogdalucianaoliveira.com.br\/blog\/2025\/06\/04\/izabela-lima-lanca-musicas-do-ep-autoral-que-celebra-25-anos-de-carreira\/foto2\/\" data-orig-file=\"https:\/\/i0.wp.com\/blogdalucianaoliveira.com.br\/blog\/wp-content\/uploads\/2025\/06\/foto2-scaled.jpg?fit=2560%2C1707\" data-orig-size=\"2560,1707\" data-comments-opened=\"0\" data-image-meta=\"{&quot;aperture&quot;:&quot;1.8&quot;,&quot;credit&quot;:&quot;&quot;,&quot;camera&quot;:&quot;Canon EOS R8&quot;,&quot;caption&quot;:&quot;&quot;,&quot;created_timestamp&quot;:&quot;1743268990&quot;,&quot;copyright&quot;:&quot;&quot;,&quot;focal_length&quot;:&quot;50&quot;,&quot;iso&quot;:&quot;1600&quot;,&quot;shutter_speed&quot;:&quot;0.004&quot;,&quot;title&quot;:&quot;&quot;,&quot;orientation&quot;:&quot;0&quot;}\" data-image-title=\"foto2\" data-image-description=\"\" data-image-caption=\"\" data-medium-file=\"https:\/\/i0.wp.com\/blogdalucianaoliveira.com.br\/blog\/wp-content\/uploads\/2025\/06\/foto2-scaled.jpg?fit=300%2C200\" data-large-file=\"https:\/\/i0.wp.com\/blogdalucianaoliveira.com.br\/blog\/wp-content\/uploads\/2025\/06\/foto2-scaled.jpg?fit=600%2C400\" class=\"size-medium wp-image-36893 alignleft\" src=\"https:\/\/i0.wp.com\/blogdalucianaoliveira.com.br\/blog\/wp-content\/uploads\/2025\/06\/foto2.jpg?resize=300%2C200\" alt=\"\" width=\"300\" height=\"200\" srcset=\"https:\/\/i0.wp.com\/blogdalucianaoliveira.com.br\/blog\/wp-content\/uploads\/2025\/06\/foto2-scaled.jpg?resize=300%2C200 300w, https:\/\/i0.wp.com\/blogdalucianaoliveira.com.br\/blog\/wp-content\/uploads\/2025\/06\/foto2-scaled.jpg?resize=1024%2C683 1024w, https:\/\/i0.wp.com\/blogdalucianaoliveira.com.br\/blog\/wp-content\/uploads\/2025\/06\/foto2-scaled.jpg?resize=768%2C512 768w, https:\/\/i0.wp.com\/blogdalucianaoliveira.com.br\/blog\/wp-content\/uploads\/2025\/06\/foto2-scaled.jpg?resize=1536%2C1024 1536w, https:\/\/i0.wp.com\/blogdalucianaoliveira.com.br\/blog\/wp-content\/uploads\/2025\/06\/foto2-scaled.jpg?resize=2048%2C1366 2048w, https:\/\/i0.wp.com\/blogdalucianaoliveira.com.br\/blog\/wp-content\/uploads\/2025\/06\/foto2-scaled.jpg?resize=450%2C300 450w, https:\/\/i0.wp.com\/blogdalucianaoliveira.com.br\/blog\/wp-content\/uploads\/2025\/06\/foto2-scaled.jpg?w=1200 1200w, https:\/\/i0.wp.com\/blogdalucianaoliveira.com.br\/blog\/wp-content\/uploads\/2025\/06\/foto2-scaled.jpg?w=1800 1800w\" sizes=\"auto, (max-width: 300px) 100vw, 300px\" \/><\/p>\n<p><strong>IZABELA LIMA<\/strong><\/p>\n<p>\u00c9 manauara e beradeira de cora\u00e7\u00e3o. Em Porto Velho\/RO continua sua jornada musical como cantora, compositora, instrumentista e produtora cultural.<\/p>\n<p>Sua caminhada art\u00edstica inicia nos\u00a0 Festivais de M\u00fasica, recebendo pr\u00eamios de 1\u00ba lugar com a m\u00fasica \u201cTardinha\u201d e melhor letra com a m\u00fasica \u201cDias sem voc\u00ea\u201d, o pr\u00eamio Proarte \u2013 Canto da floresta de m\u00fasica popular no Amazonas. Conquista assim, sua primeira grava\u00e7\u00e3o na Colet\u00e2nea do Projeto Valores da Terra e posteriormente gravou com back-vocal, no CD \u201cMensageiros de Francisco\u201d do grupo Ra\u00edzes Caboclas.<\/p>\n<p>Em Porto Velho, teve um encontro po\u00e9tico com o compositor e musicista Rinaldo Santos e a poeta Amadio, nascia o 3DN\u00f3s, onde produziram o \u00c1lbum \u201cPerfume d(n)os olhos\u201d, projeto premiado no Rond\u00f4nia Autoral (2017). \u00c9 produtora cultural do Festival Sonora PVH de Compositoras, do Coletivo Jardim das Evas e do podcast ppkast. A artista hoje tem seus valores no ativismo ambiental e feminismo, e busca em seus projetos o empoderamento de mulheres artistas e a justi\u00e7a de g\u00eanero.<\/p>\n<p>&nbsp;<\/p>\n<p><strong>FICHA T\u00c9CNICA &#8211; GRAVA\u00c7\u00c3O<\/strong><\/p>\n<p>M\u00fasicos &#8211; grava\u00e7\u00e3o<\/p>\n<p>Izabela Lima (voz, pandeiro, efeitos),<\/p>\n<p>Mauro Ara\u00fajo (piano, agogo, tambor)<\/p>\n<p>C\u00e9sar Aquino (violoncelo)<\/p>\n<p>Mauricio Rodrigues (flauta transversal)<\/p>\n<p>Brendo Bringel (percuss\u00e3o)<\/p>\n<p>Israel Fragoso (sanfona)<\/p>\n<p>Paulo Ara\u00fajo (baixo)<\/p>\n<p>Leonel Reis (viol\u00e3o)<\/p>\n<p><strong>Participa\u00e7\u00f5es especiais &#8211; grava\u00e7\u00e3o<\/strong><\/p>\n<p>Eliberto Barroncas (percuss\u00e3o, berimbau) &#8211; Manaus\/AM<\/p>\n<p>Luiz Pardal (violino) &#8211; Bel\u00e9m\/PA<\/p>\n<p>Davi Amorim (banjo) &#8211; Bel\u00e9m\/PA<\/p>\n<p>Bruno Mendes (percuss\u00e3o) &#8211; Bel\u00e9m\/PA<\/p>\n<p><b>Equipe de Produ\u00e7\u00e3o<\/b><\/p>\n<p>Produ\u00e7\u00e3o executiva &#8211; Izabela Lima<\/p>\n<p>Produ\u00e7\u00e3o musical e arranjos &#8211; Mauro Ara\u00fajo<\/p>\n<p>Produ\u00e7\u00e3o art\u00edstica e arranjos &#8211; Sabrynne Sena<\/p>\n<p>Prepara\u00e7\u00e3o vocal &#8211; Sabrynne Sena<\/p>\n<p>Produ\u00e7\u00e3o audiovisual (making of) &#8211; Raissa Dourado<\/p>\n<p>Produ\u00e7\u00e3o Fotogr\u00e1fica &#8211; Iury Melo<\/p>\n<p>Produ\u00e7\u00e3o de distribui\u00e7\u00e3o &#8211; Marfiza<\/p>\n<p>Assessoria Jur\u00eddica &#8211; Carolina Zemuner<\/p>\n<p>Assessoria de Comunica\u00e7\u00e3o &#8211; Luciana Oliveira<\/p>\n<p>&nbsp;<\/p>\n<p>Este projeto \u00e9 fomentado pelo Lei Paulo Gustavo via EDITAL No 10\/2024\/SEJUCEL- SIEC LPG \u2013 FOMENTO PARA PRODU\u00c7\u00c3O DE ARTES INTEGRADAS RONDONIENSE &#8211; LEI PAULO GUSTAVO, Eixo II &#8211; Produ\u00e7\u00e3o Musical, Categoria C- Grava\u00e7\u00e3o de EP + Show de Lan\u00e7amento via SEJUCEL\/RO.<\/p>\n","protected":false},"excerpt":{"rendered":"<p>\u00a0J\u00e1 est\u00e1 dispon\u00edvel em todas as plataformas digitais de m\u00fasica a primeira das cinco faixas do EP CANTO EM MIM, primeiro trabalho autoral da cantora, compositora, instrumentista e produtora cultural, Izabela Lima. A m\u00fasica QUEM, dispon\u00edvel a partir de hoje, traz uma composi\u00e7\u00e3o em parceria com grande amigo, poeta e m\u00fasico Rinaldo Santos da banda&#8230;<a class=\"more-link\" href=\"http:\/\/blogdalucianaoliveira.com.br\/blog\/2025\/06\/04\/izabela-lima-lanca-musicas-do-ep-autoral-que-celebra-25-anos-de-carreira\/\">Continue a leitura <span class=\"meta-nav\">&raquo;<\/span><\/a><\/p>\n","protected":false},"author":1,"featured_media":0,"comment_status":"closed","ping_status":"open","sticky":false,"template":"","format":"standard","meta":{"_exactmetrics_skip_tracking":false,"_exactmetrics_sitenote_active":false,"_exactmetrics_sitenote_note":"","_exactmetrics_sitenote_category":0,"jetpack_post_was_ever_published":false,"_jetpack_newsletter_access":"","_jetpack_dont_email_post_to_subs":false,"_jetpack_newsletter_tier_id":0,"_jetpack_memberships_contains_paywalled_content":false,"_jetpack_memberships_contains_paid_content":false,"footnotes":"","jetpack_publicize_message":"","jetpack_publicize_feature_enabled":true,"jetpack_social_post_already_shared":true,"jetpack_social_options":{"image_generator_settings":{"template":"highway","enabled":false},"version":2}},"categories":[1],"tags":[1358,1357,1344],"class_list":["post-36888","post","type-post","status-publish","format-standard","hentry","category-notas","tag-canto-em-mim","tag-ep","tag-izabela-lima"],"jetpack_publicize_connections":[],"jetpack_sharing_enabled":true,"jetpack_featured_media_url":"","jetpack_shortlink":"https:\/\/wp.me\/p7wKYW-9AY","jetpack-related-posts":[],"_links":{"self":[{"href":"http:\/\/blogdalucianaoliveira.com.br\/blog\/wp-json\/wp\/v2\/posts\/36888","targetHints":{"allow":["GET"]}}],"collection":[{"href":"http:\/\/blogdalucianaoliveira.com.br\/blog\/wp-json\/wp\/v2\/posts"}],"about":[{"href":"http:\/\/blogdalucianaoliveira.com.br\/blog\/wp-json\/wp\/v2\/types\/post"}],"author":[{"embeddable":true,"href":"http:\/\/blogdalucianaoliveira.com.br\/blog\/wp-json\/wp\/v2\/users\/1"}],"replies":[{"embeddable":true,"href":"http:\/\/blogdalucianaoliveira.com.br\/blog\/wp-json\/wp\/v2\/comments?post=36888"}],"version-history":[{"count":1,"href":"http:\/\/blogdalucianaoliveira.com.br\/blog\/wp-json\/wp\/v2\/posts\/36888\/revisions"}],"predecessor-version":[{"id":36894,"href":"http:\/\/blogdalucianaoliveira.com.br\/blog\/wp-json\/wp\/v2\/posts\/36888\/revisions\/36894"}],"wp:attachment":[{"href":"http:\/\/blogdalucianaoliveira.com.br\/blog\/wp-json\/wp\/v2\/media?parent=36888"}],"wp:term":[{"taxonomy":"category","embeddable":true,"href":"http:\/\/blogdalucianaoliveira.com.br\/blog\/wp-json\/wp\/v2\/categories?post=36888"},{"taxonomy":"post_tag","embeddable":true,"href":"http:\/\/blogdalucianaoliveira.com.br\/blog\/wp-json\/wp\/v2\/tags?post=36888"}],"curies":[{"name":"wp","href":"https:\/\/api.w.org\/{rel}","templated":true}]}}