{"id":36898,"date":"2025-06-06T11:02:55","date_gmt":"2025-06-06T15:02:55","guid":{"rendered":"https:\/\/blogdalucianaoliveira.com.br\/blog\/?p=36898"},"modified":"2025-06-06T11:02:55","modified_gmt":"2025-06-06T15:02:55","slug":"crencas-evangelica-e-de-matriz-africana-crescem-mas-religiao-catolica-ainda-predomina-no-brasil-aponta-ibge","status":"publish","type":"post","link":"http:\/\/blogdalucianaoliveira.com.br\/blog\/2025\/06\/06\/crencas-evangelica-e-de-matriz-africana-crescem-mas-religiao-catolica-ainda-predomina-no-brasil-aponta-ibge\/","title":{"rendered":"Cren\u00e7as evang\u00e9lica e de matriz africana crescem, mas religi\u00e3o cat\u00f3lica ainda predomina no Brasil, aponta IBGE"},"content":{"rendered":"<p><img data-recalc-dims=\"1\" loading=\"lazy\" decoding=\"async\" data-attachment-id=\"36899\" data-permalink=\"http:\/\/blogdalucianaoliveira.com.br\/blog\/2025\/06\/06\/crencas-evangelica-e-de-matriz-africana-crescem-mas-religiao-catolica-ainda-predomina-no-brasil-aponta-ibge\/img_2764\/\" data-orig-file=\"https:\/\/i0.wp.com\/blogdalucianaoliveira.com.br\/blog\/wp-content\/uploads\/2025\/06\/IMG_2764.jpeg?fit=750%2C536\" data-orig-size=\"750,536\" data-comments-opened=\"0\" data-image-meta=\"{&quot;aperture&quot;:&quot;0&quot;,&quot;credit&quot;:&quot;&quot;,&quot;camera&quot;:&quot;&quot;,&quot;caption&quot;:&quot;&quot;,&quot;created_timestamp&quot;:&quot;0&quot;,&quot;copyright&quot;:&quot;&quot;,&quot;focal_length&quot;:&quot;0&quot;,&quot;iso&quot;:&quot;0&quot;,&quot;shutter_speed&quot;:&quot;0&quot;,&quot;title&quot;:&quot;&quot;,&quot;orientation&quot;:&quot;0&quot;}\" data-image-title=\"IMG_2764\" data-image-description=\"\" data-image-caption=\"\" data-medium-file=\"https:\/\/i0.wp.com\/blogdalucianaoliveira.com.br\/blog\/wp-content\/uploads\/2025\/06\/IMG_2764.jpeg?fit=300%2C214\" data-large-file=\"https:\/\/i0.wp.com\/blogdalucianaoliveira.com.br\/blog\/wp-content\/uploads\/2025\/06\/IMG_2764.jpeg?fit=600%2C429\" class=\"alignnone size-medium wp-image-36899\" src=\"https:\/\/i0.wp.com\/blogdalucianaoliveira.com.br\/blog\/wp-content\/uploads\/2025\/06\/IMG_2764.jpeg?resize=300%2C214\" alt=\"\" width=\"300\" height=\"214\" srcset=\"https:\/\/i0.wp.com\/blogdalucianaoliveira.com.br\/blog\/wp-content\/uploads\/2025\/06\/IMG_2764.jpeg?resize=300%2C214 300w, https:\/\/i0.wp.com\/blogdalucianaoliveira.com.br\/blog\/wp-content\/uploads\/2025\/06\/IMG_2764.jpeg?resize=420%2C300 420w, https:\/\/i0.wp.com\/blogdalucianaoliveira.com.br\/blog\/wp-content\/uploads\/2025\/06\/IMG_2764.jpeg?w=750 750w\" sizes=\"auto, (max-width: 300px) 100vw, 300px\" \/><\/p>\n<h2 class=\"jeg_post_subtitle\">Pesquisa tamb\u00e9m re\u00fane dados sobre religiosidades ind\u00edgenas, espiritismo e pessoas que se declaram sem religi\u00e3o<\/h2>\n<p><!--more--><\/p>\n<p>Brasil de Fato &#8211; Dados do Censo 2022 divulgados nesta sexta-feira (6) revelam um crescimento no n\u00famero de pessoas que se declaram fi\u00e9is da f\u00e9 evang\u00e9lica e das religi\u00f5es de matriz africana, como umbanda e candombl\u00e9. Ainda assim, as informa\u00e7\u00f5es do Instituto Brasileiro de Geografia e Estat\u00edstica (IBGE) mostram que, apesar da tend\u00eancia de diminui\u00e7\u00e3o, o <a href=\"https:\/\/www.brasildefato.com.br\/2025\/04\/04\/carta-aos-bispos-catolicos-do-brasil\/\" data-type=\"link\" data-id=\"https:\/\/www.brasildefato.com.br\/2025\/04\/04\/carta-aos-bispos-catolicos-do-brasil\/\">catolicismo<\/a> segue predominante no Brasil, com prefer\u00eancia de 56,7% da popula\u00e7\u00e3o.<\/p>\n<p>A popula\u00e7\u00e3o evang\u00e9lica registrou um aumento de 5,2 pontos percentuais entre 2010 e 2022, passando de 21,7% para 26,9%. Essa expans\u00e3o \u00e9 observada no Brasil desde os anos 1940, com mais for\u00e7a entre os anos 2000 e 2010, quando subiu 6,5 pontos percentuais. Na \u00faltima d\u00e9cada, portanto, ela ocorreu de maneira menos acelerada.<\/p>\n<div class=\"jeg_ad jeg_ad_article jnews_content_inline_ads  \">\n<div class=\"ads-wrapper align-center \">\n<div class=\"ads_shortcode\">\n<div class=\"ads-region-container\" data-slot=\"artigos-leaderboard-incontent-1-mobile\" data-region=\"br\" data-slot-name=\"artigos-leaderboard-incontent-1-mobile-br\">\n<div id=\"div-gpt-ad-artigos-mobile_rectangle_mobile_1\" class=\"ad-slot\"><\/div>\n<\/div>\n<\/div>\n<\/div>\n<\/div>\n<p>Essa <a href=\"https:\/\/www.brasildefato.com.br\/2025\/02\/06\/a-nova-cruzada-da-extrema-direita-eventos-religiosos-preparam-jovens-para-o-poder\/\" data-type=\"link\" data-id=\"https:\/\/www.brasildefato.com.br\/2025\/02\/06\/a-nova-cruzada-da-extrema-direita-eventos-religiosos-preparam-jovens-para-o-poder\/\">presen\u00e7a evang\u00e9lica<\/a> mostrou-se mais acentuada na regi\u00e3o Norte, onde 36,8% da popula\u00e7\u00e3o com mais de 10 anos declarou fazer parte dessa f\u00e9. Em seguida, est\u00e1 o Centro-Oeste, com resultado de 31,4%. Em 244 munic\u00edpios a cren\u00e7a protestante representa o grupo religioso predominante, e em 58 deles \u00e9 professada por mais da metade dos moradores e moradoras.<\/p>\n<p>O Censo n\u00e3o faz uma leitura qualitativa desse movimento, e a resposta para a tend\u00eancia n\u00e3o envolve apenas um elemento e n\u00e3o pode ser simplificada. Ainda assim, a analista respons\u00e1vel pelo tema na pesquisa, Maria Goreth Santos, afirma que a tend\u00eancia pode sugerir crescimento de ades\u00e3o \u00e0 religi\u00e3o frente a uma abertura maior da f\u00e9 evang\u00e9lica para a sociedade, em contraponto aos costumes anteriores, que eram de mais isolamento.<\/p>\n<div class=\"jeg_ad jeg_ad_article jnews_content_inline_2_ads  \">\n<div class=\"ads-wrapper align-center \">\n<div class=\"ads_shortcode\">\n<div class=\"ads-region-container\" data-slot=\"artigos-leaderboard-incontent-2-mobile\" data-region=\"br\" data-slot-name=\"artigos-leaderboard-incontent-2-mobile-br\">\n<div id=\"div-gpt-ad-artigos-mobile_rectangle_mobile_2\" class=\"ad-slot\"><\/div>\n<\/div>\n<\/div>\n<\/div>\n<\/div>\n<p>\u201cN\u00e3o tenha d\u00favida de que a flexibiliza\u00e7\u00e3o de comportamentos e valores dos evang\u00e9licos atraia mais fi\u00e9is. Antes havia valores morais, \u00e9ticos muito acirrados, que faziam com que as pessoas n\u00e3o se identificassem tanto. Isso tem mudado bastante, principalmente com a influ\u00eancia dos evang\u00e9licos pentecostais, que trazem a perspectiva da teologia da prosperidade, o que flexibiliza um pouco um comportamento mais moralista, que antes fazia com que houvesse menos contato com as coisas da sociedade e com esses valores considerados por muitos anteriormente como mundanos\u201d, explica.<\/p>\n<p>As religi\u00f5es de <a href=\"https:\/\/www.brasildefato.com.br\/2025\/01\/21\/dia-de-combate-a-intolerancia-religiosa-reforca-luta-por-respeito-e-liberdade\/\" data-type=\"link\" data-id=\"https:\/\/www.brasildefato.com.br\/2025\/01\/21\/dia-de-combate-a-intolerancia-religiosa-reforca-luta-por-respeito-e-liberdade\/\">matriz africana<\/a>, que englobam umbanda, candombl\u00e9 e outras religi\u00f5es afro-brasileiras, tamb\u00e9m apresentaram um aumento expressivo, embora em menor propor\u00e7\u00e3o. O grupo saiu de 0,3% em 2010 para 1,0% em 2022, um crescimento de 0,7 ponto percentual. Essas religi\u00f5es t\u00eam sua maior concentra\u00e7\u00e3o nas regi\u00f5es Sul (1,6%) e sudeste (1,4%).<\/p>\n<div class=\"jeg_ad jeg_ad_article jnews_content_inline_3_ads  \">\n<div class=\"ads-wrapper align-center \">\n<div class=\"ads_shortcode\">\n<div class=\"ads-region-container\" data-slot=\"artigos-leaderboard-incontent-3-mobile\" data-region=\"br\" data-slot-name=\"artigos-leaderboard-incontent-3-mobile-br\">\n<div id=\"div-gpt-ad-artigos-mobile_rectangle_mobile_3\" class=\"ad-slot\"><\/div>\n<\/div>\n<\/div>\n<\/div>\n<\/div>\n<p>Maria Goreth Santos ressalta que, tamb\u00e9m neste caso, o censo n\u00e3o traz respostas definitivas sobre a mudan\u00e7a. Ainda assim, ela aponta que muitas pessoas que praticam as religi\u00f5es de matriz africana preferiam responder que eram esp\u00edritas em pesquisas anteriores, por medo de<a href=\"https:\/\/www.brasildefato.com.br\/2017\/11\/23\/o-que-a-intolerancia-religiosa-tem-a-ver-com-racismo\/\" data-type=\"link\" data-id=\"https:\/\/www.brasildefato.com.br\/2017\/11\/23\/o-que-a-intolerancia-religiosa-tem-a-ver-com-racismo\/\"> retalia\u00e7\u00e3o e viol\u00eancia<\/a>. Tamb\u00e9m entra na equa\u00e7\u00e3o a valoriza\u00e7\u00e3o maior que a sociedade tem destinado \u00e0 cultura afro-brasileira nos \u00faltimos anos.<\/p>\n<p>\u201cIsso \u00e9 mostrado com pesquisas qualitativas. Muitas pessoas n\u00e3o se declaravam umbandistas ou candomblecistas, mas sim como esp\u00edritas ou cat\u00f3licas, em fun\u00e7\u00e3o do medo, da vergonha, da retalia\u00e7\u00e3o. Os movimentos de valoriza\u00e7\u00e3o da cultura afro-brasileira e essa massiva campanha contra a intoler\u00e2ncia religiosa teve esse reflexo a\u00ed, sim\u201d, pontua.<\/p>\n<p>Os resultados expressam a diversidade e o dinamismo de cren\u00e7as no pa\u00eds e uma tend\u00eancia hist\u00f3rica que j\u00e1 vinha sendo observada nos censos anteriores. Em 1872, quando foi realizado o primeiro Censo do Brasil, mais de 99% da popula\u00e7\u00e3o se declarava <a href=\"https:\/\/www.brasildefato.com.br\/2025\/04\/21\/francisco-modernizou-igreja-catolica-relembre-medidas-e-falas-do-papa-consideradas-progressistas\/\" data-type=\"link\" data-id=\"https:\/\/www.brasildefato.com.br\/2025\/04\/21\/francisco-modernizou-igreja-catolica-relembre-medidas-e-falas-do-papa-consideradas-progressistas\/\">cat\u00f3lica<\/a>. Algumas diferen\u00e7as de metodologia, no entanto, tamb\u00e9m podem explicar parte do cen\u00e1rio.<\/p>\n<p>H\u00e1 150 anos, as duas \u00fanicas op\u00e7\u00f5es de resposta \u00e0 pergunta sobre religi\u00e3o eram \u201ccat\u00f3lico\u201d ou \u201cacat\u00f3lico\u201d. Al\u00e9m disso, todas as pessoas escravizadas foram contabilizadas automaticamente como fi\u00e9is do catolicismo, que era a religi\u00e3o oficial do imp\u00e9rio. Na ocasi\u00e3o, elas somavam mais de 1,5 milh\u00e3o, 15,2% do total de habitantes no territ\u00f3rio nacional. Entre 2010 e 2022, a queda foi de 8,3 pontos percentuais, passando de 65,0% para 56,7%.<\/p>\n<p>No entanto, a Igreja Cat\u00f3lica ainda mant\u00e9m hegemonia em todas as regi\u00f5es do pa\u00eds, sendo mais concentrada no Nordeste (63,9%) e no Sul (62,4%). Em 5.322 munic\u00edpios, cat\u00f3licos e cat\u00f3licas s\u00e3o o grupo religioso predominante, e, em 4.881 munic\u00edpios, representam mais da metade da popula\u00e7\u00e3o. Em 20 cidades, a propor\u00e7\u00e3o de cat\u00f3licos ultrapassa 95%, 14 delas est\u00e3o no Rio Grande do Sul,<\/p>\n<p>Os dados do Censo 2022 mostram ainda que a religi\u00e3o esp\u00edrita tamb\u00e9m apresentou decl\u00ednio de 0,3 ponto percentual, passando de 2,1% em 2010 para 1,8% em 2022. A maior concentra\u00e7\u00e3o est\u00e1 na regi\u00e3o Sudeste (2,7%). A pesquisa mostrou tamb\u00e9m um aumento de 1,3 ponto percentual na popula\u00e7\u00e3o que se declara sem religi\u00e3o, que saiu de 7,9% para 9,3%.<\/p>\n<p>Desde 2000, o Censo introduziu as religiosidades ind\u00edgenas no question\u00e1rio de perguntas. Em 2022, a propor\u00e7\u00e3o de pessoas que se declararam adeptas dessas tradi\u00e7\u00f5es \u00e9 de 0,1% da popula\u00e7\u00e3o com 10 anos ou mais. O grupo possui presen\u00e7a mais not\u00e1vel em Roraima, que registrou o maior resultado entre as Unidades da Federa\u00e7\u00e3o, com 1,7%.<\/p>\n<p>Em rela\u00e7\u00e3o ao acesso \u00e0 internet domiciliar, o Censo 2022 revela que os esp\u00edritas s\u00e3o o grupo com a maior propor\u00e7\u00e3o de conex\u00f5es em casa, atingindo 96,6%. As religi\u00f5es de Umbanda e Candombl\u00e9 tamb\u00e9m se destacam, com 94,3% de seus adeptos com internet no domic\u00edlio.<\/p>\n<p>Os <a href=\"https:\/\/www.brasildefato.com.br\/2024\/10\/14\/fe-em-disputa-brasil-de-fato-estreia-serie-sobre-a-ascensao-dos-evangelicos-no-pais\/\" data-type=\"link\" data-id=\"https:\/\/www.brasildefato.com.br\/2024\/10\/14\/fe-em-disputa-brasil-de-fato-estreia-serie-sobre-a-ascensao-dos-evangelicos-no-pais\/\">evang\u00e9licos<\/a> (90,5%) e os sem religi\u00e3o (90,2%) tamb\u00e9m registram altos percentuais. O menor percentual de acesso \u00e0 internet foi observado entre os adeptos das tradi\u00e7\u00f5es ind\u00edgenas, com 52,9%.<\/p>\n<h2 class=\"wp-block-heading\">Ra\u00e7a e g\u00eanero<\/h2>\n<p>O censo 2022 traz as informa\u00e7\u00f5es sobre ra\u00e7a organizadas tanto pelo percentual de grupos raciais em cada religi\u00e3o quanto pela presen\u00e7a dos grupos religiosos em cada recorte de ra\u00e7a. A an\u00e1lise bidirecional da intersec\u00e7\u00e3o entre os dois temas possibilita uma compreens\u00e3o mais ampla da diversidade demogr\u00e1fica do Brasil.<\/p>\n<p>Entre as pessoas que se autodeclararam brancas, 60,2% disseram ser cat\u00f3licas e 23,5% evang\u00e9licas. No grupo da popula\u00e7\u00e3o preta, 30,0% se identificaram como evang\u00e9licas, e 2,3% como praticantes da umbanda e candombl\u00e9, sendo este o maior percentual para o grupo religioso em rela\u00e7\u00e3o \u00e0 cor ou ra\u00e7a.<\/p>\n<p>J\u00e1 em meio as que se declararam pardas, 29,3% afirmaram ser evang\u00e9licas. O grupo de pessoas amarelas teve 16,2% de respondentes que afirmaram ser \u201csem religi\u00e3o\u201d, resultado mais expressivo para esse grupo racial. Entre ind\u00edgenas, 42,7% eram cat\u00f3licas e 32,2% eram evang\u00e9licas.<\/p>\n<p>O segundo tipo de an\u00e1lise aponta que 42,9% das pessoas cat\u00f3licas se autodeclaram brancas e 44% pardas. Na popula\u00e7\u00e3o evang\u00e9lica, 49% eram pardas. Nas religi\u00f5es de matriz africana, 42,9% eram brancas e 33,2% pardas. J\u00e1 a popula\u00e7\u00e3o que se declara de tradi\u00e7\u00f5es ind\u00edgenas \u00e9 composta em 74,5% por ind\u00edgenas.<\/p>\n<p>No que diz respeito ao g\u00eanero, h\u00e1 varia\u00e7\u00f5es entre os grupos religiosos. As religi\u00f5es cat\u00f3lica (49,0% homens, 51,0%, mulheres) e tradi\u00e7\u00f5es Ind\u00edgenas (50,9% homens, 49,1%, mulheres) apresentaram uma distribui\u00e7\u00e3o mais equitativa de g\u00eanero.<\/p>\n<p>Por outro lado, as religi\u00f5es evang\u00e9licas (44,6% homens, 55,4%, mulheres), esp\u00edrita (39,4% homens, 60,6%, mulheres), e umbanda e candombl\u00e9 (43,3% homens, 56,7%, mulheres) mostram uma predomin\u00e2ncia feminina. Curiosamente, o grupo \u201csem religi\u00e3o\u201d se destaca por ter uma maior propor\u00e7\u00e3o de homens (56,2%) em compara\u00e7\u00e3o com mulheres (43,8%).<\/p>\n<h2 class=\"wp-block-heading\">Educa\u00e7\u00e3o<\/h2>\n<p>Os grupos com as menores taxas de analfabetismo (para pessoas de 15 anos ou mais) foram os esp\u00edritas (1,0%) e os umbandistas\/candomblecistas (2,4%). Em contraste, os adeptos das tradi\u00e7\u00f5es Ind\u00edgenas (24,6%) e os cat\u00f3licos (7,8%) registraram as maiores taxas de analfabetismo.<\/p>\n<p>Entre as pessoas de 25 anos ou mais, os esp\u00edritas se destacam com o menor percentual de indiv\u00edduos sem instru\u00e7\u00e3o e com ensino fundamental incompleto (11,3%) e o maior percentual com n\u00edvel superior completo (48,0%). Os umbandistas e candomblecistas aparecem em segundo lugar com 25,5% de pessoas com n\u00edvel superior completo.<\/p>\n<p>J\u00e1 entre os cat\u00f3licos, 38,0% n\u00e3o possuem instru\u00e7\u00e3o ou t\u00eam ensino fundamental incompleto, e 18,0% possuem n\u00edvel superior completo. Os evang\u00e9licos (14,4%) e os de tradi\u00e7\u00f5es Ind\u00edgenas (12,2%) s\u00e3o os grupos com os menores percentuais de fi\u00e9is com n\u00edvel superior.<\/p>\n<div class=\"jeg_meta_post_footer\">\n<div class=\"jeg_meta_editors\">Editado por: Geisa Marques<\/div>\n<\/div>\n","protected":false},"excerpt":{"rendered":"<p>Pesquisa tamb\u00e9m re\u00fane dados sobre religiosidades ind\u00edgenas, espiritismo e pessoas que se declaram sem religi\u00e3o<\/p>\n","protected":false},"author":1,"featured_media":0,"comment_status":"closed","ping_status":"open","sticky":false,"template":"","format":"standard","meta":{"_exactmetrics_skip_tracking":false,"_exactmetrics_sitenote_active":false,"_exactmetrics_sitenote_note":"","_exactmetrics_sitenote_category":0,"jetpack_post_was_ever_published":false,"_jetpack_newsletter_access":"","_jetpack_dont_email_post_to_subs":false,"_jetpack_newsletter_tier_id":0,"_jetpack_memberships_contains_paywalled_content":false,"_jetpack_memberships_contains_paid_content":false,"footnotes":"","jetpack_publicize_message":"","jetpack_publicize_feature_enabled":true,"jetpack_social_post_already_shared":true,"jetpack_social_options":{"image_generator_settings":{"template":"highway","enabled":false},"version":2}},"categories":[1],"tags":[1361,1362,1360],"class_list":["post-36898","post","type-post","status-publish","format-standard","hentry","category-notas","tag-catolica","tag-censo","tag-religioes"],"jetpack_publicize_connections":[],"jetpack_sharing_enabled":true,"jetpack_featured_media_url":"","jetpack_shortlink":"https:\/\/wp.me\/p7wKYW-9B8","jetpack-related-posts":[],"_links":{"self":[{"href":"http:\/\/blogdalucianaoliveira.com.br\/blog\/wp-json\/wp\/v2\/posts\/36898","targetHints":{"allow":["GET"]}}],"collection":[{"href":"http:\/\/blogdalucianaoliveira.com.br\/blog\/wp-json\/wp\/v2\/posts"}],"about":[{"href":"http:\/\/blogdalucianaoliveira.com.br\/blog\/wp-json\/wp\/v2\/types\/post"}],"author":[{"embeddable":true,"href":"http:\/\/blogdalucianaoliveira.com.br\/blog\/wp-json\/wp\/v2\/users\/1"}],"replies":[{"embeddable":true,"href":"http:\/\/blogdalucianaoliveira.com.br\/blog\/wp-json\/wp\/v2\/comments?post=36898"}],"version-history":[{"count":1,"href":"http:\/\/blogdalucianaoliveira.com.br\/blog\/wp-json\/wp\/v2\/posts\/36898\/revisions"}],"predecessor-version":[{"id":36900,"href":"http:\/\/blogdalucianaoliveira.com.br\/blog\/wp-json\/wp\/v2\/posts\/36898\/revisions\/36900"}],"wp:attachment":[{"href":"http:\/\/blogdalucianaoliveira.com.br\/blog\/wp-json\/wp\/v2\/media?parent=36898"}],"wp:term":[{"taxonomy":"category","embeddable":true,"href":"http:\/\/blogdalucianaoliveira.com.br\/blog\/wp-json\/wp\/v2\/categories?post=36898"},{"taxonomy":"post_tag","embeddable":true,"href":"http:\/\/blogdalucianaoliveira.com.br\/blog\/wp-json\/wp\/v2\/tags?post=36898"}],"curies":[{"name":"wp","href":"https:\/\/api.w.org\/{rel}","templated":true}]}}