{"id":36901,"date":"2025-06-09T11:41:40","date_gmt":"2025-06-09T15:41:40","guid":{"rendered":"https:\/\/blogdalucianaoliveira.com.br\/blog\/?p=36901"},"modified":"2025-06-09T11:41:40","modified_gmt":"2025-06-09T15:41:40","slug":"israel-prepara-prisao-de-ativistas-da-flotilha-da-liberdade","status":"publish","type":"post","link":"http:\/\/blogdalucianaoliveira.com.br\/blog\/2025\/06\/09\/israel-prepara-prisao-de-ativistas-da-flotilha-da-liberdade\/","title":{"rendered":"Israel prepara pris\u00e3o de ativistas da Flotilha da Liberdade"},"content":{"rendered":"<p><img data-recalc-dims=\"1\" loading=\"lazy\" decoding=\"async\" data-attachment-id=\"36902\" data-permalink=\"http:\/\/blogdalucianaoliveira.com.br\/blog\/2025\/06\/09\/israel-prepara-prisao-de-ativistas-da-flotilha-da-liberdade\/img_2844\/\" data-orig-file=\"https:\/\/i0.wp.com\/blogdalucianaoliveira.com.br\/blog\/wp-content\/uploads\/2025\/06\/IMG_2844.webp?fit=500%2C240\" data-orig-size=\"500,240\" data-comments-opened=\"0\" data-image-meta=\"{&quot;aperture&quot;:&quot;0&quot;,&quot;credit&quot;:&quot;&quot;,&quot;camera&quot;:&quot;&quot;,&quot;caption&quot;:&quot;&quot;,&quot;created_timestamp&quot;:&quot;0&quot;,&quot;copyright&quot;:&quot;&quot;,&quot;focal_length&quot;:&quot;0&quot;,&quot;iso&quot;:&quot;0&quot;,&quot;shutter_speed&quot;:&quot;0&quot;,&quot;title&quot;:&quot;&quot;,&quot;orientation&quot;:&quot;0&quot;}\" data-image-title=\"IMG_2844\" data-image-description=\"\" data-image-caption=\"\" data-medium-file=\"https:\/\/i0.wp.com\/blogdalucianaoliveira.com.br\/blog\/wp-content\/uploads\/2025\/06\/IMG_2844.webp?fit=300%2C144\" data-large-file=\"https:\/\/i0.wp.com\/blogdalucianaoliveira.com.br\/blog\/wp-content\/uploads\/2025\/06\/IMG_2844.webp?fit=500%2C240\" class=\"alignnone size-medium wp-image-36902\" src=\"https:\/\/i0.wp.com\/blogdalucianaoliveira.com.br\/blog\/wp-content\/uploads\/2025\/06\/IMG_2844.webp?resize=300%2C144\" alt=\"\" width=\"300\" height=\"144\" srcset=\"https:\/\/i0.wp.com\/blogdalucianaoliveira.com.br\/blog\/wp-content\/uploads\/2025\/06\/IMG_2844.webp?resize=300%2C144 300w, https:\/\/i0.wp.com\/blogdalucianaoliveira.com.br\/blog\/wp-content\/uploads\/2025\/06\/IMG_2844.webp?w=500 500w\" sizes=\"auto, (max-width: 300px) 100vw, 300px\" \/><\/p>\n<h2 class=\"article__lead\">Segundo o Ex\u00e9rcito de Israel e outros ve\u00edculos de comunica\u00e7\u00e3o, os ativistas ser\u00e3o posteriormente deportados para seus pa\u00edses de origem<\/h2>\n<p><!--more--><\/p>\n<p><b>247 &#8211; <\/b>A Autoridade Penitenci\u00e1ria de Israel est\u00e1 mobilizada para deter os 12 ativistas internacionais capturados a bordo da embarca\u00e7\u00e3o de ajuda humanit\u00e1ria \u201cMaddeline\u201d, da Flotilha da Liberdade, interceptada pelas for\u00e7as armadas israelenses ao tentar romper o cerco \u00e0 Faixa de Gaza. De acordo com o jornal Israel Hayom, os militantes ficar\u00e3o detidos em celas separadas na pris\u00e3o de Givon, na cidade de Ramla, no centro do pa\u00eds, relata a <a href=\"https:\/\/www.aljazeera.net\/news\/2025\/6\/9\/%D8%B3%D9%81%D9%8A%D9%86%D8%A9-%D9%85%D8%A7%D8%AF%D9%84%D9%8A%D9%86-%D8%AA%D8%B5%D9%84-%D9%85%D9%8A%D9%86%D8%A7%D8%A1-%D8%A3%D8%B3%D8%AF%D9%88%D8%AF-%D8%A8%D8%B9%D8%AF\" target=\"_blank\" rel=\"noopener noreferrer\">Al Jazeera<\/a>.<\/p>\n<p>A opera\u00e7\u00e3o de captura, conduzida por um comando militar na noite de domingo (8), culminou com a chegada for\u00e7ada do navio ao porto de Ashdod, sob controle israelense. A a\u00e7\u00e3o militar impediu que o barco alcan\u00e7asse seu destino, em uma tentativa de entregar ajuda humanit\u00e1ria \u00e0 popula\u00e7\u00e3o civil de Gaza, cercada por um bloqueio imposto por Israel.<\/p>\n<p>Segundo a emissora p\u00fablica Kan, o ministro da Seguran\u00e7a Nacional, Itamar Ben Gvir, determinou medidas adicionais de repress\u00e3o nas unidades prisionais: os ativistas n\u00e3o ter\u00e3o acesso a aparelhos de r\u00e1dio, televis\u00e3o ou comunica\u00e7\u00e3o, e qualquer item com s\u00edmbolos palestinos estar\u00e1 proibido.<\/p>\n<p>A organiza\u00e7\u00e3o de direitos humanos israelense Adalah exigiu que as autoridades revelem imediatamente o paradeiro dos detidos, que segundo o Ex\u00e9rcito de Israel est\u00e3o \u201ctodos ilesos\u201d e seriam posteriormente repatriados para seus pa\u00edses de origem. Os ativistas s\u00e3o procedentes de Fran\u00e7a, Alemanha, Brasil, Turquia, Su\u00e9cia, Espanha e Holanda.<\/p>\n<p>O Ex\u00e9rcito divulgou imagens do momento da pris\u00e3o dos estrangeiros e informou que, antes de qualquer libera\u00e7\u00e3o, os detidos ser\u00e3o interrogados em uma base militar em Ashdod. Al\u00e9m disso, ser\u00e1 exibido a eles um v\u00eddeo sobre os ataques de 7 de outubro de 2023, data em que o Hamas lan\u00e7ou ofensiva contra Israel, dando in\u00edcio \u00e0 atual fase do conflito.<\/p>\n<p>Rea\u00e7\u00f5es globais denunciam \u201cpirataria\u201d e crimes de guerra &#8211; A opera\u00e7\u00e3o israelense contra a \u201cMaddeline\u201d gerou forte rea\u00e7\u00e3o internacional. O Minist\u00e9rio das Rela\u00e7\u00f5es Exteriores da Espanha convocou o representante diplom\u00e1tico de Israel para prestar explica\u00e7\u00f5es.<\/p>\n<p>O Ir\u00e3 classificou o epis\u00f3dio como um \u201cato de pirataria\u201d, alegando que a abordagem ocorreu em \u00e1guas internacionais. \u201cO ataque a esta embarca\u00e7\u00e3o \u00e9 uma forma de pirataria, segundo o direito internacional\u201d, disse o porta-voz da chancelaria iraniana, Esmail Baghaei, em coletiva em Teer\u00e3.<\/p>\n<p>A Turquia tamb\u00e9m condenou a a\u00e7\u00e3o e declarou que Israel \u201cdemonstra mais uma vez que age como um Estado terrorista\u201d. A Anistia Internacional refor\u00e7ou a acusa\u00e7\u00e3o de que Israel violou normas internacionais ao impedir a entrega de ajuda humanit\u00e1ria a Gaza e afirmou que, como pot\u00eancia ocupante, o pa\u00eds tem o dever de garantir a entrada de alimentos e medicamentos para os civis palestinos.<\/p>\n<p>O Minist\u00e9rio das Rela\u00e7\u00f5es Exteriores do Brasil divulgou nota oficial exigindo a liberta\u00e7\u00e3o imediata dos ativistas a bordo da embarca\u00e7\u00e3o Madleen. Entre os 12 tripulantes est\u00e1 o brasileiro Thiago \u00c1vila.<\/p>\n<p>A Coaliz\u00e3o Internacional para Romper o Cerco a Gaza chamou Israel de \u201cEstado criminoso de guerra\u201d e apelou pelo envio imediato de novas embarca\u00e7\u00f5es humanit\u00e1rias. A relatora da ONU para os Direitos Humanos nos Territ\u00f3rios Palestinos Ocupados, Francesca Albanese, manifestou apoio \u00e0 miss\u00e3o da &#8220;Maddeline&#8221; e pediu que novos navios desafiem o bloqueio.<\/p>\n<p>A Jihad Isl\u00e2mica, por sua vez, classificou a abordagem da embarca\u00e7\u00e3o como uma viola\u00e7\u00e3o flagrante do direito internacional.<\/p>\n<p>A \u201cMaddeline\u201d partiu da It\u00e1lia no dia 1\u00ba de junho com o objetivo declarado de romper o bloqueio \u00e0 Faixa de Gaza, onde mais de dois milh\u00f5es de pessoas enfrentam uma das mais graves crises humanit\u00e1rias do planeta.<\/p>\n","protected":false},"excerpt":{"rendered":"<p>Segundo o Ex\u00e9rcito de Israel e outros ve\u00edculos de comunica\u00e7\u00e3o, os ativistas ser\u00e3o posteriormente deportados para seus pa\u00edses de origem<\/p>\n","protected":false},"author":1,"featured_media":0,"comment_status":"closed","ping_status":"open","sticky":false,"template":"","format":"standard","meta":{"_exactmetrics_skip_tracking":false,"_exactmetrics_sitenote_active":false,"_exactmetrics_sitenote_note":"","_exactmetrics_sitenote_category":0,"jetpack_post_was_ever_published":false,"_jetpack_newsletter_access":"","_jetpack_dont_email_post_to_subs":false,"_jetpack_newsletter_tier_id":0,"_jetpack_memberships_contains_paywalled_content":false,"_jetpack_memberships_contains_paid_content":false,"footnotes":"","jetpack_publicize_message":"","jetpack_publicize_feature_enabled":true,"jetpack_social_post_already_shared":true,"jetpack_social_options":{"image_generator_settings":{"template":"highway","enabled":false},"version":2}},"categories":[1],"tags":[],"class_list":["post-36901","post","type-post","status-publish","format-standard","hentry","category-notas"],"jetpack_publicize_connections":[],"jetpack_sharing_enabled":true,"jetpack_featured_media_url":"","jetpack_shortlink":"https:\/\/wp.me\/p7wKYW-9Bb","jetpack-related-posts":[],"_links":{"self":[{"href":"http:\/\/blogdalucianaoliveira.com.br\/blog\/wp-json\/wp\/v2\/posts\/36901","targetHints":{"allow":["GET"]}}],"collection":[{"href":"http:\/\/blogdalucianaoliveira.com.br\/blog\/wp-json\/wp\/v2\/posts"}],"about":[{"href":"http:\/\/blogdalucianaoliveira.com.br\/blog\/wp-json\/wp\/v2\/types\/post"}],"author":[{"embeddable":true,"href":"http:\/\/blogdalucianaoliveira.com.br\/blog\/wp-json\/wp\/v2\/users\/1"}],"replies":[{"embeddable":true,"href":"http:\/\/blogdalucianaoliveira.com.br\/blog\/wp-json\/wp\/v2\/comments?post=36901"}],"version-history":[{"count":1,"href":"http:\/\/blogdalucianaoliveira.com.br\/blog\/wp-json\/wp\/v2\/posts\/36901\/revisions"}],"predecessor-version":[{"id":36903,"href":"http:\/\/blogdalucianaoliveira.com.br\/blog\/wp-json\/wp\/v2\/posts\/36901\/revisions\/36903"}],"wp:attachment":[{"href":"http:\/\/blogdalucianaoliveira.com.br\/blog\/wp-json\/wp\/v2\/media?parent=36901"}],"wp:term":[{"taxonomy":"category","embeddable":true,"href":"http:\/\/blogdalucianaoliveira.com.br\/blog\/wp-json\/wp\/v2\/categories?post=36901"},{"taxonomy":"post_tag","embeddable":true,"href":"http:\/\/blogdalucianaoliveira.com.br\/blog\/wp-json\/wp\/v2\/tags?post=36901"}],"curies":[{"name":"wp","href":"https:\/\/api.w.org\/{rel}","templated":true}]}}