{"id":36905,"date":"2025-06-09T14:09:32","date_gmt":"2025-06-09T18:09:32","guid":{"rendered":"https:\/\/blogdalucianaoliveira.com.br\/blog\/?p=36905"},"modified":"2025-06-09T14:09:32","modified_gmt":"2025-06-09T18:09:32","slug":"projeto-conectando-periferias-leva-cultura-hip-hop-a-escola-no-orgulho-do-madeira","status":"publish","type":"post","link":"http:\/\/blogdalucianaoliveira.com.br\/blog\/2025\/06\/09\/projeto-conectando-periferias-leva-cultura-hip-hop-a-escola-no-orgulho-do-madeira\/","title":{"rendered":"Projeto Conectando Periferias leva cultura hip-hop a escola no Orgulho do Madeira"},"content":{"rendered":"<p><img data-recalc-dims=\"1\" loading=\"lazy\" decoding=\"async\" data-attachment-id=\"36906\" data-permalink=\"http:\/\/blogdalucianaoliveira.com.br\/blog\/2025\/06\/09\/projeto-conectando-periferias-leva-cultura-hip-hop-a-escola-no-orgulho-do-madeira\/dcf78238-a452-44f1-80ba-8ef63d189deb\/\" data-orig-file=\"https:\/\/i0.wp.com\/blogdalucianaoliveira.com.br\/blog\/wp-content\/uploads\/2025\/06\/dcf78238-a452-44f1-80ba-8ef63d189deb.jpeg?fit=1170%2C391\" data-orig-size=\"1170,391\" data-comments-opened=\"0\" data-image-meta=\"{&quot;aperture&quot;:&quot;0&quot;,&quot;credit&quot;:&quot;&quot;,&quot;camera&quot;:&quot;&quot;,&quot;caption&quot;:&quot;&quot;,&quot;created_timestamp&quot;:&quot;1749304931&quot;,&quot;copyright&quot;:&quot;&quot;,&quot;focal_length&quot;:&quot;0&quot;,&quot;iso&quot;:&quot;0&quot;,&quot;shutter_speed&quot;:&quot;0&quot;,&quot;title&quot;:&quot;&quot;,&quot;orientation&quot;:&quot;0&quot;}\" data-image-title=\"dcf78238-a452-44f1-80ba-8ef63d189deb\" data-image-description=\"\" data-image-caption=\"\" data-medium-file=\"https:\/\/i0.wp.com\/blogdalucianaoliveira.com.br\/blog\/wp-content\/uploads\/2025\/06\/dcf78238-a452-44f1-80ba-8ef63d189deb.jpeg?fit=300%2C100\" data-large-file=\"https:\/\/i0.wp.com\/blogdalucianaoliveira.com.br\/blog\/wp-content\/uploads\/2025\/06\/dcf78238-a452-44f1-80ba-8ef63d189deb.jpeg?fit=600%2C200\" class=\"alignnone size-medium wp-image-36906\" src=\"https:\/\/i0.wp.com\/blogdalucianaoliveira.com.br\/blog\/wp-content\/uploads\/2025\/06\/dcf78238-a452-44f1-80ba-8ef63d189deb.jpeg?resize=300%2C100\" alt=\"\" width=\"300\" height=\"100\" srcset=\"https:\/\/i0.wp.com\/blogdalucianaoliveira.com.br\/blog\/wp-content\/uploads\/2025\/06\/dcf78238-a452-44f1-80ba-8ef63d189deb.jpeg?resize=300%2C100 300w, https:\/\/i0.wp.com\/blogdalucianaoliveira.com.br\/blog\/wp-content\/uploads\/2025\/06\/dcf78238-a452-44f1-80ba-8ef63d189deb.jpeg?resize=1024%2C342 1024w, https:\/\/i0.wp.com\/blogdalucianaoliveira.com.br\/blog\/wp-content\/uploads\/2025\/06\/dcf78238-a452-44f1-80ba-8ef63d189deb.jpeg?resize=768%2C257 768w, https:\/\/i0.wp.com\/blogdalucianaoliveira.com.br\/blog\/wp-content\/uploads\/2025\/06\/dcf78238-a452-44f1-80ba-8ef63d189deb.jpeg?resize=800%2C267 800w, https:\/\/i0.wp.com\/blogdalucianaoliveira.com.br\/blog\/wp-content\/uploads\/2025\/06\/dcf78238-a452-44f1-80ba-8ef63d189deb.jpeg?w=1170 1170w\" sizes=\"auto, (max-width: 300px) 100vw, 300px\" \/><\/p>\n<p>Evento destaca a m\u00fasica rap com shows de artistas do Acre e diferentes cidades de Rond\u00f4nia, al\u00e9m de palestra do renomado rapper Eduardo Taddeo<!--more--><\/p>\n<p>O projeto Conectando Periferias 2025 ser\u00e1 realizado no dia 21 de junho na Escola Maria Francisca de Jesus, no bairro Orgulho do Madeira, em Porto Velho, com apresenta\u00e7\u00f5es musicais e atividades voltadas \u00e0 valoriza\u00e7\u00e3o da cultura Hip-Hop.<\/p>\n<p>O evento est\u00e1 em sua terceira edi\u00e7\u00e3o e a programa\u00e7\u00e3o deste ano re\u00fane artistas de hip-hop, com shows, palestras e oficinas.<\/p>\n<p>Um dos destaques da programa\u00e7\u00e3o \u00e9 o rapper Nei Mura, conhecido nacionalmente por ter sido pioneiro em inserir temas e ritmos ind\u00edgenas na m\u00fasica rap. Mura far\u00e1 um show com letras sobre identidade, territ\u00f3rio e ancestralidade.<\/p>\n<p>Outro rapper que realizar\u00e1 um show com a tem\u00e1tica ind\u00edgena \u00e9 Txepo Suru\u00ed, que varia entre vertentes como trap e boom bap.<\/p>\n<p>Representantes da cena do rap do Acre tamb\u00e9m participar\u00e3o do evento. Kaemize, Fac\u00e7\u00e3o Urbana e Augusto do Hip Hop levar\u00e3o ao palco composi\u00e7\u00f5es que retratam o cotidiano das periferias da regi\u00e3o Norte.<\/p>\n<p>A iniciativa conta com a presen\u00e7a de artistas de diversos munic\u00edpios rondonienses. Est\u00e3o confirmadas as participa\u00e7\u00f5es de Mano Andr\u00e9, de Candeias do Jamari, e Pani\u00e1gua, de Rolim de Moura, al\u00e9m de nomes da capital, como Carlos Mossor\u00f3, Sandra Braids, Jhuka Andrade, B\u00e9ra Akillaz, King ST, Evandro Lorde, Nego C, Mano JK, F\u2019 Dois, Lobbo, Pugga ZS e Claudinho Agressor Verbal.<\/p>\n<p>O projeto tamb\u00e9m inclui a palestra do rapper e ativista Eduardo Taddeo, que abordar\u00e1 o papel da cultura perif\u00e9rica na transforma\u00e7\u00e3o social, com foco em educa\u00e7\u00e3o e oportunidades para jovens das comunidades urbanas.<\/p>\n<p>Eduardo Taddeo \u00e9 um dos principais nomes do rap brasileiro, dono de m\u00fasicas como \u201cDep\u00f3sito dos Rejeitados\u201d, \u201cSubst\u00e2ncia Venenosa\u201d e \u201cM\u00eas de Maio\u201d, todas elas com milh\u00f5es de visualiza\u00e7\u00f5es nas plataformas de streaming. O artista \u00e9 tamb\u00e9m formado em direito e um reconhecido palestrante. Com isso, vem a Porto Velho por iniciativa do Sindicato dos Servidores do Poder Judici\u00e1rio do Estado de Rond\u00f4nia (SINJUR) e da Universidade Federal de Rond\u00f4nia, representada pelo Bloco de A\u00e7\u00f5es em Rap, R\u00e1dio e Aus\u00eancias Sonoras (BARRAS\/UNIR).<\/p>\n<p>O Conectando Periferias 2025 tem como proposta promover o interc\u00e2mbio cultural entre regi\u00f5es perif\u00e9ricas da cidade de Porto Velho, bem ampliar a visibilidade de artistas independentes e fortalecer as express\u00f5es art\u00edsticas das periferias por meio da m\u00fasica, da palavra e da reflex\u00e3o. O evento conta com o tema \u201cProteger, incluir e desenvolver\u201d, buscando atrav\u00e9s desses pilares realizar a\u00e7\u00f5es que transformem a periferia.<\/p>\n","protected":false},"excerpt":{"rendered":"<p>Evento destaca a m\u00fasica rap com shows de artistas do Acre e diferentes cidades de Rond\u00f4nia, al\u00e9m de palestra do renomado rapper Eduardo Taddeo<\/p>\n","protected":false},"author":1,"featured_media":0,"comment_status":"closed","ping_status":"open","sticky":false,"template":"","format":"standard","meta":{"_exactmetrics_skip_tracking":false,"_exactmetrics_sitenote_active":false,"_exactmetrics_sitenote_note":"","_exactmetrics_sitenote_category":0,"jetpack_post_was_ever_published":false,"_jetpack_newsletter_access":"","_jetpack_dont_email_post_to_subs":false,"_jetpack_newsletter_tier_id":0,"_jetpack_memberships_contains_paywalled_content":false,"_jetpack_memberships_contains_paid_content":false,"footnotes":"","jetpack_publicize_message":"","jetpack_publicize_feature_enabled":true,"jetpack_social_post_already_shared":true,"jetpack_social_options":{"image_generator_settings":{"template":"highway","enabled":false},"version":2}},"categories":[1],"tags":[],"class_list":["post-36905","post","type-post","status-publish","format-standard","hentry","category-notas"],"jetpack_publicize_connections":[],"jetpack_sharing_enabled":true,"jetpack_featured_media_url":"","jetpack_shortlink":"https:\/\/wp.me\/p7wKYW-9Bf","jetpack-related-posts":[],"_links":{"self":[{"href":"http:\/\/blogdalucianaoliveira.com.br\/blog\/wp-json\/wp\/v2\/posts\/36905","targetHints":{"allow":["GET"]}}],"collection":[{"href":"http:\/\/blogdalucianaoliveira.com.br\/blog\/wp-json\/wp\/v2\/posts"}],"about":[{"href":"http:\/\/blogdalucianaoliveira.com.br\/blog\/wp-json\/wp\/v2\/types\/post"}],"author":[{"embeddable":true,"href":"http:\/\/blogdalucianaoliveira.com.br\/blog\/wp-json\/wp\/v2\/users\/1"}],"replies":[{"embeddable":true,"href":"http:\/\/blogdalucianaoliveira.com.br\/blog\/wp-json\/wp\/v2\/comments?post=36905"}],"version-history":[{"count":1,"href":"http:\/\/blogdalucianaoliveira.com.br\/blog\/wp-json\/wp\/v2\/posts\/36905\/revisions"}],"predecessor-version":[{"id":36907,"href":"http:\/\/blogdalucianaoliveira.com.br\/blog\/wp-json\/wp\/v2\/posts\/36905\/revisions\/36907"}],"wp:attachment":[{"href":"http:\/\/blogdalucianaoliveira.com.br\/blog\/wp-json\/wp\/v2\/media?parent=36905"}],"wp:term":[{"taxonomy":"category","embeddable":true,"href":"http:\/\/blogdalucianaoliveira.com.br\/blog\/wp-json\/wp\/v2\/categories?post=36905"},{"taxonomy":"post_tag","embeddable":true,"href":"http:\/\/blogdalucianaoliveira.com.br\/blog\/wp-json\/wp\/v2\/tags?post=36905"}],"curies":[{"name":"wp","href":"https:\/\/api.w.org\/{rel}","templated":true}]}}