{"id":36920,"date":"2025-06-10T18:31:34","date_gmt":"2025-06-10T22:31:34","guid":{"rendered":"https:\/\/blogdalucianaoliveira.com.br\/blog\/?p=36920"},"modified":"2025-06-10T18:31:34","modified_gmt":"2025-06-10T22:31:34","slug":"sentado-no-banco-dos-reus-bolsonaro-nega-tentativa-de-golpe-performa-cinismo-e-transforma-depoimento-em-ato-politico","status":"publish","type":"post","link":"http:\/\/blogdalucianaoliveira.com.br\/blog\/2025\/06\/10\/sentado-no-banco-dos-reus-bolsonaro-nega-tentativa-de-golpe-performa-cinismo-e-transforma-depoimento-em-ato-politico\/","title":{"rendered":"Sentado no banco dos r\u00e9us, Bolsonaro nega tentativa de golpe, performa cinismo e transforma depoimento em ato pol\u00edtico"},"content":{"rendered":"<p><img data-recalc-dims=\"1\" loading=\"lazy\" decoding=\"async\" data-attachment-id=\"36921\" data-permalink=\"http:\/\/blogdalucianaoliveira.com.br\/blog\/2025\/06\/10\/sentado-no-banco-dos-reus-bolsonaro-nega-tentativa-de-golpe-performa-cinismo-e-transforma-depoimento-em-ato-politico\/img_2881\/\" data-orig-file=\"https:\/\/i0.wp.com\/blogdalucianaoliveira.com.br\/blog\/wp-content\/uploads\/2025\/06\/IMG_2881.webp?fit=500%2C240\" data-orig-size=\"500,240\" data-comments-opened=\"0\" data-image-meta=\"{&quot;aperture&quot;:&quot;0&quot;,&quot;credit&quot;:&quot;&quot;,&quot;camera&quot;:&quot;&quot;,&quot;caption&quot;:&quot;&quot;,&quot;created_timestamp&quot;:&quot;0&quot;,&quot;copyright&quot;:&quot;&quot;,&quot;focal_length&quot;:&quot;0&quot;,&quot;iso&quot;:&quot;0&quot;,&quot;shutter_speed&quot;:&quot;0&quot;,&quot;title&quot;:&quot;&quot;,&quot;orientation&quot;:&quot;0&quot;}\" data-image-title=\"IMG_2881\" data-image-description=\"\" data-image-caption=\"\" data-medium-file=\"https:\/\/i0.wp.com\/blogdalucianaoliveira.com.br\/blog\/wp-content\/uploads\/2025\/06\/IMG_2881.webp?fit=300%2C144\" data-large-file=\"https:\/\/i0.wp.com\/blogdalucianaoliveira.com.br\/blog\/wp-content\/uploads\/2025\/06\/IMG_2881.webp?fit=500%2C240\" class=\"alignnone size-medium wp-image-36921\" src=\"https:\/\/i0.wp.com\/blogdalucianaoliveira.com.br\/blog\/wp-content\/uploads\/2025\/06\/IMG_2881.webp?resize=300%2C144\" alt=\"\" width=\"300\" height=\"144\" srcset=\"https:\/\/i0.wp.com\/blogdalucianaoliveira.com.br\/blog\/wp-content\/uploads\/2025\/06\/IMG_2881.webp?resize=300%2C144 300w, https:\/\/i0.wp.com\/blogdalucianaoliveira.com.br\/blog\/wp-content\/uploads\/2025\/06\/IMG_2881.webp?w=500 500w\" sizes=\"auto, (max-width: 300px) 100vw, 300px\" \/><\/p>\n<h2 class=\"article__lead\">Mentor do golpe adota tom contido, fala ao seu p\u00fablico e mente sobre 8 de janeiro; provas reunidas pela PF sustentam acusa\u00e7\u00e3o de tentativa de golpe<\/h2>\n<p><!--more--><\/p>\n<p>247, por Aquiles Lins &#8211; O interrogat\u00f3rio de Jair Bolsonaro nesta ter\u00e7a-feira (10) marca um momento hist\u00f3rico para a democracia brasileira. Um ex-presidente eleito pelo voto direto dep\u00f4s como r\u00e9u, acusado de tentar subverter o regime democr\u00e1tico. O Brasil mostra ao mundo que \u00e9 capaz de processar e punir, dentro do Estado Democr\u00e1tico de Direito, quem investe contra as institui\u00e7\u00f5es.<\/p>\n<p>Durante a oitiva conduzida pelo ministro Alexandre de Moraes, Bolsonaro buscou adotar uma postura moderada. Com tom sereno, tentou parecer civilizado e razo\u00e1vel. Recusou-se a confrontos, evitou pol\u00eamicas, e fez o poss\u00edvel para parecer um pol\u00edtico equilibrado. Essa encena\u00e7\u00e3o foi cuidadosamente dirigida ao seu p\u00fablico, que o acompanha com fidelidade e ainda contesta os resultados das elei\u00e7\u00f5es de 2022.<\/p>\n<p>Em seu discurso, Bolsonaro negou qualquer articula\u00e7\u00e3o golpista. Disse que nunca cogitou um golpe e chamou a ideia de &#8220;danosa para o Brasil&#8221;. Afirmou que jamais atuou fora da Constitui\u00e7\u00e3o e que n\u00e3o pressionou as For\u00e7as Armadas ou seus ministros. Negou ter conhecimento da opera\u00e7\u00e3o da PRF para dificultar o voto no Nordeste, bem como participa\u00e7\u00e3o na elabora\u00e7\u00e3o da minuta de golpe apresentada por seu ex-ajudante de ordens, Mauro Cid.<\/p>\n<p>Essas negativas n\u00e3o se sustentam diante das provas. H\u00e1 registros de reuni\u00f5es, trocas de mensagens, documentos apreendidos e dela\u00e7\u00f5es que apontam o envolvimento direto de Bolsonaro na tentativa de reverter o resultado das elei\u00e7\u00f5es. O relato de Mauro Cid, segundo o qual o ent\u00e3o presidente sugeriu altera\u00e7\u00f5es no texto da minuta para incluir a pris\u00e3o de ministros do STF, refor\u00e7a o papel ativo de Bolsonaro na trama.<\/p>\n<p>Ao negar envolvimento e apelar \u00e0 sua suposta lealdade \u00e0 Constitui\u00e7\u00e3o, Bolsonaro mente. Mente tamb\u00e9m ao afirmar que n\u00e3o teve responsabilidade sobre os atos de 8 de janeiro. O que houve ali foi a materializa\u00e7\u00e3o da ret\u00f3rica que ele mesmo alimentou durante meses, por meio de discursos que instigavam o descr\u00e9dito nas urnas, no Supremo Tribunal Federal e no processo eleitoral.<\/p>\n<p>O depoimento de Bolsonaro entra para a hist\u00f3ria como s\u00edmbolo da maturidade institucional do pa\u00eds. A democracia brasileira, embora constantemente amea\u00e7ada, d\u00e1 sinais de que \u00e9 capaz de reagir com firmeza. O interrogat\u00f3rio \u00e9 uma etapa importante do processo, mas as provas j\u00e1 reunidas s\u00e3o suficientemente robustas para sustentar sua condena\u00e7\u00e3o.<\/p>\n","protected":false},"excerpt":{"rendered":"<p>Mentor do golpe adota tom contido, fala ao seu p\u00fablico e mente sobre 8 de janeiro; provas reunidas pela PF sustentam acusa\u00e7\u00e3o de tentativa de golpe<\/p>\n","protected":false},"author":1,"featured_media":0,"comment_status":"closed","ping_status":"open","sticky":false,"template":"","format":"standard","meta":{"_exactmetrics_skip_tracking":false,"_exactmetrics_sitenote_active":false,"_exactmetrics_sitenote_note":"","_exactmetrics_sitenote_category":0,"jetpack_post_was_ever_published":false,"_jetpack_newsletter_access":"","_jetpack_dont_email_post_to_subs":false,"_jetpack_newsletter_tier_id":0,"_jetpack_memberships_contains_paywalled_content":false,"_jetpack_memberships_contains_paid_content":false,"footnotes":"","jetpack_publicize_message":"","jetpack_publicize_feature_enabled":true,"jetpack_social_post_already_shared":true,"jetpack_social_options":{"image_generator_settings":{"template":"highway","enabled":false},"version":2}},"categories":[1],"tags":[],"class_list":["post-36920","post","type-post","status-publish","format-standard","hentry","category-notas"],"jetpack_publicize_connections":[],"jetpack_sharing_enabled":true,"jetpack_featured_media_url":"","jetpack_shortlink":"https:\/\/wp.me\/p7wKYW-9Bu","jetpack-related-posts":[],"_links":{"self":[{"href":"http:\/\/blogdalucianaoliveira.com.br\/blog\/wp-json\/wp\/v2\/posts\/36920","targetHints":{"allow":["GET"]}}],"collection":[{"href":"http:\/\/blogdalucianaoliveira.com.br\/blog\/wp-json\/wp\/v2\/posts"}],"about":[{"href":"http:\/\/blogdalucianaoliveira.com.br\/blog\/wp-json\/wp\/v2\/types\/post"}],"author":[{"embeddable":true,"href":"http:\/\/blogdalucianaoliveira.com.br\/blog\/wp-json\/wp\/v2\/users\/1"}],"replies":[{"embeddable":true,"href":"http:\/\/blogdalucianaoliveira.com.br\/blog\/wp-json\/wp\/v2\/comments?post=36920"}],"version-history":[{"count":1,"href":"http:\/\/blogdalucianaoliveira.com.br\/blog\/wp-json\/wp\/v2\/posts\/36920\/revisions"}],"predecessor-version":[{"id":36922,"href":"http:\/\/blogdalucianaoliveira.com.br\/blog\/wp-json\/wp\/v2\/posts\/36920\/revisions\/36922"}],"wp:attachment":[{"href":"http:\/\/blogdalucianaoliveira.com.br\/blog\/wp-json\/wp\/v2\/media?parent=36920"}],"wp:term":[{"taxonomy":"category","embeddable":true,"href":"http:\/\/blogdalucianaoliveira.com.br\/blog\/wp-json\/wp\/v2\/categories?post=36920"},{"taxonomy":"post_tag","embeddable":true,"href":"http:\/\/blogdalucianaoliveira.com.br\/blog\/wp-json\/wp\/v2\/tags?post=36920"}],"curies":[{"name":"wp","href":"https:\/\/api.w.org\/{rel}","templated":true}]}}