{"id":36925,"date":"2025-06-11T11:27:53","date_gmt":"2025-06-11T15:27:53","guid":{"rendered":"https:\/\/blogdalucianaoliveira.com.br\/blog\/?p=36925"},"modified":"2025-06-11T11:27:53","modified_gmt":"2025-06-11T15:27:53","slug":"brasil-registra-recorde-de-feminicidios-4-mulheres-sao-mortas-por-dia-diz-governo","status":"publish","type":"post","link":"http:\/\/blogdalucianaoliveira.com.br\/blog\/2025\/06\/11\/brasil-registra-recorde-de-feminicidios-4-mulheres-sao-mortas-por-dia-diz-governo\/","title":{"rendered":"Brasil registra recorde de feminic\u00eddios: 4 mulheres s\u00e3o mortas por dia, diz governo"},"content":{"rendered":"<p><img data-recalc-dims=\"1\" loading=\"lazy\" decoding=\"async\" data-attachment-id=\"36926\" data-permalink=\"http:\/\/blogdalucianaoliveira.com.br\/blog\/2025\/06\/11\/brasil-registra-recorde-de-feminicidios-4-mulheres-sao-mortas-por-dia-diz-governo\/img_2894\/\" data-orig-file=\"https:\/\/i0.wp.com\/blogdalucianaoliveira.com.br\/blog\/wp-content\/uploads\/2025\/06\/IMG_2894.webp?fit=1170%2C700\" data-orig-size=\"1170,700\" data-comments-opened=\"0\" data-image-meta=\"{&quot;aperture&quot;:&quot;0&quot;,&quot;credit&quot;:&quot;&quot;,&quot;camera&quot;:&quot;&quot;,&quot;caption&quot;:&quot;&quot;,&quot;created_timestamp&quot;:&quot;0&quot;,&quot;copyright&quot;:&quot;&quot;,&quot;focal_length&quot;:&quot;0&quot;,&quot;iso&quot;:&quot;0&quot;,&quot;shutter_speed&quot;:&quot;0&quot;,&quot;title&quot;:&quot;&quot;,&quot;orientation&quot;:&quot;0&quot;}\" data-image-title=\"IMG_2894\" data-image-description=\"\" data-image-caption=\"\" data-medium-file=\"https:\/\/i0.wp.com\/blogdalucianaoliveira.com.br\/blog\/wp-content\/uploads\/2025\/06\/IMG_2894.webp?fit=300%2C179\" data-large-file=\"https:\/\/i0.wp.com\/blogdalucianaoliveira.com.br\/blog\/wp-content\/uploads\/2025\/06\/IMG_2894.webp?fit=600%2C359\" class=\"alignnone size-medium wp-image-36926\" src=\"https:\/\/i0.wp.com\/blogdalucianaoliveira.com.br\/blog\/wp-content\/uploads\/2025\/06\/IMG_2894.webp?resize=300%2C179\" alt=\"\" width=\"300\" height=\"179\" srcset=\"https:\/\/i0.wp.com\/blogdalucianaoliveira.com.br\/blog\/wp-content\/uploads\/2025\/06\/IMG_2894.webp?resize=300%2C179 300w, https:\/\/i0.wp.com\/blogdalucianaoliveira.com.br\/blog\/wp-content\/uploads\/2025\/06\/IMG_2894.webp?resize=1024%2C613 1024w, https:\/\/i0.wp.com\/blogdalucianaoliveira.com.br\/blog\/wp-content\/uploads\/2025\/06\/IMG_2894.webp?resize=768%2C459 768w, https:\/\/i0.wp.com\/blogdalucianaoliveira.com.br\/blog\/wp-content\/uploads\/2025\/06\/IMG_2894.webp?resize=501%2C300 501w, https:\/\/i0.wp.com\/blogdalucianaoliveira.com.br\/blog\/wp-content\/uploads\/2025\/06\/IMG_2894.webp?w=1170 1170w\" sizes=\"auto, (max-width: 300px) 100vw, 300px\" \/><\/p>\n<p>Segundo o Minist\u00e9rio da Justi\u00e7a, foram registrados 1.459 casos em 2024, maior n\u00famero da s\u00e9rie hist\u00f3rica.<!--more--><span style=\"-webkit-tap-highlight-color: rgba(0, 0, 0, 0);\"><strong>Estad\u00e3o<\/strong> &#8211; <\/span>O Brasil registrou em 2024 o maior n\u00famero de casos de feminic\u00eddio desde o in\u00edcio da s\u00e9rie hist\u00f3rica, em 2020, segundo o Mapa da Seguran\u00e7a P\u00fablica divulgado pelo Minist\u00e9rio da Justi\u00e7a e Seguran\u00e7a P\u00fablica nesta quarta-feira (11). Os dados mostram que quatro mulheres s\u00e3o mortas por dia em contextos de viol\u00eancia dom\u00e9stica, familiar ou por menosprezo e discrimina\u00e7\u00e3o.<\/p>\n<p>Os assassinatos de mulheres atingiram o maior patamar da s\u00e9rie hist\u00f3rica, com 1.459 casos em 2024, um aumento de 0,69% em rela\u00e7\u00e3o a 2023. A taxa se manteve est\u00e1vel em rela\u00e7\u00e3o ao ano anterior, com 1,34 casos a cada 100 mil mulheres. Desde 2020, observa-se um crescimento gradual no n\u00famero absoluto de feminic\u00eddios no pa\u00eds.<\/p>\n<p>Os estados com as maiores taxas de aumento foram:<\/p>\n<div class=\"flex flex-col items-center bg-wl-neutral-50 px-4 pb-4 min-h-[298px]\">\n<ul class=\"wp-block-list\">\n<li>Piau\u00ed (42,86%)<\/li>\n<li>Maranh\u00e3o (38%)<\/li>\n<li>Paran\u00e1 (34,57%)<\/li>\n<li>Amazonas (30,43%)<\/li>\n<\/ul>\n<p>A an\u00e1lise regional indica que, assim como no ano anterior, a Regi\u00e3o Centro-Oeste manteve a maior taxa do pa\u00eds, com 1,87 feminic\u00eddios a cada 100 mil mulheres, acima da m\u00e9dia nacional. Em contraste, a Regi\u00e3o Sudeste apresentou a menor taxa, com 1,16 casos por 100 mil mulheres, embora tenha concentrado o maior n\u00famero absoluto de v\u00edtimas, com 532 registros.<\/p>\n<p>Os munic\u00edpios com maior n\u00famero de v\u00edtimas em 2024 foram: Rio de Janeiro e S\u00e3o Paulo, ambos com 51 casos.<\/p>\n<p>O Minist\u00e9rio da Justi\u00e7a ressalta que a taxa de feminic\u00eddios deve ser analisada em propor\u00e7\u00e3o ao crescimento demogr\u00e1fico. Considerando os dados populacionais, a popula\u00e7\u00e3o feminina brasileira passou de 107.023.935 em 2020 para 108.921.464 em 2024.<\/p>\n<p>Estupros alcan\u00e7am maior patamar dos \u00faltimos 5 anos.<\/p>\n<p>Os casos de estupro atingiram o maior n\u00famero dos \u00faltimos cinco anos, com 83.114 ocorr\u00eancias. Em m\u00e9dia, foram 227 pessoas estupradas por dia, sendo 86% do sexo feminino. Nos \u00faltimos cinco anos, o crime teve aumento de 25,8%.<\/p>\n<p>A Regi\u00e3o Sudeste apresentou a maior concentra\u00e7\u00e3o de estupros em n\u00fameros absolutos (29.007). Entretanto, a Regi\u00e3o Norte lidera com a maior taxa do pa\u00eds, com 62,44 casos por 100 mil habitantes, seguida pelo Centro-Oeste (57,73).<\/p>\n<div class=\"flex flex-col items-center bg-wl-neutral-50 px-4 pb-4 min-h-[298px]\">\n<p>O estado de S\u00e3o Paulo liderou em n\u00fameros absolutos, com 15.989 casos. J\u00e1 nas taxas por 100 mil habitantes, o maior \u00edndice foi registrado em Rond\u00f4nia (87,73), seguido por Roraima (84,68) e Amap\u00e1 (81,96).<\/p>\n<p>Os dados indicam crescimento cont\u00ednuo nos registros de estupro ao longo dos \u00faltimos anos. Em 2023, foram contabilizadas 82.204 v\u00edtimas, um aumento de 1,06% em rela\u00e7\u00e3o ao ano anterior, quando foram registrados 79.741 casos.<\/p>\n<\/div>\n<p>Mapa mostra queda de homic\u00eddios dolosos<\/p>\n<p>O Mapa da Seguran\u00e7a P\u00fablica de 2025 mostra, entretanto, que outros tipos de assassinatos ca\u00edram:<\/p>\n<ul class=\"wp-block-list\">\n<li>O n\u00famero de homic\u00eddios dolosos caiu 6%, passando de 37.754 v\u00edtimas em 2023 para 35.365 em 2024. O indicador vem caindo desde 2020.<\/li>\n<li>Latroc\u00ednios (roubos seguidos de morte) tamb\u00e9m ca\u00edram, de 972 v\u00edtimas em 2023 para 956 em 2024.<\/li>\n<li>Mortes decorrentes de a\u00e7\u00f5es policiais recuaram 4%.<\/li>\n<\/ul>\n<p>Os crimes patrimoniais (furto e roubo de ve\u00edculos, roubo de carga e roubos a institui\u00e7\u00f5es financeiras) tamb\u00e9m registraram queda:<\/p>\n<ul class=\"wp-block-list\">\n<li>Roubo de carga: redu\u00e7\u00e3o de 13,6%.<\/li>\n<li>Furto de ve\u00edculo: redu\u00e7\u00e3o de 2,6%.<\/li>\n<li>Roubo de ve\u00edculo: redu\u00e7\u00e3o de 6%.<\/li>\n<li>Roubo a institui\u00e7\u00e3o financeira: redu\u00e7\u00e3o de 22,5%.<\/li>\n<\/ul>\n<\/div>\n","protected":false},"excerpt":{"rendered":"<p>Segundo o Minist\u00e9rio da Justi\u00e7a, foram registrados 1.459 casos em 2024, maior n\u00famero da s\u00e9rie hist\u00f3rica.<\/p>\n","protected":false},"author":1,"featured_media":0,"comment_status":"closed","ping_status":"open","sticky":false,"template":"","format":"standard","meta":{"_exactmetrics_skip_tracking":false,"_exactmetrics_sitenote_active":false,"_exactmetrics_sitenote_note":"","_exactmetrics_sitenote_category":0,"jetpack_post_was_ever_published":false,"_jetpack_newsletter_access":"","_jetpack_dont_email_post_to_subs":false,"_jetpack_newsletter_tier_id":0,"_jetpack_memberships_contains_paywalled_content":false,"_jetpack_memberships_contains_paid_content":false,"footnotes":"","jetpack_publicize_message":"","jetpack_publicize_feature_enabled":true,"jetpack_social_post_already_shared":true,"jetpack_social_options":{"image_generator_settings":{"template":"highway","enabled":false},"version":2}},"categories":[1],"tags":[1056,1367,46],"class_list":["post-36925","post","type-post","status-publish","format-standard","hentry","category-notas","tag-feminicidios","tag-genero","tag-mulheres"],"jetpack_publicize_connections":[],"jetpack_sharing_enabled":true,"jetpack_featured_media_url":"","jetpack_shortlink":"https:\/\/wp.me\/p7wKYW-9Bz","jetpack-related-posts":[],"_links":{"self":[{"href":"http:\/\/blogdalucianaoliveira.com.br\/blog\/wp-json\/wp\/v2\/posts\/36925","targetHints":{"allow":["GET"]}}],"collection":[{"href":"http:\/\/blogdalucianaoliveira.com.br\/blog\/wp-json\/wp\/v2\/posts"}],"about":[{"href":"http:\/\/blogdalucianaoliveira.com.br\/blog\/wp-json\/wp\/v2\/types\/post"}],"author":[{"embeddable":true,"href":"http:\/\/blogdalucianaoliveira.com.br\/blog\/wp-json\/wp\/v2\/users\/1"}],"replies":[{"embeddable":true,"href":"http:\/\/blogdalucianaoliveira.com.br\/blog\/wp-json\/wp\/v2\/comments?post=36925"}],"version-history":[{"count":1,"href":"http:\/\/blogdalucianaoliveira.com.br\/blog\/wp-json\/wp\/v2\/posts\/36925\/revisions"}],"predecessor-version":[{"id":36927,"href":"http:\/\/blogdalucianaoliveira.com.br\/blog\/wp-json\/wp\/v2\/posts\/36925\/revisions\/36927"}],"wp:attachment":[{"href":"http:\/\/blogdalucianaoliveira.com.br\/blog\/wp-json\/wp\/v2\/media?parent=36925"}],"wp:term":[{"taxonomy":"category","embeddable":true,"href":"http:\/\/blogdalucianaoliveira.com.br\/blog\/wp-json\/wp\/v2\/categories?post=36925"},{"taxonomy":"post_tag","embeddable":true,"href":"http:\/\/blogdalucianaoliveira.com.br\/blog\/wp-json\/wp\/v2\/tags?post=36925"}],"curies":[{"name":"wp","href":"https:\/\/api.w.org\/{rel}","templated":true}]}}